{"id":3101,"date":"2009-12-25T17:26:04","date_gmt":"2009-12-25T14:26:04","guid":{"rendered":"http:\/\/localhost\/wordpress\/2009\/12\/25\/eski-paris\/"},"modified":"2009-12-25T17:26:04","modified_gmt":"2009-12-25T14:26:04","slug":"eski-paris","status":"publish","type":"post","link":"https:\/\/narteks.net\/index.php\/2009\/12\/25\/eski-paris\/","title":{"rendered":"ESK\u0130  PAR\u0130S"},"content":{"rendered":"<p>\u00a0<\/p>\n<p style=\"margin-left: 25px; margin-top: 5px; margin-bottom: 5px; text-align: center;\"><em> &#8211;\u00a0\u00a01903 \u2013 1912 \u2013<\/em><\/p>\n<p style=\"margin-left: 25px; margin-top: 5px; margin-bottom: 5px;\">Eski P\u00e2ris\u2019de bir \u00f6m\u00fcr ge\u00e7ti;<\/p>\n<p style=\"margin-left: 25px; margin-top: 5px; margin-bottom: 5px;\">Jaur\u00e9s\u2019in g\u00fcr sad\u00e2s\u0131 devrinde,<\/p>\n<p style=\"margin-left: 25px; margin-top: 5px; margin-bottom: 5px;\">Tuncu canland\u0131ran il\u00e2h\u2019t\u0131 Rodin;<\/p>\n<p style=\"margin-left: 25px; margin-top: 5px; margin-bottom: 5px;\">Verlaine absent\u2019i Baudelaire afyonuna<\/p>\n<p style=\"margin-left: 25px; margin-top: 5px; margin-bottom: 5px;\">Kar\u0131\u015fan bir sihirli haz\u2019d\u0131 \u015fiir.<\/p>\n<p style=\"margin-left: 25px; margin-top: 5px; margin-bottom: 5px;\">Ay\u0131l\u0131p ho\u015f ge\u00e7en bu r\u00fc\u2019y\u00e2dan<\/p>\n<p style=\"margin-left: 25px; margin-top: 5px; margin-bottom: 5px;\">U\u011frad\u0131k bin dokuz y\u00fcz on d\u00f6rde.<\/p>\n<p style=\"margin-left: 25px; margin-top: 5px; margin-bottom: 5px;\">\u0130lk ate\u015flerle can verince P\u00e9guy<\/p>\n<p style=\"margin-left: 25px; margin-top: 5px; margin-bottom: 5px;\">Varm\u0131\u015f\u0131z eski \u00e2lemin sonuna.<\/p>\n<p style=\"margin-left: 25px; margin-top: 5px; margin-bottom: 5px;\">Ya\u015fam\u0131\u015f olm\u0131yan bilir mi bunu?<\/p>\n<p style=\"margin-left: 25px; margin-top: 5px; margin-bottom: 5px;\">Eski P\u00e2ris\u2019de bir \u00f6m\u00fcr ge\u00e7ti,<\/p>\n<p style=\"margin-left: 25px; margin-top: 5px; margin-bottom: 5px;\">\u0130deal r\u00fczg\u00e2riyle h\u00fcr ge\u00e7ti.<\/p>\n<p style=\"margin-left: 25px; margin-top: 5px; margin-bottom: 5px;\">\u00a0<\/p>\n<p style=\"margin-left: 25px; margin-top: 5px; margin-bottom: 5px;\">Ba\u015fka y\u0131ld\u0131zda bir hay\u00e2t imi\u015f o.<\/p>\n<p style=\"margin-left: 25px; margin-top: 5px; margin-bottom: 5px;\">Ya\u015famak zevki her saatte esen,<\/p>\n<p style=\"margin-left: 25px; margin-top: 5px; margin-bottom: 5px;\">D\u00e2im\u00e2 nurlu bir gece\u2019ydi zaman.<\/p>\n<p style=\"margin-left: 25px; margin-top: 5px; margin-bottom: 5px;\">Dinliyen s\u00f6yliyen kadar \u00e2rif,<\/p>\n<p style=\"margin-left: 25px; margin-top: 5px; margin-bottom: 5px;\">Seyreden oyn\u0131yan kadar hassas.<\/p>\n<p style=\"margin-left: 25px; margin-top: 5px; margin-bottom: 5px;\">\u201cChat \u2013 Noir\u201d ne\u015f\u2019esiyle \u201cLune Rousse\u201d da,<\/p>\n<p style=\"margin-left: 25px; margin-top: 5px; margin-bottom: 5px;\">O devir, G\u00f6lgeler \u2013 Tiyatrosu\u2019nun<\/p>\n<p style=\"margin-left: 25px; margin-top: 5px; margin-bottom: 5px;\">Kararan perdesinde bitti gibi.<\/p>\n<p style=\"margin-left: 25px; margin-top: 5px; margin-bottom: 5px;\">Ba\u015fka y\u0131ld\u0131zda bir hay\u00e2t imi\u015f o.<\/p>\n<p style=\"margin-left: 25px; margin-top: 5px; margin-bottom: 5px;\">His ve haz y\u00fckl\u00fc k\u00e2in\u00e2t imi\u015f o.<\/p>\n","protected":false},"excerpt":{"rendered":"<p>\u00a0 &#8211;\u00a0\u00a01903 \u2013 1912 \u2013 Eski P\u00e2ris\u2019de bir \u00f6m\u00fcr ge\u00e7ti; Jaur\u00e9s\u2019in g\u00fcr sad\u00e2s\u0131 devrinde, Tuncu canland\u0131ran il\u00e2h\u2019t\u0131 Rodin; Verlaine absent\u2019i Baudelaire afyonuna Kar\u0131\u015fan bir sihirli haz\u2019d\u0131 \u015fiir. Ay\u0131l\u0131p ho\u015f ge\u00e7en bu r\u00fc\u2019y\u00e2dan U\u011frad\u0131k bin dokuz y\u00fcz on d\u00f6rde. \u0130lk ate\u015flerle can verince P\u00e9guy Varm\u0131\u015f\u0131z eski \u00e2lemin sonuna. Ya\u015fam\u0131\u015f olm\u0131yan bilir mi bunu? Eski P\u00e2ris\u2019de bir [&hellip;]<\/p>\n","protected":false},"author":1,"featured_media":0,"comment_status":"open","ping_status":"open","sticky":false,"template":"","format":"standard","meta":{"footnotes":""},"categories":[106],"tags":[],"class_list":{"0":"post-3101","1":"post","2":"type-post","3":"status-publish","4":"format-standard","6":"category-yahya-kemal-beyatli"},"yoast_head":"<!-- This site is optimized with the Yoast SEO Premium plugin v24.9 (Yoast SEO v24.9) - https:\/\/yoast.com\/wordpress\/plugins\/seo\/ -->\n<title>ESK\u0130 PAR\u0130S - narteks.net<\/title>\n<meta name=\"robots\" content=\"index, follow, max-snippet:-1, max-image-preview:large, max-video-preview:-1\" \/>\n<link rel=\"canonical\" href=\"https:\/\/narteks.net\/index.php\/2009\/12\/25\/eski-paris\/\" \/>\n<meta property=\"og:locale\" content=\"tr_TR\" \/>\n<meta property=\"og:type\" content=\"article\" \/>\n<meta property=\"og:title\" content=\"ESK\u0130 PAR\u0130S\" \/>\n<meta property=\"og:description\" content=\"\u00a0 &#8211;\u00a0\u00a01903 \u2013 1912 \u2013 Eski P\u00e2ris\u2019de bir \u00f6m\u00fcr ge\u00e7ti; Jaur\u00e9s\u2019in g\u00fcr sad\u00e2s\u0131 devrinde, Tuncu canland\u0131ran il\u00e2h\u2019t\u0131 Rodin; Verlaine absent\u2019i Baudelaire afyonuna Kar\u0131\u015fan bir sihirli haz\u2019d\u0131 \u015fiir. Ay\u0131l\u0131p ho\u015f ge\u00e7en bu r\u00fc\u2019y\u00e2dan U\u011frad\u0131k bin dokuz y\u00fcz on d\u00f6rde. \u0130lk ate\u015flerle can verince P\u00e9guy Varm\u0131\u015f\u0131z eski \u00e2lemin sonuna. Ya\u015fam\u0131\u015f olm\u0131yan bilir mi bunu? Eski P\u00e2ris\u2019de bir [&hellip;]\" \/>\n<meta property=\"og:url\" content=\"https:\/\/narteks.net\/index.php\/2009\/12\/25\/eski-paris\/\" \/>\n<meta property=\"og:site_name\" content=\"narteks.net\" \/>\n<meta property=\"article:published_time\" content=\"2009-12-25T14:26:04+00:00\" \/>\n<meta property=\"og:image\" content=\"https:\/\/narteks.net\/wp-content\/uploads\/narteks.png\" \/>\n\t<meta property=\"og:image:width\" content=\"300\" \/>\n\t<meta property=\"og:image:height\" content=\"90\" \/>\n\t<meta property=\"og:image:type\" content=\"image\/png\" \/>\n<meta name=\"author\" content=\"Tar\u0131k\" \/>\n<meta name=\"twitter:card\" content=\"summary_large_image\" \/>\n<meta name=\"twitter:creator\" content=\"@narteks\" \/>\n<meta name=\"twitter:site\" content=\"@narteks\" \/>\n<meta name=\"twitter:label1\" content=\"Yazan:\" \/>\n\t<meta name=\"twitter:data1\" content=\"Tar\u0131k\" \/>\n\t<meta name=\"twitter:label2\" content=\"Tahmini okuma s\u00fcresi\" \/>\n\t<meta name=\"twitter:data2\" content=\"1 dakika\" \/>\n<script type=\"application\/ld+json\" class=\"yoast-schema-graph\">{\"@context\":\"https:\/\/schema.org\",\"@graph\":[{\"@type\":\"Article\",\"@id\":\"https:\/\/narteks.net\/index.php\/2009\/12\/25\/eski-paris\/#article\",\"isPartOf\":{\"@id\":\"https:\/\/narteks.net\/index.php\/2009\/12\/25\/eski-paris\/\"},\"author\":{\"name\":\"Tar\u0131k\",\"@id\":\"https:\/\/narteks.net\/#\/schema\/person\/61f37d9834294b72d31d274e7ed79bca\"},\"headline\":\"ESK\u0130 PAR\u0130S\",\"datePublished\":\"2009-12-25T14:26:04+00:00\",\"mainEntityOfPage\":{\"@id\":\"https:\/\/narteks.net\/index.php\/2009\/12\/25\/eski-paris\/\"},\"wordCount\":166,\"commentCount\":0,\"publisher\":{\"@id\":\"https:\/\/narteks.net\/#organization\"},\"articleSection\":[\"Yahya Kemal BEYATLI\"],\"inLanguage\":\"tr\",\"potentialAction\":[{\"@type\":\"CommentAction\",\"name\":\"Comment\",\"target\":[\"https:\/\/narteks.net\/index.php\/2009\/12\/25\/eski-paris\/#respond\"]}]},{\"@type\":\"WebPage\",\"@id\":\"https:\/\/narteks.net\/index.php\/2009\/12\/25\/eski-paris\/\",\"url\":\"https:\/\/narteks.net\/index.php\/2009\/12\/25\/eski-paris\/\",\"name\":\"ESK\u0130 PAR\u0130S - narteks.net\",\"isPartOf\":{\"@id\":\"https:\/\/narteks.net\/#website\"},\"datePublished\":\"2009-12-25T14:26:04+00:00\",\"breadcrumb\":{\"@id\":\"https:\/\/narteks.net\/index.php\/2009\/12\/25\/eski-paris\/#breadcrumb\"},\"inLanguage\":\"tr\",\"potentialAction\":[{\"@type\":\"ReadAction\",\"target\":[\"https:\/\/narteks.net\/index.php\/2009\/12\/25\/eski-paris\/\"]}]},{\"@type\":\"BreadcrumbList\",\"@id\":\"https:\/\/narteks.net\/index.php\/2009\/12\/25\/eski-paris\/#breadcrumb\",\"itemListElement\":[{\"@type\":\"ListItem\",\"position\":1,\"name\":\"Anasayfa\",\"item\":\"https:\/\/narteks.net\/\"},{\"@type\":\"ListItem\",\"position\":2,\"name\":\"ESK\u0130 PAR\u0130S\"}]},{\"@type\":\"WebSite\",\"@id\":\"https:\/\/narteks.net\/#website\",\"url\":\"https:\/\/narteks.net\/\",\"name\":\"narteks.net\",\"description\":\"K\u00fclt\u00fcr Sanat Edebiyat Felsefe\",\"publisher\":{\"@id\":\"https:\/\/narteks.net\/#organization\"},\"alternateName\":\"K\u00fclt\u00fcr Sanat Edebiyat Felsefe\",\"potentialAction\":[{\"@type\":\"SearchAction\",\"target\":{\"@type\":\"EntryPoint\",\"urlTemplate\":\"https:\/\/narteks.net\/?s={search_term_string}\"},\"query-input\":{\"@type\":\"PropertyValueSpecification\",\"valueRequired\":true,\"valueName\":\"search_term_string\"}}],\"inLanguage\":\"tr\"},{\"@type\":\"Organization\",\"@id\":\"https:\/\/narteks.net\/#organization\",\"name\":\"narteks.net\",\"url\":\"https:\/\/narteks.net\/\",\"logo\":{\"@type\":\"ImageObject\",\"inLanguage\":\"tr\",\"@id\":\"https:\/\/narteks.net\/#\/schema\/logo\/image\/\",\"url\":\"https:\/\/narteks.net\/wp-content\/uploads\/narteks.png\",\"contentUrl\":\"https:\/\/narteks.net\/wp-content\/uploads\/narteks.png\",\"width\":300,\"height\":90,\"caption\":\"narteks.net\"},\"image\":{\"@id\":\"https:\/\/narteks.net\/#\/schema\/logo\/image\/\"},\"sameAs\":[\"https:\/\/x.com\/narteks\",\"https:\/\/instagram.com\/narteksnet\"]},{\"@type\":\"Person\",\"@id\":\"https:\/\/narteks.net\/#\/schema\/person\/61f37d9834294b72d31d274e7ed79bca\",\"name\":\"Tar\u0131k\",\"image\":{\"@type\":\"ImageObject\",\"inLanguage\":\"tr\",\"@id\":\"https:\/\/narteks.net\/#\/schema\/person\/image\/\",\"url\":\"https:\/\/secure.gravatar.com\/avatar\/50865afb55632c4ae467e0af0930f6510aa2297d8014be502a55b14f3b7550cf?s=96&d=mm&r=g\",\"contentUrl\":\"https:\/\/secure.gravatar.com\/avatar\/50865afb55632c4ae467e0af0930f6510aa2297d8014be502a55b14f3b7550cf?s=96&d=mm&r=g\",\"caption\":\"Tar\u0131k\"},\"sameAs\":[\"http:\/\/narteks.net\"],\"url\":\"https:\/\/narteks.net\/index.php\/author\/narbak\/\"}]}<\/script>\n<!-- \/ Yoast SEO Premium plugin. -->","yoast_head_json":{"title":"ESK\u0130 PAR\u0130S - narteks.net","robots":{"index":"index","follow":"follow","max-snippet":"max-snippet:-1","max-image-preview":"max-image-preview:large","max-video-preview":"max-video-preview:-1"},"canonical":"https:\/\/narteks.net\/index.php\/2009\/12\/25\/eski-paris\/","og_locale":"tr_TR","og_type":"article","og_title":"ESK\u0130 PAR\u0130S","og_description":"\u00a0 &#8211;\u00a0\u00a01903 \u2013 1912 \u2013 Eski P\u00e2ris\u2019de bir \u00f6m\u00fcr ge\u00e7ti; Jaur\u00e9s\u2019in g\u00fcr sad\u00e2s\u0131 devrinde, Tuncu canland\u0131ran il\u00e2h\u2019t\u0131 Rodin; Verlaine absent\u2019i Baudelaire afyonuna Kar\u0131\u015fan bir sihirli haz\u2019d\u0131 \u015fiir. Ay\u0131l\u0131p ho\u015f ge\u00e7en bu r\u00fc\u2019y\u00e2dan U\u011frad\u0131k bin dokuz y\u00fcz on d\u00f6rde. \u0130lk ate\u015flerle can verince P\u00e9guy Varm\u0131\u015f\u0131z eski \u00e2lemin sonuna. Ya\u015fam\u0131\u015f olm\u0131yan bilir mi bunu? Eski P\u00e2ris\u2019de bir [&hellip;]","og_url":"https:\/\/narteks.net\/index.php\/2009\/12\/25\/eski-paris\/","og_site_name":"narteks.net","article_published_time":"2009-12-25T14:26:04+00:00","og_image":[{"width":300,"height":90,"url":"https:\/\/narteks.net\/wp-content\/uploads\/narteks.png","type":"image\/png"}],"author":"Tar\u0131k","twitter_card":"summary_large_image","twitter_creator":"@narteks","twitter_site":"@narteks","twitter_misc":{"Yazan:":"Tar\u0131k","Tahmini okuma s\u00fcresi":"1 dakika"},"schema":{"@context":"https:\/\/schema.org","@graph":[{"@type":"Article","@id":"https:\/\/narteks.net\/index.php\/2009\/12\/25\/eski-paris\/#article","isPartOf":{"@id":"https:\/\/narteks.net\/index.php\/2009\/12\/25\/eski-paris\/"},"author":{"name":"Tar\u0131k","@id":"https:\/\/narteks.net\/#\/schema\/person\/61f37d9834294b72d31d274e7ed79bca"},"headline":"ESK\u0130 PAR\u0130S","datePublished":"2009-12-25T14:26:04+00:00","mainEntityOfPage":{"@id":"https:\/\/narteks.net\/index.php\/2009\/12\/25\/eski-paris\/"},"wordCount":166,"commentCount":0,"publisher":{"@id":"https:\/\/narteks.net\/#organization"},"articleSection":["Yahya Kemal BEYATLI"],"inLanguage":"tr","potentialAction":[{"@type":"CommentAction","name":"Comment","target":["https:\/\/narteks.net\/index.php\/2009\/12\/25\/eski-paris\/#respond"]}]},{"@type":"WebPage","@id":"https:\/\/narteks.net\/index.php\/2009\/12\/25\/eski-paris\/","url":"https:\/\/narteks.net\/index.php\/2009\/12\/25\/eski-paris\/","name":"ESK\u0130 PAR\u0130S - narteks.net","isPartOf":{"@id":"https:\/\/narteks.net\/#website"},"datePublished":"2009-12-25T14:26:04+00:00","breadcrumb":{"@id":"https:\/\/narteks.net\/index.php\/2009\/12\/25\/eski-paris\/#breadcrumb"},"inLanguage":"tr","potentialAction":[{"@type":"ReadAction","target":["https:\/\/narteks.net\/index.php\/2009\/12\/25\/eski-paris\/"]}]},{"@type":"BreadcrumbList","@id":"https:\/\/narteks.net\/index.php\/2009\/12\/25\/eski-paris\/#breadcrumb","itemListElement":[{"@type":"ListItem","position":1,"name":"Anasayfa","item":"https:\/\/narteks.net\/"},{"@type":"ListItem","position":2,"name":"ESK\u0130 PAR\u0130S"}]},{"@type":"WebSite","@id":"https:\/\/narteks.net\/#website","url":"https:\/\/narteks.net\/","name":"narteks.net","description":"K\u00fclt\u00fcr Sanat Edebiyat Felsefe","publisher":{"@id":"https:\/\/narteks.net\/#organization"},"alternateName":"K\u00fclt\u00fcr Sanat Edebiyat Felsefe","potentialAction":[{"@type":"SearchAction","target":{"@type":"EntryPoint","urlTemplate":"https:\/\/narteks.net\/?s={search_term_string}"},"query-input":{"@type":"PropertyValueSpecification","valueRequired":true,"valueName":"search_term_string"}}],"inLanguage":"tr"},{"@type":"Organization","@id":"https:\/\/narteks.net\/#organization","name":"narteks.net","url":"https:\/\/narteks.net\/","logo":{"@type":"ImageObject","inLanguage":"tr","@id":"https:\/\/narteks.net\/#\/schema\/logo\/image\/","url":"https:\/\/narteks.net\/wp-content\/uploads\/narteks.png","contentUrl":"https:\/\/narteks.net\/wp-content\/uploads\/narteks.png","width":300,"height":90,"caption":"narteks.net"},"image":{"@id":"https:\/\/narteks.net\/#\/schema\/logo\/image\/"},"sameAs":["https:\/\/x.com\/narteks","https:\/\/instagram.com\/narteksnet"]},{"@type":"Person","@id":"https:\/\/narteks.net\/#\/schema\/person\/61f37d9834294b72d31d274e7ed79bca","name":"Tar\u0131k","image":{"@type":"ImageObject","inLanguage":"tr","@id":"https:\/\/narteks.net\/#\/schema\/person\/image\/","url":"https:\/\/secure.gravatar.com\/avatar\/50865afb55632c4ae467e0af0930f6510aa2297d8014be502a55b14f3b7550cf?s=96&d=mm&r=g","contentUrl":"https:\/\/secure.gravatar.com\/avatar\/50865afb55632c4ae467e0af0930f6510aa2297d8014be502a55b14f3b7550cf?s=96&d=mm&r=g","caption":"Tar\u0131k"},"sameAs":["http:\/\/narteks.net"],"url":"https:\/\/narteks.net\/index.php\/author\/narbak\/"}]}},"_links":{"self":[{"href":"https:\/\/narteks.net\/index.php\/wp-json\/wp\/v2\/posts\/3101","targetHints":{"allow":["GET"]}}],"collection":[{"href":"https:\/\/narteks.net\/index.php\/wp-json\/wp\/v2\/posts"}],"about":[{"href":"https:\/\/narteks.net\/index.php\/wp-json\/wp\/v2\/types\/post"}],"author":[{"embeddable":true,"href":"https:\/\/narteks.net\/index.php\/wp-json\/wp\/v2\/users\/1"}],"replies":[{"embeddable":true,"href":"https:\/\/narteks.net\/index.php\/wp-json\/wp\/v2\/comments?post=3101"}],"version-history":[{"count":0,"href":"https:\/\/narteks.net\/index.php\/wp-json\/wp\/v2\/posts\/3101\/revisions"}],"wp:attachment":[{"href":"https:\/\/narteks.net\/index.php\/wp-json\/wp\/v2\/media?parent=3101"}],"wp:term":[{"taxonomy":"category","embeddable":true,"href":"https:\/\/narteks.net\/index.php\/wp-json\/wp\/v2\/categories?post=3101"},{"taxonomy":"post_tag","embeddable":true,"href":"https:\/\/narteks.net\/index.php\/wp-json\/wp\/v2\/tags?post=3101"}],"curies":[{"name":"wp","href":"https:\/\/api.w.org\/{rel}","templated":true}]}}