{"id":3106,"date":"2009-12-25T17:28:59","date_gmt":"2009-12-25T14:28:59","guid":{"rendered":"http:\/\/localhost\/wordpress\/2009\/12\/25\/fenerbahce\/"},"modified":"2009-12-25T17:28:59","modified_gmt":"2009-12-25T14:28:59","slug":"fenerbahce","status":"publish","type":"post","link":"https:\/\/narteks.net\/index.php\/2009\/12\/25\/fenerbahce\/","title":{"rendered":"FENERBAHCE"},"content":{"rendered":"<p>\u00a0<\/p>\n<p style=\"margin-left: 25px; margin-top: 5px; margin-bottom: 5px;\">D\u00fcn Fenerbah\u00e7e&#8217;de  g\u00f6rd\u00fcm<\/p>\n<p style=\"margin-left: 25px; margin-top: 5px; margin-bottom: 5px;\">\u0130ri bir z\u00fcmr\u00fct  i\u00e7indeydi bahar&#8230;<\/p>\n<p style=\"margin-left: 25px; margin-top: 5px; margin-bottom: 5px;\">Bir m\u00fccevherde yalan  bir cennet<\/p>\n<p style=\"margin-left: 25px; margin-top: 5px; margin-bottom: 5px;\">G\u00f6r\u00fcn\u00fcr;<\/p>\n<p style=\"margin-left: 25px; margin-top: 5px; margin-bottom: 5px;\">\u00c7a\u011flayanlar d\u00f6k\u00fcl\u00fcr  y\u00fcksekten.<\/p>\n<p style=\"margin-left: 25px; margin-top: 5px; margin-bottom: 5px;\">\u00c7e\u015fmelerden su akar  reng\u00e2renk&#8230;<\/p>\n<p style=\"margin-left: 25px; margin-top: 5px; margin-bottom: 5px;\">G\u00f6\u011fe ser \u00e7ekmi\u015f  a\u011fa\u00e7lar y\u00fccelir.<\/p>\n<p style=\"margin-left: 25px; margin-top: 5px; margin-bottom: 5px;\">Bu m\u00fccevherde fakat<\/p>\n<p style=\"margin-left: 25px; margin-top: 5px; margin-bottom: 5px;\">Vatan\u0131n en ger\u00e7ek<\/p>\n<p style=\"margin-left: 25px; margin-top: 5px; margin-bottom: 5px;\">En sevilmi\u015f ve  gezilmi\u015f yeri var;<\/p>\n<p style=\"margin-left: 25px; margin-top: 5px; margin-bottom: 5px;\">\u00dc\u00e7 taraftan denizin  sard\u0131\u011f\u0131 yer.<\/p>\n<p style=\"margin-left: 25px; margin-top: 5px; margin-bottom: 5px;\">\u00a0<\/p>\n<p style=\"margin-left: 25px; margin-top: 5px; margin-bottom: 5px;\">Bu b\u00fcy\u00fck z\u00fcmr\u00fctte<\/p>\n<p style=\"margin-left: 25px; margin-top: 5px; margin-bottom: 5px;\">Varsa her a\u015fk\u0131n uzun  h\u00e2t\u0131ras\u0131,<\/p>\n<p style=\"margin-left: 25px; margin-top: 5px; margin-bottom: 5px;\">Varsa her sevgili,  her sevd\u00e2l\u0131,<\/p>\n<p style=\"margin-left: 25px; margin-top: 5px; margin-bottom: 5px;\">Varsa engin geceler,  g\u00fcnd\u00fczler,<\/p>\n<p style=\"margin-left: 25px; margin-top: 5px; margin-bottom: 5px;\">Bu derin z\u00fcmr\u00fctte<\/p>\n<p style=\"margin-left: 25px; margin-top: 5px; margin-bottom: 5px;\">Biz de c\u00e2nanla  beraber var\u0131z.<\/p>\n","protected":false},"excerpt":{"rendered":"<p>\u00a0 D\u00fcn Fenerbah\u00e7e&#8217;de g\u00f6rd\u00fcm \u0130ri bir z\u00fcmr\u00fct i\u00e7indeydi bahar&#8230; Bir m\u00fccevherde yalan bir cennet G\u00f6r\u00fcn\u00fcr; \u00c7a\u011flayanlar d\u00f6k\u00fcl\u00fcr y\u00fcksekten. \u00c7e\u015fmelerden su akar reng\u00e2renk&#8230; G\u00f6\u011fe ser \u00e7ekmi\u015f a\u011fa\u00e7lar y\u00fccelir. Bu m\u00fccevherde fakat Vatan\u0131n en ger\u00e7ek En sevilmi\u015f ve gezilmi\u015f yeri var; \u00dc\u00e7 taraftan denizin sard\u0131\u011f\u0131 yer. \u00a0 Bu b\u00fcy\u00fck z\u00fcmr\u00fctte Varsa her a\u015fk\u0131n uzun h\u00e2t\u0131ras\u0131, Varsa her [&hellip;]<\/p>\n","protected":false},"author":1,"featured_media":0,"comment_status":"open","ping_status":"open","sticky":false,"template":"","format":"standard","meta":{"footnotes":""},"categories":[106],"tags":[],"class_list":{"0":"post-3106","1":"post","2":"type-post","3":"status-publish","4":"format-standard","6":"category-yahya-kemal-beyatli"},"yoast_head":"<!-- This site is optimized with the Yoast SEO Premium plugin v24.9 (Yoast SEO v24.9) - https:\/\/yoast.com\/wordpress\/plugins\/seo\/ -->\n<title>FENERBAHCE - narteks.net<\/title>\n<meta name=\"robots\" content=\"index, follow, max-snippet:-1, max-image-preview:large, max-video-preview:-1\" \/>\n<link rel=\"canonical\" href=\"https:\/\/narteks.net\/index.php\/2009\/12\/25\/fenerbahce\/\" \/>\n<meta property=\"og:locale\" content=\"tr_TR\" \/>\n<meta property=\"og:type\" content=\"article\" \/>\n<meta property=\"og:title\" content=\"FENERBAHCE\" \/>\n<meta property=\"og:description\" content=\"\u00a0 D\u00fcn Fenerbah\u00e7e&#8217;de g\u00f6rd\u00fcm \u0130ri bir z\u00fcmr\u00fct i\u00e7indeydi bahar&#8230; Bir m\u00fccevherde yalan bir cennet G\u00f6r\u00fcn\u00fcr; \u00c7a\u011flayanlar d\u00f6k\u00fcl\u00fcr y\u00fcksekten. \u00c7e\u015fmelerden su akar reng\u00e2renk&#8230; G\u00f6\u011fe ser \u00e7ekmi\u015f a\u011fa\u00e7lar y\u00fccelir. Bu m\u00fccevherde fakat Vatan\u0131n en ger\u00e7ek En sevilmi\u015f ve gezilmi\u015f yeri var; \u00dc\u00e7 taraftan denizin sard\u0131\u011f\u0131 yer. \u00a0 Bu b\u00fcy\u00fck z\u00fcmr\u00fctte Varsa her a\u015fk\u0131n uzun h\u00e2t\u0131ras\u0131, Varsa her [&hellip;]\" \/>\n<meta property=\"og:url\" content=\"https:\/\/narteks.net\/index.php\/2009\/12\/25\/fenerbahce\/\" \/>\n<meta property=\"og:site_name\" content=\"narteks.net\" \/>\n<meta property=\"article:published_time\" content=\"2009-12-25T14:28:59+00:00\" \/>\n<meta property=\"og:image\" content=\"https:\/\/narteks.net\/wp-content\/uploads\/narteks.png\" \/>\n\t<meta property=\"og:image:width\" content=\"300\" \/>\n\t<meta property=\"og:image:height\" content=\"90\" \/>\n\t<meta property=\"og:image:type\" content=\"image\/png\" \/>\n<meta name=\"author\" content=\"Tar\u0131k\" \/>\n<meta name=\"twitter:card\" content=\"summary_large_image\" \/>\n<meta name=\"twitter:creator\" content=\"@narteks\" \/>\n<meta name=\"twitter:site\" content=\"@narteks\" \/>\n<meta name=\"twitter:label1\" content=\"Yazan:\" \/>\n\t<meta name=\"twitter:data1\" content=\"Tar\u0131k\" \/>\n\t<meta name=\"twitter:label2\" content=\"Tahmini okuma s\u00fcresi\" \/>\n\t<meta name=\"twitter:data2\" content=\"1 dakika\" \/>\n<script type=\"application\/ld+json\" class=\"yoast-schema-graph\">{\"@context\":\"https:\/\/schema.org\",\"@graph\":[{\"@type\":\"Article\",\"@id\":\"https:\/\/narteks.net\/index.php\/2009\/12\/25\/fenerbahce\/#article\",\"isPartOf\":{\"@id\":\"https:\/\/narteks.net\/index.php\/2009\/12\/25\/fenerbahce\/\"},\"author\":{\"name\":\"Tar\u0131k\",\"@id\":\"https:\/\/narteks.net\/#\/schema\/person\/61f37d9834294b72d31d274e7ed79bca\"},\"headline\":\"FENERBAHCE\",\"datePublished\":\"2009-12-25T14:28:59+00:00\",\"mainEntityOfPage\":{\"@id\":\"https:\/\/narteks.net\/index.php\/2009\/12\/25\/fenerbahce\/\"},\"wordCount\":108,\"commentCount\":0,\"publisher\":{\"@id\":\"https:\/\/narteks.net\/#organization\"},\"articleSection\":[\"Yahya Kemal BEYATLI\"],\"inLanguage\":\"tr\",\"potentialAction\":[{\"@type\":\"CommentAction\",\"name\":\"Comment\",\"target\":[\"https:\/\/narteks.net\/index.php\/2009\/12\/25\/fenerbahce\/#respond\"]}]},{\"@type\":\"WebPage\",\"@id\":\"https:\/\/narteks.net\/index.php\/2009\/12\/25\/fenerbahce\/\",\"url\":\"https:\/\/narteks.net\/index.php\/2009\/12\/25\/fenerbahce\/\",\"name\":\"FENERBAHCE - narteks.net\",\"isPartOf\":{\"@id\":\"https:\/\/narteks.net\/#website\"},\"datePublished\":\"2009-12-25T14:28:59+00:00\",\"breadcrumb\":{\"@id\":\"https:\/\/narteks.net\/index.php\/2009\/12\/25\/fenerbahce\/#breadcrumb\"},\"inLanguage\":\"tr\",\"potentialAction\":[{\"@type\":\"ReadAction\",\"target\":[\"https:\/\/narteks.net\/index.php\/2009\/12\/25\/fenerbahce\/\"]}]},{\"@type\":\"BreadcrumbList\",\"@id\":\"https:\/\/narteks.net\/index.php\/2009\/12\/25\/fenerbahce\/#breadcrumb\",\"itemListElement\":[{\"@type\":\"ListItem\",\"position\":1,\"name\":\"Anasayfa\",\"item\":\"https:\/\/narteks.net\/\"},{\"@type\":\"ListItem\",\"position\":2,\"name\":\"FENERBAHCE\"}]},{\"@type\":\"WebSite\",\"@id\":\"https:\/\/narteks.net\/#website\",\"url\":\"https:\/\/narteks.net\/\",\"name\":\"narteks.net\",\"description\":\"K\u00fclt\u00fcr Sanat Edebiyat Felsefe\",\"publisher\":{\"@id\":\"https:\/\/narteks.net\/#organization\"},\"alternateName\":\"K\u00fclt\u00fcr Sanat Edebiyat Felsefe\",\"potentialAction\":[{\"@type\":\"SearchAction\",\"target\":{\"@type\":\"EntryPoint\",\"urlTemplate\":\"https:\/\/narteks.net\/?s={search_term_string}\"},\"query-input\":{\"@type\":\"PropertyValueSpecification\",\"valueRequired\":true,\"valueName\":\"search_term_string\"}}],\"inLanguage\":\"tr\"},{\"@type\":\"Organization\",\"@id\":\"https:\/\/narteks.net\/#organization\",\"name\":\"narteks.net\",\"url\":\"https:\/\/narteks.net\/\",\"logo\":{\"@type\":\"ImageObject\",\"inLanguage\":\"tr\",\"@id\":\"https:\/\/narteks.net\/#\/schema\/logo\/image\/\",\"url\":\"https:\/\/narteks.net\/wp-content\/uploads\/narteks.png\",\"contentUrl\":\"https:\/\/narteks.net\/wp-content\/uploads\/narteks.png\",\"width\":300,\"height\":90,\"caption\":\"narteks.net\"},\"image\":{\"@id\":\"https:\/\/narteks.net\/#\/schema\/logo\/image\/\"},\"sameAs\":[\"https:\/\/x.com\/narteks\",\"https:\/\/instagram.com\/narteksnet\"]},{\"@type\":\"Person\",\"@id\":\"https:\/\/narteks.net\/#\/schema\/person\/61f37d9834294b72d31d274e7ed79bca\",\"name\":\"Tar\u0131k\",\"image\":{\"@type\":\"ImageObject\",\"inLanguage\":\"tr\",\"@id\":\"https:\/\/narteks.net\/#\/schema\/person\/image\/\",\"url\":\"https:\/\/secure.gravatar.com\/avatar\/50865afb55632c4ae467e0af0930f6510aa2297d8014be502a55b14f3b7550cf?s=96&d=mm&r=g\",\"contentUrl\":\"https:\/\/secure.gravatar.com\/avatar\/50865afb55632c4ae467e0af0930f6510aa2297d8014be502a55b14f3b7550cf?s=96&d=mm&r=g\",\"caption\":\"Tar\u0131k\"},\"sameAs\":[\"http:\/\/narteks.net\"],\"url\":\"https:\/\/narteks.net\/index.php\/author\/narbak\/\"}]}<\/script>\n<!-- \/ Yoast SEO Premium plugin. -->","yoast_head_json":{"title":"FENERBAHCE - narteks.net","robots":{"index":"index","follow":"follow","max-snippet":"max-snippet:-1","max-image-preview":"max-image-preview:large","max-video-preview":"max-video-preview:-1"},"canonical":"https:\/\/narteks.net\/index.php\/2009\/12\/25\/fenerbahce\/","og_locale":"tr_TR","og_type":"article","og_title":"FENERBAHCE","og_description":"\u00a0 D\u00fcn Fenerbah\u00e7e&#8217;de g\u00f6rd\u00fcm \u0130ri bir z\u00fcmr\u00fct i\u00e7indeydi bahar&#8230; Bir m\u00fccevherde yalan bir cennet G\u00f6r\u00fcn\u00fcr; \u00c7a\u011flayanlar d\u00f6k\u00fcl\u00fcr y\u00fcksekten. \u00c7e\u015fmelerden su akar reng\u00e2renk&#8230; G\u00f6\u011fe ser \u00e7ekmi\u015f a\u011fa\u00e7lar y\u00fccelir. Bu m\u00fccevherde fakat Vatan\u0131n en ger\u00e7ek En sevilmi\u015f ve gezilmi\u015f yeri var; \u00dc\u00e7 taraftan denizin sard\u0131\u011f\u0131 yer. \u00a0 Bu b\u00fcy\u00fck z\u00fcmr\u00fctte Varsa her a\u015fk\u0131n uzun h\u00e2t\u0131ras\u0131, Varsa her [&hellip;]","og_url":"https:\/\/narteks.net\/index.php\/2009\/12\/25\/fenerbahce\/","og_site_name":"narteks.net","article_published_time":"2009-12-25T14:28:59+00:00","og_image":[{"width":300,"height":90,"url":"https:\/\/narteks.net\/wp-content\/uploads\/narteks.png","type":"image\/png"}],"author":"Tar\u0131k","twitter_card":"summary_large_image","twitter_creator":"@narteks","twitter_site":"@narteks","twitter_misc":{"Yazan:":"Tar\u0131k","Tahmini okuma s\u00fcresi":"1 dakika"},"schema":{"@context":"https:\/\/schema.org","@graph":[{"@type":"Article","@id":"https:\/\/narteks.net\/index.php\/2009\/12\/25\/fenerbahce\/#article","isPartOf":{"@id":"https:\/\/narteks.net\/index.php\/2009\/12\/25\/fenerbahce\/"},"author":{"name":"Tar\u0131k","@id":"https:\/\/narteks.net\/#\/schema\/person\/61f37d9834294b72d31d274e7ed79bca"},"headline":"FENERBAHCE","datePublished":"2009-12-25T14:28:59+00:00","mainEntityOfPage":{"@id":"https:\/\/narteks.net\/index.php\/2009\/12\/25\/fenerbahce\/"},"wordCount":108,"commentCount":0,"publisher":{"@id":"https:\/\/narteks.net\/#organization"},"articleSection":["Yahya Kemal BEYATLI"],"inLanguage":"tr","potentialAction":[{"@type":"CommentAction","name":"Comment","target":["https:\/\/narteks.net\/index.php\/2009\/12\/25\/fenerbahce\/#respond"]}]},{"@type":"WebPage","@id":"https:\/\/narteks.net\/index.php\/2009\/12\/25\/fenerbahce\/","url":"https:\/\/narteks.net\/index.php\/2009\/12\/25\/fenerbahce\/","name":"FENERBAHCE - narteks.net","isPartOf":{"@id":"https:\/\/narteks.net\/#website"},"datePublished":"2009-12-25T14:28:59+00:00","breadcrumb":{"@id":"https:\/\/narteks.net\/index.php\/2009\/12\/25\/fenerbahce\/#breadcrumb"},"inLanguage":"tr","potentialAction":[{"@type":"ReadAction","target":["https:\/\/narteks.net\/index.php\/2009\/12\/25\/fenerbahce\/"]}]},{"@type":"BreadcrumbList","@id":"https:\/\/narteks.net\/index.php\/2009\/12\/25\/fenerbahce\/#breadcrumb","itemListElement":[{"@type":"ListItem","position":1,"name":"Anasayfa","item":"https:\/\/narteks.net\/"},{"@type":"ListItem","position":2,"name":"FENERBAHCE"}]},{"@type":"WebSite","@id":"https:\/\/narteks.net\/#website","url":"https:\/\/narteks.net\/","name":"narteks.net","description":"K\u00fclt\u00fcr Sanat Edebiyat Felsefe","publisher":{"@id":"https:\/\/narteks.net\/#organization"},"alternateName":"K\u00fclt\u00fcr Sanat Edebiyat Felsefe","potentialAction":[{"@type":"SearchAction","target":{"@type":"EntryPoint","urlTemplate":"https:\/\/narteks.net\/?s={search_term_string}"},"query-input":{"@type":"PropertyValueSpecification","valueRequired":true,"valueName":"search_term_string"}}],"inLanguage":"tr"},{"@type":"Organization","@id":"https:\/\/narteks.net\/#organization","name":"narteks.net","url":"https:\/\/narteks.net\/","logo":{"@type":"ImageObject","inLanguage":"tr","@id":"https:\/\/narteks.net\/#\/schema\/logo\/image\/","url":"https:\/\/narteks.net\/wp-content\/uploads\/narteks.png","contentUrl":"https:\/\/narteks.net\/wp-content\/uploads\/narteks.png","width":300,"height":90,"caption":"narteks.net"},"image":{"@id":"https:\/\/narteks.net\/#\/schema\/logo\/image\/"},"sameAs":["https:\/\/x.com\/narteks","https:\/\/instagram.com\/narteksnet"]},{"@type":"Person","@id":"https:\/\/narteks.net\/#\/schema\/person\/61f37d9834294b72d31d274e7ed79bca","name":"Tar\u0131k","image":{"@type":"ImageObject","inLanguage":"tr","@id":"https:\/\/narteks.net\/#\/schema\/person\/image\/","url":"https:\/\/secure.gravatar.com\/avatar\/50865afb55632c4ae467e0af0930f6510aa2297d8014be502a55b14f3b7550cf?s=96&d=mm&r=g","contentUrl":"https:\/\/secure.gravatar.com\/avatar\/50865afb55632c4ae467e0af0930f6510aa2297d8014be502a55b14f3b7550cf?s=96&d=mm&r=g","caption":"Tar\u0131k"},"sameAs":["http:\/\/narteks.net"],"url":"https:\/\/narteks.net\/index.php\/author\/narbak\/"}]}},"_links":{"self":[{"href":"https:\/\/narteks.net\/index.php\/wp-json\/wp\/v2\/posts\/3106","targetHints":{"allow":["GET"]}}],"collection":[{"href":"https:\/\/narteks.net\/index.php\/wp-json\/wp\/v2\/posts"}],"about":[{"href":"https:\/\/narteks.net\/index.php\/wp-json\/wp\/v2\/types\/post"}],"author":[{"embeddable":true,"href":"https:\/\/narteks.net\/index.php\/wp-json\/wp\/v2\/users\/1"}],"replies":[{"embeddable":true,"href":"https:\/\/narteks.net\/index.php\/wp-json\/wp\/v2\/comments?post=3106"}],"version-history":[{"count":0,"href":"https:\/\/narteks.net\/index.php\/wp-json\/wp\/v2\/posts\/3106\/revisions"}],"wp:attachment":[{"href":"https:\/\/narteks.net\/index.php\/wp-json\/wp\/v2\/media?parent=3106"}],"wp:term":[{"taxonomy":"category","embeddable":true,"href":"https:\/\/narteks.net\/index.php\/wp-json\/wp\/v2\/categories?post=3106"},{"taxonomy":"post_tag","embeddable":true,"href":"https:\/\/narteks.net\/index.php\/wp-json\/wp\/v2\/tags?post=3106"}],"curies":[{"name":"wp","href":"https:\/\/api.w.org\/{rel}","templated":true}]}}