{"id":311,"date":"2009-03-02T13:45:32","date_gmt":"2009-03-02T10:45:32","guid":{"rendered":"http:\/\/localhost\/wordpress\/2009\/03\/02\/unuttum-nasildi-annemin-yuzu\/"},"modified":"2009-03-02T13:45:32","modified_gmt":"2009-03-02T10:45:32","slug":"unuttum-nasildi-annemin-yuzu","status":"publish","type":"post","link":"https:\/\/narteks.net\/index.php\/2009\/03\/02\/unuttum-nasildi-annemin-yuzu\/","title":{"rendered":"Unuttum, Nas\u0131ld\u0131 Annemin Y\u00fcz\u00fc"},"content":{"rendered":"<p>\u00a0<\/p>\n<p>Unuttum, nas\u0131ld\u0131 annemin y\u00fcz\u00fc<br \/>Unuttum, sesi nas\u0131ld\u0131 annemin.<br \/>Gece bir \u00f6rt\u00fc olsun an\u0131lardan<br \/>Kara y\u00fcre\u011fime \u00f6rt\u00fcneyim<\/p>\n<p>Unuttum, nas\u0131ld\u0131 annemin g\u00fcl\u00fc\u015f\u00fc<br \/>Unuttum nas\u0131ld\u0131 a\u011flarken annem.<br \/>Ya\u015fam sallas\u0131n kollar\u0131nda beni<br \/>K\u00fc\u00e7\u00fcc\u00fck o\u011fluyum onun ben.<\/p>\n<p>Unuttum, elleri nas\u0131ld\u0131 annemin<br \/>Unuttum g\u00f6zleri nas\u0131ld\u0131 bakarken.<br \/>Kuru ot kokusu getirsin r\u00fczgar<br \/>Ya\u011fmur usulcac\u0131k ya\u011farken. \t\t\t\t \t\t\t\t<\/p>\n<p> <span>Ataol Behramo\u011flu<\/span><\/p>\n","protected":false},"excerpt":{"rendered":"<p>\u00a0 Unuttum, nas\u0131ld\u0131 annemin y\u00fcz\u00fcUnuttum, sesi nas\u0131ld\u0131 annemin.Gece bir \u00f6rt\u00fc olsun an\u0131lardanKara y\u00fcre\u011fime \u00f6rt\u00fcneyim Unuttum, nas\u0131ld\u0131 annemin g\u00fcl\u00fc\u015f\u00fcUnuttum nas\u0131ld\u0131 a\u011flarken annem.Ya\u015fam sallas\u0131n kollar\u0131nda beniK\u00fc\u00e7\u00fcc\u00fck o\u011fluyum onun ben. Unuttum, elleri nas\u0131ld\u0131 anneminUnuttum g\u00f6zleri nas\u0131ld\u0131 bakarken.Kuru ot kokusu getirsin r\u00fczgarYa\u011fmur usulcac\u0131k ya\u011farken. Ataol Behramo\u011flu<\/p>\n","protected":false},"author":1,"featured_media":0,"comment_status":"open","ping_status":"open","sticky":false,"template":"","format":"standard","meta":{"footnotes":""},"categories":[10],"tags":[],"class_list":{"0":"post-311","1":"post","2":"type-post","3":"status-publish","4":"format-standard","6":"category-ataol-behramoglu"},"yoast_head":"<!-- This site is optimized with the Yoast SEO Premium plugin v24.9 (Yoast SEO v24.9) - https:\/\/yoast.com\/wordpress\/plugins\/seo\/ -->\n<title>Unuttum, Nas\u0131ld\u0131 Annemin Y\u00fcz\u00fc - narteks.net<\/title>\n<meta name=\"robots\" content=\"index, follow, max-snippet:-1, max-image-preview:large, max-video-preview:-1\" \/>\n<link rel=\"canonical\" href=\"https:\/\/narteks.net\/index.php\/2009\/03\/02\/unuttum-nasildi-annemin-yuzu\/\" \/>\n<meta property=\"og:locale\" content=\"tr_TR\" \/>\n<meta property=\"og:type\" content=\"article\" \/>\n<meta property=\"og:title\" content=\"Unuttum, Nas\u0131ld\u0131 Annemin Y\u00fcz\u00fc\" \/>\n<meta property=\"og:description\" content=\"\u00a0 Unuttum, nas\u0131ld\u0131 annemin y\u00fcz\u00fcUnuttum, sesi nas\u0131ld\u0131 annemin.Gece bir \u00f6rt\u00fc olsun an\u0131lardanKara y\u00fcre\u011fime \u00f6rt\u00fcneyim Unuttum, nas\u0131ld\u0131 annemin g\u00fcl\u00fc\u015f\u00fcUnuttum nas\u0131ld\u0131 a\u011flarken annem.Ya\u015fam sallas\u0131n kollar\u0131nda beniK\u00fc\u00e7\u00fcc\u00fck o\u011fluyum onun ben. Unuttum, elleri nas\u0131ld\u0131 anneminUnuttum g\u00f6zleri nas\u0131ld\u0131 bakarken.Kuru ot kokusu getirsin r\u00fczgarYa\u011fmur usulcac\u0131k ya\u011farken. Ataol Behramo\u011flu\" \/>\n<meta property=\"og:url\" content=\"https:\/\/narteks.net\/index.php\/2009\/03\/02\/unuttum-nasildi-annemin-yuzu\/\" \/>\n<meta property=\"og:site_name\" content=\"narteks.net\" \/>\n<meta property=\"article:published_time\" content=\"2009-03-02T10:45:32+00:00\" \/>\n<meta property=\"og:image\" content=\"https:\/\/narteks.net\/wp-content\/uploads\/narteks.png\" \/>\n\t<meta property=\"og:image:width\" content=\"300\" \/>\n\t<meta property=\"og:image:height\" content=\"90\" \/>\n\t<meta property=\"og:image:type\" content=\"image\/png\" \/>\n<meta name=\"author\" content=\"Tar\u0131k\" \/>\n<meta name=\"twitter:card\" content=\"summary_large_image\" \/>\n<meta name=\"twitter:creator\" content=\"@narteks\" \/>\n<meta name=\"twitter:site\" content=\"@narteks\" \/>\n<meta name=\"twitter:label1\" content=\"Yazan:\" \/>\n\t<meta name=\"twitter:data1\" content=\"Tar\u0131k\" \/>\n<script type=\"application\/ld+json\" class=\"yoast-schema-graph\">{\"@context\":\"https:\/\/schema.org\",\"@graph\":[{\"@type\":\"Article\",\"@id\":\"https:\/\/narteks.net\/index.php\/2009\/03\/02\/unuttum-nasildi-annemin-yuzu\/#article\",\"isPartOf\":{\"@id\":\"https:\/\/narteks.net\/index.php\/2009\/03\/02\/unuttum-nasildi-annemin-yuzu\/\"},\"author\":{\"name\":\"Tar\u0131k\",\"@id\":\"https:\/\/narteks.net\/#\/schema\/person\/61f37d9834294b72d31d274e7ed79bca\"},\"headline\":\"Unuttum, Nas\u0131ld\u0131 Annemin Y\u00fcz\u00fc\",\"datePublished\":\"2009-03-02T10:45:32+00:00\",\"mainEntityOfPage\":{\"@id\":\"https:\/\/narteks.net\/index.php\/2009\/03\/02\/unuttum-nasildi-annemin-yuzu\/\"},\"wordCount\":77,\"commentCount\":0,\"publisher\":{\"@id\":\"https:\/\/narteks.net\/#organization\"},\"articleSection\":[\"Ataol BEHRAMOGLU\"],\"inLanguage\":\"tr\",\"potentialAction\":[{\"@type\":\"CommentAction\",\"name\":\"Comment\",\"target\":[\"https:\/\/narteks.net\/index.php\/2009\/03\/02\/unuttum-nasildi-annemin-yuzu\/#respond\"]}]},{\"@type\":\"WebPage\",\"@id\":\"https:\/\/narteks.net\/index.php\/2009\/03\/02\/unuttum-nasildi-annemin-yuzu\/\",\"url\":\"https:\/\/narteks.net\/index.php\/2009\/03\/02\/unuttum-nasildi-annemin-yuzu\/\",\"name\":\"Unuttum, Nas\u0131ld\u0131 Annemin Y\u00fcz\u00fc - narteks.net\",\"isPartOf\":{\"@id\":\"https:\/\/narteks.net\/#website\"},\"datePublished\":\"2009-03-02T10:45:32+00:00\",\"breadcrumb\":{\"@id\":\"https:\/\/narteks.net\/index.php\/2009\/03\/02\/unuttum-nasildi-annemin-yuzu\/#breadcrumb\"},\"inLanguage\":\"tr\",\"potentialAction\":[{\"@type\":\"ReadAction\",\"target\":[\"https:\/\/narteks.net\/index.php\/2009\/03\/02\/unuttum-nasildi-annemin-yuzu\/\"]}]},{\"@type\":\"BreadcrumbList\",\"@id\":\"https:\/\/narteks.net\/index.php\/2009\/03\/02\/unuttum-nasildi-annemin-yuzu\/#breadcrumb\",\"itemListElement\":[{\"@type\":\"ListItem\",\"position\":1,\"name\":\"Anasayfa\",\"item\":\"https:\/\/narteks.net\/\"},{\"@type\":\"ListItem\",\"position\":2,\"name\":\"Unuttum, Nas\u0131ld\u0131 Annemin Y\u00fcz\u00fc\"}]},{\"@type\":\"WebSite\",\"@id\":\"https:\/\/narteks.net\/#website\",\"url\":\"https:\/\/narteks.net\/\",\"name\":\"narteks.net\",\"description\":\"K\u00fclt\u00fcr Sanat Edebiyat Felsefe\",\"publisher\":{\"@id\":\"https:\/\/narteks.net\/#organization\"},\"alternateName\":\"K\u00fclt\u00fcr Sanat Edebiyat Felsefe\",\"potentialAction\":[{\"@type\":\"SearchAction\",\"target\":{\"@type\":\"EntryPoint\",\"urlTemplate\":\"https:\/\/narteks.net\/?s={search_term_string}\"},\"query-input\":{\"@type\":\"PropertyValueSpecification\",\"valueRequired\":true,\"valueName\":\"search_term_string\"}}],\"inLanguage\":\"tr\"},{\"@type\":\"Organization\",\"@id\":\"https:\/\/narteks.net\/#organization\",\"name\":\"narteks.net\",\"url\":\"https:\/\/narteks.net\/\",\"logo\":{\"@type\":\"ImageObject\",\"inLanguage\":\"tr\",\"@id\":\"https:\/\/narteks.net\/#\/schema\/logo\/image\/\",\"url\":\"https:\/\/narteks.net\/wp-content\/uploads\/narteks.png\",\"contentUrl\":\"https:\/\/narteks.net\/wp-content\/uploads\/narteks.png\",\"width\":300,\"height\":90,\"caption\":\"narteks.net\"},\"image\":{\"@id\":\"https:\/\/narteks.net\/#\/schema\/logo\/image\/\"},\"sameAs\":[\"https:\/\/x.com\/narteks\",\"https:\/\/instagram.com\/narteksnet\"]},{\"@type\":\"Person\",\"@id\":\"https:\/\/narteks.net\/#\/schema\/person\/61f37d9834294b72d31d274e7ed79bca\",\"name\":\"Tar\u0131k\",\"image\":{\"@type\":\"ImageObject\",\"inLanguage\":\"tr\",\"@id\":\"https:\/\/narteks.net\/#\/schema\/person\/image\/\",\"url\":\"https:\/\/secure.gravatar.com\/avatar\/50865afb55632c4ae467e0af0930f6510aa2297d8014be502a55b14f3b7550cf?s=96&d=mm&r=g\",\"contentUrl\":\"https:\/\/secure.gravatar.com\/avatar\/50865afb55632c4ae467e0af0930f6510aa2297d8014be502a55b14f3b7550cf?s=96&d=mm&r=g\",\"caption\":\"Tar\u0131k\"},\"sameAs\":[\"http:\/\/narteks.net\"],\"url\":\"https:\/\/narteks.net\/index.php\/author\/narbak\/\"}]}<\/script>\n<!-- \/ Yoast SEO Premium plugin. -->","yoast_head_json":{"title":"Unuttum, Nas\u0131ld\u0131 Annemin Y\u00fcz\u00fc - narteks.net","robots":{"index":"index","follow":"follow","max-snippet":"max-snippet:-1","max-image-preview":"max-image-preview:large","max-video-preview":"max-video-preview:-1"},"canonical":"https:\/\/narteks.net\/index.php\/2009\/03\/02\/unuttum-nasildi-annemin-yuzu\/","og_locale":"tr_TR","og_type":"article","og_title":"Unuttum, Nas\u0131ld\u0131 Annemin Y\u00fcz\u00fc","og_description":"\u00a0 Unuttum, nas\u0131ld\u0131 annemin y\u00fcz\u00fcUnuttum, sesi nas\u0131ld\u0131 annemin.Gece bir \u00f6rt\u00fc olsun an\u0131lardanKara y\u00fcre\u011fime \u00f6rt\u00fcneyim Unuttum, nas\u0131ld\u0131 annemin g\u00fcl\u00fc\u015f\u00fcUnuttum nas\u0131ld\u0131 a\u011flarken annem.Ya\u015fam sallas\u0131n kollar\u0131nda beniK\u00fc\u00e7\u00fcc\u00fck o\u011fluyum onun ben. Unuttum, elleri nas\u0131ld\u0131 anneminUnuttum g\u00f6zleri nas\u0131ld\u0131 bakarken.Kuru ot kokusu getirsin r\u00fczgarYa\u011fmur usulcac\u0131k ya\u011farken. Ataol Behramo\u011flu","og_url":"https:\/\/narteks.net\/index.php\/2009\/03\/02\/unuttum-nasildi-annemin-yuzu\/","og_site_name":"narteks.net","article_published_time":"2009-03-02T10:45:32+00:00","og_image":[{"width":300,"height":90,"url":"https:\/\/narteks.net\/wp-content\/uploads\/narteks.png","type":"image\/png"}],"author":"Tar\u0131k","twitter_card":"summary_large_image","twitter_creator":"@narteks","twitter_site":"@narteks","twitter_misc":{"Yazan:":"Tar\u0131k"},"schema":{"@context":"https:\/\/schema.org","@graph":[{"@type":"Article","@id":"https:\/\/narteks.net\/index.php\/2009\/03\/02\/unuttum-nasildi-annemin-yuzu\/#article","isPartOf":{"@id":"https:\/\/narteks.net\/index.php\/2009\/03\/02\/unuttum-nasildi-annemin-yuzu\/"},"author":{"name":"Tar\u0131k","@id":"https:\/\/narteks.net\/#\/schema\/person\/61f37d9834294b72d31d274e7ed79bca"},"headline":"Unuttum, Nas\u0131ld\u0131 Annemin Y\u00fcz\u00fc","datePublished":"2009-03-02T10:45:32+00:00","mainEntityOfPage":{"@id":"https:\/\/narteks.net\/index.php\/2009\/03\/02\/unuttum-nasildi-annemin-yuzu\/"},"wordCount":77,"commentCount":0,"publisher":{"@id":"https:\/\/narteks.net\/#organization"},"articleSection":["Ataol BEHRAMOGLU"],"inLanguage":"tr","potentialAction":[{"@type":"CommentAction","name":"Comment","target":["https:\/\/narteks.net\/index.php\/2009\/03\/02\/unuttum-nasildi-annemin-yuzu\/#respond"]}]},{"@type":"WebPage","@id":"https:\/\/narteks.net\/index.php\/2009\/03\/02\/unuttum-nasildi-annemin-yuzu\/","url":"https:\/\/narteks.net\/index.php\/2009\/03\/02\/unuttum-nasildi-annemin-yuzu\/","name":"Unuttum, Nas\u0131ld\u0131 Annemin Y\u00fcz\u00fc - narteks.net","isPartOf":{"@id":"https:\/\/narteks.net\/#website"},"datePublished":"2009-03-02T10:45:32+00:00","breadcrumb":{"@id":"https:\/\/narteks.net\/index.php\/2009\/03\/02\/unuttum-nasildi-annemin-yuzu\/#breadcrumb"},"inLanguage":"tr","potentialAction":[{"@type":"ReadAction","target":["https:\/\/narteks.net\/index.php\/2009\/03\/02\/unuttum-nasildi-annemin-yuzu\/"]}]},{"@type":"BreadcrumbList","@id":"https:\/\/narteks.net\/index.php\/2009\/03\/02\/unuttum-nasildi-annemin-yuzu\/#breadcrumb","itemListElement":[{"@type":"ListItem","position":1,"name":"Anasayfa","item":"https:\/\/narteks.net\/"},{"@type":"ListItem","position":2,"name":"Unuttum, Nas\u0131ld\u0131 Annemin Y\u00fcz\u00fc"}]},{"@type":"WebSite","@id":"https:\/\/narteks.net\/#website","url":"https:\/\/narteks.net\/","name":"narteks.net","description":"K\u00fclt\u00fcr Sanat Edebiyat Felsefe","publisher":{"@id":"https:\/\/narteks.net\/#organization"},"alternateName":"K\u00fclt\u00fcr Sanat Edebiyat Felsefe","potentialAction":[{"@type":"SearchAction","target":{"@type":"EntryPoint","urlTemplate":"https:\/\/narteks.net\/?s={search_term_string}"},"query-input":{"@type":"PropertyValueSpecification","valueRequired":true,"valueName":"search_term_string"}}],"inLanguage":"tr"},{"@type":"Organization","@id":"https:\/\/narteks.net\/#organization","name":"narteks.net","url":"https:\/\/narteks.net\/","logo":{"@type":"ImageObject","inLanguage":"tr","@id":"https:\/\/narteks.net\/#\/schema\/logo\/image\/","url":"https:\/\/narteks.net\/wp-content\/uploads\/narteks.png","contentUrl":"https:\/\/narteks.net\/wp-content\/uploads\/narteks.png","width":300,"height":90,"caption":"narteks.net"},"image":{"@id":"https:\/\/narteks.net\/#\/schema\/logo\/image\/"},"sameAs":["https:\/\/x.com\/narteks","https:\/\/instagram.com\/narteksnet"]},{"@type":"Person","@id":"https:\/\/narteks.net\/#\/schema\/person\/61f37d9834294b72d31d274e7ed79bca","name":"Tar\u0131k","image":{"@type":"ImageObject","inLanguage":"tr","@id":"https:\/\/narteks.net\/#\/schema\/person\/image\/","url":"https:\/\/secure.gravatar.com\/avatar\/50865afb55632c4ae467e0af0930f6510aa2297d8014be502a55b14f3b7550cf?s=96&d=mm&r=g","contentUrl":"https:\/\/secure.gravatar.com\/avatar\/50865afb55632c4ae467e0af0930f6510aa2297d8014be502a55b14f3b7550cf?s=96&d=mm&r=g","caption":"Tar\u0131k"},"sameAs":["http:\/\/narteks.net"],"url":"https:\/\/narteks.net\/index.php\/author\/narbak\/"}]}},"_links":{"self":[{"href":"https:\/\/narteks.net\/index.php\/wp-json\/wp\/v2\/posts\/311","targetHints":{"allow":["GET"]}}],"collection":[{"href":"https:\/\/narteks.net\/index.php\/wp-json\/wp\/v2\/posts"}],"about":[{"href":"https:\/\/narteks.net\/index.php\/wp-json\/wp\/v2\/types\/post"}],"author":[{"embeddable":true,"href":"https:\/\/narteks.net\/index.php\/wp-json\/wp\/v2\/users\/1"}],"replies":[{"embeddable":true,"href":"https:\/\/narteks.net\/index.php\/wp-json\/wp\/v2\/comments?post=311"}],"version-history":[{"count":0,"href":"https:\/\/narteks.net\/index.php\/wp-json\/wp\/v2\/posts\/311\/revisions"}],"wp:attachment":[{"href":"https:\/\/narteks.net\/index.php\/wp-json\/wp\/v2\/media?parent=311"}],"wp:term":[{"taxonomy":"category","embeddable":true,"href":"https:\/\/narteks.net\/index.php\/wp-json\/wp\/v2\/categories?post=311"},{"taxonomy":"post_tag","embeddable":true,"href":"https:\/\/narteks.net\/index.php\/wp-json\/wp\/v2\/tags?post=311"}],"curies":[{"name":"wp","href":"https:\/\/api.w.org\/{rel}","templated":true}]}}