{"id":3115,"date":"2009-12-25T17:46:59","date_gmt":"2009-12-25T14:46:59","guid":{"rendered":"http:\/\/localhost\/wordpress\/2009\/12\/25\/itri\/"},"modified":"2009-12-25T17:46:59","modified_gmt":"2009-12-25T14:46:59","slug":"itri","status":"publish","type":"post","link":"https:\/\/narteks.net\/index.php\/2009\/12\/25\/itri\/","title":{"rendered":"ITR\u00ce"},"content":{"rendered":"<p>\u00a0<\/p>\n<p style=\"margin-left: 25px; margin-top: 5px; margin-bottom: 5px; text-align: center;\"><em><strong> R\u0131fk\u0131 Mel\u00fbl Meri\u00e7&#8217;e<\/strong><\/em><\/p>\n<p style=\"margin-left: 25px; margin-top: 5px; margin-bottom: 5px;\">B\u00fcy\u00fck Itr\u00ee&#8217;ye eskiler derler,<\/p>\n<p style=\"margin-left: 25px; margin-top: 5px; margin-bottom: 5px;\">Bizim \u00f6z m\u00fbs\u0131k\u00eemizin p\u00eeri;<\/p>\n<p style=\"margin-left: 25px; margin-top: 5px; margin-bottom: 5px;\">O kadar halk\u0131 sevkedip yer yer,<\/p>\n<p style=\"margin-left: 25px; margin-top: 5px; margin-bottom: 5px;\">O \u015fafak vaktinin cihang\u00eeri,<\/p>\n<p style=\"margin-left: 25px; margin-top: 5px; margin-bottom: 5px;\">Nice bayramlar\u0131n sab\u00e2h erken,<\/p>\n<p style=\"margin-left: 25px; margin-top: 5px; margin-bottom: 5px;\">G\u00f6\u011f\u00fc, top sesleriyle g\u00fcrlerken,<\/p>\n<p style=\"margin-left: 25px; margin-top: 5px; margin-bottom: 5px;\">S\u00f6ylemi\u015f saltanatl\u0131 Tekb\u00eer&#8217;i.<\/p>\n<p style=\"margin-left: 25px; margin-top: 5px; margin-bottom: 5px;\">\u00a0<\/p>\n<p style=\"margin-left: 25px; margin-top: 5px; margin-bottom: 5px;\">T\u00e2 Budin&#8217;den Ir\u00e2k&#8217;a, M\u0131sr&#8217;a kadar,<\/p>\n<p style=\"margin-left: 25px; margin-top: 5px; margin-bottom: 5px;\">Fethedilmi\u015f uzak diyarlardan,<\/p>\n<p style=\"margin-left: 25px; margin-top: 5px; margin-bottom: 5px;\">Vatan \u00fcst\u00fcnde h\u00fcr esen r\u00fczg\u00e2r,<\/p>\n<p style=\"margin-left: 25px; margin-top: 5px; margin-bottom: 5px;\">Ses g\u00f6t\u00fcrm\u00fc\u015f b\u00fct\u00fcn baharlardan.<\/p>\n<p style=\"margin-left: 25px; margin-top: 5px; margin-bottom: 5px;\">O deh\u00e2 \u00f6yle toplam\u0131\u015f ki bizi,<\/p>\n<p style=\"margin-left: 25px; margin-top: 5px; margin-bottom: 5px;\">Yedi y\u00fcz y\u0131l s\u00fcren hik\u00e2yemizi<\/p>\n<p style=\"margin-left: 25px; margin-top: 5px; margin-bottom: 5px;\">Dinlemi\u015f ihtiyar \u00e7\u0131narlardan.<\/p>\n<p style=\"margin-left: 25px; margin-top: 5px; margin-bottom: 5px;\">\u00a0<\/p>\n<p style=\"margin-left: 25px; margin-top: 5px; margin-bottom: 5px;\">M\u00fbs\u0131k\u00eesinde bir taraftan d\u00een,<\/p>\n<p style=\"margin-left: 25px; margin-top: 5px; margin-bottom: 5px;\">Bir taraftan b\u00fct\u00fcn hay\u00e2t akm\u0131\u015f;<\/p>\n<p style=\"margin-left: 25px; margin-top: 5px; margin-bottom: 5px;\">Her taraftan, Bo\u011faz, o \u015fehr\u00e2y\u00een,<\/p>\n<p style=\"margin-left: 25px; margin-top: 5px; margin-bottom: 5px;\">M\u00e2vi Tunca&#8217;yla g\u00fcr F\u0131r\u00e2t akm\u0131\u015f.<\/p>\n<p style=\"margin-left: 25px; margin-top: 5px; margin-bottom: 5px;\">Nice seslerle, g\u00f6k ve yerlerimiz,<\/p>\n<p style=\"margin-left: 25px; margin-top: 5px; margin-bottom: 5px;\">H\u00fczn\u00fcm\u00fcz, \u015fevkimiz, zaferlerimiz,<\/p>\n<p style=\"margin-left: 25px; margin-top: 5px; margin-bottom: 5px;\">Bize benzer o k\u00e2in\u00e2t akm\u0131\u015f.<\/p>\n<p style=\"margin-left: 25px; margin-top: 5px; margin-bottom: 5px;\">\u00a0<\/p>\n<p style=\"margin-left: 25px; margin-top: 5px; margin-bottom: 5px;\">\u00c7ok zaman dinledim Nev\u00e2-K\u00e2r&#8217;\u0131,<\/p>\n<p style=\"margin-left: 25px; margin-top: 5px; margin-bottom: 5px;\">Bir terenn\u00fcm ki hem geni\u015f, hem \u015f\u00fbh:<\/p>\n<p style=\"margin-left: 25px; margin-top: 5px; margin-bottom: 5px;\">Da\u011f\u0131l\u0131rken &#8220;Nev\u00e2&#8221;n\u0131n esr\u00e2r\u0131,<\/p>\n<p style=\"margin-left: 25px; margin-top: 5px; margin-bottom: 5px;\">Ba\u015fl\u0131yor \u015fark ufuklar\u0131nda vuz\u00fbh;<\/p>\n<p style=\"margin-left: 25px; margin-top: 5px; margin-bottom: 5px;\">Mest olup s\u00f6zlerinde her heceden,<\/p>\n<p style=\"margin-left: 25px; margin-top: 5px; margin-bottom: 5px;\">Yola d\u00fc\u015fm\u00fc\u015f, birer birer, geceden<\/p>\n<p style=\"margin-left: 25px; margin-top: 5px; margin-bottom: 5px;\">Y\u00fcr\u00fcyor fecre elli milyon r\u00fbh.<\/p>\n<p style=\"margin-left: 25px; margin-top: 5px; margin-bottom: 5px;\">\u00a0<\/p>\n<p style=\"margin-left: 25px; margin-top: 5px; margin-bottom: 5px;\">K\u0131skan\u0131p gizlemi\u015f kaz\u00e2 ve kader<\/p>\n<p style=\"margin-left: 25px; margin-top: 5px; margin-bottom: 5px;\">Belki binden ziy\u00e2de bestesini,<\/p>\n<p style=\"margin-left: 25px; margin-top: 5px; margin-bottom: 5px;\">Bize m\u00eer\u00e2s\u0131 kald\u0131 yirmi eser.<\/p>\n<p style=\"margin-left: 25px; margin-top: 5px; margin-bottom: 5px;\">&#8220;N\u00e2t&#8221;\u0131d\u0131r en meh\u00eebi, en derini.<\/p>\n<p style=\"margin-left: 25px; margin-top: 5px; margin-bottom: 5px;\">V\u00e2k\u0131\u00e2 ney, kud\u00fcm gelince dile,<\/p>\n<p style=\"margin-left: 25px; margin-top: 5px; margin-bottom: 5px;\">H\u0131zlanan mevlev\u00ee sem\u00e2\u0131yle<\/p>\n<p style=\"margin-left: 25px; margin-top: 5px; margin-bottom: 5px;\">Yedi kat ar\u015fa \u00e7\u0131km\u0131\u015f &#8220;\u00c2y\u00een&#8221;i.<\/p>\n<p style=\"margin-left: 25px; margin-top: 5px; margin-bottom: 5px;\">\u00a0<\/p>\n<p style=\"margin-left: 25px; margin-top: 5px; margin-bottom: 5px;\">O ki bir ihti\u015faml\u0131 d\u00fcny\u00e2ya<\/p>\n<p style=\"margin-left: 25px; margin-top: 5px; margin-bottom: 5px;\">Ses\u00a0 ve tel kudretiyle h\u00e2kimdi;<\/p>\n<p style=\"margin-left: 25px; margin-top: 5px; margin-bottom: 5px;\">\u00c2det\u00e2 benziyor muamm\u00e2ya;<\/p>\n<p style=\"margin-left: 25px; margin-top: 5px; margin-bottom: 5px;\">Ulem\u00e2m\u0131z da bilmiyor kimdi?<\/p>\n<p style=\"margin-left: 25px; margin-top: 5px; margin-bottom: 5px;\">O eserler bug\u00fcn def\u00eene midir?<\/p>\n<p style=\"margin-left: 25px; margin-top: 5px; margin-bottom: 5px;\">Ebediyyette bir haz\u00eene midir?<\/p>\n<p style=\"margin-left: 25px; margin-top: 5px; margin-bottom: 5px;\">Bir bilen var m\u0131? Nerdeler \u015fimdi?<\/p>\n<p style=\"margin-left: 25px; margin-top: 5px; margin-bottom: 5px;\">\u00a0<\/p>\n<p style=\"margin-left: 25px; margin-top: 5px; margin-bottom: 5px;\">\u00d6yle bir m\u00fbs\u0131k\u00eeyi \u00f6rten \u00f6l\u00fcm,<\/p>\n<p style=\"margin-left: 25px; margin-top: 5px; margin-bottom: 5px;\">Bir tesell\u00ee b\u0131rakmaz insanda.<\/p>\n<p style=\"margin-left: 25px; margin-top: 5px; margin-bottom: 5px;\">Muhtemel g\u00f6rm\u00fcyor hen\u00fcz g\u00f6nl\u00fcm;<\/p>\n<p style=\"margin-left: 25px; margin-top: 5px; margin-bottom: 5px;\">\u00c7ok saatler ge\u00e7ince hicranda,<\/p>\n<p style=\"margin-left: 25px; margin-top: 5px; margin-bottom: 5px;\">D\u00fc\u015f\u00fcl\u00fcr bir hay\u00e2le, zevk al\u0131n\u0131r:<\/p>\n<p style=\"margin-left: 25px; margin-top: 5px; margin-bottom: 5px;\">Belki h\u00e2l\u00e2 o besteler \u00e7al\u0131n\u0131r,<\/p>\n<p style=\"margin-left: 25px; margin-top: 5px; margin-bottom: 5px;\">Gemiler ge\u00e7miyen bir ummanda.<\/p>\n","protected":false},"excerpt":{"rendered":"<p>\u00a0 R\u0131fk\u0131 Mel\u00fbl Meri\u00e7&#8217;e B\u00fcy\u00fck Itr\u00ee&#8217;ye eskiler derler, Bizim \u00f6z m\u00fbs\u0131k\u00eemizin p\u00eeri; O kadar halk\u0131 sevkedip yer yer, O \u015fafak vaktinin cihang\u00eeri, Nice bayramlar\u0131n sab\u00e2h erken, G\u00f6\u011f\u00fc, top sesleriyle g\u00fcrlerken, S\u00f6ylemi\u015f saltanatl\u0131 Tekb\u00eer&#8217;i. \u00a0 T\u00e2 Budin&#8217;den Ir\u00e2k&#8217;a, M\u0131sr&#8217;a kadar, Fethedilmi\u015f uzak diyarlardan, Vatan \u00fcst\u00fcnde h\u00fcr esen r\u00fczg\u00e2r, Ses g\u00f6t\u00fcrm\u00fc\u015f b\u00fct\u00fcn baharlardan. O deh\u00e2 \u00f6yle toplam\u0131\u015f [&hellip;]<\/p>\n","protected":false},"author":1,"featured_media":0,"comment_status":"open","ping_status":"open","sticky":false,"template":"","format":"standard","meta":{"footnotes":""},"categories":[106],"tags":[],"class_list":{"0":"post-3115","1":"post","2":"type-post","3":"status-publish","4":"format-standard","6":"category-yahya-kemal-beyatli"},"yoast_head":"<!-- This site is optimized with the Yoast SEO Premium plugin v24.9 (Yoast SEO v24.9) - https:\/\/yoast.com\/wordpress\/plugins\/seo\/ -->\n<title>ITR\u00ce - narteks.net<\/title>\n<meta name=\"robots\" content=\"index, follow, max-snippet:-1, max-image-preview:large, max-video-preview:-1\" \/>\n<link rel=\"canonical\" href=\"https:\/\/narteks.net\/index.php\/2009\/12\/25\/itri\/\" \/>\n<meta property=\"og:locale\" content=\"tr_TR\" \/>\n<meta property=\"og:type\" content=\"article\" \/>\n<meta property=\"og:title\" content=\"ITR\u00ce\" \/>\n<meta property=\"og:description\" content=\"\u00a0 R\u0131fk\u0131 Mel\u00fbl Meri\u00e7&#8217;e B\u00fcy\u00fck Itr\u00ee&#8217;ye eskiler derler, Bizim \u00f6z m\u00fbs\u0131k\u00eemizin p\u00eeri; O kadar halk\u0131 sevkedip yer yer, O \u015fafak vaktinin cihang\u00eeri, Nice bayramlar\u0131n sab\u00e2h erken, G\u00f6\u011f\u00fc, top sesleriyle g\u00fcrlerken, S\u00f6ylemi\u015f saltanatl\u0131 Tekb\u00eer&#8217;i. \u00a0 T\u00e2 Budin&#8217;den Ir\u00e2k&#8217;a, M\u0131sr&#8217;a kadar, Fethedilmi\u015f uzak diyarlardan, Vatan \u00fcst\u00fcnde h\u00fcr esen r\u00fczg\u00e2r, Ses g\u00f6t\u00fcrm\u00fc\u015f b\u00fct\u00fcn baharlardan. O deh\u00e2 \u00f6yle toplam\u0131\u015f [&hellip;]\" \/>\n<meta property=\"og:url\" content=\"https:\/\/narteks.net\/index.php\/2009\/12\/25\/itri\/\" \/>\n<meta property=\"og:site_name\" content=\"narteks.net\" \/>\n<meta property=\"article:published_time\" content=\"2009-12-25T14:46:59+00:00\" \/>\n<meta property=\"og:image\" content=\"https:\/\/narteks.net\/wp-content\/uploads\/narteks.png\" \/>\n\t<meta property=\"og:image:width\" content=\"300\" \/>\n\t<meta property=\"og:image:height\" content=\"90\" \/>\n\t<meta property=\"og:image:type\" content=\"image\/png\" \/>\n<meta name=\"author\" content=\"Tar\u0131k\" \/>\n<meta name=\"twitter:card\" content=\"summary_large_image\" \/>\n<meta name=\"twitter:creator\" content=\"@narteks\" \/>\n<meta name=\"twitter:site\" content=\"@narteks\" \/>\n<meta name=\"twitter:label1\" content=\"Yazan:\" \/>\n\t<meta name=\"twitter:data1\" content=\"Tar\u0131k\" \/>\n\t<meta name=\"twitter:label2\" content=\"Tahmini okuma s\u00fcresi\" \/>\n\t<meta name=\"twitter:data2\" content=\"2 dakika\" \/>\n<script type=\"application\/ld+json\" class=\"yoast-schema-graph\">{\"@context\":\"https:\/\/schema.org\",\"@graph\":[{\"@type\":\"Article\",\"@id\":\"https:\/\/narteks.net\/index.php\/2009\/12\/25\/itri\/#article\",\"isPartOf\":{\"@id\":\"https:\/\/narteks.net\/index.php\/2009\/12\/25\/itri\/\"},\"author\":{\"name\":\"Tar\u0131k\",\"@id\":\"https:\/\/narteks.net\/#\/schema\/person\/61f37d9834294b72d31d274e7ed79bca\"},\"headline\":\"ITR\u00ce\",\"datePublished\":\"2009-12-25T14:46:59+00:00\",\"mainEntityOfPage\":{\"@id\":\"https:\/\/narteks.net\/index.php\/2009\/12\/25\/itri\/\"},\"wordCount\":337,\"commentCount\":0,\"publisher\":{\"@id\":\"https:\/\/narteks.net\/#organization\"},\"articleSection\":[\"Yahya Kemal BEYATLI\"],\"inLanguage\":\"tr\",\"potentialAction\":[{\"@type\":\"CommentAction\",\"name\":\"Comment\",\"target\":[\"https:\/\/narteks.net\/index.php\/2009\/12\/25\/itri\/#respond\"]}]},{\"@type\":\"WebPage\",\"@id\":\"https:\/\/narteks.net\/index.php\/2009\/12\/25\/itri\/\",\"url\":\"https:\/\/narteks.net\/index.php\/2009\/12\/25\/itri\/\",\"name\":\"ITR\u00ce - narteks.net\",\"isPartOf\":{\"@id\":\"https:\/\/narteks.net\/#website\"},\"datePublished\":\"2009-12-25T14:46:59+00:00\",\"breadcrumb\":{\"@id\":\"https:\/\/narteks.net\/index.php\/2009\/12\/25\/itri\/#breadcrumb\"},\"inLanguage\":\"tr\",\"potentialAction\":[{\"@type\":\"ReadAction\",\"target\":[\"https:\/\/narteks.net\/index.php\/2009\/12\/25\/itri\/\"]}]},{\"@type\":\"BreadcrumbList\",\"@id\":\"https:\/\/narteks.net\/index.php\/2009\/12\/25\/itri\/#breadcrumb\",\"itemListElement\":[{\"@type\":\"ListItem\",\"position\":1,\"name\":\"Anasayfa\",\"item\":\"https:\/\/narteks.net\/\"},{\"@type\":\"ListItem\",\"position\":2,\"name\":\"ITR\u00ce\"}]},{\"@type\":\"WebSite\",\"@id\":\"https:\/\/narteks.net\/#website\",\"url\":\"https:\/\/narteks.net\/\",\"name\":\"narteks.net\",\"description\":\"K\u00fclt\u00fcr Sanat Edebiyat Felsefe\",\"publisher\":{\"@id\":\"https:\/\/narteks.net\/#organization\"},\"alternateName\":\"K\u00fclt\u00fcr Sanat Edebiyat Felsefe\",\"potentialAction\":[{\"@type\":\"SearchAction\",\"target\":{\"@type\":\"EntryPoint\",\"urlTemplate\":\"https:\/\/narteks.net\/?s={search_term_string}\"},\"query-input\":{\"@type\":\"PropertyValueSpecification\",\"valueRequired\":true,\"valueName\":\"search_term_string\"}}],\"inLanguage\":\"tr\"},{\"@type\":\"Organization\",\"@id\":\"https:\/\/narteks.net\/#organization\",\"name\":\"narteks.net\",\"url\":\"https:\/\/narteks.net\/\",\"logo\":{\"@type\":\"ImageObject\",\"inLanguage\":\"tr\",\"@id\":\"https:\/\/narteks.net\/#\/schema\/logo\/image\/\",\"url\":\"https:\/\/narteks.net\/wp-content\/uploads\/narteks.png\",\"contentUrl\":\"https:\/\/narteks.net\/wp-content\/uploads\/narteks.png\",\"width\":300,\"height\":90,\"caption\":\"narteks.net\"},\"image\":{\"@id\":\"https:\/\/narteks.net\/#\/schema\/logo\/image\/\"},\"sameAs\":[\"https:\/\/x.com\/narteks\",\"https:\/\/instagram.com\/narteksnet\"]},{\"@type\":\"Person\",\"@id\":\"https:\/\/narteks.net\/#\/schema\/person\/61f37d9834294b72d31d274e7ed79bca\",\"name\":\"Tar\u0131k\",\"image\":{\"@type\":\"ImageObject\",\"inLanguage\":\"tr\",\"@id\":\"https:\/\/narteks.net\/#\/schema\/person\/image\/\",\"url\":\"https:\/\/secure.gravatar.com\/avatar\/50865afb55632c4ae467e0af0930f6510aa2297d8014be502a55b14f3b7550cf?s=96&d=mm&r=g\",\"contentUrl\":\"https:\/\/secure.gravatar.com\/avatar\/50865afb55632c4ae467e0af0930f6510aa2297d8014be502a55b14f3b7550cf?s=96&d=mm&r=g\",\"caption\":\"Tar\u0131k\"},\"sameAs\":[\"http:\/\/narteks.net\"],\"url\":\"https:\/\/narteks.net\/index.php\/author\/narbak\/\"}]}<\/script>\n<!-- \/ Yoast SEO Premium plugin. -->","yoast_head_json":{"title":"ITR\u00ce - narteks.net","robots":{"index":"index","follow":"follow","max-snippet":"max-snippet:-1","max-image-preview":"max-image-preview:large","max-video-preview":"max-video-preview:-1"},"canonical":"https:\/\/narteks.net\/index.php\/2009\/12\/25\/itri\/","og_locale":"tr_TR","og_type":"article","og_title":"ITR\u00ce","og_description":"\u00a0 R\u0131fk\u0131 Mel\u00fbl Meri\u00e7&#8217;e B\u00fcy\u00fck Itr\u00ee&#8217;ye eskiler derler, Bizim \u00f6z m\u00fbs\u0131k\u00eemizin p\u00eeri; O kadar halk\u0131 sevkedip yer yer, O \u015fafak vaktinin cihang\u00eeri, Nice bayramlar\u0131n sab\u00e2h erken, G\u00f6\u011f\u00fc, top sesleriyle g\u00fcrlerken, S\u00f6ylemi\u015f saltanatl\u0131 Tekb\u00eer&#8217;i. \u00a0 T\u00e2 Budin&#8217;den Ir\u00e2k&#8217;a, M\u0131sr&#8217;a kadar, Fethedilmi\u015f uzak diyarlardan, Vatan \u00fcst\u00fcnde h\u00fcr esen r\u00fczg\u00e2r, Ses g\u00f6t\u00fcrm\u00fc\u015f b\u00fct\u00fcn baharlardan. O deh\u00e2 \u00f6yle toplam\u0131\u015f [&hellip;]","og_url":"https:\/\/narteks.net\/index.php\/2009\/12\/25\/itri\/","og_site_name":"narteks.net","article_published_time":"2009-12-25T14:46:59+00:00","og_image":[{"width":300,"height":90,"url":"https:\/\/narteks.net\/wp-content\/uploads\/narteks.png","type":"image\/png"}],"author":"Tar\u0131k","twitter_card":"summary_large_image","twitter_creator":"@narteks","twitter_site":"@narteks","twitter_misc":{"Yazan:":"Tar\u0131k","Tahmini okuma s\u00fcresi":"2 dakika"},"schema":{"@context":"https:\/\/schema.org","@graph":[{"@type":"Article","@id":"https:\/\/narteks.net\/index.php\/2009\/12\/25\/itri\/#article","isPartOf":{"@id":"https:\/\/narteks.net\/index.php\/2009\/12\/25\/itri\/"},"author":{"name":"Tar\u0131k","@id":"https:\/\/narteks.net\/#\/schema\/person\/61f37d9834294b72d31d274e7ed79bca"},"headline":"ITR\u00ce","datePublished":"2009-12-25T14:46:59+00:00","mainEntityOfPage":{"@id":"https:\/\/narteks.net\/index.php\/2009\/12\/25\/itri\/"},"wordCount":337,"commentCount":0,"publisher":{"@id":"https:\/\/narteks.net\/#organization"},"articleSection":["Yahya Kemal BEYATLI"],"inLanguage":"tr","potentialAction":[{"@type":"CommentAction","name":"Comment","target":["https:\/\/narteks.net\/index.php\/2009\/12\/25\/itri\/#respond"]}]},{"@type":"WebPage","@id":"https:\/\/narteks.net\/index.php\/2009\/12\/25\/itri\/","url":"https:\/\/narteks.net\/index.php\/2009\/12\/25\/itri\/","name":"ITR\u00ce - narteks.net","isPartOf":{"@id":"https:\/\/narteks.net\/#website"},"datePublished":"2009-12-25T14:46:59+00:00","breadcrumb":{"@id":"https:\/\/narteks.net\/index.php\/2009\/12\/25\/itri\/#breadcrumb"},"inLanguage":"tr","potentialAction":[{"@type":"ReadAction","target":["https:\/\/narteks.net\/index.php\/2009\/12\/25\/itri\/"]}]},{"@type":"BreadcrumbList","@id":"https:\/\/narteks.net\/index.php\/2009\/12\/25\/itri\/#breadcrumb","itemListElement":[{"@type":"ListItem","position":1,"name":"Anasayfa","item":"https:\/\/narteks.net\/"},{"@type":"ListItem","position":2,"name":"ITR\u00ce"}]},{"@type":"WebSite","@id":"https:\/\/narteks.net\/#website","url":"https:\/\/narteks.net\/","name":"narteks.net","description":"K\u00fclt\u00fcr Sanat Edebiyat Felsefe","publisher":{"@id":"https:\/\/narteks.net\/#organization"},"alternateName":"K\u00fclt\u00fcr Sanat Edebiyat Felsefe","potentialAction":[{"@type":"SearchAction","target":{"@type":"EntryPoint","urlTemplate":"https:\/\/narteks.net\/?s={search_term_string}"},"query-input":{"@type":"PropertyValueSpecification","valueRequired":true,"valueName":"search_term_string"}}],"inLanguage":"tr"},{"@type":"Organization","@id":"https:\/\/narteks.net\/#organization","name":"narteks.net","url":"https:\/\/narteks.net\/","logo":{"@type":"ImageObject","inLanguage":"tr","@id":"https:\/\/narteks.net\/#\/schema\/logo\/image\/","url":"https:\/\/narteks.net\/wp-content\/uploads\/narteks.png","contentUrl":"https:\/\/narteks.net\/wp-content\/uploads\/narteks.png","width":300,"height":90,"caption":"narteks.net"},"image":{"@id":"https:\/\/narteks.net\/#\/schema\/logo\/image\/"},"sameAs":["https:\/\/x.com\/narteks","https:\/\/instagram.com\/narteksnet"]},{"@type":"Person","@id":"https:\/\/narteks.net\/#\/schema\/person\/61f37d9834294b72d31d274e7ed79bca","name":"Tar\u0131k","image":{"@type":"ImageObject","inLanguage":"tr","@id":"https:\/\/narteks.net\/#\/schema\/person\/image\/","url":"https:\/\/secure.gravatar.com\/avatar\/50865afb55632c4ae467e0af0930f6510aa2297d8014be502a55b14f3b7550cf?s=96&d=mm&r=g","contentUrl":"https:\/\/secure.gravatar.com\/avatar\/50865afb55632c4ae467e0af0930f6510aa2297d8014be502a55b14f3b7550cf?s=96&d=mm&r=g","caption":"Tar\u0131k"},"sameAs":["http:\/\/narteks.net"],"url":"https:\/\/narteks.net\/index.php\/author\/narbak\/"}]}},"_links":{"self":[{"href":"https:\/\/narteks.net\/index.php\/wp-json\/wp\/v2\/posts\/3115","targetHints":{"allow":["GET"]}}],"collection":[{"href":"https:\/\/narteks.net\/index.php\/wp-json\/wp\/v2\/posts"}],"about":[{"href":"https:\/\/narteks.net\/index.php\/wp-json\/wp\/v2\/types\/post"}],"author":[{"embeddable":true,"href":"https:\/\/narteks.net\/index.php\/wp-json\/wp\/v2\/users\/1"}],"replies":[{"embeddable":true,"href":"https:\/\/narteks.net\/index.php\/wp-json\/wp\/v2\/comments?post=3115"}],"version-history":[{"count":0,"href":"https:\/\/narteks.net\/index.php\/wp-json\/wp\/v2\/posts\/3115\/revisions"}],"wp:attachment":[{"href":"https:\/\/narteks.net\/index.php\/wp-json\/wp\/v2\/media?parent=3115"}],"wp:term":[{"taxonomy":"category","embeddable":true,"href":"https:\/\/narteks.net\/index.php\/wp-json\/wp\/v2\/categories?post=3115"},{"taxonomy":"post_tag","embeddable":true,"href":"https:\/\/narteks.net\/index.php\/wp-json\/wp\/v2\/tags?post=3115"}],"curies":[{"name":"wp","href":"https:\/\/api.w.org\/{rel}","templated":true}]}}