{"id":3120,"date":"2009-12-25T17:49:45","date_gmt":"2009-12-25T14:49:45","guid":{"rendered":"http:\/\/localhost\/wordpress\/2009\/12\/25\/karnaval-ve-donus\/"},"modified":"2009-12-25T17:49:45","modified_gmt":"2009-12-25T14:49:45","slug":"karnaval-ve-donus","status":"publish","type":"post","link":"https:\/\/narteks.net\/index.php\/2009\/12\/25\/karnaval-ve-donus\/","title":{"rendered":"KARNAVAL  VE  D\u00d6N\u00dc\u015e"},"content":{"rendered":"<p>\u00a0<\/p>\n<p style=\"margin-left: 25px; margin-top: 5px; margin-bottom: 5px;\">Nis karnavalda e\u011fleniyor;<\/p>\n<p style=\"margin-left: 25px; margin-top: 5px; margin-bottom: 5px;\">Her yanda hayk\u0131r\u0131\u015f ve g\u00fcl\u00fc\u015fler&#8230;<\/p>\n<p style=\"margin-left: 25px; margin-top: 5px; margin-bottom: 5px;\">Bir haftadan beri<\/p>\n<p style=\"margin-left: 25px; margin-top: 5px; margin-bottom: 5px;\">R\u00fc\u2019y\u00e2lar\u0131mda sallan\u0131yor vals etekleri&#8230;<\/p>\n<p style=\"margin-left: 25px; margin-top: 5px; margin-bottom: 5px;\">\u0130\u00e7mek, g\u00fcl\u00fc\u015fmek eski zaman \u00eetiy\u00e2d\u0131d\u0131r.<\/p>\n<p style=\"margin-left: 25px; margin-top: 5px; margin-bottom: 5px;\">Bu karnaval,<\/p>\n<p style=\"margin-left: 25px; margin-top: 5px; margin-bottom: 5px;\">Ge\u00e7mi\u015fde ba\u011f \u2013 bozumlar\u0131n\u0131n belki y\u00e2d\u0131d\u0131r.<\/p>\n<p style=\"margin-left: 25px; margin-top: 5px; margin-bottom: 5px;\">Garb \u00e2leminde e\u011fleni\u015fin bir mis\u00e2li bu.<\/p>\n<p style=\"margin-left: 25px; margin-top: 5px; margin-bottom: 5px;\">Y\u00fbnan, L\u00e2tin ve Cermen\u2019i tek cins eden hav\u00e2<\/p>\n<p style=\"margin-left: 25px; margin-top: 5px; margin-bottom: 5px;\">\u00a0<\/p>\n<p style=\"margin-left: 25px; margin-top: 5px; margin-bottom: 5px;\">Esmi\u015f bu m\u00e2vi s\u00e2hile bir m\u00fbs\u0131ki gibi.<\/p>\n<p style=\"margin-left: 25px; margin-top: 5px; margin-bottom: 5px;\">Ne\u015f\u2019eyle s\u00fcsl\u00fcyor verilen her ziy\u00e2feti<\/p>\n<p style=\"margin-left: 25px; margin-top: 5px; margin-bottom: 5px;\">Ge\u00e7mi\u015f devirlerin nice \u015f\u00eerin k\u0131y\u00e2feti.<\/p>\n<p style=\"margin-left: 25px; margin-top: 5px; margin-bottom: 5px;\">Bir k\u0131sm\u0131 maskeli,<\/p>\n<p style=\"margin-left: 25px; margin-top: 5px; margin-bottom: 5px;\">Bir k\u0131sm\u0131 maskesiz,<\/p>\n<p style=\"margin-left: 25px; margin-top: 5px; margin-bottom: 5px;\">\u0130sl\u00e2v g\u00fczelleri,<\/p>\n<p style=\"margin-left: 25px; margin-top: 5px; margin-bottom: 5px;\">Cermen g\u00fczelleri,<\/p>\n<p style=\"margin-left: 25px; margin-top: 5px; margin-bottom: 5px;\">Hepsinden ince, Anglo \u2013 Sakson g\u00fczelleri.<\/p>\n<p style=\"margin-left: 25px; margin-top: 5px; margin-bottom: 5px;\">G\u00fcl s\u00eenelerde, i\u00e7ki kadehlerde renk renk<\/p>\n<p style=\"margin-left: 25px; margin-top: 5px; margin-bottom: 5px;\">Mahrem mu\u00e2\u015faka,<\/p>\n<p style=\"margin-left: 25px; margin-top: 5px; margin-bottom: 5px;\">A\u015fk\u0131n dudaklar\u0131nda kalan g\u00fcllerin teri.<\/p>\n<p style=\"margin-left: 25px; margin-top: 5px; margin-bottom: 5px;\">\u00a0<\/p>\n<p style=\"margin-left: 25px; margin-top: 5px; margin-bottom: 5px;\">Ben yolcuyum bug\u00fcn<\/p>\n<p style=\"margin-left: 25px; margin-top: 5px; margin-bottom: 5px;\">Nis karnavalda e\u011flence \u2013 dursun<\/p>\n<p style=\"margin-left: 25px; margin-top: 5px; margin-bottom: 5px;\">Ben yolcuyum bug\u00fcn. Yolun ufkunda \u00c7aml\u0131ca<\/p>\n<p style=\"margin-left: 25px; margin-top: 5px; margin-bottom: 5px;\">H\u00e2l\u00e2 g\u00f6r\u00fcnm\u00fcyor;<\/p>\n<p style=\"margin-left: 25px; margin-top: 5px; margin-bottom: 5px;\">H\u00e2l\u00e2 g\u00f6r\u00fcnm\u00fcyor diyerekten sab\u0131rs\u0131z\u0131m.<\/p>\n<p style=\"margin-left: 25px; margin-top: 5px; margin-bottom: 5px;\">Y\u0131llarca sevdi\u011fim Adalar, sevdi\u011fim deniz<\/p>\n<p style=\"margin-left: 25px; margin-top: 5px; margin-bottom: 5px;\">Art\u0131k g\u00f6r\u00fcnseler&#8230;<\/p>\n<p style=\"margin-left: 25px; margin-top: 5px; margin-bottom: 5px;\">D\u00f6nsem vatan sem\u00e2s\u0131na art\u0131k bu \u00fclkeden.<\/p>\n<p style=\"margin-left: 25px; margin-top: 5px; margin-bottom: 5px;\">G\u00f6rsem Erenk\u00f6y\u00fc\u2019ndeki leyl\u00e2kl\u0131 bah\u00e7ede,<\/p>\n<p style=\"margin-left: 25px; margin-top: 5px; margin-bottom: 5px;\">C\u00e2nanla bir zaman konu\u015fup i\u00e7ti\u011fim yeri.<\/p>\n","protected":false},"excerpt":{"rendered":"<p>\u00a0 Nis karnavalda e\u011fleniyor; Her yanda hayk\u0131r\u0131\u015f ve g\u00fcl\u00fc\u015fler&#8230; Bir haftadan beri R\u00fc\u2019y\u00e2lar\u0131mda sallan\u0131yor vals etekleri&#8230; \u0130\u00e7mek, g\u00fcl\u00fc\u015fmek eski zaman \u00eetiy\u00e2d\u0131d\u0131r. Bu karnaval, Ge\u00e7mi\u015fde ba\u011f \u2013 bozumlar\u0131n\u0131n belki y\u00e2d\u0131d\u0131r. Garb \u00e2leminde e\u011fleni\u015fin bir mis\u00e2li bu. Y\u00fbnan, L\u00e2tin ve Cermen\u2019i tek cins eden hav\u00e2 \u00a0 Esmi\u015f bu m\u00e2vi s\u00e2hile bir m\u00fbs\u0131ki gibi. Ne\u015f\u2019eyle s\u00fcsl\u00fcyor verilen her [&hellip;]<\/p>\n","protected":false},"author":1,"featured_media":0,"comment_status":"open","ping_status":"open","sticky":false,"template":"","format":"standard","meta":{"footnotes":""},"categories":[106],"tags":[],"class_list":{"0":"post-3120","1":"post","2":"type-post","3":"status-publish","4":"format-standard","6":"category-yahya-kemal-beyatli"},"yoast_head":"<!-- This site is optimized with the Yoast SEO Premium plugin v24.9 (Yoast SEO v24.9) - https:\/\/yoast.com\/wordpress\/plugins\/seo\/ -->\n<title>KARNAVAL VE D\u00d6N\u00dc\u015e - narteks.net<\/title>\n<meta name=\"robots\" content=\"index, follow, max-snippet:-1, max-image-preview:large, max-video-preview:-1\" \/>\n<link rel=\"canonical\" href=\"https:\/\/narteks.net\/index.php\/2009\/12\/25\/karnaval-ve-donus\/\" \/>\n<meta property=\"og:locale\" content=\"tr_TR\" \/>\n<meta property=\"og:type\" content=\"article\" \/>\n<meta property=\"og:title\" content=\"KARNAVAL VE D\u00d6N\u00dc\u015e\" \/>\n<meta property=\"og:description\" content=\"\u00a0 Nis karnavalda e\u011fleniyor; Her yanda hayk\u0131r\u0131\u015f ve g\u00fcl\u00fc\u015fler&#8230; Bir haftadan beri R\u00fc\u2019y\u00e2lar\u0131mda sallan\u0131yor vals etekleri&#8230; \u0130\u00e7mek, g\u00fcl\u00fc\u015fmek eski zaman \u00eetiy\u00e2d\u0131d\u0131r. Bu karnaval, Ge\u00e7mi\u015fde ba\u011f \u2013 bozumlar\u0131n\u0131n belki y\u00e2d\u0131d\u0131r. Garb \u00e2leminde e\u011fleni\u015fin bir mis\u00e2li bu. Y\u00fbnan, L\u00e2tin ve Cermen\u2019i tek cins eden hav\u00e2 \u00a0 Esmi\u015f bu m\u00e2vi s\u00e2hile bir m\u00fbs\u0131ki gibi. Ne\u015f\u2019eyle s\u00fcsl\u00fcyor verilen her [&hellip;]\" \/>\n<meta property=\"og:url\" content=\"https:\/\/narteks.net\/index.php\/2009\/12\/25\/karnaval-ve-donus\/\" \/>\n<meta property=\"og:site_name\" content=\"narteks.net\" \/>\n<meta property=\"article:published_time\" content=\"2009-12-25T14:49:45+00:00\" \/>\n<meta property=\"og:image\" content=\"https:\/\/narteks.net\/wp-content\/uploads\/narteks.png\" \/>\n\t<meta property=\"og:image:width\" content=\"300\" \/>\n\t<meta property=\"og:image:height\" content=\"90\" \/>\n\t<meta property=\"og:image:type\" content=\"image\/png\" \/>\n<meta name=\"author\" content=\"Tar\u0131k\" \/>\n<meta name=\"twitter:card\" content=\"summary_large_image\" \/>\n<meta name=\"twitter:creator\" content=\"@narteks\" \/>\n<meta name=\"twitter:site\" content=\"@narteks\" \/>\n<meta name=\"twitter:label1\" content=\"Yazan:\" \/>\n\t<meta name=\"twitter:data1\" content=\"Tar\u0131k\" \/>\n\t<meta name=\"twitter:label2\" content=\"Tahmini okuma s\u00fcresi\" \/>\n\t<meta name=\"twitter:data2\" content=\"1 dakika\" \/>\n<script type=\"application\/ld+json\" class=\"yoast-schema-graph\">{\"@context\":\"https:\/\/schema.org\",\"@graph\":[{\"@type\":\"Article\",\"@id\":\"https:\/\/narteks.net\/index.php\/2009\/12\/25\/karnaval-ve-donus\/#article\",\"isPartOf\":{\"@id\":\"https:\/\/narteks.net\/index.php\/2009\/12\/25\/karnaval-ve-donus\/\"},\"author\":{\"name\":\"Tar\u0131k\",\"@id\":\"https:\/\/narteks.net\/#\/schema\/person\/61f37d9834294b72d31d274e7ed79bca\"},\"headline\":\"KARNAVAL VE D\u00d6N\u00dc\u015e\",\"datePublished\":\"2009-12-25T14:49:45+00:00\",\"mainEntityOfPage\":{\"@id\":\"https:\/\/narteks.net\/index.php\/2009\/12\/25\/karnaval-ve-donus\/\"},\"wordCount\":217,\"commentCount\":0,\"publisher\":{\"@id\":\"https:\/\/narteks.net\/#organization\"},\"articleSection\":[\"Yahya Kemal BEYATLI\"],\"inLanguage\":\"tr\",\"potentialAction\":[{\"@type\":\"CommentAction\",\"name\":\"Comment\",\"target\":[\"https:\/\/narteks.net\/index.php\/2009\/12\/25\/karnaval-ve-donus\/#respond\"]}]},{\"@type\":\"WebPage\",\"@id\":\"https:\/\/narteks.net\/index.php\/2009\/12\/25\/karnaval-ve-donus\/\",\"url\":\"https:\/\/narteks.net\/index.php\/2009\/12\/25\/karnaval-ve-donus\/\",\"name\":\"KARNAVAL VE D\u00d6N\u00dc\u015e - narteks.net\",\"isPartOf\":{\"@id\":\"https:\/\/narteks.net\/#website\"},\"datePublished\":\"2009-12-25T14:49:45+00:00\",\"breadcrumb\":{\"@id\":\"https:\/\/narteks.net\/index.php\/2009\/12\/25\/karnaval-ve-donus\/#breadcrumb\"},\"inLanguage\":\"tr\",\"potentialAction\":[{\"@type\":\"ReadAction\",\"target\":[\"https:\/\/narteks.net\/index.php\/2009\/12\/25\/karnaval-ve-donus\/\"]}]},{\"@type\":\"BreadcrumbList\",\"@id\":\"https:\/\/narteks.net\/index.php\/2009\/12\/25\/karnaval-ve-donus\/#breadcrumb\",\"itemListElement\":[{\"@type\":\"ListItem\",\"position\":1,\"name\":\"Anasayfa\",\"item\":\"https:\/\/narteks.net\/\"},{\"@type\":\"ListItem\",\"position\":2,\"name\":\"KARNAVAL VE D\u00d6N\u00dc\u015e\"}]},{\"@type\":\"WebSite\",\"@id\":\"https:\/\/narteks.net\/#website\",\"url\":\"https:\/\/narteks.net\/\",\"name\":\"narteks.net\",\"description\":\"K\u00fclt\u00fcr Sanat Edebiyat Felsefe\",\"publisher\":{\"@id\":\"https:\/\/narteks.net\/#organization\"},\"alternateName\":\"K\u00fclt\u00fcr Sanat Edebiyat Felsefe\",\"potentialAction\":[{\"@type\":\"SearchAction\",\"target\":{\"@type\":\"EntryPoint\",\"urlTemplate\":\"https:\/\/narteks.net\/?s={search_term_string}\"},\"query-input\":{\"@type\":\"PropertyValueSpecification\",\"valueRequired\":true,\"valueName\":\"search_term_string\"}}],\"inLanguage\":\"tr\"},{\"@type\":\"Organization\",\"@id\":\"https:\/\/narteks.net\/#organization\",\"name\":\"narteks.net\",\"url\":\"https:\/\/narteks.net\/\",\"logo\":{\"@type\":\"ImageObject\",\"inLanguage\":\"tr\",\"@id\":\"https:\/\/narteks.net\/#\/schema\/logo\/image\/\",\"url\":\"https:\/\/narteks.net\/wp-content\/uploads\/narteks.png\",\"contentUrl\":\"https:\/\/narteks.net\/wp-content\/uploads\/narteks.png\",\"width\":300,\"height\":90,\"caption\":\"narteks.net\"},\"image\":{\"@id\":\"https:\/\/narteks.net\/#\/schema\/logo\/image\/\"},\"sameAs\":[\"https:\/\/x.com\/narteks\",\"https:\/\/instagram.com\/narteksnet\"]},{\"@type\":\"Person\",\"@id\":\"https:\/\/narteks.net\/#\/schema\/person\/61f37d9834294b72d31d274e7ed79bca\",\"name\":\"Tar\u0131k\",\"image\":{\"@type\":\"ImageObject\",\"inLanguage\":\"tr\",\"@id\":\"https:\/\/narteks.net\/#\/schema\/person\/image\/\",\"url\":\"https:\/\/secure.gravatar.com\/avatar\/50865afb55632c4ae467e0af0930f6510aa2297d8014be502a55b14f3b7550cf?s=96&d=mm&r=g\",\"contentUrl\":\"https:\/\/secure.gravatar.com\/avatar\/50865afb55632c4ae467e0af0930f6510aa2297d8014be502a55b14f3b7550cf?s=96&d=mm&r=g\",\"caption\":\"Tar\u0131k\"},\"sameAs\":[\"http:\/\/narteks.net\"],\"url\":\"https:\/\/narteks.net\/index.php\/author\/narbak\/\"}]}<\/script>\n<!-- \/ Yoast SEO Premium plugin. -->","yoast_head_json":{"title":"KARNAVAL VE D\u00d6N\u00dc\u015e - narteks.net","robots":{"index":"index","follow":"follow","max-snippet":"max-snippet:-1","max-image-preview":"max-image-preview:large","max-video-preview":"max-video-preview:-1"},"canonical":"https:\/\/narteks.net\/index.php\/2009\/12\/25\/karnaval-ve-donus\/","og_locale":"tr_TR","og_type":"article","og_title":"KARNAVAL VE D\u00d6N\u00dc\u015e","og_description":"\u00a0 Nis karnavalda e\u011fleniyor; Her yanda hayk\u0131r\u0131\u015f ve g\u00fcl\u00fc\u015fler&#8230; Bir haftadan beri R\u00fc\u2019y\u00e2lar\u0131mda sallan\u0131yor vals etekleri&#8230; \u0130\u00e7mek, g\u00fcl\u00fc\u015fmek eski zaman \u00eetiy\u00e2d\u0131d\u0131r. Bu karnaval, Ge\u00e7mi\u015fde ba\u011f \u2013 bozumlar\u0131n\u0131n belki y\u00e2d\u0131d\u0131r. Garb \u00e2leminde e\u011fleni\u015fin bir mis\u00e2li bu. Y\u00fbnan, L\u00e2tin ve Cermen\u2019i tek cins eden hav\u00e2 \u00a0 Esmi\u015f bu m\u00e2vi s\u00e2hile bir m\u00fbs\u0131ki gibi. Ne\u015f\u2019eyle s\u00fcsl\u00fcyor verilen her [&hellip;]","og_url":"https:\/\/narteks.net\/index.php\/2009\/12\/25\/karnaval-ve-donus\/","og_site_name":"narteks.net","article_published_time":"2009-12-25T14:49:45+00:00","og_image":[{"width":300,"height":90,"url":"https:\/\/narteks.net\/wp-content\/uploads\/narteks.png","type":"image\/png"}],"author":"Tar\u0131k","twitter_card":"summary_large_image","twitter_creator":"@narteks","twitter_site":"@narteks","twitter_misc":{"Yazan:":"Tar\u0131k","Tahmini okuma s\u00fcresi":"1 dakika"},"schema":{"@context":"https:\/\/schema.org","@graph":[{"@type":"Article","@id":"https:\/\/narteks.net\/index.php\/2009\/12\/25\/karnaval-ve-donus\/#article","isPartOf":{"@id":"https:\/\/narteks.net\/index.php\/2009\/12\/25\/karnaval-ve-donus\/"},"author":{"name":"Tar\u0131k","@id":"https:\/\/narteks.net\/#\/schema\/person\/61f37d9834294b72d31d274e7ed79bca"},"headline":"KARNAVAL VE D\u00d6N\u00dc\u015e","datePublished":"2009-12-25T14:49:45+00:00","mainEntityOfPage":{"@id":"https:\/\/narteks.net\/index.php\/2009\/12\/25\/karnaval-ve-donus\/"},"wordCount":217,"commentCount":0,"publisher":{"@id":"https:\/\/narteks.net\/#organization"},"articleSection":["Yahya Kemal BEYATLI"],"inLanguage":"tr","potentialAction":[{"@type":"CommentAction","name":"Comment","target":["https:\/\/narteks.net\/index.php\/2009\/12\/25\/karnaval-ve-donus\/#respond"]}]},{"@type":"WebPage","@id":"https:\/\/narteks.net\/index.php\/2009\/12\/25\/karnaval-ve-donus\/","url":"https:\/\/narteks.net\/index.php\/2009\/12\/25\/karnaval-ve-donus\/","name":"KARNAVAL VE D\u00d6N\u00dc\u015e - narteks.net","isPartOf":{"@id":"https:\/\/narteks.net\/#website"},"datePublished":"2009-12-25T14:49:45+00:00","breadcrumb":{"@id":"https:\/\/narteks.net\/index.php\/2009\/12\/25\/karnaval-ve-donus\/#breadcrumb"},"inLanguage":"tr","potentialAction":[{"@type":"ReadAction","target":["https:\/\/narteks.net\/index.php\/2009\/12\/25\/karnaval-ve-donus\/"]}]},{"@type":"BreadcrumbList","@id":"https:\/\/narteks.net\/index.php\/2009\/12\/25\/karnaval-ve-donus\/#breadcrumb","itemListElement":[{"@type":"ListItem","position":1,"name":"Anasayfa","item":"https:\/\/narteks.net\/"},{"@type":"ListItem","position":2,"name":"KARNAVAL VE D\u00d6N\u00dc\u015e"}]},{"@type":"WebSite","@id":"https:\/\/narteks.net\/#website","url":"https:\/\/narteks.net\/","name":"narteks.net","description":"K\u00fclt\u00fcr Sanat Edebiyat Felsefe","publisher":{"@id":"https:\/\/narteks.net\/#organization"},"alternateName":"K\u00fclt\u00fcr Sanat Edebiyat Felsefe","potentialAction":[{"@type":"SearchAction","target":{"@type":"EntryPoint","urlTemplate":"https:\/\/narteks.net\/?s={search_term_string}"},"query-input":{"@type":"PropertyValueSpecification","valueRequired":true,"valueName":"search_term_string"}}],"inLanguage":"tr"},{"@type":"Organization","@id":"https:\/\/narteks.net\/#organization","name":"narteks.net","url":"https:\/\/narteks.net\/","logo":{"@type":"ImageObject","inLanguage":"tr","@id":"https:\/\/narteks.net\/#\/schema\/logo\/image\/","url":"https:\/\/narteks.net\/wp-content\/uploads\/narteks.png","contentUrl":"https:\/\/narteks.net\/wp-content\/uploads\/narteks.png","width":300,"height":90,"caption":"narteks.net"},"image":{"@id":"https:\/\/narteks.net\/#\/schema\/logo\/image\/"},"sameAs":["https:\/\/x.com\/narteks","https:\/\/instagram.com\/narteksnet"]},{"@type":"Person","@id":"https:\/\/narteks.net\/#\/schema\/person\/61f37d9834294b72d31d274e7ed79bca","name":"Tar\u0131k","image":{"@type":"ImageObject","inLanguage":"tr","@id":"https:\/\/narteks.net\/#\/schema\/person\/image\/","url":"https:\/\/secure.gravatar.com\/avatar\/50865afb55632c4ae467e0af0930f6510aa2297d8014be502a55b14f3b7550cf?s=96&d=mm&r=g","contentUrl":"https:\/\/secure.gravatar.com\/avatar\/50865afb55632c4ae467e0af0930f6510aa2297d8014be502a55b14f3b7550cf?s=96&d=mm&r=g","caption":"Tar\u0131k"},"sameAs":["http:\/\/narteks.net"],"url":"https:\/\/narteks.net\/index.php\/author\/narbak\/"}]}},"_links":{"self":[{"href":"https:\/\/narteks.net\/index.php\/wp-json\/wp\/v2\/posts\/3120","targetHints":{"allow":["GET"]}}],"collection":[{"href":"https:\/\/narteks.net\/index.php\/wp-json\/wp\/v2\/posts"}],"about":[{"href":"https:\/\/narteks.net\/index.php\/wp-json\/wp\/v2\/types\/post"}],"author":[{"embeddable":true,"href":"https:\/\/narteks.net\/index.php\/wp-json\/wp\/v2\/users\/1"}],"replies":[{"embeddable":true,"href":"https:\/\/narteks.net\/index.php\/wp-json\/wp\/v2\/comments?post=3120"}],"version-history":[{"count":0,"href":"https:\/\/narteks.net\/index.php\/wp-json\/wp\/v2\/posts\/3120\/revisions"}],"wp:attachment":[{"href":"https:\/\/narteks.net\/index.php\/wp-json\/wp\/v2\/media?parent=3120"}],"wp:term":[{"taxonomy":"category","embeddable":true,"href":"https:\/\/narteks.net\/index.php\/wp-json\/wp\/v2\/categories?post=3120"},{"taxonomy":"post_tag","embeddable":true,"href":"https:\/\/narteks.net\/index.php\/wp-json\/wp\/v2\/tags?post=3120"}],"curies":[{"name":"wp","href":"https:\/\/api.w.org\/{rel}","templated":true}]}}