{"id":3122,"date":"2009-12-25T17:50:56","date_gmt":"2009-12-25T14:50:56","guid":{"rendered":"http:\/\/localhost\/wordpress\/2009\/12\/25\/kaybolan-sehir\/"},"modified":"2009-12-25T17:50:56","modified_gmt":"2009-12-25T14:50:56","slug":"kaybolan-sehir","status":"publish","type":"post","link":"https:\/\/narteks.net\/index.php\/2009\/12\/25\/kaybolan-sehir\/","title":{"rendered":"KAYBOLAN \u015eEH\u0130R"},"content":{"rendered":"<p>\u00a0<\/p>\n<p style=\"margin-left: 25px; margin-top: 5px; margin-bottom: 5px;\">\u00dcsk\u00fcp ki Y\u0131ld\u0131r\u0131m Beyaz\u0131d Han diy\u00e2r\u0131d\u0131r<\/p>\n<p style=\"margin-left: 25px; margin-top: 5px; margin-bottom: 5px;\">Evlad-\u0131 Fatih\u00e2n\u2019a onun y\u00e2dig\u00e2r\u0131d\u0131r.<\/p>\n<p style=\"margin-left: 25px; margin-top: 5px; margin-bottom: 5px;\">\u00a0<\/p>\n<p style=\"margin-left: 25px; margin-top: 5px; margin-bottom: 5px;\">Fir\u00fbze kubbelerle yaln\u0131z bizim \u015fehrimizdi o;<\/p>\n<p style=\"margin-left: 25px; margin-top: 5px; margin-bottom: 5px;\">Yaln\u0131z bizimdi, \u00e7ehre ve r\u00fbhiyla biz\u2019di o.<\/p>\n<p style=\"margin-left: 25px; margin-top: 5px; margin-bottom: 5px;\">\u00a0<\/p>\n<p style=\"margin-left: 25px; margin-top: 5px; margin-bottom: 5px;\">\u00dcsk\u00fcp ki \u015ear da\u011f\u2019\u0131nda dev\u00e2m\u0131yd\u0131 Bursa\u2019n\u0131n.<\/p>\n<p style=\"margin-left: 25px; margin-top: 5px; margin-bottom: 5px;\">Bir l\u00e2le bah\u00e7esiydi d\u00f6k\u00fclm\u00fc\u015f temiz kan\u0131n.<\/p>\n<p style=\"margin-left: 25px; margin-top: 5px; margin-bottom: 5px;\">\u00a0<\/p>\n<p style=\"margin-left: 25px; margin-top: 5px; margin-bottom: 5px;\">\u00dc\u00e7 \u015fanl\u0131 harbin ar\u015f\u2019a as\u0131lm\u0131\u015f sil\u00e2hlar\u0131<\/p>\n<p style=\"margin-left: 25px; margin-top: 5px; margin-bottom: 5px;\">Parlard\u0131 ya\u015fl\u0131 g\u00f6zlere bayram sabahlar\u0131.<\/p>\n<p style=\"margin-left: 25px; margin-top: 5px; margin-bottom: 5px;\">\u00a0<\/p>\n<p style=\"margin-left: 25px; margin-top: 5px; margin-bottom: 5px;\">Ben girmeden hay\u00e2t\u0131 \u015fafakland\u0131ran \u00e7a\u011fa,<\/p>\n<p style=\"margin-left: 25px; margin-top: 5px; margin-bottom: 5px;\">Bir sonbaharda annemi g\u00f6md\u00fck o topra\u011fa.<\/p>\n<p style=\"margin-left: 25px; margin-top: 5px; margin-bottom: 5px;\">\u00a0<\/p>\n<p style=\"margin-left: 25px; margin-top: 5px; margin-bottom: 5px;\">\u0130s\u2019a Bey\u2019in fetihte a\u00e7\u0131lm\u0131\u015f mezarl\u0131\u011f\u0131<\/p>\n<p style=\"margin-left: 25px; margin-top: 5px; margin-bottom: 5px;\">Huly\u00e2ma \u00e2hiret gibi nak\u015fetti varl\u0131\u011f\u0131.<\/p>\n<p style=\"margin-left: 25px; margin-top: 5px; margin-bottom: 5px;\">\u00a0<\/p>\n<p style=\"margin-left: 25px; margin-top: 5px; margin-bottom: 5px;\">Vaktiyle \u00f6z vatanda bizimken, bug\u00fcn ni\u00e7in<\/p>\n<p style=\"margin-left: 25px; margin-top: 5px; margin-bottom: 5px;\">\u00dcsk\u00fcp bizim de\u011fil? Bunu duydum, i\u00e7in i\u00e7in.<\/p>\n<p style=\"margin-left: 25px; margin-top: 5px; margin-bottom: 5px;\">\u00a0<\/p>\n<p style=\"margin-left: 25px; margin-top: 5px; margin-bottom: 5px;\">Kalbimde bir hay\u00e2li kal\u0131p kaybolan \u015fehir!<\/p>\n<p style=\"margin-left: 25px; margin-top: 5px; margin-bottom: 5px;\">Ayr\u0131lman\u0131n b\u0131rakt\u0131\u011f\u0131 hicran derindedir!<\/p>\n<p style=\"margin-left: 25px; margin-top: 5px; margin-bottom: 5px;\">\u00a0<\/p>\n<p style=\"margin-left: 25px; margin-top: 5px; margin-bottom: 5px;\">\u00c7ok s\u00fcrse ayr\u0131l\u0131k, aradan ge\u00e7se \u00e7ok sene,<\/p>\n<p style=\"margin-left: 25px; margin-top: 5px; margin-bottom: 5px;\">Biz sende olmasak bile, sen bizdesin gene.<\/p>\n","protected":false},"excerpt":{"rendered":"<p>\u00a0 \u00dcsk\u00fcp ki Y\u0131ld\u0131r\u0131m Beyaz\u0131d Han diy\u00e2r\u0131d\u0131r Evlad-\u0131 Fatih\u00e2n\u2019a onun y\u00e2dig\u00e2r\u0131d\u0131r. \u00a0 Fir\u00fbze kubbelerle yaln\u0131z bizim \u015fehrimizdi o; Yaln\u0131z bizimdi, \u00e7ehre ve r\u00fbhiyla biz\u2019di o. \u00a0 \u00dcsk\u00fcp ki \u015ear da\u011f\u2019\u0131nda dev\u00e2m\u0131yd\u0131 Bursa\u2019n\u0131n. Bir l\u00e2le bah\u00e7esiydi d\u00f6k\u00fclm\u00fc\u015f temiz kan\u0131n. \u00a0 \u00dc\u00e7 \u015fanl\u0131 harbin ar\u015f\u2019a as\u0131lm\u0131\u015f sil\u00e2hlar\u0131 Parlard\u0131 ya\u015fl\u0131 g\u00f6zlere bayram sabahlar\u0131. \u00a0 Ben girmeden hay\u00e2t\u0131 \u015fafakland\u0131ran [&hellip;]<\/p>\n","protected":false},"author":1,"featured_media":0,"comment_status":"open","ping_status":"open","sticky":false,"template":"","format":"standard","meta":{"footnotes":""},"categories":[106],"tags":[],"class_list":{"0":"post-3122","1":"post","2":"type-post","3":"status-publish","4":"format-standard","6":"category-yahya-kemal-beyatli"},"yoast_head":"<!-- This site is optimized with the Yoast SEO Premium plugin v24.9 (Yoast SEO v24.9) - https:\/\/yoast.com\/wordpress\/plugins\/seo\/ -->\n<title>KAYBOLAN \u015eEH\u0130R - narteks.net<\/title>\n<meta name=\"robots\" content=\"index, follow, max-snippet:-1, max-image-preview:large, max-video-preview:-1\" \/>\n<link rel=\"canonical\" href=\"https:\/\/narteks.net\/index.php\/2009\/12\/25\/kaybolan-sehir\/\" \/>\n<meta property=\"og:locale\" content=\"tr_TR\" \/>\n<meta property=\"og:type\" content=\"article\" \/>\n<meta property=\"og:title\" content=\"KAYBOLAN \u015eEH\u0130R\" \/>\n<meta property=\"og:description\" content=\"\u00a0 \u00dcsk\u00fcp ki Y\u0131ld\u0131r\u0131m Beyaz\u0131d Han diy\u00e2r\u0131d\u0131r Evlad-\u0131 Fatih\u00e2n\u2019a onun y\u00e2dig\u00e2r\u0131d\u0131r. \u00a0 Fir\u00fbze kubbelerle yaln\u0131z bizim \u015fehrimizdi o; Yaln\u0131z bizimdi, \u00e7ehre ve r\u00fbhiyla biz\u2019di o. \u00a0 \u00dcsk\u00fcp ki \u015ear da\u011f\u2019\u0131nda dev\u00e2m\u0131yd\u0131 Bursa\u2019n\u0131n. Bir l\u00e2le bah\u00e7esiydi d\u00f6k\u00fclm\u00fc\u015f temiz kan\u0131n. \u00a0 \u00dc\u00e7 \u015fanl\u0131 harbin ar\u015f\u2019a as\u0131lm\u0131\u015f sil\u00e2hlar\u0131 Parlard\u0131 ya\u015fl\u0131 g\u00f6zlere bayram sabahlar\u0131. \u00a0 Ben girmeden hay\u00e2t\u0131 \u015fafakland\u0131ran [&hellip;]\" \/>\n<meta property=\"og:url\" content=\"https:\/\/narteks.net\/index.php\/2009\/12\/25\/kaybolan-sehir\/\" \/>\n<meta property=\"og:site_name\" content=\"narteks.net\" \/>\n<meta property=\"article:published_time\" content=\"2009-12-25T14:50:56+00:00\" \/>\n<meta property=\"og:image\" content=\"https:\/\/narteks.net\/wp-content\/uploads\/narteks.png\" \/>\n\t<meta property=\"og:image:width\" content=\"300\" \/>\n\t<meta property=\"og:image:height\" content=\"90\" \/>\n\t<meta property=\"og:image:type\" content=\"image\/png\" \/>\n<meta name=\"author\" content=\"Tar\u0131k\" \/>\n<meta name=\"twitter:card\" content=\"summary_large_image\" \/>\n<meta name=\"twitter:creator\" content=\"@narteks\" \/>\n<meta name=\"twitter:site\" content=\"@narteks\" \/>\n<meta name=\"twitter:label1\" content=\"Yazan:\" \/>\n\t<meta name=\"twitter:data1\" content=\"Tar\u0131k\" \/>\n\t<meta name=\"twitter:label2\" content=\"Tahmini okuma s\u00fcresi\" \/>\n\t<meta name=\"twitter:data2\" content=\"1 dakika\" \/>\n<script type=\"application\/ld+json\" class=\"yoast-schema-graph\">{\"@context\":\"https:\/\/schema.org\",\"@graph\":[{\"@type\":\"Article\",\"@id\":\"https:\/\/narteks.net\/index.php\/2009\/12\/25\/kaybolan-sehir\/#article\",\"isPartOf\":{\"@id\":\"https:\/\/narteks.net\/index.php\/2009\/12\/25\/kaybolan-sehir\/\"},\"author\":{\"name\":\"Tar\u0131k\",\"@id\":\"https:\/\/narteks.net\/#\/schema\/person\/61f37d9834294b72d31d274e7ed79bca\"},\"headline\":\"KAYBOLAN \u015eEH\u0130R\",\"datePublished\":\"2009-12-25T14:50:56+00:00\",\"mainEntityOfPage\":{\"@id\":\"https:\/\/narteks.net\/index.php\/2009\/12\/25\/kaybolan-sehir\/\"},\"wordCount\":167,\"commentCount\":0,\"publisher\":{\"@id\":\"https:\/\/narteks.net\/#organization\"},\"articleSection\":[\"Yahya Kemal BEYATLI\"],\"inLanguage\":\"tr\",\"potentialAction\":[{\"@type\":\"CommentAction\",\"name\":\"Comment\",\"target\":[\"https:\/\/narteks.net\/index.php\/2009\/12\/25\/kaybolan-sehir\/#respond\"]}]},{\"@type\":\"WebPage\",\"@id\":\"https:\/\/narteks.net\/index.php\/2009\/12\/25\/kaybolan-sehir\/\",\"url\":\"https:\/\/narteks.net\/index.php\/2009\/12\/25\/kaybolan-sehir\/\",\"name\":\"KAYBOLAN \u015eEH\u0130R - narteks.net\",\"isPartOf\":{\"@id\":\"https:\/\/narteks.net\/#website\"},\"datePublished\":\"2009-12-25T14:50:56+00:00\",\"breadcrumb\":{\"@id\":\"https:\/\/narteks.net\/index.php\/2009\/12\/25\/kaybolan-sehir\/#breadcrumb\"},\"inLanguage\":\"tr\",\"potentialAction\":[{\"@type\":\"ReadAction\",\"target\":[\"https:\/\/narteks.net\/index.php\/2009\/12\/25\/kaybolan-sehir\/\"]}]},{\"@type\":\"BreadcrumbList\",\"@id\":\"https:\/\/narteks.net\/index.php\/2009\/12\/25\/kaybolan-sehir\/#breadcrumb\",\"itemListElement\":[{\"@type\":\"ListItem\",\"position\":1,\"name\":\"Anasayfa\",\"item\":\"https:\/\/narteks.net\/\"},{\"@type\":\"ListItem\",\"position\":2,\"name\":\"KAYBOLAN \u015eEH\u0130R\"}]},{\"@type\":\"WebSite\",\"@id\":\"https:\/\/narteks.net\/#website\",\"url\":\"https:\/\/narteks.net\/\",\"name\":\"narteks.net\",\"description\":\"K\u00fclt\u00fcr Sanat Edebiyat Felsefe\",\"publisher\":{\"@id\":\"https:\/\/narteks.net\/#organization\"},\"alternateName\":\"K\u00fclt\u00fcr Sanat Edebiyat Felsefe\",\"potentialAction\":[{\"@type\":\"SearchAction\",\"target\":{\"@type\":\"EntryPoint\",\"urlTemplate\":\"https:\/\/narteks.net\/?s={search_term_string}\"},\"query-input\":{\"@type\":\"PropertyValueSpecification\",\"valueRequired\":true,\"valueName\":\"search_term_string\"}}],\"inLanguage\":\"tr\"},{\"@type\":\"Organization\",\"@id\":\"https:\/\/narteks.net\/#organization\",\"name\":\"narteks.net\",\"url\":\"https:\/\/narteks.net\/\",\"logo\":{\"@type\":\"ImageObject\",\"inLanguage\":\"tr\",\"@id\":\"https:\/\/narteks.net\/#\/schema\/logo\/image\/\",\"url\":\"https:\/\/narteks.net\/wp-content\/uploads\/narteks.png\",\"contentUrl\":\"https:\/\/narteks.net\/wp-content\/uploads\/narteks.png\",\"width\":300,\"height\":90,\"caption\":\"narteks.net\"},\"image\":{\"@id\":\"https:\/\/narteks.net\/#\/schema\/logo\/image\/\"},\"sameAs\":[\"https:\/\/x.com\/narteks\",\"https:\/\/instagram.com\/narteksnet\"]},{\"@type\":\"Person\",\"@id\":\"https:\/\/narteks.net\/#\/schema\/person\/61f37d9834294b72d31d274e7ed79bca\",\"name\":\"Tar\u0131k\",\"image\":{\"@type\":\"ImageObject\",\"inLanguage\":\"tr\",\"@id\":\"https:\/\/narteks.net\/#\/schema\/person\/image\/\",\"url\":\"https:\/\/secure.gravatar.com\/avatar\/50865afb55632c4ae467e0af0930f6510aa2297d8014be502a55b14f3b7550cf?s=96&d=mm&r=g\",\"contentUrl\":\"https:\/\/secure.gravatar.com\/avatar\/50865afb55632c4ae467e0af0930f6510aa2297d8014be502a55b14f3b7550cf?s=96&d=mm&r=g\",\"caption\":\"Tar\u0131k\"},\"sameAs\":[\"http:\/\/narteks.net\"],\"url\":\"https:\/\/narteks.net\/index.php\/author\/narbak\/\"}]}<\/script>\n<!-- \/ Yoast SEO Premium plugin. -->","yoast_head_json":{"title":"KAYBOLAN \u015eEH\u0130R - narteks.net","robots":{"index":"index","follow":"follow","max-snippet":"max-snippet:-1","max-image-preview":"max-image-preview:large","max-video-preview":"max-video-preview:-1"},"canonical":"https:\/\/narteks.net\/index.php\/2009\/12\/25\/kaybolan-sehir\/","og_locale":"tr_TR","og_type":"article","og_title":"KAYBOLAN \u015eEH\u0130R","og_description":"\u00a0 \u00dcsk\u00fcp ki Y\u0131ld\u0131r\u0131m Beyaz\u0131d Han diy\u00e2r\u0131d\u0131r Evlad-\u0131 Fatih\u00e2n\u2019a onun y\u00e2dig\u00e2r\u0131d\u0131r. \u00a0 Fir\u00fbze kubbelerle yaln\u0131z bizim \u015fehrimizdi o; Yaln\u0131z bizimdi, \u00e7ehre ve r\u00fbhiyla biz\u2019di o. \u00a0 \u00dcsk\u00fcp ki \u015ear da\u011f\u2019\u0131nda dev\u00e2m\u0131yd\u0131 Bursa\u2019n\u0131n. Bir l\u00e2le bah\u00e7esiydi d\u00f6k\u00fclm\u00fc\u015f temiz kan\u0131n. \u00a0 \u00dc\u00e7 \u015fanl\u0131 harbin ar\u015f\u2019a as\u0131lm\u0131\u015f sil\u00e2hlar\u0131 Parlard\u0131 ya\u015fl\u0131 g\u00f6zlere bayram sabahlar\u0131. \u00a0 Ben girmeden hay\u00e2t\u0131 \u015fafakland\u0131ran [&hellip;]","og_url":"https:\/\/narteks.net\/index.php\/2009\/12\/25\/kaybolan-sehir\/","og_site_name":"narteks.net","article_published_time":"2009-12-25T14:50:56+00:00","og_image":[{"width":300,"height":90,"url":"https:\/\/narteks.net\/wp-content\/uploads\/narteks.png","type":"image\/png"}],"author":"Tar\u0131k","twitter_card":"summary_large_image","twitter_creator":"@narteks","twitter_site":"@narteks","twitter_misc":{"Yazan:":"Tar\u0131k","Tahmini okuma s\u00fcresi":"1 dakika"},"schema":{"@context":"https:\/\/schema.org","@graph":[{"@type":"Article","@id":"https:\/\/narteks.net\/index.php\/2009\/12\/25\/kaybolan-sehir\/#article","isPartOf":{"@id":"https:\/\/narteks.net\/index.php\/2009\/12\/25\/kaybolan-sehir\/"},"author":{"name":"Tar\u0131k","@id":"https:\/\/narteks.net\/#\/schema\/person\/61f37d9834294b72d31d274e7ed79bca"},"headline":"KAYBOLAN \u015eEH\u0130R","datePublished":"2009-12-25T14:50:56+00:00","mainEntityOfPage":{"@id":"https:\/\/narteks.net\/index.php\/2009\/12\/25\/kaybolan-sehir\/"},"wordCount":167,"commentCount":0,"publisher":{"@id":"https:\/\/narteks.net\/#organization"},"articleSection":["Yahya Kemal BEYATLI"],"inLanguage":"tr","potentialAction":[{"@type":"CommentAction","name":"Comment","target":["https:\/\/narteks.net\/index.php\/2009\/12\/25\/kaybolan-sehir\/#respond"]}]},{"@type":"WebPage","@id":"https:\/\/narteks.net\/index.php\/2009\/12\/25\/kaybolan-sehir\/","url":"https:\/\/narteks.net\/index.php\/2009\/12\/25\/kaybolan-sehir\/","name":"KAYBOLAN \u015eEH\u0130R - narteks.net","isPartOf":{"@id":"https:\/\/narteks.net\/#website"},"datePublished":"2009-12-25T14:50:56+00:00","breadcrumb":{"@id":"https:\/\/narteks.net\/index.php\/2009\/12\/25\/kaybolan-sehir\/#breadcrumb"},"inLanguage":"tr","potentialAction":[{"@type":"ReadAction","target":["https:\/\/narteks.net\/index.php\/2009\/12\/25\/kaybolan-sehir\/"]}]},{"@type":"BreadcrumbList","@id":"https:\/\/narteks.net\/index.php\/2009\/12\/25\/kaybolan-sehir\/#breadcrumb","itemListElement":[{"@type":"ListItem","position":1,"name":"Anasayfa","item":"https:\/\/narteks.net\/"},{"@type":"ListItem","position":2,"name":"KAYBOLAN \u015eEH\u0130R"}]},{"@type":"WebSite","@id":"https:\/\/narteks.net\/#website","url":"https:\/\/narteks.net\/","name":"narteks.net","description":"K\u00fclt\u00fcr Sanat Edebiyat Felsefe","publisher":{"@id":"https:\/\/narteks.net\/#organization"},"alternateName":"K\u00fclt\u00fcr Sanat Edebiyat Felsefe","potentialAction":[{"@type":"SearchAction","target":{"@type":"EntryPoint","urlTemplate":"https:\/\/narteks.net\/?s={search_term_string}"},"query-input":{"@type":"PropertyValueSpecification","valueRequired":true,"valueName":"search_term_string"}}],"inLanguage":"tr"},{"@type":"Organization","@id":"https:\/\/narteks.net\/#organization","name":"narteks.net","url":"https:\/\/narteks.net\/","logo":{"@type":"ImageObject","inLanguage":"tr","@id":"https:\/\/narteks.net\/#\/schema\/logo\/image\/","url":"https:\/\/narteks.net\/wp-content\/uploads\/narteks.png","contentUrl":"https:\/\/narteks.net\/wp-content\/uploads\/narteks.png","width":300,"height":90,"caption":"narteks.net"},"image":{"@id":"https:\/\/narteks.net\/#\/schema\/logo\/image\/"},"sameAs":["https:\/\/x.com\/narteks","https:\/\/instagram.com\/narteksnet"]},{"@type":"Person","@id":"https:\/\/narteks.net\/#\/schema\/person\/61f37d9834294b72d31d274e7ed79bca","name":"Tar\u0131k","image":{"@type":"ImageObject","inLanguage":"tr","@id":"https:\/\/narteks.net\/#\/schema\/person\/image\/","url":"https:\/\/secure.gravatar.com\/avatar\/50865afb55632c4ae467e0af0930f6510aa2297d8014be502a55b14f3b7550cf?s=96&d=mm&r=g","contentUrl":"https:\/\/secure.gravatar.com\/avatar\/50865afb55632c4ae467e0af0930f6510aa2297d8014be502a55b14f3b7550cf?s=96&d=mm&r=g","caption":"Tar\u0131k"},"sameAs":["http:\/\/narteks.net"],"url":"https:\/\/narteks.net\/index.php\/author\/narbak\/"}]}},"_links":{"self":[{"href":"https:\/\/narteks.net\/index.php\/wp-json\/wp\/v2\/posts\/3122","targetHints":{"allow":["GET"]}}],"collection":[{"href":"https:\/\/narteks.net\/index.php\/wp-json\/wp\/v2\/posts"}],"about":[{"href":"https:\/\/narteks.net\/index.php\/wp-json\/wp\/v2\/types\/post"}],"author":[{"embeddable":true,"href":"https:\/\/narteks.net\/index.php\/wp-json\/wp\/v2\/users\/1"}],"replies":[{"embeddable":true,"href":"https:\/\/narteks.net\/index.php\/wp-json\/wp\/v2\/comments?post=3122"}],"version-history":[{"count":0,"href":"https:\/\/narteks.net\/index.php\/wp-json\/wp\/v2\/posts\/3122\/revisions"}],"wp:attachment":[{"href":"https:\/\/narteks.net\/index.php\/wp-json\/wp\/v2\/media?parent=3122"}],"wp:term":[{"taxonomy":"category","embeddable":true,"href":"https:\/\/narteks.net\/index.php\/wp-json\/wp\/v2\/categories?post=3122"},{"taxonomy":"post_tag","embeddable":true,"href":"https:\/\/narteks.net\/index.php\/wp-json\/wp\/v2\/tags?post=3122"}],"curies":[{"name":"wp","href":"https:\/\/api.w.org\/{rel}","templated":true}]}}