{"id":3123,"date":"2009-12-25T17:51:25","date_gmt":"2009-12-25T14:51:25","guid":{"rendered":"http:\/\/localhost\/wordpress\/2009\/12\/25\/koca-mustapasa\/"},"modified":"2009-12-25T17:51:25","modified_gmt":"2009-12-25T14:51:25","slug":"koca-mustapasa","status":"publish","type":"post","link":"https:\/\/narteks.net\/index.php\/2009\/12\/25\/koca-mustapasa\/","title":{"rendered":"KOCA MUSTAPA\u015eA"},"content":{"rendered":"<p>\u00a0<\/p>\n<p style=\"margin-left: 25px; margin-top: 5px; margin-bottom: 5px;\">Koca Must\u00e2pa\u015fa! \u00dccr\u00e2 ve fakir \u0130stanbul!<\/p>\n<p style=\"margin-left: 25px; margin-top: 5px; margin-bottom: 5px;\">Ta fetihden beri m\u00fc\u2019min, m\u00fctevekkil, yoksul,<\/p>\n<p style=\"margin-left: 25px; margin-top: 5px; margin-bottom: 5px;\">H\u00fczn\u00fc bir zevk edinenler ya\u015f\u0131yorlar burada.<\/p>\n<p style=\"margin-left: 25px; margin-top: 5px; margin-bottom: 5px;\">Kald\u0131m onlarla b\u00fct\u00fcn g\u00fcn bu g\u00fczel r\u00fc\u2019y&#8217;ada.<\/p>\n<p style=\"margin-left: 25px; margin-top: 5px; margin-bottom: 5px;\">\u00d6yle sinmi\u015f bu vatan semtine milliyetimiz<\/p>\n<p style=\"margin-left: 25px; margin-top: 5px; margin-bottom: 5px;\">Ki biziz hem g\u00f6r\u00fclen, hem duyulan, yaln\u0131z biz.<\/p>\n<p style=\"margin-left: 25px; margin-top: 5px; margin-bottom: 5px;\">M\u00e2nevi \u00e7er\u00e7eve be\u015f y\u00fcz senedir hep berrak;<\/p>\n<p style=\"margin-left: 25px; margin-top: 5px; margin-bottom: 5px;\">Ya\u015f\u0131yanlar de\u011fil All\u00e2h\u2019a gidenlerden uzak.<\/p>\n<p style=\"margin-left: 25px; margin-top: 5px; margin-bottom: 5px;\">Bir bahar ya\u011fmuru ya\u011fm\u0131\u015f da a\u00e7\u0131lm\u0131\u015f havay\u0131<\/p>\n<p style=\"margin-left: 25px; margin-top: 5px; margin-bottom: 5px;\">Hisseden kimse hakikat san\u0131yor h\u00fcly\u00e2y\u0131.<\/p>\n<p style=\"margin-left: 25px; margin-top: 5px; margin-bottom: 5px;\">\u00c2hiret \u00f6yle yak\u0131n seyredilen manzarada,<\/p>\n<p style=\"margin-left: 25px; margin-top: 5px; margin-bottom: 5px;\">O kadar kom\u015fu ki d\u00fcny\u00e2ya d\u0131var yok arada,<\/p>\n<p style=\"margin-left: 25px; margin-top: 5px; margin-bottom: 5px;\">Ge\u00e7er insan bir ad\u0131m atsa birinden birine,<\/p>\n<p style=\"margin-left: 25px; margin-top: 5px; margin-bottom: 5px;\">Kavu\u015fur kar\u015f\u0131da kaybetti\u011fi bir sevdi\u011fine.<\/p>\n<p style=\"margin-left: 25px; margin-top: 5px; margin-bottom: 5px;\">\u00a0<\/p>\n<p style=\"margin-left: 25px; margin-top: 5px; margin-bottom: 5px;\">\u00a0<\/p>\n<p style=\"margin-left: 25px; margin-top: 5px; margin-bottom: 5px;\">Serviliklerde s\u00fck\u00fbn, yolda s\u00fck\u00fbn, evde s\u00fck\u00fbn.<\/p>\n<p style=\"margin-left: 25px; margin-top: 5px; margin-bottom: 5px;\">Bu taraf sanki bu halk\u0131yle ezelden mesk\u00fbn.<\/p>\n<p style=\"margin-left: 25px; margin-top: 5px; margin-bottom: 5px;\">Bir af\u00eef \u00e2ile sessizli\u011fi var evlerde;<\/p>\n<p style=\"margin-left: 25px; margin-top: 5px; margin-bottom: 5px;\">\u00d6rt\u00fcyor fark\u0131 as\u00e2letle \u00e7ekilmi\u015f perde.<\/p>\n<p style=\"margin-left: 25px; margin-top: 5px; margin-bottom: 5px;\">Kald\u0131r\u0131ms\u0131z, darac\u0131k, i\u011fri sokak, do\u011fru sokak..<\/p>\n<p style=\"margin-left: 25px; margin-top: 5px; margin-bottom: 5px;\">Her ge\u00e7ildik\u00e7e bas\u0131lm\u0131\u015f ve d\u00fczelmi\u015f toprak.<\/p>\n<p style=\"margin-left: 25px; margin-top: 5px; margin-bottom: 5px;\">Kuru ekmekle, bayat peyniri lezzetle yiyen,<\/p>\n<p style=\"margin-left: 25px; margin-top: 5px; margin-bottom: 5px;\">\u00c7e\u015fmeden her su i\u00e7erken: &#8220;\u015e\u00fck\u00fcr Allah\u2019a&#8221; diyen<\/p>\n<p style=\"margin-left: 25px; margin-top: 5px; margin-bottom: 5px;\">Ya\u015f\u0131yor s\u00e2de ma\u00ee\u015fetlerin en s\u00e2f\u0131nda;<\/p>\n<p style=\"margin-left: 25px; margin-top: 5px; margin-bottom: 5px;\">R\u00fbh esen kuytu mezarl\u0131klar\u0131n etr\u00e2f\u0131nda.<\/p>\n<p style=\"margin-left: 25px; margin-top: 5px; margin-bottom: 5px;\">Bu vatanda\u015f biraz ah\u015fapla, biraz kerpi\u00e7ten<\/p>\n<p style=\"margin-left: 25px; margin-top: 5px; margin-bottom: 5px;\">Yapabilmi\u015f bu g\u00fczellikleri birka\u00e7 hi\u00e7ten.<\/p>\n<p style=\"margin-left: 25px; margin-top: 5px; margin-bottom: 5px;\">T\u00fcrk\u2019\u00fcn \u00e2s\u00fbde miz\u00e2ciyle Bizans\u2019\u0131n kederi<\/p>\n<p style=\"margin-left: 25px; margin-top: 5px; margin-bottom: 5px;\">Kar\u0131\u015f\u0131p ma\u011frifet iklimi edinmi\u015f bu yeri.<\/p>\n<p style=\"margin-left: 25px; margin-top: 5px; margin-bottom: 5px;\">\u00a0<\/p>\n<p style=\"margin-left: 25px; margin-top: 5px; margin-bottom: 5px;\">\u00a0<\/p>\n<p style=\"margin-left: 25px; margin-top: 5px; margin-bottom: 5px;\">\u015eu fetih vak\u2019as\u0131, y\u00e2rab! Ne b\u00fcy\u00fck mu\u2019cizedir!<\/p>\n<p style=\"margin-left: 25px; margin-top: 5px; margin-bottom: 5px;\">Her tecellisini nakletmek uzundur bir bir;<\/p>\n<p style=\"margin-left: 25px; margin-top: 5px; margin-bottom: 5px;\">Bir tecellisi fakat, r\u00fbhu saatlerce sarar:<\/p>\n<p style=\"margin-left: 25px; margin-top: 5px; margin-bottom: 5px;\">Koca Must\u00e2pa\u015fa var, c\u00e2mii var, semti de var.<\/p>\n<p style=\"margin-left: 25px; margin-top: 5px; margin-bottom: 5px;\">Elli y\u0131l ge\u00e7ti\u011fi g\u00fcnlerde b\u00fcy\u00fck mu\u2019cizden,<\/p>\n<p style=\"margin-left: 25px; margin-top: 5px; margin-bottom: 5px;\">Hak\u2019dan ilham ile bir g\u00fcn o g\u00fczel semte giden<\/p>\n<p style=\"margin-left: 25px; margin-top: 5px; margin-bottom: 5px;\">Rum vez\u00eer, eski manast\u0131rda ederken secde,<\/p>\n<p style=\"margin-left: 25px; margin-top: 5px; margin-bottom: 5px;\">Kalbi \u00e7ok dolduran \u00eem\u00e2n ile gelmi\u015f vecde,<\/p>\n<p style=\"margin-left: 25px; margin-top: 5px; margin-bottom: 5px;\">Onu, tek Tanr\u0131s\u0131n\u0131n m\u00e2bedi etmi\u015f de hay\u00e2l,<\/p>\n<p style=\"margin-left: 25px; margin-top: 5px; margin-bottom: 5px;\">Vakfedip her neye m\u00e2likse, b\u00fct\u00fcn m\u00e2l \u00fc men\u00e2l,<\/p>\n<p style=\"margin-left: 25px; margin-top: 5px; margin-bottom: 5px;\">Bir fetih c\u00e2mii yapmak dilemi\u015f isl\u00e2ma.<\/p>\n<p style=\"margin-left: 25px; margin-top: 5px; margin-bottom: 5px;\">Sebep olmu\u015f bu eser y\u00e2d edilir bir n\u00e2ma.<\/p>\n<p style=\"margin-left: 25px; margin-top: 5px; margin-bottom: 5px;\">\u00a0<\/p>\n<p style=\"margin-left: 25px; margin-top: 5px; margin-bottom: 5px;\">\u00a0<\/p>\n<p style=\"margin-left: 25px; margin-top: 5px; margin-bottom: 5px;\">D\u00f6rt as\u0131rd\u0131r inerek c\u00e2mie n\u00fbr \u00fcst\u00fcne n\u00fbr<\/p>\n<p style=\"margin-left: 25px; margin-top: 5px; margin-bottom: 5px;\">Yerde bulmu\u015f ya\u015f\u0131yanlar da, \u00f6lenler de huz\u00fbr.<\/p>\n<p style=\"margin-left: 25px; margin-top: 5px; margin-bottom: 5px;\">Ona h\u00e2l\u00e2 gidilirken ge\u00e7ilir bir yoldan,<\/p>\n<p style=\"margin-left: 25px; margin-top: 5px; margin-bottom: 5px;\">G\u00f6ze \u00e7arpar \u00f6l\u00fcm \u00e2yetleri sa\u011fdan soldan,<\/p>\n<p style=\"margin-left: 25px; margin-top: 5px; margin-bottom: 5px;\">Sarma\u015f\u0131klar, yaz\u0131lar, ta\u015flar a\u011fa\u00e7lar kar\u0131\u015f\u0131k;<\/p>\n<p style=\"margin-left: 25px; margin-top: 5px; margin-bottom: 5px;\">H\u00e2f\u0131z Osman gibi hattatla g\u00f6m\u00fclm\u00fc\u015f bir \u0131\u015f\u0131k<\/p>\n<p style=\"margin-left: 25px; margin-top: 5px; margin-bottom: 5px;\">Bu mezarl\u0131kta siyah topra\u011f\u0131 ayd\u0131nlat\u0131yor;<\/p>\n<p style=\"margin-left: 25px; margin-top: 5px; margin-bottom: 5px;\">Belli, kabrinde, O, bir n\u00fbra sar\u0131lm\u0131\u015f yat\u0131yor.<\/p>\n<p style=\"margin-left: 25px; margin-top: 5px; margin-bottom: 5px;\">\u00a0<\/p>\n<p style=\"margin-left: 25px; margin-top: 5px; margin-bottom: 5px;\">\u00a0<\/p>\n<p style=\"margin-left: 25px; margin-top: 5px; margin-bottom: 5px;\">Gece, \u015fi\u2019riyle sararken Koca Must\u00e2pa\u015fa\u2019y\u0131<\/p>\n<p style=\"margin-left: 25px; margin-top: 5px; margin-bottom: 5px;\">Seyredenler g\u00f6r\u00fcr All\u00e2h\u2019a yak\u0131n d\u00fcny\u00e2y\u0131.<\/p>\n<p style=\"margin-left: 25px; margin-top: 5px; margin-bottom: 5px;\">Yolda tek t\u00fck g\u00f6r\u00fcnenler \u00e7ekilir evlerine;<\/p>\n<p style=\"margin-left: 25px; margin-top: 5px; margin-bottom: 5px;\">Gece sessizli\u011fi semtin yay\u0131l\u0131r her yerine.<\/p>\n<p style=\"margin-left: 25px; margin-top: 5px; margin-bottom: 5px;\">Bir ziy\u00e2ret\u00e7i derin zevk alarak manzaradan,<\/p>\n<p style=\"margin-left: 25px; margin-top: 5px; margin-bottom: 5px;\">Unutur semtine yollanmay\u0131 art\u0131k buradan.<\/p>\n<p style=\"margin-left: 25px; margin-top: 5px; margin-bottom: 5px;\">\u00a0<\/p>\n<p style=\"margin-left: 25px; margin-top: 5px; margin-bottom: 5px;\">\u00a0<\/p>\n<p style=\"margin-left: 25px; margin-top: 5px; margin-bottom: 5px;\">Gizli bir his bana, h\u00e2tif gibi, iht\u00e2r ediyor;<\/p>\n<p style=\"margin-left: 25px; margin-top: 5px; margin-bottom: 5px;\">\u00c7ok yava\u015f, yaln\u0131z i\u00e7inden duyulan sesle, diyor:<\/p>\n<p style=\"margin-left: 25px; margin-top: 5px; margin-bottom: 5px;\">&#8220;Gitme! Kal! Sen bu taraf halk\u0131na dost insans\u0131n;<\/p>\n<p style=\"margin-left: 25px; margin-top: 5px; margin-bottom: 5px;\">Onlar\u0131n me\u015frebi, iklimi ve \u0131rk\u0131ndans\u0131n.<\/p>\n<p style=\"margin-left: 25px; margin-top: 5px; margin-bottom: 5px;\">Gece, her yerdeki efsunlu s\u00fck\u00fbnundan iyi,<\/p>\n<p style=\"margin-left: 25px; margin-top: 5px; margin-bottom: 5px;\">Avutur gaml\u0131y\u0131, teskin eder endi\u015feli\u011fi;<\/p>\n<p style=\"margin-left: 25px; margin-top: 5px; margin-bottom: 5px;\">Ne led\u00fcnn\u00ee gecedir! T\u00e2 a\u011faran vakte kadar,<\/p>\n<p style=\"margin-left: 25px; margin-top: 5px; margin-bottom: 5px;\">Bir m\u00fccevher gibi S\u00fcnb\u00fcl Sinan\u2019\u0131n r\u00fbhu yanar.<\/p>\n<p style=\"margin-left: 25px; margin-top: 5px; margin-bottom: 5px;\">Ne sa\u00e2det! Bu tarflarda, her \u00fclfetten uzak,<\/p>\n<p style=\"margin-left: 25px; margin-top: 5px; margin-bottom: 5px;\">Vatan\u0131n f\u00e2tihi cedlerle beraber ya\u015famak! &#8230;&#8221;<\/p>\n<p style=\"margin-left: 25px; margin-top: 5px; margin-bottom: 5px;\">\u00a0<\/p>\n<p style=\"margin-left: 25px; margin-top: 5px; margin-bottom: 5px;\">\u00a0<\/p>\n<p style=\"margin-left: 25px; margin-top: 5px; margin-bottom: 5px;\">Ge\u00e7 vakit semtime d\u00f6nd\u00fcm Koca Must\u00e2pa\u015fa\u2019dan<\/p>\n<p style=\"margin-left: 25px; margin-top: 5px; margin-bottom: 5px;\">Kalbim ayr\u0131lmad\u0131 bir an o g\u00fczel r\u00fc\u2019y\u00e2\u2019dan.<\/p>\n<p style=\"margin-left: 25px; margin-top: 5px; margin-bottom: 5px;\">Bu muamm\u00e2y\u0131 uzun boylu d\u00fc\u015f\u00fcnd\u00fcm de yine,<\/p>\n<p style=\"margin-left: 25px; margin-top: 5px; margin-bottom: 5px;\">Dikkatim h\u00e2disenin vard\u0131 derinliklerine;<\/p>\n<p style=\"margin-left: 25px; margin-top: 5px; margin-bottom: 5px;\">Bu geni\u015f \u00fclkede, binlerce l\u00e2tif illerde,<\/p>\n<p style=\"margin-left: 25px; margin-top: 5px; margin-bottom: 5px;\">Nice y\u0131l, cedlerimiz k\u00f6kle\u015ferek bir yerde,<\/p>\n<p style=\"margin-left: 25px; margin-top: 5px; margin-bottom: 5px;\">M\u00e2nev\u00ee varl\u0131\u011f\u0131n\u0131n resmini \u00e7izmi\u015f havaya.<\/p>\n<p style=\"margin-left: 25px; margin-top: 5px; margin-bottom: 5px;\">&#8211; Ki bug\u00fcn kar\u015f\u0131la\u015fan benzetiyor r\u00fc\u2019y\u00e2&#8217;ya. &#8211;<\/p>\n<p style=\"margin-left: 25px; margin-top: 5px; margin-bottom: 5px;\">\u00a0<\/p>\n<p style=\"margin-left: 25px; margin-top: 5px; margin-bottom: 5px;\">Kopmu\u015fuz bizler o \u00f6z varl\u0131k olan manzaradan.<\/p>\n<p style=\"margin-left: 25px; margin-top: 5px; margin-bottom: 5px;\">Bahseder ger\u00e7i duyanlar bir onulmaz yaradan;<\/p>\n<p style=\"margin-left: 25px; margin-top: 5px; margin-bottom: 5px;\">Derler: \u0130nsanda derin bir yarad\u0131r k\u00f6ks\u00fczl\u00fck;<\/p>\n<p style=\"margin-left: 25px; margin-top: 5px; margin-bottom: 5px;\">Budur \u00e2lemde hudutsuz ve haz\u00een \u00f6ks\u00fczl\u00fck.<\/p>\n<p style=\"margin-left: 25px; margin-top: 5px; margin-bottom: 5px;\">S\u0131zlat\u0131r b\u00e2z\u0131 saatler dayan\u0131lmaz bir ac\u0131,<\/p>\n<p style=\"margin-left: 25px; margin-top: 5px; margin-bottom: 5px;\">K\u00f6k\u00fc toprakta kal\u0131p kendi kesilmi\u015f a\u011fac\u0131.<\/p>\n<p style=\"margin-left: 25px; margin-top: 5px; margin-bottom: 5px;\">R\u00fbh arar ba\u015fka tesell\u00ee her esen r\u00fczg\u00e2rda.<\/p>\n<p style=\"margin-left: 25px; margin-top: 5px; margin-bottom: 5px;\">\u00a0<\/p>\n<p style=\"margin-left: 25px; margin-top: 5px; margin-bottom: 5px;\">Ne yaz\u0131k! Do\u011fmuyoruz \u015fimdi o topraklarda!<\/p>\n<p style=\"margin-left: 25px; margin-top: 5px; margin-bottom: 5px;\">\u00a0<\/p>\n","protected":false},"excerpt":{"rendered":"<p>\u00a0 Koca Must\u00e2pa\u015fa! \u00dccr\u00e2 ve fakir \u0130stanbul! Ta fetihden beri m\u00fc\u2019min, m\u00fctevekkil, yoksul, H\u00fczn\u00fc bir zevk edinenler ya\u015f\u0131yorlar burada. Kald\u0131m onlarla b\u00fct\u00fcn g\u00fcn bu g\u00fczel r\u00fc\u2019y&#8217;ada. \u00d6yle sinmi\u015f bu vatan semtine milliyetimiz Ki biziz hem g\u00f6r\u00fclen, hem duyulan, yaln\u0131z biz. M\u00e2nevi \u00e7er\u00e7eve be\u015f y\u00fcz senedir hep berrak; Ya\u015f\u0131yanlar de\u011fil All\u00e2h\u2019a gidenlerden uzak. Bir bahar ya\u011fmuru [&hellip;]<\/p>\n","protected":false},"author":1,"featured_media":0,"comment_status":"open","ping_status":"open","sticky":false,"template":"","format":"standard","meta":{"footnotes":""},"categories":[106],"tags":[],"class_list":{"0":"post-3123","1":"post","2":"type-post","3":"status-publish","4":"format-standard","6":"category-yahya-kemal-beyatli"},"yoast_head":"<!-- This site is optimized with the Yoast SEO Premium plugin v24.9 (Yoast SEO v24.9) - https:\/\/yoast.com\/wordpress\/plugins\/seo\/ -->\n<title>KOCA MUSTAPA\u015eA - narteks.net<\/title>\n<meta name=\"robots\" content=\"index, follow, max-snippet:-1, max-image-preview:large, max-video-preview:-1\" \/>\n<link rel=\"canonical\" href=\"https:\/\/narteks.net\/index.php\/2009\/12\/25\/koca-mustapasa\/\" \/>\n<meta property=\"og:locale\" content=\"tr_TR\" \/>\n<meta property=\"og:type\" content=\"article\" \/>\n<meta property=\"og:title\" content=\"KOCA MUSTAPA\u015eA\" \/>\n<meta property=\"og:description\" content=\"\u00a0 Koca Must\u00e2pa\u015fa! \u00dccr\u00e2 ve fakir \u0130stanbul! Ta fetihden beri m\u00fc\u2019min, m\u00fctevekkil, yoksul, H\u00fczn\u00fc bir zevk edinenler ya\u015f\u0131yorlar burada. Kald\u0131m onlarla b\u00fct\u00fcn g\u00fcn bu g\u00fczel r\u00fc\u2019y&#8217;ada. \u00d6yle sinmi\u015f bu vatan semtine milliyetimiz Ki biziz hem g\u00f6r\u00fclen, hem duyulan, yaln\u0131z biz. M\u00e2nevi \u00e7er\u00e7eve be\u015f y\u00fcz senedir hep berrak; Ya\u015f\u0131yanlar de\u011fil All\u00e2h\u2019a gidenlerden uzak. Bir bahar ya\u011fmuru [&hellip;]\" \/>\n<meta property=\"og:url\" content=\"https:\/\/narteks.net\/index.php\/2009\/12\/25\/koca-mustapasa\/\" \/>\n<meta property=\"og:site_name\" content=\"narteks.net\" \/>\n<meta property=\"article:published_time\" content=\"2009-12-25T14:51:25+00:00\" \/>\n<meta property=\"og:image\" content=\"https:\/\/narteks.net\/wp-content\/uploads\/narteks.png\" \/>\n\t<meta property=\"og:image:width\" content=\"300\" \/>\n\t<meta property=\"og:image:height\" content=\"90\" \/>\n\t<meta property=\"og:image:type\" content=\"image\/png\" \/>\n<meta name=\"author\" content=\"Tar\u0131k\" \/>\n<meta name=\"twitter:card\" content=\"summary_large_image\" \/>\n<meta name=\"twitter:creator\" content=\"@narteks\" \/>\n<meta name=\"twitter:site\" content=\"@narteks\" \/>\n<meta name=\"twitter:label1\" content=\"Yazan:\" \/>\n\t<meta name=\"twitter:data1\" content=\"Tar\u0131k\" \/>\n\t<meta name=\"twitter:label2\" content=\"Tahmini okuma s\u00fcresi\" \/>\n\t<meta name=\"twitter:data2\" content=\"4 dakika\" \/>\n<script type=\"application\/ld+json\" class=\"yoast-schema-graph\">{\"@context\":\"https:\/\/schema.org\",\"@graph\":[{\"@type\":\"Article\",\"@id\":\"https:\/\/narteks.net\/index.php\/2009\/12\/25\/koca-mustapasa\/#article\",\"isPartOf\":{\"@id\":\"https:\/\/narteks.net\/index.php\/2009\/12\/25\/koca-mustapasa\/\"},\"author\":{\"name\":\"Tar\u0131k\",\"@id\":\"https:\/\/narteks.net\/#\/schema\/person\/61f37d9834294b72d31d274e7ed79bca\"},\"headline\":\"KOCA MUSTAPA\u015eA\",\"datePublished\":\"2009-12-25T14:51:25+00:00\",\"mainEntityOfPage\":{\"@id\":\"https:\/\/narteks.net\/index.php\/2009\/12\/25\/koca-mustapasa\/\"},\"wordCount\":747,\"commentCount\":0,\"publisher\":{\"@id\":\"https:\/\/narteks.net\/#organization\"},\"articleSection\":[\"Yahya Kemal BEYATLI\"],\"inLanguage\":\"tr\",\"potentialAction\":[{\"@type\":\"CommentAction\",\"name\":\"Comment\",\"target\":[\"https:\/\/narteks.net\/index.php\/2009\/12\/25\/koca-mustapasa\/#respond\"]}]},{\"@type\":\"WebPage\",\"@id\":\"https:\/\/narteks.net\/index.php\/2009\/12\/25\/koca-mustapasa\/\",\"url\":\"https:\/\/narteks.net\/index.php\/2009\/12\/25\/koca-mustapasa\/\",\"name\":\"KOCA MUSTAPA\u015eA - narteks.net\",\"isPartOf\":{\"@id\":\"https:\/\/narteks.net\/#website\"},\"datePublished\":\"2009-12-25T14:51:25+00:00\",\"breadcrumb\":{\"@id\":\"https:\/\/narteks.net\/index.php\/2009\/12\/25\/koca-mustapasa\/#breadcrumb\"},\"inLanguage\":\"tr\",\"potentialAction\":[{\"@type\":\"ReadAction\",\"target\":[\"https:\/\/narteks.net\/index.php\/2009\/12\/25\/koca-mustapasa\/\"]}]},{\"@type\":\"BreadcrumbList\",\"@id\":\"https:\/\/narteks.net\/index.php\/2009\/12\/25\/koca-mustapasa\/#breadcrumb\",\"itemListElement\":[{\"@type\":\"ListItem\",\"position\":1,\"name\":\"Anasayfa\",\"item\":\"https:\/\/narteks.net\/\"},{\"@type\":\"ListItem\",\"position\":2,\"name\":\"KOCA MUSTAPA\u015eA\"}]},{\"@type\":\"WebSite\",\"@id\":\"https:\/\/narteks.net\/#website\",\"url\":\"https:\/\/narteks.net\/\",\"name\":\"narteks.net\",\"description\":\"K\u00fclt\u00fcr Sanat Edebiyat Felsefe\",\"publisher\":{\"@id\":\"https:\/\/narteks.net\/#organization\"},\"alternateName\":\"K\u00fclt\u00fcr Sanat Edebiyat Felsefe\",\"potentialAction\":[{\"@type\":\"SearchAction\",\"target\":{\"@type\":\"EntryPoint\",\"urlTemplate\":\"https:\/\/narteks.net\/?s={search_term_string}\"},\"query-input\":{\"@type\":\"PropertyValueSpecification\",\"valueRequired\":true,\"valueName\":\"search_term_string\"}}],\"inLanguage\":\"tr\"},{\"@type\":\"Organization\",\"@id\":\"https:\/\/narteks.net\/#organization\",\"name\":\"narteks.net\",\"url\":\"https:\/\/narteks.net\/\",\"logo\":{\"@type\":\"ImageObject\",\"inLanguage\":\"tr\",\"@id\":\"https:\/\/narteks.net\/#\/schema\/logo\/image\/\",\"url\":\"https:\/\/narteks.net\/wp-content\/uploads\/narteks.png\",\"contentUrl\":\"https:\/\/narteks.net\/wp-content\/uploads\/narteks.png\",\"width\":300,\"height\":90,\"caption\":\"narteks.net\"},\"image\":{\"@id\":\"https:\/\/narteks.net\/#\/schema\/logo\/image\/\"},\"sameAs\":[\"https:\/\/x.com\/narteks\",\"https:\/\/instagram.com\/narteksnet\"]},{\"@type\":\"Person\",\"@id\":\"https:\/\/narteks.net\/#\/schema\/person\/61f37d9834294b72d31d274e7ed79bca\",\"name\":\"Tar\u0131k\",\"image\":{\"@type\":\"ImageObject\",\"inLanguage\":\"tr\",\"@id\":\"https:\/\/narteks.net\/#\/schema\/person\/image\/\",\"url\":\"https:\/\/secure.gravatar.com\/avatar\/50865afb55632c4ae467e0af0930f6510aa2297d8014be502a55b14f3b7550cf?s=96&d=mm&r=g\",\"contentUrl\":\"https:\/\/secure.gravatar.com\/avatar\/50865afb55632c4ae467e0af0930f6510aa2297d8014be502a55b14f3b7550cf?s=96&d=mm&r=g\",\"caption\":\"Tar\u0131k\"},\"sameAs\":[\"http:\/\/narteks.net\"],\"url\":\"https:\/\/narteks.net\/index.php\/author\/narbak\/\"}]}<\/script>\n<!-- \/ Yoast SEO Premium plugin. -->","yoast_head_json":{"title":"KOCA MUSTAPA\u015eA - narteks.net","robots":{"index":"index","follow":"follow","max-snippet":"max-snippet:-1","max-image-preview":"max-image-preview:large","max-video-preview":"max-video-preview:-1"},"canonical":"https:\/\/narteks.net\/index.php\/2009\/12\/25\/koca-mustapasa\/","og_locale":"tr_TR","og_type":"article","og_title":"KOCA MUSTAPA\u015eA","og_description":"\u00a0 Koca Must\u00e2pa\u015fa! \u00dccr\u00e2 ve fakir \u0130stanbul! Ta fetihden beri m\u00fc\u2019min, m\u00fctevekkil, yoksul, H\u00fczn\u00fc bir zevk edinenler ya\u015f\u0131yorlar burada. Kald\u0131m onlarla b\u00fct\u00fcn g\u00fcn bu g\u00fczel r\u00fc\u2019y&#8217;ada. \u00d6yle sinmi\u015f bu vatan semtine milliyetimiz Ki biziz hem g\u00f6r\u00fclen, hem duyulan, yaln\u0131z biz. M\u00e2nevi \u00e7er\u00e7eve be\u015f y\u00fcz senedir hep berrak; Ya\u015f\u0131yanlar de\u011fil All\u00e2h\u2019a gidenlerden uzak. Bir bahar ya\u011fmuru [&hellip;]","og_url":"https:\/\/narteks.net\/index.php\/2009\/12\/25\/koca-mustapasa\/","og_site_name":"narteks.net","article_published_time":"2009-12-25T14:51:25+00:00","og_image":[{"width":300,"height":90,"url":"https:\/\/narteks.net\/wp-content\/uploads\/narteks.png","type":"image\/png"}],"author":"Tar\u0131k","twitter_card":"summary_large_image","twitter_creator":"@narteks","twitter_site":"@narteks","twitter_misc":{"Yazan:":"Tar\u0131k","Tahmini okuma s\u00fcresi":"4 dakika"},"schema":{"@context":"https:\/\/schema.org","@graph":[{"@type":"Article","@id":"https:\/\/narteks.net\/index.php\/2009\/12\/25\/koca-mustapasa\/#article","isPartOf":{"@id":"https:\/\/narteks.net\/index.php\/2009\/12\/25\/koca-mustapasa\/"},"author":{"name":"Tar\u0131k","@id":"https:\/\/narteks.net\/#\/schema\/person\/61f37d9834294b72d31d274e7ed79bca"},"headline":"KOCA MUSTAPA\u015eA","datePublished":"2009-12-25T14:51:25+00:00","mainEntityOfPage":{"@id":"https:\/\/narteks.net\/index.php\/2009\/12\/25\/koca-mustapasa\/"},"wordCount":747,"commentCount":0,"publisher":{"@id":"https:\/\/narteks.net\/#organization"},"articleSection":["Yahya Kemal BEYATLI"],"inLanguage":"tr","potentialAction":[{"@type":"CommentAction","name":"Comment","target":["https:\/\/narteks.net\/index.php\/2009\/12\/25\/koca-mustapasa\/#respond"]}]},{"@type":"WebPage","@id":"https:\/\/narteks.net\/index.php\/2009\/12\/25\/koca-mustapasa\/","url":"https:\/\/narteks.net\/index.php\/2009\/12\/25\/koca-mustapasa\/","name":"KOCA MUSTAPA\u015eA - narteks.net","isPartOf":{"@id":"https:\/\/narteks.net\/#website"},"datePublished":"2009-12-25T14:51:25+00:00","breadcrumb":{"@id":"https:\/\/narteks.net\/index.php\/2009\/12\/25\/koca-mustapasa\/#breadcrumb"},"inLanguage":"tr","potentialAction":[{"@type":"ReadAction","target":["https:\/\/narteks.net\/index.php\/2009\/12\/25\/koca-mustapasa\/"]}]},{"@type":"BreadcrumbList","@id":"https:\/\/narteks.net\/index.php\/2009\/12\/25\/koca-mustapasa\/#breadcrumb","itemListElement":[{"@type":"ListItem","position":1,"name":"Anasayfa","item":"https:\/\/narteks.net\/"},{"@type":"ListItem","position":2,"name":"KOCA MUSTAPA\u015eA"}]},{"@type":"WebSite","@id":"https:\/\/narteks.net\/#website","url":"https:\/\/narteks.net\/","name":"narteks.net","description":"K\u00fclt\u00fcr Sanat Edebiyat Felsefe","publisher":{"@id":"https:\/\/narteks.net\/#organization"},"alternateName":"K\u00fclt\u00fcr Sanat Edebiyat Felsefe","potentialAction":[{"@type":"SearchAction","target":{"@type":"EntryPoint","urlTemplate":"https:\/\/narteks.net\/?s={search_term_string}"},"query-input":{"@type":"PropertyValueSpecification","valueRequired":true,"valueName":"search_term_string"}}],"inLanguage":"tr"},{"@type":"Organization","@id":"https:\/\/narteks.net\/#organization","name":"narteks.net","url":"https:\/\/narteks.net\/","logo":{"@type":"ImageObject","inLanguage":"tr","@id":"https:\/\/narteks.net\/#\/schema\/logo\/image\/","url":"https:\/\/narteks.net\/wp-content\/uploads\/narteks.png","contentUrl":"https:\/\/narteks.net\/wp-content\/uploads\/narteks.png","width":300,"height":90,"caption":"narteks.net"},"image":{"@id":"https:\/\/narteks.net\/#\/schema\/logo\/image\/"},"sameAs":["https:\/\/x.com\/narteks","https:\/\/instagram.com\/narteksnet"]},{"@type":"Person","@id":"https:\/\/narteks.net\/#\/schema\/person\/61f37d9834294b72d31d274e7ed79bca","name":"Tar\u0131k","image":{"@type":"ImageObject","inLanguage":"tr","@id":"https:\/\/narteks.net\/#\/schema\/person\/image\/","url":"https:\/\/secure.gravatar.com\/avatar\/50865afb55632c4ae467e0af0930f6510aa2297d8014be502a55b14f3b7550cf?s=96&d=mm&r=g","contentUrl":"https:\/\/secure.gravatar.com\/avatar\/50865afb55632c4ae467e0af0930f6510aa2297d8014be502a55b14f3b7550cf?s=96&d=mm&r=g","caption":"Tar\u0131k"},"sameAs":["http:\/\/narteks.net"],"url":"https:\/\/narteks.net\/index.php\/author\/narbak\/"}]}},"_links":{"self":[{"href":"https:\/\/narteks.net\/index.php\/wp-json\/wp\/v2\/posts\/3123","targetHints":{"allow":["GET"]}}],"collection":[{"href":"https:\/\/narteks.net\/index.php\/wp-json\/wp\/v2\/posts"}],"about":[{"href":"https:\/\/narteks.net\/index.php\/wp-json\/wp\/v2\/types\/post"}],"author":[{"embeddable":true,"href":"https:\/\/narteks.net\/index.php\/wp-json\/wp\/v2\/users\/1"}],"replies":[{"embeddable":true,"href":"https:\/\/narteks.net\/index.php\/wp-json\/wp\/v2\/comments?post=3123"}],"version-history":[{"count":0,"href":"https:\/\/narteks.net\/index.php\/wp-json\/wp\/v2\/posts\/3123\/revisions"}],"wp:attachment":[{"href":"https:\/\/narteks.net\/index.php\/wp-json\/wp\/v2\/media?parent=3123"}],"wp:term":[{"taxonomy":"category","embeddable":true,"href":"https:\/\/narteks.net\/index.php\/wp-json\/wp\/v2\/categories?post=3123"},{"taxonomy":"post_tag","embeddable":true,"href":"https:\/\/narteks.net\/index.php\/wp-json\/wp\/v2\/tags?post=3123"}],"curies":[{"name":"wp","href":"https:\/\/api.w.org\/{rel}","templated":true}]}}