{"id":3124,"date":"2009-12-25T17:52:51","date_gmt":"2009-12-25T14:52:51","guid":{"rendered":"http:\/\/localhost\/wordpress\/2009\/12\/25\/madrid-de-kahvehane\/"},"modified":"2009-12-25T17:52:51","modified_gmt":"2009-12-25T14:52:51","slug":"madrid-de-kahvehane","status":"publish","type":"post","link":"https:\/\/narteks.net\/index.php\/2009\/12\/25\/madrid-de-kahvehane\/","title":{"rendered":"MADR\u0130D\u2019DE  KAHVEH\u00c2NE"},"content":{"rendered":"<p>\u00a0<\/p>\n<p style=\"margin-left: 25px; margin-top: 5px; margin-bottom: 5px;\">Madrid\u2019de kahveh\u00e2neyi g\u00f6rd\u00fcm ki havrad\u0131r,<\/p>\n<p style=\"margin-left: 25px; margin-top: 5px; margin-bottom: 5px;\">Bir yerdeyiz ki s\u00f6z denilen \u015fey palavrad\u0131r.<\/p>\n<p style=\"margin-left: 25px; margin-top: 5px; margin-bottom: 5px;\">Dalm\u0131\u015f g\u00fcl\u00fcp konu\u015fma\u011fa y\u00fczlerce farfara,<\/p>\n<p style=\"margin-left: 25px; margin-top: 5px; margin-bottom: 5px;\">Yorgun kulaklar\u0131mda s\u00fcrerken bu yaygara<\/p>\n<p style=\"margin-left: 25px; margin-top: 5px; margin-bottom: 5px;\">\u00a0<\/p>\n<p style=\"margin-left: 25px; margin-top: 5px; margin-bottom: 5px;\">Durdum, hazin hazin, ac\u0131d\u0131m kendi h\u00e2lime<\/p>\n<p style=\"margin-left: 25px; margin-top: 5px; margin-bottom: 5px;\">Aksetti bir dak\u00eeka uzaktan hay\u00e2lime,<\/p>\n<p style=\"margin-left: 25px; margin-top: 5px; margin-bottom: 5px;\">S\u00e2kin Emirg\u00e2n\u2019\u0131n \u00c7\u0131naralt\u0131\u2019nda kahvesi,<\/p>\n<p style=\"margin-left: 25px; margin-top: 5px; margin-bottom: 5px;\">Poyraz serinli\u011findeki yapraklar\u0131n sesi.<\/p>\n<p style=\"margin-left: 25px; margin-top: 5px; margin-bottom: 5px;\">\u00a0<\/p>\n<p style=\"margin-left: 25px; margin-top: 5px; margin-bottom: 5px;\">B\u00e2zan g\u00f6n\u00fcl dalar sular\u0131n m\u00fbs\u0131k\u00eesine<\/p>\n<p style=\"margin-left: 25px; margin-top: 5px; margin-bottom: 5px;\">B\u00e2zan Yes\u00e2ri hatlar\u0131n\u0131n en nef\u00eesine.<\/p>\n","protected":false},"excerpt":{"rendered":"<p>\u00a0 Madrid\u2019de kahveh\u00e2neyi g\u00f6rd\u00fcm ki havrad\u0131r, Bir yerdeyiz ki s\u00f6z denilen \u015fey palavrad\u0131r. Dalm\u0131\u015f g\u00fcl\u00fcp konu\u015fma\u011fa y\u00fczlerce farfara, Yorgun kulaklar\u0131mda s\u00fcrerken bu yaygara \u00a0 Durdum, hazin hazin, ac\u0131d\u0131m kendi h\u00e2lime Aksetti bir dak\u00eeka uzaktan hay\u00e2lime, S\u00e2kin Emirg\u00e2n\u2019\u0131n \u00c7\u0131naralt\u0131\u2019nda kahvesi, Poyraz serinli\u011findeki yapraklar\u0131n sesi. \u00a0 B\u00e2zan g\u00f6n\u00fcl dalar sular\u0131n m\u00fbs\u0131k\u00eesine B\u00e2zan Yes\u00e2ri hatlar\u0131n\u0131n en nef\u00eesine.<\/p>\n","protected":false},"author":1,"featured_media":0,"comment_status":"open","ping_status":"open","sticky":false,"template":"","format":"standard","meta":{"footnotes":""},"categories":[106],"tags":[],"class_list":{"0":"post-3124","1":"post","2":"type-post","3":"status-publish","4":"format-standard","6":"category-yahya-kemal-beyatli"},"yoast_head":"<!-- This site is optimized with the Yoast SEO Premium plugin v24.9 (Yoast SEO v24.9) - https:\/\/yoast.com\/wordpress\/plugins\/seo\/ -->\n<title>MADR\u0130D\u2019DE KAHVEH\u00c2NE - narteks.net<\/title>\n<meta name=\"robots\" content=\"index, follow, max-snippet:-1, max-image-preview:large, max-video-preview:-1\" \/>\n<link rel=\"canonical\" href=\"https:\/\/narteks.net\/index.php\/2009\/12\/25\/madrid-de-kahvehane\/\" \/>\n<meta property=\"og:locale\" content=\"tr_TR\" \/>\n<meta property=\"og:type\" content=\"article\" \/>\n<meta property=\"og:title\" content=\"MADR\u0130D\u2019DE KAHVEH\u00c2NE\" \/>\n<meta property=\"og:description\" content=\"\u00a0 Madrid\u2019de kahveh\u00e2neyi g\u00f6rd\u00fcm ki havrad\u0131r, Bir yerdeyiz ki s\u00f6z denilen \u015fey palavrad\u0131r. Dalm\u0131\u015f g\u00fcl\u00fcp konu\u015fma\u011fa y\u00fczlerce farfara, Yorgun kulaklar\u0131mda s\u00fcrerken bu yaygara \u00a0 Durdum, hazin hazin, ac\u0131d\u0131m kendi h\u00e2lime Aksetti bir dak\u00eeka uzaktan hay\u00e2lime, S\u00e2kin Emirg\u00e2n\u2019\u0131n \u00c7\u0131naralt\u0131\u2019nda kahvesi, Poyraz serinli\u011findeki yapraklar\u0131n sesi. \u00a0 B\u00e2zan g\u00f6n\u00fcl dalar sular\u0131n m\u00fbs\u0131k\u00eesine B\u00e2zan Yes\u00e2ri hatlar\u0131n\u0131n en nef\u00eesine.\" \/>\n<meta property=\"og:url\" content=\"https:\/\/narteks.net\/index.php\/2009\/12\/25\/madrid-de-kahvehane\/\" \/>\n<meta property=\"og:site_name\" content=\"narteks.net\" \/>\n<meta property=\"article:published_time\" content=\"2009-12-25T14:52:51+00:00\" \/>\n<meta property=\"og:image\" content=\"https:\/\/narteks.net\/wp-content\/uploads\/narteks.png\" \/>\n\t<meta property=\"og:image:width\" content=\"300\" \/>\n\t<meta property=\"og:image:height\" content=\"90\" \/>\n\t<meta property=\"og:image:type\" content=\"image\/png\" \/>\n<meta name=\"author\" content=\"Tar\u0131k\" \/>\n<meta name=\"twitter:card\" content=\"summary_large_image\" \/>\n<meta name=\"twitter:creator\" content=\"@narteks\" \/>\n<meta name=\"twitter:site\" content=\"@narteks\" \/>\n<meta name=\"twitter:label1\" content=\"Yazan:\" \/>\n\t<meta name=\"twitter:data1\" content=\"Tar\u0131k\" \/>\n<script type=\"application\/ld+json\" class=\"yoast-schema-graph\">{\"@context\":\"https:\/\/schema.org\",\"@graph\":[{\"@type\":\"Article\",\"@id\":\"https:\/\/narteks.net\/index.php\/2009\/12\/25\/madrid-de-kahvehane\/#article\",\"isPartOf\":{\"@id\":\"https:\/\/narteks.net\/index.php\/2009\/12\/25\/madrid-de-kahvehane\/\"},\"author\":{\"name\":\"Tar\u0131k\",\"@id\":\"https:\/\/narteks.net\/#\/schema\/person\/61f37d9834294b72d31d274e7ed79bca\"},\"headline\":\"MADR\u0130D\u2019DE KAHVEH\u00c2NE\",\"datePublished\":\"2009-12-25T14:52:51+00:00\",\"mainEntityOfPage\":{\"@id\":\"https:\/\/narteks.net\/index.php\/2009\/12\/25\/madrid-de-kahvehane\/\"},\"wordCount\":93,\"commentCount\":0,\"publisher\":{\"@id\":\"https:\/\/narteks.net\/#organization\"},\"articleSection\":[\"Yahya Kemal BEYATLI\"],\"inLanguage\":\"tr\",\"potentialAction\":[{\"@type\":\"CommentAction\",\"name\":\"Comment\",\"target\":[\"https:\/\/narteks.net\/index.php\/2009\/12\/25\/madrid-de-kahvehane\/#respond\"]}]},{\"@type\":\"WebPage\",\"@id\":\"https:\/\/narteks.net\/index.php\/2009\/12\/25\/madrid-de-kahvehane\/\",\"url\":\"https:\/\/narteks.net\/index.php\/2009\/12\/25\/madrid-de-kahvehane\/\",\"name\":\"MADR\u0130D\u2019DE KAHVEH\u00c2NE - narteks.net\",\"isPartOf\":{\"@id\":\"https:\/\/narteks.net\/#website\"},\"datePublished\":\"2009-12-25T14:52:51+00:00\",\"breadcrumb\":{\"@id\":\"https:\/\/narteks.net\/index.php\/2009\/12\/25\/madrid-de-kahvehane\/#breadcrumb\"},\"inLanguage\":\"tr\",\"potentialAction\":[{\"@type\":\"ReadAction\",\"target\":[\"https:\/\/narteks.net\/index.php\/2009\/12\/25\/madrid-de-kahvehane\/\"]}]},{\"@type\":\"BreadcrumbList\",\"@id\":\"https:\/\/narteks.net\/index.php\/2009\/12\/25\/madrid-de-kahvehane\/#breadcrumb\",\"itemListElement\":[{\"@type\":\"ListItem\",\"position\":1,\"name\":\"Anasayfa\",\"item\":\"https:\/\/narteks.net\/\"},{\"@type\":\"ListItem\",\"position\":2,\"name\":\"MADR\u0130D\u2019DE KAHVEH\u00c2NE\"}]},{\"@type\":\"WebSite\",\"@id\":\"https:\/\/narteks.net\/#website\",\"url\":\"https:\/\/narteks.net\/\",\"name\":\"narteks.net\",\"description\":\"K\u00fclt\u00fcr Sanat Edebiyat Felsefe\",\"publisher\":{\"@id\":\"https:\/\/narteks.net\/#organization\"},\"alternateName\":\"K\u00fclt\u00fcr Sanat Edebiyat Felsefe\",\"potentialAction\":[{\"@type\":\"SearchAction\",\"target\":{\"@type\":\"EntryPoint\",\"urlTemplate\":\"https:\/\/narteks.net\/?s={search_term_string}\"},\"query-input\":{\"@type\":\"PropertyValueSpecification\",\"valueRequired\":true,\"valueName\":\"search_term_string\"}}],\"inLanguage\":\"tr\"},{\"@type\":\"Organization\",\"@id\":\"https:\/\/narteks.net\/#organization\",\"name\":\"narteks.net\",\"url\":\"https:\/\/narteks.net\/\",\"logo\":{\"@type\":\"ImageObject\",\"inLanguage\":\"tr\",\"@id\":\"https:\/\/narteks.net\/#\/schema\/logo\/image\/\",\"url\":\"https:\/\/narteks.net\/wp-content\/uploads\/narteks.png\",\"contentUrl\":\"https:\/\/narteks.net\/wp-content\/uploads\/narteks.png\",\"width\":300,\"height\":90,\"caption\":\"narteks.net\"},\"image\":{\"@id\":\"https:\/\/narteks.net\/#\/schema\/logo\/image\/\"},\"sameAs\":[\"https:\/\/x.com\/narteks\",\"https:\/\/instagram.com\/narteksnet\"]},{\"@type\":\"Person\",\"@id\":\"https:\/\/narteks.net\/#\/schema\/person\/61f37d9834294b72d31d274e7ed79bca\",\"name\":\"Tar\u0131k\",\"image\":{\"@type\":\"ImageObject\",\"inLanguage\":\"tr\",\"@id\":\"https:\/\/narteks.net\/#\/schema\/person\/image\/\",\"url\":\"https:\/\/secure.gravatar.com\/avatar\/50865afb55632c4ae467e0af0930f6510aa2297d8014be502a55b14f3b7550cf?s=96&d=mm&r=g\",\"contentUrl\":\"https:\/\/secure.gravatar.com\/avatar\/50865afb55632c4ae467e0af0930f6510aa2297d8014be502a55b14f3b7550cf?s=96&d=mm&r=g\",\"caption\":\"Tar\u0131k\"},\"sameAs\":[\"http:\/\/narteks.net\"],\"url\":\"https:\/\/narteks.net\/index.php\/author\/narbak\/\"}]}<\/script>\n<!-- \/ Yoast SEO Premium plugin. -->","yoast_head_json":{"title":"MADR\u0130D\u2019DE KAHVEH\u00c2NE - narteks.net","robots":{"index":"index","follow":"follow","max-snippet":"max-snippet:-1","max-image-preview":"max-image-preview:large","max-video-preview":"max-video-preview:-1"},"canonical":"https:\/\/narteks.net\/index.php\/2009\/12\/25\/madrid-de-kahvehane\/","og_locale":"tr_TR","og_type":"article","og_title":"MADR\u0130D\u2019DE KAHVEH\u00c2NE","og_description":"\u00a0 Madrid\u2019de kahveh\u00e2neyi g\u00f6rd\u00fcm ki havrad\u0131r, Bir yerdeyiz ki s\u00f6z denilen \u015fey palavrad\u0131r. Dalm\u0131\u015f g\u00fcl\u00fcp konu\u015fma\u011fa y\u00fczlerce farfara, Yorgun kulaklar\u0131mda s\u00fcrerken bu yaygara \u00a0 Durdum, hazin hazin, ac\u0131d\u0131m kendi h\u00e2lime Aksetti bir dak\u00eeka uzaktan hay\u00e2lime, S\u00e2kin Emirg\u00e2n\u2019\u0131n \u00c7\u0131naralt\u0131\u2019nda kahvesi, Poyraz serinli\u011findeki yapraklar\u0131n sesi. \u00a0 B\u00e2zan g\u00f6n\u00fcl dalar sular\u0131n m\u00fbs\u0131k\u00eesine B\u00e2zan Yes\u00e2ri hatlar\u0131n\u0131n en nef\u00eesine.","og_url":"https:\/\/narteks.net\/index.php\/2009\/12\/25\/madrid-de-kahvehane\/","og_site_name":"narteks.net","article_published_time":"2009-12-25T14:52:51+00:00","og_image":[{"width":300,"height":90,"url":"https:\/\/narteks.net\/wp-content\/uploads\/narteks.png","type":"image\/png"}],"author":"Tar\u0131k","twitter_card":"summary_large_image","twitter_creator":"@narteks","twitter_site":"@narteks","twitter_misc":{"Yazan:":"Tar\u0131k"},"schema":{"@context":"https:\/\/schema.org","@graph":[{"@type":"Article","@id":"https:\/\/narteks.net\/index.php\/2009\/12\/25\/madrid-de-kahvehane\/#article","isPartOf":{"@id":"https:\/\/narteks.net\/index.php\/2009\/12\/25\/madrid-de-kahvehane\/"},"author":{"name":"Tar\u0131k","@id":"https:\/\/narteks.net\/#\/schema\/person\/61f37d9834294b72d31d274e7ed79bca"},"headline":"MADR\u0130D\u2019DE KAHVEH\u00c2NE","datePublished":"2009-12-25T14:52:51+00:00","mainEntityOfPage":{"@id":"https:\/\/narteks.net\/index.php\/2009\/12\/25\/madrid-de-kahvehane\/"},"wordCount":93,"commentCount":0,"publisher":{"@id":"https:\/\/narteks.net\/#organization"},"articleSection":["Yahya Kemal BEYATLI"],"inLanguage":"tr","potentialAction":[{"@type":"CommentAction","name":"Comment","target":["https:\/\/narteks.net\/index.php\/2009\/12\/25\/madrid-de-kahvehane\/#respond"]}]},{"@type":"WebPage","@id":"https:\/\/narteks.net\/index.php\/2009\/12\/25\/madrid-de-kahvehane\/","url":"https:\/\/narteks.net\/index.php\/2009\/12\/25\/madrid-de-kahvehane\/","name":"MADR\u0130D\u2019DE KAHVEH\u00c2NE - narteks.net","isPartOf":{"@id":"https:\/\/narteks.net\/#website"},"datePublished":"2009-12-25T14:52:51+00:00","breadcrumb":{"@id":"https:\/\/narteks.net\/index.php\/2009\/12\/25\/madrid-de-kahvehane\/#breadcrumb"},"inLanguage":"tr","potentialAction":[{"@type":"ReadAction","target":["https:\/\/narteks.net\/index.php\/2009\/12\/25\/madrid-de-kahvehane\/"]}]},{"@type":"BreadcrumbList","@id":"https:\/\/narteks.net\/index.php\/2009\/12\/25\/madrid-de-kahvehane\/#breadcrumb","itemListElement":[{"@type":"ListItem","position":1,"name":"Anasayfa","item":"https:\/\/narteks.net\/"},{"@type":"ListItem","position":2,"name":"MADR\u0130D\u2019DE KAHVEH\u00c2NE"}]},{"@type":"WebSite","@id":"https:\/\/narteks.net\/#website","url":"https:\/\/narteks.net\/","name":"narteks.net","description":"K\u00fclt\u00fcr Sanat Edebiyat Felsefe","publisher":{"@id":"https:\/\/narteks.net\/#organization"},"alternateName":"K\u00fclt\u00fcr Sanat Edebiyat Felsefe","potentialAction":[{"@type":"SearchAction","target":{"@type":"EntryPoint","urlTemplate":"https:\/\/narteks.net\/?s={search_term_string}"},"query-input":{"@type":"PropertyValueSpecification","valueRequired":true,"valueName":"search_term_string"}}],"inLanguage":"tr"},{"@type":"Organization","@id":"https:\/\/narteks.net\/#organization","name":"narteks.net","url":"https:\/\/narteks.net\/","logo":{"@type":"ImageObject","inLanguage":"tr","@id":"https:\/\/narteks.net\/#\/schema\/logo\/image\/","url":"https:\/\/narteks.net\/wp-content\/uploads\/narteks.png","contentUrl":"https:\/\/narteks.net\/wp-content\/uploads\/narteks.png","width":300,"height":90,"caption":"narteks.net"},"image":{"@id":"https:\/\/narteks.net\/#\/schema\/logo\/image\/"},"sameAs":["https:\/\/x.com\/narteks","https:\/\/instagram.com\/narteksnet"]},{"@type":"Person","@id":"https:\/\/narteks.net\/#\/schema\/person\/61f37d9834294b72d31d274e7ed79bca","name":"Tar\u0131k","image":{"@type":"ImageObject","inLanguage":"tr","@id":"https:\/\/narteks.net\/#\/schema\/person\/image\/","url":"https:\/\/secure.gravatar.com\/avatar\/50865afb55632c4ae467e0af0930f6510aa2297d8014be502a55b14f3b7550cf?s=96&d=mm&r=g","contentUrl":"https:\/\/secure.gravatar.com\/avatar\/50865afb55632c4ae467e0af0930f6510aa2297d8014be502a55b14f3b7550cf?s=96&d=mm&r=g","caption":"Tar\u0131k"},"sameAs":["http:\/\/narteks.net"],"url":"https:\/\/narteks.net\/index.php\/author\/narbak\/"}]}},"_links":{"self":[{"href":"https:\/\/narteks.net\/index.php\/wp-json\/wp\/v2\/posts\/3124","targetHints":{"allow":["GET"]}}],"collection":[{"href":"https:\/\/narteks.net\/index.php\/wp-json\/wp\/v2\/posts"}],"about":[{"href":"https:\/\/narteks.net\/index.php\/wp-json\/wp\/v2\/types\/post"}],"author":[{"embeddable":true,"href":"https:\/\/narteks.net\/index.php\/wp-json\/wp\/v2\/users\/1"}],"replies":[{"embeddable":true,"href":"https:\/\/narteks.net\/index.php\/wp-json\/wp\/v2\/comments?post=3124"}],"version-history":[{"count":0,"href":"https:\/\/narteks.net\/index.php\/wp-json\/wp\/v2\/posts\/3124\/revisions"}],"wp:attachment":[{"href":"https:\/\/narteks.net\/index.php\/wp-json\/wp\/v2\/media?parent=3124"}],"wp:term":[{"taxonomy":"category","embeddable":true,"href":"https:\/\/narteks.net\/index.php\/wp-json\/wp\/v2\/categories?post=3124"},{"taxonomy":"post_tag","embeddable":true,"href":"https:\/\/narteks.net\/index.php\/wp-json\/wp\/v2\/tags?post=3124"}],"curies":[{"name":"wp","href":"https:\/\/api.w.org\/{rel}","templated":true}]}}