{"id":3126,"date":"2009-12-25T17:53:52","date_gmt":"2009-12-25T14:53:52","guid":{"rendered":"http:\/\/localhost\/wordpress\/2009\/12\/25\/maverada-soeylen\/"},"modified":"2009-12-25T17:53:52","modified_gmt":"2009-12-25T14:53:52","slug":"maverada-soeylen","status":"publish","type":"post","link":"https:\/\/narteks.net\/index.php\/2009\/12\/25\/maverada-soeylen\/","title":{"rendered":"M\u00c2VER\u00c2DA S\u00d6YLEN\u0130\u015e"},"content":{"rendered":"<p>\u00a0<\/p>\n<p style=\"margin-left: 25px; margin-top: 5px; margin-bottom: 5px;\">Geldikti bir zaman  Sar\u0131 Salt\u0131k\u2019la Asya\u2019dan,<\/p>\n<p style=\"margin-left: 25px; margin-top: 5px; margin-bottom: 5px;\">Bir bir Diy\u00e2r-\u0131\u00a0  R\u00fbm\u2019a\u00a0 da\u011f\u0131ld\u0131k Sakarya\u2019dan.<\/p>\n<p style=\"margin-left: 25px; margin-top: 5px; margin-bottom: 5px;\">\u00a0<\/p>\n<p style=\"margin-left: 25px; margin-top: 5px; margin-bottom: 5px;\">Seyrindeyiz at\u0131ld\u0131\u011f\u0131  s\u00e2hilsiz enginin,<\/p>\n<p style=\"margin-left: 25px; margin-top: 5px; margin-bottom: 5px;\">Atmeydan\u0131\u2019nda \u00f6lm\u00fc\u015f  \u201cenelhak\u201d \u015feh\u00eedinin.<\/p>\n<p style=\"margin-left: 25px; margin-top: 5px; margin-bottom: 5px;\">\u00a0<\/p>\n<p style=\"margin-left: 25px; margin-top: 5px; margin-bottom: 5px;\">Merhum Edirne \u015eeyhi  Ne\u015f\u00e2t\u00ee diyorki: \u201cBiz<\/p>\n<p style=\"margin-left: 25px; margin-top: 5px; margin-bottom: 5px;\">S\u00e2f aynalarda  s\u0131rroluruz \u00f6yle gaaibiz.\u201d<\/p>\n<p style=\"margin-left: 25px; margin-top: 5px; margin-bottom: 5px;\">\u00a0<\/p>\n<p style=\"margin-left: 25px; margin-top: 5px; margin-bottom: 5px;\">Z\u00e2hid hay\u00e2l eder  bizi meyh\u00e2ne z\u0131nd\u0131\u011f\u0131,<\/p>\n<p style=\"margin-left: 25px; margin-top: 5px; margin-bottom: 5px;\">Bilmez ki sen ve ben  hepimizdir tap\u0131nd\u0131\u011f\u0131.<\/p>\n<p style=\"margin-left: 25px; margin-top: 5px; margin-bottom: 5px;\">\u00a0<\/p>\n<p style=\"margin-left: 25px; margin-top: 5px; margin-bottom: 5px;\">Gaaibde bir muh\u00e2vere  ge\u00e7mi\u015f de pek haf\u00ee,<\/p>\n<p style=\"margin-left: 25px; margin-top: 5px; margin-bottom: 5px;\">Gayb\u00ee\u2019ye s\u00f6ylemi\u015f  bunu \u0130dr\u00ees-i Muhtef\u00ee.<\/p>\n","protected":false},"excerpt":{"rendered":"<p>\u00a0 Geldikti bir zaman Sar\u0131 Salt\u0131k\u2019la Asya\u2019dan, Bir bir Diy\u00e2r-\u0131\u00a0 R\u00fbm\u2019a\u00a0 da\u011f\u0131ld\u0131k Sakarya\u2019dan. \u00a0 Seyrindeyiz at\u0131ld\u0131\u011f\u0131 s\u00e2hilsiz enginin, Atmeydan\u0131\u2019nda \u00f6lm\u00fc\u015f \u201cenelhak\u201d \u015feh\u00eedinin. \u00a0 Merhum Edirne \u015eeyhi Ne\u015f\u00e2t\u00ee diyorki: \u201cBiz S\u00e2f aynalarda s\u0131rroluruz \u00f6yle gaaibiz.\u201d \u00a0 Z\u00e2hid hay\u00e2l eder bizi meyh\u00e2ne z\u0131nd\u0131\u011f\u0131, Bilmez ki sen ve ben hepimizdir tap\u0131nd\u0131\u011f\u0131. \u00a0 Gaaibde bir muh\u00e2vere ge\u00e7mi\u015f de pek [&hellip;]<\/p>\n","protected":false},"author":1,"featured_media":0,"comment_status":"open","ping_status":"open","sticky":false,"template":"","format":"standard","meta":{"footnotes":""},"categories":[106],"tags":[],"class_list":{"0":"post-3126","1":"post","2":"type-post","3":"status-publish","4":"format-standard","6":"category-yahya-kemal-beyatli"},"yoast_head":"<!-- This site is optimized with the Yoast SEO Premium plugin v24.9 (Yoast SEO v24.9) - https:\/\/yoast.com\/wordpress\/plugins\/seo\/ -->\n<title>M\u00c2VER\u00c2DA S\u00d6YLEN\u0130\u015e - narteks.net<\/title>\n<meta name=\"robots\" content=\"index, follow, max-snippet:-1, max-image-preview:large, max-video-preview:-1\" \/>\n<link rel=\"canonical\" href=\"https:\/\/narteks.net\/index.php\/2009\/12\/25\/maverada-soeylen\/\" \/>\n<meta property=\"og:locale\" content=\"tr_TR\" \/>\n<meta property=\"og:type\" content=\"article\" \/>\n<meta property=\"og:title\" content=\"M\u00c2VER\u00c2DA S\u00d6YLEN\u0130\u015e\" \/>\n<meta property=\"og:description\" content=\"\u00a0 Geldikti bir zaman Sar\u0131 Salt\u0131k\u2019la Asya\u2019dan, Bir bir Diy\u00e2r-\u0131\u00a0 R\u00fbm\u2019a\u00a0 da\u011f\u0131ld\u0131k Sakarya\u2019dan. \u00a0 Seyrindeyiz at\u0131ld\u0131\u011f\u0131 s\u00e2hilsiz enginin, Atmeydan\u0131\u2019nda \u00f6lm\u00fc\u015f \u201cenelhak\u201d \u015feh\u00eedinin. \u00a0 Merhum Edirne \u015eeyhi Ne\u015f\u00e2t\u00ee diyorki: \u201cBiz S\u00e2f aynalarda s\u0131rroluruz \u00f6yle gaaibiz.\u201d \u00a0 Z\u00e2hid hay\u00e2l eder bizi meyh\u00e2ne z\u0131nd\u0131\u011f\u0131, Bilmez ki sen ve ben hepimizdir tap\u0131nd\u0131\u011f\u0131. \u00a0 Gaaibde bir muh\u00e2vere ge\u00e7mi\u015f de pek [&hellip;]\" \/>\n<meta property=\"og:url\" content=\"https:\/\/narteks.net\/index.php\/2009\/12\/25\/maverada-soeylen\/\" \/>\n<meta property=\"og:site_name\" content=\"narteks.net\" \/>\n<meta property=\"article:published_time\" content=\"2009-12-25T14:53:52+00:00\" \/>\n<meta property=\"og:image\" content=\"https:\/\/narteks.net\/wp-content\/uploads\/narteks.png\" \/>\n\t<meta property=\"og:image:width\" content=\"300\" \/>\n\t<meta property=\"og:image:height\" content=\"90\" \/>\n\t<meta property=\"og:image:type\" content=\"image\/png\" \/>\n<meta name=\"author\" content=\"Tar\u0131k\" \/>\n<meta name=\"twitter:card\" content=\"summary_large_image\" \/>\n<meta name=\"twitter:creator\" content=\"@narteks\" \/>\n<meta name=\"twitter:site\" content=\"@narteks\" \/>\n<meta name=\"twitter:label1\" content=\"Yazan:\" \/>\n\t<meta name=\"twitter:data1\" content=\"Tar\u0131k\" \/>\n<script type=\"application\/ld+json\" class=\"yoast-schema-graph\">{\"@context\":\"https:\/\/schema.org\",\"@graph\":[{\"@type\":\"Article\",\"@id\":\"https:\/\/narteks.net\/index.php\/2009\/12\/25\/maverada-soeylen\/#article\",\"isPartOf\":{\"@id\":\"https:\/\/narteks.net\/index.php\/2009\/12\/25\/maverada-soeylen\/\"},\"author\":{\"name\":\"Tar\u0131k\",\"@id\":\"https:\/\/narteks.net\/#\/schema\/person\/61f37d9834294b72d31d274e7ed79bca\"},\"headline\":\"M\u00c2VER\u00c2DA S\u00d6YLEN\u0130\u015e\",\"datePublished\":\"2009-12-25T14:53:52+00:00\",\"mainEntityOfPage\":{\"@id\":\"https:\/\/narteks.net\/index.php\/2009\/12\/25\/maverada-soeylen\/\"},\"wordCount\":87,\"commentCount\":0,\"publisher\":{\"@id\":\"https:\/\/narteks.net\/#organization\"},\"articleSection\":[\"Yahya Kemal BEYATLI\"],\"inLanguage\":\"tr\",\"potentialAction\":[{\"@type\":\"CommentAction\",\"name\":\"Comment\",\"target\":[\"https:\/\/narteks.net\/index.php\/2009\/12\/25\/maverada-soeylen\/#respond\"]}]},{\"@type\":\"WebPage\",\"@id\":\"https:\/\/narteks.net\/index.php\/2009\/12\/25\/maverada-soeylen\/\",\"url\":\"https:\/\/narteks.net\/index.php\/2009\/12\/25\/maverada-soeylen\/\",\"name\":\"M\u00c2VER\u00c2DA S\u00d6YLEN\u0130\u015e - narteks.net\",\"isPartOf\":{\"@id\":\"https:\/\/narteks.net\/#website\"},\"datePublished\":\"2009-12-25T14:53:52+00:00\",\"breadcrumb\":{\"@id\":\"https:\/\/narteks.net\/index.php\/2009\/12\/25\/maverada-soeylen\/#breadcrumb\"},\"inLanguage\":\"tr\",\"potentialAction\":[{\"@type\":\"ReadAction\",\"target\":[\"https:\/\/narteks.net\/index.php\/2009\/12\/25\/maverada-soeylen\/\"]}]},{\"@type\":\"BreadcrumbList\",\"@id\":\"https:\/\/narteks.net\/index.php\/2009\/12\/25\/maverada-soeylen\/#breadcrumb\",\"itemListElement\":[{\"@type\":\"ListItem\",\"position\":1,\"name\":\"Anasayfa\",\"item\":\"https:\/\/narteks.net\/\"},{\"@type\":\"ListItem\",\"position\":2,\"name\":\"M\u00c2VER\u00c2DA S\u00d6YLEN\u0130\u015e\"}]},{\"@type\":\"WebSite\",\"@id\":\"https:\/\/narteks.net\/#website\",\"url\":\"https:\/\/narteks.net\/\",\"name\":\"narteks.net\",\"description\":\"K\u00fclt\u00fcr Sanat Edebiyat Felsefe\",\"publisher\":{\"@id\":\"https:\/\/narteks.net\/#organization\"},\"alternateName\":\"K\u00fclt\u00fcr Sanat Edebiyat Felsefe\",\"potentialAction\":[{\"@type\":\"SearchAction\",\"target\":{\"@type\":\"EntryPoint\",\"urlTemplate\":\"https:\/\/narteks.net\/?s={search_term_string}\"},\"query-input\":{\"@type\":\"PropertyValueSpecification\",\"valueRequired\":true,\"valueName\":\"search_term_string\"}}],\"inLanguage\":\"tr\"},{\"@type\":\"Organization\",\"@id\":\"https:\/\/narteks.net\/#organization\",\"name\":\"narteks.net\",\"url\":\"https:\/\/narteks.net\/\",\"logo\":{\"@type\":\"ImageObject\",\"inLanguage\":\"tr\",\"@id\":\"https:\/\/narteks.net\/#\/schema\/logo\/image\/\",\"url\":\"https:\/\/narteks.net\/wp-content\/uploads\/narteks.png\",\"contentUrl\":\"https:\/\/narteks.net\/wp-content\/uploads\/narteks.png\",\"width\":300,\"height\":90,\"caption\":\"narteks.net\"},\"image\":{\"@id\":\"https:\/\/narteks.net\/#\/schema\/logo\/image\/\"},\"sameAs\":[\"https:\/\/x.com\/narteks\",\"https:\/\/instagram.com\/narteksnet\"]},{\"@type\":\"Person\",\"@id\":\"https:\/\/narteks.net\/#\/schema\/person\/61f37d9834294b72d31d274e7ed79bca\",\"name\":\"Tar\u0131k\",\"image\":{\"@type\":\"ImageObject\",\"inLanguage\":\"tr\",\"@id\":\"https:\/\/narteks.net\/#\/schema\/person\/image\/\",\"url\":\"https:\/\/secure.gravatar.com\/avatar\/50865afb55632c4ae467e0af0930f6510aa2297d8014be502a55b14f3b7550cf?s=96&d=mm&r=g\",\"contentUrl\":\"https:\/\/secure.gravatar.com\/avatar\/50865afb55632c4ae467e0af0930f6510aa2297d8014be502a55b14f3b7550cf?s=96&d=mm&r=g\",\"caption\":\"Tar\u0131k\"},\"sameAs\":[\"http:\/\/narteks.net\"],\"url\":\"https:\/\/narteks.net\/index.php\/author\/narbak\/\"}]}<\/script>\n<!-- \/ Yoast SEO Premium plugin. -->","yoast_head_json":{"title":"M\u00c2VER\u00c2DA S\u00d6YLEN\u0130\u015e - narteks.net","robots":{"index":"index","follow":"follow","max-snippet":"max-snippet:-1","max-image-preview":"max-image-preview:large","max-video-preview":"max-video-preview:-1"},"canonical":"https:\/\/narteks.net\/index.php\/2009\/12\/25\/maverada-soeylen\/","og_locale":"tr_TR","og_type":"article","og_title":"M\u00c2VER\u00c2DA S\u00d6YLEN\u0130\u015e","og_description":"\u00a0 Geldikti bir zaman Sar\u0131 Salt\u0131k\u2019la Asya\u2019dan, Bir bir Diy\u00e2r-\u0131\u00a0 R\u00fbm\u2019a\u00a0 da\u011f\u0131ld\u0131k Sakarya\u2019dan. \u00a0 Seyrindeyiz at\u0131ld\u0131\u011f\u0131 s\u00e2hilsiz enginin, Atmeydan\u0131\u2019nda \u00f6lm\u00fc\u015f \u201cenelhak\u201d \u015feh\u00eedinin. \u00a0 Merhum Edirne \u015eeyhi Ne\u015f\u00e2t\u00ee diyorki: \u201cBiz S\u00e2f aynalarda s\u0131rroluruz \u00f6yle gaaibiz.\u201d \u00a0 Z\u00e2hid hay\u00e2l eder bizi meyh\u00e2ne z\u0131nd\u0131\u011f\u0131, Bilmez ki sen ve ben hepimizdir tap\u0131nd\u0131\u011f\u0131. \u00a0 Gaaibde bir muh\u00e2vere ge\u00e7mi\u015f de pek [&hellip;]","og_url":"https:\/\/narteks.net\/index.php\/2009\/12\/25\/maverada-soeylen\/","og_site_name":"narteks.net","article_published_time":"2009-12-25T14:53:52+00:00","og_image":[{"width":300,"height":90,"url":"https:\/\/narteks.net\/wp-content\/uploads\/narteks.png","type":"image\/png"}],"author":"Tar\u0131k","twitter_card":"summary_large_image","twitter_creator":"@narteks","twitter_site":"@narteks","twitter_misc":{"Yazan:":"Tar\u0131k"},"schema":{"@context":"https:\/\/schema.org","@graph":[{"@type":"Article","@id":"https:\/\/narteks.net\/index.php\/2009\/12\/25\/maverada-soeylen\/#article","isPartOf":{"@id":"https:\/\/narteks.net\/index.php\/2009\/12\/25\/maverada-soeylen\/"},"author":{"name":"Tar\u0131k","@id":"https:\/\/narteks.net\/#\/schema\/person\/61f37d9834294b72d31d274e7ed79bca"},"headline":"M\u00c2VER\u00c2DA S\u00d6YLEN\u0130\u015e","datePublished":"2009-12-25T14:53:52+00:00","mainEntityOfPage":{"@id":"https:\/\/narteks.net\/index.php\/2009\/12\/25\/maverada-soeylen\/"},"wordCount":87,"commentCount":0,"publisher":{"@id":"https:\/\/narteks.net\/#organization"},"articleSection":["Yahya Kemal BEYATLI"],"inLanguage":"tr","potentialAction":[{"@type":"CommentAction","name":"Comment","target":["https:\/\/narteks.net\/index.php\/2009\/12\/25\/maverada-soeylen\/#respond"]}]},{"@type":"WebPage","@id":"https:\/\/narteks.net\/index.php\/2009\/12\/25\/maverada-soeylen\/","url":"https:\/\/narteks.net\/index.php\/2009\/12\/25\/maverada-soeylen\/","name":"M\u00c2VER\u00c2DA S\u00d6YLEN\u0130\u015e - narteks.net","isPartOf":{"@id":"https:\/\/narteks.net\/#website"},"datePublished":"2009-12-25T14:53:52+00:00","breadcrumb":{"@id":"https:\/\/narteks.net\/index.php\/2009\/12\/25\/maverada-soeylen\/#breadcrumb"},"inLanguage":"tr","potentialAction":[{"@type":"ReadAction","target":["https:\/\/narteks.net\/index.php\/2009\/12\/25\/maverada-soeylen\/"]}]},{"@type":"BreadcrumbList","@id":"https:\/\/narteks.net\/index.php\/2009\/12\/25\/maverada-soeylen\/#breadcrumb","itemListElement":[{"@type":"ListItem","position":1,"name":"Anasayfa","item":"https:\/\/narteks.net\/"},{"@type":"ListItem","position":2,"name":"M\u00c2VER\u00c2DA S\u00d6YLEN\u0130\u015e"}]},{"@type":"WebSite","@id":"https:\/\/narteks.net\/#website","url":"https:\/\/narteks.net\/","name":"narteks.net","description":"K\u00fclt\u00fcr Sanat Edebiyat Felsefe","publisher":{"@id":"https:\/\/narteks.net\/#organization"},"alternateName":"K\u00fclt\u00fcr Sanat Edebiyat Felsefe","potentialAction":[{"@type":"SearchAction","target":{"@type":"EntryPoint","urlTemplate":"https:\/\/narteks.net\/?s={search_term_string}"},"query-input":{"@type":"PropertyValueSpecification","valueRequired":true,"valueName":"search_term_string"}}],"inLanguage":"tr"},{"@type":"Organization","@id":"https:\/\/narteks.net\/#organization","name":"narteks.net","url":"https:\/\/narteks.net\/","logo":{"@type":"ImageObject","inLanguage":"tr","@id":"https:\/\/narteks.net\/#\/schema\/logo\/image\/","url":"https:\/\/narteks.net\/wp-content\/uploads\/narteks.png","contentUrl":"https:\/\/narteks.net\/wp-content\/uploads\/narteks.png","width":300,"height":90,"caption":"narteks.net"},"image":{"@id":"https:\/\/narteks.net\/#\/schema\/logo\/image\/"},"sameAs":["https:\/\/x.com\/narteks","https:\/\/instagram.com\/narteksnet"]},{"@type":"Person","@id":"https:\/\/narteks.net\/#\/schema\/person\/61f37d9834294b72d31d274e7ed79bca","name":"Tar\u0131k","image":{"@type":"ImageObject","inLanguage":"tr","@id":"https:\/\/narteks.net\/#\/schema\/person\/image\/","url":"https:\/\/secure.gravatar.com\/avatar\/50865afb55632c4ae467e0af0930f6510aa2297d8014be502a55b14f3b7550cf?s=96&d=mm&r=g","contentUrl":"https:\/\/secure.gravatar.com\/avatar\/50865afb55632c4ae467e0af0930f6510aa2297d8014be502a55b14f3b7550cf?s=96&d=mm&r=g","caption":"Tar\u0131k"},"sameAs":["http:\/\/narteks.net"],"url":"https:\/\/narteks.net\/index.php\/author\/narbak\/"}]}},"_links":{"self":[{"href":"https:\/\/narteks.net\/index.php\/wp-json\/wp\/v2\/posts\/3126","targetHints":{"allow":["GET"]}}],"collection":[{"href":"https:\/\/narteks.net\/index.php\/wp-json\/wp\/v2\/posts"}],"about":[{"href":"https:\/\/narteks.net\/index.php\/wp-json\/wp\/v2\/types\/post"}],"author":[{"embeddable":true,"href":"https:\/\/narteks.net\/index.php\/wp-json\/wp\/v2\/users\/1"}],"replies":[{"embeddable":true,"href":"https:\/\/narteks.net\/index.php\/wp-json\/wp\/v2\/comments?post=3126"}],"version-history":[{"count":0,"href":"https:\/\/narteks.net\/index.php\/wp-json\/wp\/v2\/posts\/3126\/revisions"}],"wp:attachment":[{"href":"https:\/\/narteks.net\/index.php\/wp-json\/wp\/v2\/media?parent=3126"}],"wp:term":[{"taxonomy":"category","embeddable":true,"href":"https:\/\/narteks.net\/index.php\/wp-json\/wp\/v2\/categories?post=3126"},{"taxonomy":"post_tag","embeddable":true,"href":"https:\/\/narteks.net\/index.php\/wp-json\/wp\/v2\/tags?post=3126"}],"curies":[{"name":"wp","href":"https:\/\/api.w.org\/{rel}","templated":true}]}}