{"id":3130,"date":"2009-12-25T17:55:51","date_gmt":"2009-12-25T14:55:51","guid":{"rendered":"http:\/\/localhost\/wordpress\/2009\/12\/25\/nazar\/"},"modified":"2009-12-25T17:55:51","modified_gmt":"2009-12-25T14:55:51","slug":"nazar","status":"publish","type":"post","link":"https:\/\/narteks.net\/index.php\/2009\/12\/25\/nazar\/","title":{"rendered":"NAZAR"},"content":{"rendered":"<p>\u00a0<\/p>\n<p style=\"margin-left: 25px; margin-top: 5px; margin-bottom: 5px;\">Gece, Leyl\u00e2\u2019y\u0131 ay\u0131n  on d\u00f6rd\u00fc,<\/p>\n<p style=\"margin-left: 25px; margin-top: 5px; margin-bottom: 5px;\">Koyda tenh\u00e2  y\u0131kan\u0131rken g\u00f6rd\u00fc.<\/p>\n<p style=\"margin-left: 25px; margin-top: 5px; margin-bottom: 5px;\">\u201cK\u0131z v\u00fcc\u00fbdun ne  g\u00fczel b\u00f6yle a\u00e7\u0131k!<\/p>\n<p style=\"margin-left: 25px; margin-top: 5px; margin-bottom: 5px;\">K\u0131z yak\u0131ndan g\u00f6reyim  s\u00e2hile \u00e7\u0131k!\u201d<\/p>\n<p style=\"margin-left: 25px; margin-top: 5px; margin-bottom: 5px;\">Bakt\u0131 etr\u00e2f\u0131na  \u00fcrkek, \u00fcrkek<\/p>\n<p style=\"margin-left: 25px; margin-top: 5px; margin-bottom: 5px;\">Dedi: \u201cTenh\u00e2da bu  ses nolsa gerek,\u201d<\/p>\n<p style=\"margin-left: 25px; margin-top: 5px; margin-bottom: 5px;\">\u201cK\u0131z v\u00fcc\u00fbdun sar\u0131  g\u00fcller gibi ter!\u201d<\/p>\n<p style=\"margin-left: 25px; margin-top: 5px; margin-bottom: 5px;\">Dedi: \u201cTenh\u00e2da bu  ses nolsa gerek?\u201d<\/p>\n<p style=\"margin-left: 25px; margin-top: 5px; margin-bottom: 5px;\">Aran\u0131rken ay\u0131n \u00f6lg\u00fcn  sesini,<\/p>\n<p style=\"margin-left: 25px; margin-top: 5px; margin-bottom: 5px;\">So\u011fuk ay \u00f6pt\u00fc beyaz  ensesini.<\/p>\n<p style=\"margin-left: 25px; margin-top: 5px; margin-bottom: 5px;\">Sard\u0131 her uzvunu bir  ince s\u0131z\u0131;<\/p>\n<p style=\"margin-left: 25px; margin-top: 5px; margin-bottom: 5px;\">Bu \u00f6p\u00fc\u015f g\u00fcl gibi  soldurdu k\u0131z\u0131.<\/p>\n<p style=\"margin-left: 25px; margin-top: 5px; margin-bottom: 5px;\">Soldu, g\u00fcnden g\u00fcne  sessiz, soldu!<\/p>\n<p style=\"margin-left: 25px; margin-top: 5px; margin-bottom: 5px;\">Dediler hep: \u201cK\u0131za  bir h\u00e2l oldu!\u201d<\/p>\n<p style=\"margin-left: 25px; margin-top: 5px; margin-bottom: 5px;\">T\u00e2 i\u00e7indendi gelen  h\u0131\u00e7k\u0131r\u0131\u011f\u0131,<\/p>\n<p style=\"margin-left: 25px; margin-top: 5px; margin-bottom: 5px;\">Kalbinin vard\u0131 derin  bir k\u0131r\u0131\u011f\u0131.<\/p>\n<p style=\"margin-left: 25px; margin-top: 5px; margin-bottom: 5px;\">Yatt\u0131, bir ses  duyuyormu\u015f gibi l\u00e2l.<\/p>\n<p style=\"margin-left: 25px; margin-top: 5px; margin-bottom: 5px;\">Yatt\u0131, aylarca dev\u00e2m  ett bu h\u00e2l.<\/p>\n<p style=\"margin-left: 25px; margin-top: 5px; margin-bottom: 5px;\">Sindi s\u00eem\u00e2s\u0131na ak\u015fam  h\u00fczn\u00fc.<\/p>\n<p style=\"margin-left: 25px; margin-top: 5px; margin-bottom: 5px;\">B\u00f6yle, yast\u0131kda  g\u00f6renler y\u00fcz\u00fcn\u00fc,<\/p>\n<p style=\"margin-left: 25px; margin-top: 5px; margin-bottom: 5px;\">Avuturlarken uzun  s\u00f6zlerle,<\/p>\n<p style=\"margin-left: 25px; margin-top: 5px; margin-bottom: 5px;\">O susup bakt\u0131 derin  g\u00f6zlerle.<\/p>\n<p style=\"margin-left: 25px; margin-top: 5px; margin-bottom: 5px;\">Evi r\u00fczg\u00e2r gibi bir  s\u0131r gezdi,<\/p>\n<p style=\"margin-left: 25px; margin-top: 5px; margin-bottom: 5px;\">Herkes end\u00ee\u015feli bir  \u015fey sezdi.<\/p>\n<p style=\"margin-left: 25px; margin-top: 5px; margin-bottom: 5px;\">Bir sabah s\u00f6yledi  son s\u00f6zlerini,<\/p>\n<p style=\"margin-left: 25px; margin-top: 5px; margin-bottom: 5px;\">Yumdu d\u00fcny\u00e2ya el\u00e2  g\u00f6zlerini;<\/p>\n<p style=\"margin-left: 25px; margin-top: 5px; margin-bottom: 5px;\">Koptu evden ac\u0131 bir  v\u00e2veyl\u00e2,<\/p>\n<p style=\"margin-left: 25px; margin-top: 5px; margin-bottom: 5px;\">Odalar inledi:  \u201cLeyl\u00e2! Leyl\u00e2!\u201d<\/p>\n<p style=\"margin-left: 25px; margin-top: 5px; margin-bottom: 5px;\">Geldi k\u00f6y k\u0131zlar\u0131,  el ba\u011flad\u0131lar&#8230;<\/p>\n<p style=\"margin-left: 25px; margin-top: 5px; margin-bottom: 5px;\">Diz \u00e7\u00f6k\u00fcp a\u011flad\u0131lar,  a\u011flad\u0131lar!<\/p>\n<p style=\"margin-left: 25px; margin-top: 5px; margin-bottom: 5px;\">\u00a0<\/p>\n<p style=\"margin-left: 25px; margin-top: 5px; margin-bottom: 5px;\">Nice g\u00fcnler bu  \u015fe\u00e2metli \u00f6l\u00fcm,<\/p>\n<p style=\"margin-left: 25px; margin-top: 5px; margin-bottom: 5px;\">Oldu \u00e7ok kimseye bir  gizli d\u00fc\u011f\u00fcm;<\/p>\n<p style=\"margin-left: 25px; margin-top: 5px; margin-bottom: 5px;\">Nice g\u00fcnler bakarak  dalgalara,<\/p>\n<p style=\"margin-left: 25px; margin-top: 5px; margin-bottom: 5px;\">Dediler: \u201cU\u011frad\u0131  Leyl\u00e2 nazara!\u201d<\/p>\n","protected":false},"excerpt":{"rendered":"<p>\u00a0 Gece, Leyl\u00e2\u2019y\u0131 ay\u0131n on d\u00f6rd\u00fc, Koyda tenh\u00e2 y\u0131kan\u0131rken g\u00f6rd\u00fc. \u201cK\u0131z v\u00fcc\u00fbdun ne g\u00fczel b\u00f6yle a\u00e7\u0131k! K\u0131z yak\u0131ndan g\u00f6reyim s\u00e2hile \u00e7\u0131k!\u201d Bakt\u0131 etr\u00e2f\u0131na \u00fcrkek, \u00fcrkek Dedi: \u201cTenh\u00e2da bu ses nolsa gerek,\u201d \u201cK\u0131z v\u00fcc\u00fbdun sar\u0131 g\u00fcller gibi ter!\u201d Dedi: \u201cTenh\u00e2da bu ses nolsa gerek?\u201d Aran\u0131rken ay\u0131n \u00f6lg\u00fcn sesini, So\u011fuk ay \u00f6pt\u00fc beyaz ensesini. Sard\u0131 her uzvunu [&hellip;]<\/p>\n","protected":false},"author":1,"featured_media":0,"comment_status":"open","ping_status":"open","sticky":false,"template":"","format":"standard","meta":{"footnotes":""},"categories":[106],"tags":[],"class_list":{"0":"post-3130","1":"post","2":"type-post","3":"status-publish","4":"format-standard","6":"category-yahya-kemal-beyatli"},"yoast_head":"<!-- This site is optimized with the Yoast SEO Premium plugin v24.9 (Yoast SEO v24.9) - https:\/\/yoast.com\/wordpress\/plugins\/seo\/ -->\n<title>NAZAR - narteks.net<\/title>\n<meta name=\"robots\" content=\"index, follow, max-snippet:-1, max-image-preview:large, max-video-preview:-1\" \/>\n<link rel=\"canonical\" href=\"https:\/\/narteks.net\/index.php\/2009\/12\/25\/nazar\/\" \/>\n<meta property=\"og:locale\" content=\"tr_TR\" \/>\n<meta property=\"og:type\" content=\"article\" \/>\n<meta property=\"og:title\" content=\"NAZAR\" \/>\n<meta property=\"og:description\" content=\"\u00a0 Gece, Leyl\u00e2\u2019y\u0131 ay\u0131n on d\u00f6rd\u00fc, Koyda tenh\u00e2 y\u0131kan\u0131rken g\u00f6rd\u00fc. \u201cK\u0131z v\u00fcc\u00fbdun ne g\u00fczel b\u00f6yle a\u00e7\u0131k! K\u0131z yak\u0131ndan g\u00f6reyim s\u00e2hile \u00e7\u0131k!\u201d Bakt\u0131 etr\u00e2f\u0131na \u00fcrkek, \u00fcrkek Dedi: \u201cTenh\u00e2da bu ses nolsa gerek,\u201d \u201cK\u0131z v\u00fcc\u00fbdun sar\u0131 g\u00fcller gibi ter!\u201d Dedi: \u201cTenh\u00e2da bu ses nolsa gerek?\u201d Aran\u0131rken ay\u0131n \u00f6lg\u00fcn sesini, So\u011fuk ay \u00f6pt\u00fc beyaz ensesini. Sard\u0131 her uzvunu [&hellip;]\" \/>\n<meta property=\"og:url\" content=\"https:\/\/narteks.net\/index.php\/2009\/12\/25\/nazar\/\" \/>\n<meta property=\"og:site_name\" content=\"narteks.net\" \/>\n<meta property=\"article:published_time\" content=\"2009-12-25T14:55:51+00:00\" \/>\n<meta property=\"og:image\" content=\"https:\/\/narteks.net\/wp-content\/uploads\/narteks.png\" \/>\n\t<meta property=\"og:image:width\" content=\"300\" \/>\n\t<meta property=\"og:image:height\" content=\"90\" \/>\n\t<meta property=\"og:image:type\" content=\"image\/png\" \/>\n<meta name=\"author\" content=\"Tar\u0131k\" \/>\n<meta name=\"twitter:card\" content=\"summary_large_image\" \/>\n<meta name=\"twitter:creator\" content=\"@narteks\" \/>\n<meta name=\"twitter:site\" content=\"@narteks\" \/>\n<meta name=\"twitter:label1\" content=\"Yazan:\" \/>\n\t<meta name=\"twitter:data1\" content=\"Tar\u0131k\" \/>\n\t<meta name=\"twitter:label2\" content=\"Tahmini okuma s\u00fcresi\" \/>\n\t<meta name=\"twitter:data2\" content=\"1 dakika\" \/>\n<script type=\"application\/ld+json\" class=\"yoast-schema-graph\">{\"@context\":\"https:\/\/schema.org\",\"@graph\":[{\"@type\":\"Article\",\"@id\":\"https:\/\/narteks.net\/index.php\/2009\/12\/25\/nazar\/#article\",\"isPartOf\":{\"@id\":\"https:\/\/narteks.net\/index.php\/2009\/12\/25\/nazar\/\"},\"author\":{\"name\":\"Tar\u0131k\",\"@id\":\"https:\/\/narteks.net\/#\/schema\/person\/61f37d9834294b72d31d274e7ed79bca\"},\"headline\":\"NAZAR\",\"datePublished\":\"2009-12-25T14:55:51+00:00\",\"mainEntityOfPage\":{\"@id\":\"https:\/\/narteks.net\/index.php\/2009\/12\/25\/nazar\/\"},\"wordCount\":248,\"commentCount\":0,\"publisher\":{\"@id\":\"https:\/\/narteks.net\/#organization\"},\"articleSection\":[\"Yahya Kemal BEYATLI\"],\"inLanguage\":\"tr\",\"potentialAction\":[{\"@type\":\"CommentAction\",\"name\":\"Comment\",\"target\":[\"https:\/\/narteks.net\/index.php\/2009\/12\/25\/nazar\/#respond\"]}]},{\"@type\":\"WebPage\",\"@id\":\"https:\/\/narteks.net\/index.php\/2009\/12\/25\/nazar\/\",\"url\":\"https:\/\/narteks.net\/index.php\/2009\/12\/25\/nazar\/\",\"name\":\"NAZAR - narteks.net\",\"isPartOf\":{\"@id\":\"https:\/\/narteks.net\/#website\"},\"datePublished\":\"2009-12-25T14:55:51+00:00\",\"breadcrumb\":{\"@id\":\"https:\/\/narteks.net\/index.php\/2009\/12\/25\/nazar\/#breadcrumb\"},\"inLanguage\":\"tr\",\"potentialAction\":[{\"@type\":\"ReadAction\",\"target\":[\"https:\/\/narteks.net\/index.php\/2009\/12\/25\/nazar\/\"]}]},{\"@type\":\"BreadcrumbList\",\"@id\":\"https:\/\/narteks.net\/index.php\/2009\/12\/25\/nazar\/#breadcrumb\",\"itemListElement\":[{\"@type\":\"ListItem\",\"position\":1,\"name\":\"Anasayfa\",\"item\":\"https:\/\/narteks.net\/\"},{\"@type\":\"ListItem\",\"position\":2,\"name\":\"NAZAR\"}]},{\"@type\":\"WebSite\",\"@id\":\"https:\/\/narteks.net\/#website\",\"url\":\"https:\/\/narteks.net\/\",\"name\":\"narteks.net\",\"description\":\"K\u00fclt\u00fcr Sanat Edebiyat Felsefe\",\"publisher\":{\"@id\":\"https:\/\/narteks.net\/#organization\"},\"alternateName\":\"K\u00fclt\u00fcr Sanat Edebiyat Felsefe\",\"potentialAction\":[{\"@type\":\"SearchAction\",\"target\":{\"@type\":\"EntryPoint\",\"urlTemplate\":\"https:\/\/narteks.net\/?s={search_term_string}\"},\"query-input\":{\"@type\":\"PropertyValueSpecification\",\"valueRequired\":true,\"valueName\":\"search_term_string\"}}],\"inLanguage\":\"tr\"},{\"@type\":\"Organization\",\"@id\":\"https:\/\/narteks.net\/#organization\",\"name\":\"narteks.net\",\"url\":\"https:\/\/narteks.net\/\",\"logo\":{\"@type\":\"ImageObject\",\"inLanguage\":\"tr\",\"@id\":\"https:\/\/narteks.net\/#\/schema\/logo\/image\/\",\"url\":\"https:\/\/narteks.net\/wp-content\/uploads\/narteks.png\",\"contentUrl\":\"https:\/\/narteks.net\/wp-content\/uploads\/narteks.png\",\"width\":300,\"height\":90,\"caption\":\"narteks.net\"},\"image\":{\"@id\":\"https:\/\/narteks.net\/#\/schema\/logo\/image\/\"},\"sameAs\":[\"https:\/\/x.com\/narteks\",\"https:\/\/instagram.com\/narteksnet\"]},{\"@type\":\"Person\",\"@id\":\"https:\/\/narteks.net\/#\/schema\/person\/61f37d9834294b72d31d274e7ed79bca\",\"name\":\"Tar\u0131k\",\"image\":{\"@type\":\"ImageObject\",\"inLanguage\":\"tr\",\"@id\":\"https:\/\/narteks.net\/#\/schema\/person\/image\/\",\"url\":\"https:\/\/secure.gravatar.com\/avatar\/50865afb55632c4ae467e0af0930f6510aa2297d8014be502a55b14f3b7550cf?s=96&d=mm&r=g\",\"contentUrl\":\"https:\/\/secure.gravatar.com\/avatar\/50865afb55632c4ae467e0af0930f6510aa2297d8014be502a55b14f3b7550cf?s=96&d=mm&r=g\",\"caption\":\"Tar\u0131k\"},\"sameAs\":[\"http:\/\/narteks.net\"],\"url\":\"https:\/\/narteks.net\/index.php\/author\/narbak\/\"}]}<\/script>\n<!-- \/ Yoast SEO Premium plugin. -->","yoast_head_json":{"title":"NAZAR - narteks.net","robots":{"index":"index","follow":"follow","max-snippet":"max-snippet:-1","max-image-preview":"max-image-preview:large","max-video-preview":"max-video-preview:-1"},"canonical":"https:\/\/narteks.net\/index.php\/2009\/12\/25\/nazar\/","og_locale":"tr_TR","og_type":"article","og_title":"NAZAR","og_description":"\u00a0 Gece, Leyl\u00e2\u2019y\u0131 ay\u0131n on d\u00f6rd\u00fc, Koyda tenh\u00e2 y\u0131kan\u0131rken g\u00f6rd\u00fc. \u201cK\u0131z v\u00fcc\u00fbdun ne g\u00fczel b\u00f6yle a\u00e7\u0131k! K\u0131z yak\u0131ndan g\u00f6reyim s\u00e2hile \u00e7\u0131k!\u201d Bakt\u0131 etr\u00e2f\u0131na \u00fcrkek, \u00fcrkek Dedi: \u201cTenh\u00e2da bu ses nolsa gerek,\u201d \u201cK\u0131z v\u00fcc\u00fbdun sar\u0131 g\u00fcller gibi ter!\u201d Dedi: \u201cTenh\u00e2da bu ses nolsa gerek?\u201d Aran\u0131rken ay\u0131n \u00f6lg\u00fcn sesini, So\u011fuk ay \u00f6pt\u00fc beyaz ensesini. Sard\u0131 her uzvunu [&hellip;]","og_url":"https:\/\/narteks.net\/index.php\/2009\/12\/25\/nazar\/","og_site_name":"narteks.net","article_published_time":"2009-12-25T14:55:51+00:00","og_image":[{"width":300,"height":90,"url":"https:\/\/narteks.net\/wp-content\/uploads\/narteks.png","type":"image\/png"}],"author":"Tar\u0131k","twitter_card":"summary_large_image","twitter_creator":"@narteks","twitter_site":"@narteks","twitter_misc":{"Yazan:":"Tar\u0131k","Tahmini okuma s\u00fcresi":"1 dakika"},"schema":{"@context":"https:\/\/schema.org","@graph":[{"@type":"Article","@id":"https:\/\/narteks.net\/index.php\/2009\/12\/25\/nazar\/#article","isPartOf":{"@id":"https:\/\/narteks.net\/index.php\/2009\/12\/25\/nazar\/"},"author":{"name":"Tar\u0131k","@id":"https:\/\/narteks.net\/#\/schema\/person\/61f37d9834294b72d31d274e7ed79bca"},"headline":"NAZAR","datePublished":"2009-12-25T14:55:51+00:00","mainEntityOfPage":{"@id":"https:\/\/narteks.net\/index.php\/2009\/12\/25\/nazar\/"},"wordCount":248,"commentCount":0,"publisher":{"@id":"https:\/\/narteks.net\/#organization"},"articleSection":["Yahya Kemal BEYATLI"],"inLanguage":"tr","potentialAction":[{"@type":"CommentAction","name":"Comment","target":["https:\/\/narteks.net\/index.php\/2009\/12\/25\/nazar\/#respond"]}]},{"@type":"WebPage","@id":"https:\/\/narteks.net\/index.php\/2009\/12\/25\/nazar\/","url":"https:\/\/narteks.net\/index.php\/2009\/12\/25\/nazar\/","name":"NAZAR - narteks.net","isPartOf":{"@id":"https:\/\/narteks.net\/#website"},"datePublished":"2009-12-25T14:55:51+00:00","breadcrumb":{"@id":"https:\/\/narteks.net\/index.php\/2009\/12\/25\/nazar\/#breadcrumb"},"inLanguage":"tr","potentialAction":[{"@type":"ReadAction","target":["https:\/\/narteks.net\/index.php\/2009\/12\/25\/nazar\/"]}]},{"@type":"BreadcrumbList","@id":"https:\/\/narteks.net\/index.php\/2009\/12\/25\/nazar\/#breadcrumb","itemListElement":[{"@type":"ListItem","position":1,"name":"Anasayfa","item":"https:\/\/narteks.net\/"},{"@type":"ListItem","position":2,"name":"NAZAR"}]},{"@type":"WebSite","@id":"https:\/\/narteks.net\/#website","url":"https:\/\/narteks.net\/","name":"narteks.net","description":"K\u00fclt\u00fcr Sanat Edebiyat Felsefe","publisher":{"@id":"https:\/\/narteks.net\/#organization"},"alternateName":"K\u00fclt\u00fcr Sanat Edebiyat Felsefe","potentialAction":[{"@type":"SearchAction","target":{"@type":"EntryPoint","urlTemplate":"https:\/\/narteks.net\/?s={search_term_string}"},"query-input":{"@type":"PropertyValueSpecification","valueRequired":true,"valueName":"search_term_string"}}],"inLanguage":"tr"},{"@type":"Organization","@id":"https:\/\/narteks.net\/#organization","name":"narteks.net","url":"https:\/\/narteks.net\/","logo":{"@type":"ImageObject","inLanguage":"tr","@id":"https:\/\/narteks.net\/#\/schema\/logo\/image\/","url":"https:\/\/narteks.net\/wp-content\/uploads\/narteks.png","contentUrl":"https:\/\/narteks.net\/wp-content\/uploads\/narteks.png","width":300,"height":90,"caption":"narteks.net"},"image":{"@id":"https:\/\/narteks.net\/#\/schema\/logo\/image\/"},"sameAs":["https:\/\/x.com\/narteks","https:\/\/instagram.com\/narteksnet"]},{"@type":"Person","@id":"https:\/\/narteks.net\/#\/schema\/person\/61f37d9834294b72d31d274e7ed79bca","name":"Tar\u0131k","image":{"@type":"ImageObject","inLanguage":"tr","@id":"https:\/\/narteks.net\/#\/schema\/person\/image\/","url":"https:\/\/secure.gravatar.com\/avatar\/50865afb55632c4ae467e0af0930f6510aa2297d8014be502a55b14f3b7550cf?s=96&d=mm&r=g","contentUrl":"https:\/\/secure.gravatar.com\/avatar\/50865afb55632c4ae467e0af0930f6510aa2297d8014be502a55b14f3b7550cf?s=96&d=mm&r=g","caption":"Tar\u0131k"},"sameAs":["http:\/\/narteks.net"],"url":"https:\/\/narteks.net\/index.php\/author\/narbak\/"}]}},"_links":{"self":[{"href":"https:\/\/narteks.net\/index.php\/wp-json\/wp\/v2\/posts\/3130","targetHints":{"allow":["GET"]}}],"collection":[{"href":"https:\/\/narteks.net\/index.php\/wp-json\/wp\/v2\/posts"}],"about":[{"href":"https:\/\/narteks.net\/index.php\/wp-json\/wp\/v2\/types\/post"}],"author":[{"embeddable":true,"href":"https:\/\/narteks.net\/index.php\/wp-json\/wp\/v2\/users\/1"}],"replies":[{"embeddable":true,"href":"https:\/\/narteks.net\/index.php\/wp-json\/wp\/v2\/comments?post=3130"}],"version-history":[{"count":0,"href":"https:\/\/narteks.net\/index.php\/wp-json\/wp\/v2\/posts\/3130\/revisions"}],"wp:attachment":[{"href":"https:\/\/narteks.net\/index.php\/wp-json\/wp\/v2\/media?parent=3130"}],"wp:term":[{"taxonomy":"category","embeddable":true,"href":"https:\/\/narteks.net\/index.php\/wp-json\/wp\/v2\/categories?post=3130"},{"taxonomy":"post_tag","embeddable":true,"href":"https:\/\/narteks.net\/index.php\/wp-json\/wp\/v2\/tags?post=3130"}],"curies":[{"name":"wp","href":"https:\/\/api.w.org\/{rel}","templated":true}]}}