{"id":3140,"date":"2009-12-25T18:01:51","date_gmt":"2009-12-25T15:01:51","guid":{"rendered":"http:\/\/localhost\/wordpress\/2009\/12\/25\/ufuklar\/"},"modified":"2009-12-25T18:01:51","modified_gmt":"2009-12-25T15:01:51","slug":"ufuklar","status":"publish","type":"post","link":"https:\/\/narteks.net\/index.php\/2009\/12\/25\/ufuklar\/","title":{"rendered":"UFUKLAR"},"content":{"rendered":"<p>\u00a0<\/p>\n<p style=\"margin-left: 25px; margin-top: 5px; margin-bottom: 5px;\">R\u00fbh ufuksuz ya\u015famaz.<\/p>\n<p style=\"margin-left: 25px; margin-top: 5px; margin-bottom: 5px;\">Da\u011flar ufkunda  meh\u00e2bet,<\/p>\n<p style=\"margin-left: 25px; margin-top: 5px; margin-bottom: 5px;\">Ova ufkunda huzur,<\/p>\n<p style=\"margin-left: 25px; margin-top: 5px; margin-bottom: 5px;\">Deniz ufkunda  tesell\u00ee duyulur.<\/p>\n<p style=\"margin-left: 25px; margin-top: 5px; margin-bottom: 5px;\">Yaln\u0131z onlarda bulur  r\u00fbh ezel\u00ee lezzetini.<\/p>\n<p style=\"margin-left: 25px; margin-top: 5px; margin-bottom: 5px;\">Bu ufuklar avutur  r\u00fbhu saatlerce, fakat<\/p>\n<p style=\"margin-left: 25px; margin-top: 5px; margin-bottom: 5px;\">Bir zaman sonra  derinden duyulur yaln\u0131zl\u0131k.<\/p>\n<p style=\"margin-left: 25px; margin-top: 5px; margin-bottom: 5px;\">R\u00fbh arar kendine bir  r\u00fbh ufku.<\/p>\n<p style=\"margin-left: 25px; margin-top: 5px; margin-bottom: 5px;\">Manevi ufku pek  engin ulu peygamberler<\/p>\n<p style=\"margin-left: 25px; margin-top: 5px; margin-bottom: 5px;\">&#8211; Bahsin \u00fcst\u00fcndedir  onlar- l\u00e2kin<\/p>\n<p style=\"margin-left: 25px; margin-top: 5px; margin-bottom: 5px;\">Hayli mes&#8217;ud idiler  d\u00fcny\u00e2da;<\/p>\n<p style=\"margin-left: 25px; margin-top: 5px; margin-bottom: 5px;\">Ya\u015f\u0131yorlard\u0131  hav\u00e2rileri, ash\u00e2b\u0131yle;<\/p>\n<p style=\"margin-left: 25px; margin-top: 5px; margin-bottom: 5px;\">Ne ufuklar! Ne g\u00fczel  r\u00fbh imi\u015f onlar! Y\u00e2rab!<\/p>\n<p style=\"margin-left: 25px; margin-top: 5px; margin-bottom: 5px;\">\u00a0<\/p>\n<p style=\"margin-left: 25px; margin-top: 5px; margin-bottom: 5px;\">Annemin na&#8217;\u015f\u0131n\u0131  g\u00f6rd\u00fcmd\u00fc;<\/p>\n<p style=\"margin-left: 25px; margin-top: 5px; margin-bottom: 5px;\">Bak\u0131yorken bana  sabit ve donuk g\u00f6zlerle,<\/p>\n<p style=\"margin-left: 25px; margin-top: 5px; margin-bottom: 5px;\">Ac\u0131dan  \u00e7\u0131ld\u0131racakt\u0131m.<\/p>\n<p style=\"margin-left: 25px; margin-top: 5px; margin-bottom: 5px;\">Aradan elli dokuz  y\u0131l ge\u00e7ti.<\/p>\n<p style=\"margin-left: 25px; margin-top: 5px; margin-bottom: 5px;\">\u00c2h o s\u00e2bit bak\u0131\u015f  el&#8217;an yarad\u0131r kalbimde,<\/p>\n<p style=\"margin-left: 25px; margin-top: 5px; margin-bottom: 5px;\">O ya\u015farken o sem\u00e2v\u00ee,  o g\u00fcl\u00fcmser g\u00f6zler<\/p>\n<p style=\"margin-left: 25px; margin-top: 5px; margin-bottom: 5px;\">Ne kadar engin  ufuklard\u0131 bana;<\/p>\n<p style=\"margin-left: 25px; margin-top: 5px; margin-bottom: 5px;\">Tene\u015fir tahtas\u0131  \u00fcst\u00fcnde o g\u00fcn,<\/p>\n<p style=\"margin-left: 25px; margin-top: 5px; margin-bottom: 5px;\">Bakmaz olmu\u015flard\u0131  art\u0131k bu bizim d\u00fcny\u00e2ya.<\/p>\n<p style=\"margin-left: 25px; margin-top: 5px; margin-bottom: 5px;\">\u00a0<\/p>\n<p style=\"margin-left: 25px; margin-top: 5px; margin-bottom: 5px;\">Ya\u015f\u0131yan her f\u00e2n\u00ee<\/p>\n<p style=\"margin-left: 25px; margin-top: 5px; margin-bottom: 5px;\">Ya\u015f\u0131yan r\u00fbh \u00f6zler,<\/p>\n<p style=\"margin-left: 25px; margin-top: 5px; margin-bottom: 5px;\">Her s\u0131k\u0131ld\u0131k\u00e7a arar,<\/p>\n<p style=\"margin-left: 25px; margin-top: 5px; margin-bottom: 5px;\">Dar hay\u00e2t\u0131nda ya  dost ufku, ya c\u00e2nan ufku.<\/p>\n","protected":false},"excerpt":{"rendered":"<p>\u00a0 R\u00fbh ufuksuz ya\u015famaz. Da\u011flar ufkunda meh\u00e2bet, Ova ufkunda huzur, Deniz ufkunda tesell\u00ee duyulur. Yaln\u0131z onlarda bulur r\u00fbh ezel\u00ee lezzetini. Bu ufuklar avutur r\u00fbhu saatlerce, fakat Bir zaman sonra derinden duyulur yaln\u0131zl\u0131k. R\u00fbh arar kendine bir r\u00fbh ufku. Manevi ufku pek engin ulu peygamberler &#8211; Bahsin \u00fcst\u00fcndedir onlar- l\u00e2kin Hayli mes&#8217;ud idiler d\u00fcny\u00e2da; Ya\u015f\u0131yorlard\u0131 hav\u00e2rileri, [&hellip;]<\/p>\n","protected":false},"author":1,"featured_media":0,"comment_status":"open","ping_status":"open","sticky":false,"template":"","format":"standard","meta":{"footnotes":""},"categories":[106],"tags":[],"class_list":{"0":"post-3140","1":"post","2":"type-post","3":"status-publish","4":"format-standard","6":"category-yahya-kemal-beyatli"},"yoast_head":"<!-- This site is optimized with the Yoast SEO Premium plugin v24.9 (Yoast SEO v24.9) - https:\/\/yoast.com\/wordpress\/plugins\/seo\/ -->\n<title>UFUKLAR - narteks.net<\/title>\n<meta name=\"robots\" content=\"index, follow, max-snippet:-1, max-image-preview:large, max-video-preview:-1\" \/>\n<link rel=\"canonical\" href=\"https:\/\/narteks.net\/index.php\/2009\/12\/25\/ufuklar\/\" \/>\n<meta property=\"og:locale\" content=\"tr_TR\" \/>\n<meta property=\"og:type\" content=\"article\" \/>\n<meta property=\"og:title\" content=\"UFUKLAR\" \/>\n<meta property=\"og:description\" content=\"\u00a0 R\u00fbh ufuksuz ya\u015famaz. Da\u011flar ufkunda meh\u00e2bet, Ova ufkunda huzur, Deniz ufkunda tesell\u00ee duyulur. Yaln\u0131z onlarda bulur r\u00fbh ezel\u00ee lezzetini. Bu ufuklar avutur r\u00fbhu saatlerce, fakat Bir zaman sonra derinden duyulur yaln\u0131zl\u0131k. R\u00fbh arar kendine bir r\u00fbh ufku. Manevi ufku pek engin ulu peygamberler &#8211; Bahsin \u00fcst\u00fcndedir onlar- l\u00e2kin Hayli mes&#8217;ud idiler d\u00fcny\u00e2da; Ya\u015f\u0131yorlard\u0131 hav\u00e2rileri, [&hellip;]\" \/>\n<meta property=\"og:url\" content=\"https:\/\/narteks.net\/index.php\/2009\/12\/25\/ufuklar\/\" \/>\n<meta property=\"og:site_name\" content=\"narteks.net\" \/>\n<meta property=\"article:published_time\" content=\"2009-12-25T15:01:51+00:00\" \/>\n<meta property=\"og:image\" content=\"https:\/\/narteks.net\/wp-content\/uploads\/narteks.png\" \/>\n\t<meta property=\"og:image:width\" content=\"300\" \/>\n\t<meta property=\"og:image:height\" content=\"90\" \/>\n\t<meta property=\"og:image:type\" content=\"image\/png\" \/>\n<meta name=\"author\" content=\"Tar\u0131k\" \/>\n<meta name=\"twitter:card\" content=\"summary_large_image\" \/>\n<meta name=\"twitter:creator\" content=\"@narteks\" \/>\n<meta name=\"twitter:site\" content=\"@narteks\" \/>\n<meta name=\"twitter:label1\" content=\"Yazan:\" \/>\n\t<meta name=\"twitter:data1\" content=\"Tar\u0131k\" \/>\n\t<meta name=\"twitter:label2\" content=\"Tahmini okuma s\u00fcresi\" \/>\n\t<meta name=\"twitter:data2\" content=\"1 dakika\" \/>\n<script type=\"application\/ld+json\" class=\"yoast-schema-graph\">{\"@context\":\"https:\/\/schema.org\",\"@graph\":[{\"@type\":\"Article\",\"@id\":\"https:\/\/narteks.net\/index.php\/2009\/12\/25\/ufuklar\/#article\",\"isPartOf\":{\"@id\":\"https:\/\/narteks.net\/index.php\/2009\/12\/25\/ufuklar\/\"},\"author\":{\"name\":\"Tar\u0131k\",\"@id\":\"https:\/\/narteks.net\/#\/schema\/person\/61f37d9834294b72d31d274e7ed79bca\"},\"headline\":\"UFUKLAR\",\"datePublished\":\"2009-12-25T15:01:51+00:00\",\"mainEntityOfPage\":{\"@id\":\"https:\/\/narteks.net\/index.php\/2009\/12\/25\/ufuklar\/\"},\"wordCount\":184,\"commentCount\":0,\"publisher\":{\"@id\":\"https:\/\/narteks.net\/#organization\"},\"articleSection\":[\"Yahya Kemal BEYATLI\"],\"inLanguage\":\"tr\",\"potentialAction\":[{\"@type\":\"CommentAction\",\"name\":\"Comment\",\"target\":[\"https:\/\/narteks.net\/index.php\/2009\/12\/25\/ufuklar\/#respond\"]}]},{\"@type\":\"WebPage\",\"@id\":\"https:\/\/narteks.net\/index.php\/2009\/12\/25\/ufuklar\/\",\"url\":\"https:\/\/narteks.net\/index.php\/2009\/12\/25\/ufuklar\/\",\"name\":\"UFUKLAR - narteks.net\",\"isPartOf\":{\"@id\":\"https:\/\/narteks.net\/#website\"},\"datePublished\":\"2009-12-25T15:01:51+00:00\",\"breadcrumb\":{\"@id\":\"https:\/\/narteks.net\/index.php\/2009\/12\/25\/ufuklar\/#breadcrumb\"},\"inLanguage\":\"tr\",\"potentialAction\":[{\"@type\":\"ReadAction\",\"target\":[\"https:\/\/narteks.net\/index.php\/2009\/12\/25\/ufuklar\/\"]}]},{\"@type\":\"BreadcrumbList\",\"@id\":\"https:\/\/narteks.net\/index.php\/2009\/12\/25\/ufuklar\/#breadcrumb\",\"itemListElement\":[{\"@type\":\"ListItem\",\"position\":1,\"name\":\"Anasayfa\",\"item\":\"https:\/\/narteks.net\/\"},{\"@type\":\"ListItem\",\"position\":2,\"name\":\"UFUKLAR\"}]},{\"@type\":\"WebSite\",\"@id\":\"https:\/\/narteks.net\/#website\",\"url\":\"https:\/\/narteks.net\/\",\"name\":\"narteks.net\",\"description\":\"K\u00fclt\u00fcr Sanat Edebiyat Felsefe\",\"publisher\":{\"@id\":\"https:\/\/narteks.net\/#organization\"},\"alternateName\":\"K\u00fclt\u00fcr Sanat Edebiyat Felsefe\",\"potentialAction\":[{\"@type\":\"SearchAction\",\"target\":{\"@type\":\"EntryPoint\",\"urlTemplate\":\"https:\/\/narteks.net\/?s={search_term_string}\"},\"query-input\":{\"@type\":\"PropertyValueSpecification\",\"valueRequired\":true,\"valueName\":\"search_term_string\"}}],\"inLanguage\":\"tr\"},{\"@type\":\"Organization\",\"@id\":\"https:\/\/narteks.net\/#organization\",\"name\":\"narteks.net\",\"url\":\"https:\/\/narteks.net\/\",\"logo\":{\"@type\":\"ImageObject\",\"inLanguage\":\"tr\",\"@id\":\"https:\/\/narteks.net\/#\/schema\/logo\/image\/\",\"url\":\"https:\/\/narteks.net\/wp-content\/uploads\/narteks.png\",\"contentUrl\":\"https:\/\/narteks.net\/wp-content\/uploads\/narteks.png\",\"width\":300,\"height\":90,\"caption\":\"narteks.net\"},\"image\":{\"@id\":\"https:\/\/narteks.net\/#\/schema\/logo\/image\/\"},\"sameAs\":[\"https:\/\/x.com\/narteks\",\"https:\/\/instagram.com\/narteksnet\"]},{\"@type\":\"Person\",\"@id\":\"https:\/\/narteks.net\/#\/schema\/person\/61f37d9834294b72d31d274e7ed79bca\",\"name\":\"Tar\u0131k\",\"image\":{\"@type\":\"ImageObject\",\"inLanguage\":\"tr\",\"@id\":\"https:\/\/narteks.net\/#\/schema\/person\/image\/\",\"url\":\"https:\/\/secure.gravatar.com\/avatar\/50865afb55632c4ae467e0af0930f6510aa2297d8014be502a55b14f3b7550cf?s=96&d=mm&r=g\",\"contentUrl\":\"https:\/\/secure.gravatar.com\/avatar\/50865afb55632c4ae467e0af0930f6510aa2297d8014be502a55b14f3b7550cf?s=96&d=mm&r=g\",\"caption\":\"Tar\u0131k\"},\"sameAs\":[\"http:\/\/narteks.net\"],\"url\":\"https:\/\/narteks.net\/index.php\/author\/narbak\/\"}]}<\/script>\n<!-- \/ Yoast SEO Premium plugin. -->","yoast_head_json":{"title":"UFUKLAR - narteks.net","robots":{"index":"index","follow":"follow","max-snippet":"max-snippet:-1","max-image-preview":"max-image-preview:large","max-video-preview":"max-video-preview:-1"},"canonical":"https:\/\/narteks.net\/index.php\/2009\/12\/25\/ufuklar\/","og_locale":"tr_TR","og_type":"article","og_title":"UFUKLAR","og_description":"\u00a0 R\u00fbh ufuksuz ya\u015famaz. Da\u011flar ufkunda meh\u00e2bet, Ova ufkunda huzur, Deniz ufkunda tesell\u00ee duyulur. Yaln\u0131z onlarda bulur r\u00fbh ezel\u00ee lezzetini. Bu ufuklar avutur r\u00fbhu saatlerce, fakat Bir zaman sonra derinden duyulur yaln\u0131zl\u0131k. R\u00fbh arar kendine bir r\u00fbh ufku. Manevi ufku pek engin ulu peygamberler &#8211; Bahsin \u00fcst\u00fcndedir onlar- l\u00e2kin Hayli mes&#8217;ud idiler d\u00fcny\u00e2da; Ya\u015f\u0131yorlard\u0131 hav\u00e2rileri, [&hellip;]","og_url":"https:\/\/narteks.net\/index.php\/2009\/12\/25\/ufuklar\/","og_site_name":"narteks.net","article_published_time":"2009-12-25T15:01:51+00:00","og_image":[{"width":300,"height":90,"url":"https:\/\/narteks.net\/wp-content\/uploads\/narteks.png","type":"image\/png"}],"author":"Tar\u0131k","twitter_card":"summary_large_image","twitter_creator":"@narteks","twitter_site":"@narteks","twitter_misc":{"Yazan:":"Tar\u0131k","Tahmini okuma s\u00fcresi":"1 dakika"},"schema":{"@context":"https:\/\/schema.org","@graph":[{"@type":"Article","@id":"https:\/\/narteks.net\/index.php\/2009\/12\/25\/ufuklar\/#article","isPartOf":{"@id":"https:\/\/narteks.net\/index.php\/2009\/12\/25\/ufuklar\/"},"author":{"name":"Tar\u0131k","@id":"https:\/\/narteks.net\/#\/schema\/person\/61f37d9834294b72d31d274e7ed79bca"},"headline":"UFUKLAR","datePublished":"2009-12-25T15:01:51+00:00","mainEntityOfPage":{"@id":"https:\/\/narteks.net\/index.php\/2009\/12\/25\/ufuklar\/"},"wordCount":184,"commentCount":0,"publisher":{"@id":"https:\/\/narteks.net\/#organization"},"articleSection":["Yahya Kemal BEYATLI"],"inLanguage":"tr","potentialAction":[{"@type":"CommentAction","name":"Comment","target":["https:\/\/narteks.net\/index.php\/2009\/12\/25\/ufuklar\/#respond"]}]},{"@type":"WebPage","@id":"https:\/\/narteks.net\/index.php\/2009\/12\/25\/ufuklar\/","url":"https:\/\/narteks.net\/index.php\/2009\/12\/25\/ufuklar\/","name":"UFUKLAR - narteks.net","isPartOf":{"@id":"https:\/\/narteks.net\/#website"},"datePublished":"2009-12-25T15:01:51+00:00","breadcrumb":{"@id":"https:\/\/narteks.net\/index.php\/2009\/12\/25\/ufuklar\/#breadcrumb"},"inLanguage":"tr","potentialAction":[{"@type":"ReadAction","target":["https:\/\/narteks.net\/index.php\/2009\/12\/25\/ufuklar\/"]}]},{"@type":"BreadcrumbList","@id":"https:\/\/narteks.net\/index.php\/2009\/12\/25\/ufuklar\/#breadcrumb","itemListElement":[{"@type":"ListItem","position":1,"name":"Anasayfa","item":"https:\/\/narteks.net\/"},{"@type":"ListItem","position":2,"name":"UFUKLAR"}]},{"@type":"WebSite","@id":"https:\/\/narteks.net\/#website","url":"https:\/\/narteks.net\/","name":"narteks.net","description":"K\u00fclt\u00fcr Sanat Edebiyat Felsefe","publisher":{"@id":"https:\/\/narteks.net\/#organization"},"alternateName":"K\u00fclt\u00fcr Sanat Edebiyat Felsefe","potentialAction":[{"@type":"SearchAction","target":{"@type":"EntryPoint","urlTemplate":"https:\/\/narteks.net\/?s={search_term_string}"},"query-input":{"@type":"PropertyValueSpecification","valueRequired":true,"valueName":"search_term_string"}}],"inLanguage":"tr"},{"@type":"Organization","@id":"https:\/\/narteks.net\/#organization","name":"narteks.net","url":"https:\/\/narteks.net\/","logo":{"@type":"ImageObject","inLanguage":"tr","@id":"https:\/\/narteks.net\/#\/schema\/logo\/image\/","url":"https:\/\/narteks.net\/wp-content\/uploads\/narteks.png","contentUrl":"https:\/\/narteks.net\/wp-content\/uploads\/narteks.png","width":300,"height":90,"caption":"narteks.net"},"image":{"@id":"https:\/\/narteks.net\/#\/schema\/logo\/image\/"},"sameAs":["https:\/\/x.com\/narteks","https:\/\/instagram.com\/narteksnet"]},{"@type":"Person","@id":"https:\/\/narteks.net\/#\/schema\/person\/61f37d9834294b72d31d274e7ed79bca","name":"Tar\u0131k","image":{"@type":"ImageObject","inLanguage":"tr","@id":"https:\/\/narteks.net\/#\/schema\/person\/image\/","url":"https:\/\/secure.gravatar.com\/avatar\/50865afb55632c4ae467e0af0930f6510aa2297d8014be502a55b14f3b7550cf?s=96&d=mm&r=g","contentUrl":"https:\/\/secure.gravatar.com\/avatar\/50865afb55632c4ae467e0af0930f6510aa2297d8014be502a55b14f3b7550cf?s=96&d=mm&r=g","caption":"Tar\u0131k"},"sameAs":["http:\/\/narteks.net"],"url":"https:\/\/narteks.net\/index.php\/author\/narbak\/"}]}},"_links":{"self":[{"href":"https:\/\/narteks.net\/index.php\/wp-json\/wp\/v2\/posts\/3140","targetHints":{"allow":["GET"]}}],"collection":[{"href":"https:\/\/narteks.net\/index.php\/wp-json\/wp\/v2\/posts"}],"about":[{"href":"https:\/\/narteks.net\/index.php\/wp-json\/wp\/v2\/types\/post"}],"author":[{"embeddable":true,"href":"https:\/\/narteks.net\/index.php\/wp-json\/wp\/v2\/users\/1"}],"replies":[{"embeddable":true,"href":"https:\/\/narteks.net\/index.php\/wp-json\/wp\/v2\/comments?post=3140"}],"version-history":[{"count":0,"href":"https:\/\/narteks.net\/index.php\/wp-json\/wp\/v2\/posts\/3140\/revisions"}],"wp:attachment":[{"href":"https:\/\/narteks.net\/index.php\/wp-json\/wp\/v2\/media?parent=3140"}],"wp:term":[{"taxonomy":"category","embeddable":true,"href":"https:\/\/narteks.net\/index.php\/wp-json\/wp\/v2\/categories?post=3140"},{"taxonomy":"post_tag","embeddable":true,"href":"https:\/\/narteks.net\/index.php\/wp-json\/wp\/v2\/tags?post=3140"}],"curies":[{"name":"wp","href":"https:\/\/api.w.org\/{rel}","templated":true}]}}