{"id":3141,"date":"2009-12-25T18:02:17","date_gmt":"2009-12-25T15:02:17","guid":{"rendered":"http:\/\/localhost\/wordpress\/2009\/12\/25\/uskudarin-dost-isiklari\/"},"modified":"2009-12-25T18:02:17","modified_gmt":"2009-12-25T15:02:17","slug":"uskudarin-dost-isiklari","status":"publish","type":"post","link":"https:\/\/narteks.net\/index.php\/2009\/12\/25\/uskudarin-dost-isiklari\/","title":{"rendered":"\u00dcSK\u00dcDARIN DOST I\u015eIKLARI"},"content":{"rendered":"<p>\u00a0<\/p>\n<p style=\"margin-left: 25px; margin-top: 5px; margin-bottom: 5px;\">\u00d6tmekte fecre kar\u015f\u0131 horozlar birer birer<\/p>\n<p style=\"margin-left: 25px; margin-top: 5px; margin-bottom: 5px;\">Ge\u00e7tik\u00e7e her dakika belirmektedir seher.<\/p>\n<p style=\"margin-left: 25px; margin-top: 5px; margin-bottom: 5px;\">\u00a0<\/p>\n<p style=\"margin-left: 25px; margin-top: 5px; margin-bottom: 5px;\">Bilmem ka\u00e7\u0131nc\u0131 fecri vatan topra\u011f\u0131nda, biz,<\/p>\n<p style=\"margin-left: 25px; margin-top: 5px; margin-bottom: 5px;\">G\u00f6rmekle \u015fimdi bir ya\u015fatan vecd i\u00e7indeyiz.<\/p>\n<p style=\"margin-left: 25px; margin-top: 5px; margin-bottom: 5px;\">\u00a0<\/p>\n<p style=\"margin-left: 25px; margin-top: 5px; margin-bottom: 5px;\">Etr\u00e2f\u0131 ok\u015fuyor may\u0131s\u0131n t\u00e2ze r\u00fczg\u00e2r\u0131;<\/p>\n<p style=\"margin-left: 25px; margin-top: 5px; margin-bottom: 5px;\">Kar\u015f\u0131mda k\u00f6hne \u00dcsk\u00fcdar&#8217;\u0131n dost \u0131\u015f\u0131klar\u0131&#8230;<\/p>\n<p style=\"margin-left: 25px; margin-top: 5px; margin-bottom: 5px;\">\u00a0<\/p>\n<p style=\"margin-left: 25px; margin-top: 5px; margin-bottom: 5px;\">Kimlersiniz? Ya ba\u011fr\u0131 yan\u0131k kimselersiniz!<\/p>\n<p style=\"margin-left: 25px; margin-top: 5px; margin-bottom: 5px;\">Y\u00e2hut da her sab\u00e2h uyan\u0131k kimselersiniz!<\/p>\n<p style=\"margin-left: 25px; margin-top: 5px; margin-bottom: 5px;\">\u00a0<\/p>\n<p style=\"margin-left: 25px; margin-top: 5px; margin-bottom: 5px;\">D\u00fcnya y\u00fcz\u00fcnde, bir sefer olsun, tan\u0131\u015fmadan,<\/p>\n<p style=\"margin-left: 25px; margin-top: 5px; margin-bottom: 5px;\">\u00d6z \u00e7ehrenizle sizleri g\u00f6rmekteyim bu an.<\/p>\n<p style=\"margin-left: 25px; margin-top: 5px; margin-bottom: 5px;\">\u00a0<\/p>\n<p style=\"margin-left: 25px; margin-top: 5px; margin-bottom: 5px;\">Sizlersiniz bu \u00e2n&#8217;\u0131 \u0131\u015f\u0131klarla T\u00fcrk eden!<\/p>\n<p style=\"margin-left: 25px; margin-top: 5px; margin-bottom: 5px;\">Eksilmesin \u015fu mutlu \u015fafaklar bu \u00fclkeden!<\/p>\n<p style=\"margin-left: 25px; margin-top: 5px; margin-bottom: 5px;\">\u00a0<\/p>\n<p style=\"margin-left: 25px; margin-top: 5px; margin-bottom: 5px;\">G\u00f6nl\u00fcm, dilim, kan\u0131m ve miz\u00e2c\u0131mla sizden&#8217;im<\/p>\n<p style=\"margin-left: 25px; margin-top: 5px; margin-bottom: 5px;\">D\u00fcny\u00e2 ve \u00e2hirette vatanda\u015flar\u0131m benim.<\/p>\n","protected":false},"excerpt":{"rendered":"<p>\u00a0 \u00d6tmekte fecre kar\u015f\u0131 horozlar birer birer Ge\u00e7tik\u00e7e her dakika belirmektedir seher. \u00a0 Bilmem ka\u00e7\u0131nc\u0131 fecri vatan topra\u011f\u0131nda, biz, G\u00f6rmekle \u015fimdi bir ya\u015fatan vecd i\u00e7indeyiz. \u00a0 Etr\u00e2f\u0131 ok\u015fuyor may\u0131s\u0131n t\u00e2ze r\u00fczg\u00e2r\u0131; Kar\u015f\u0131mda k\u00f6hne \u00dcsk\u00fcdar&#8217;\u0131n dost \u0131\u015f\u0131klar\u0131&#8230; \u00a0 Kimlersiniz? Ya ba\u011fr\u0131 yan\u0131k kimselersiniz! Y\u00e2hut da her sab\u00e2h uyan\u0131k kimselersiniz! \u00a0 D\u00fcnya y\u00fcz\u00fcnde, bir sefer olsun, tan\u0131\u015fmadan, [&hellip;]<\/p>\n","protected":false},"author":1,"featured_media":0,"comment_status":"open","ping_status":"open","sticky":false,"template":"","format":"standard","meta":{"footnotes":""},"categories":[106],"tags":[],"class_list":{"0":"post-3141","1":"post","2":"type-post","3":"status-publish","4":"format-standard","6":"category-yahya-kemal-beyatli"},"yoast_head":"<!-- This site is optimized with the Yoast SEO Premium plugin v24.9 (Yoast SEO v24.9) - https:\/\/yoast.com\/wordpress\/plugins\/seo\/ -->\n<title>\u00dcSK\u00dcDARIN DOST I\u015eIKLARI - narteks.net<\/title>\n<meta name=\"robots\" content=\"index, follow, max-snippet:-1, max-image-preview:large, max-video-preview:-1\" \/>\n<link rel=\"canonical\" href=\"https:\/\/narteks.net\/index.php\/2009\/12\/25\/uskudarin-dost-isiklari\/\" \/>\n<meta property=\"og:locale\" content=\"tr_TR\" \/>\n<meta property=\"og:type\" content=\"article\" \/>\n<meta property=\"og:title\" content=\"\u00dcSK\u00dcDARIN DOST I\u015eIKLARI\" \/>\n<meta property=\"og:description\" content=\"\u00a0 \u00d6tmekte fecre kar\u015f\u0131 horozlar birer birer Ge\u00e7tik\u00e7e her dakika belirmektedir seher. \u00a0 Bilmem ka\u00e7\u0131nc\u0131 fecri vatan topra\u011f\u0131nda, biz, G\u00f6rmekle \u015fimdi bir ya\u015fatan vecd i\u00e7indeyiz. \u00a0 Etr\u00e2f\u0131 ok\u015fuyor may\u0131s\u0131n t\u00e2ze r\u00fczg\u00e2r\u0131; Kar\u015f\u0131mda k\u00f6hne \u00dcsk\u00fcdar&#8217;\u0131n dost \u0131\u015f\u0131klar\u0131&#8230; \u00a0 Kimlersiniz? Ya ba\u011fr\u0131 yan\u0131k kimselersiniz! Y\u00e2hut da her sab\u00e2h uyan\u0131k kimselersiniz! \u00a0 D\u00fcnya y\u00fcz\u00fcnde, bir sefer olsun, tan\u0131\u015fmadan, [&hellip;]\" \/>\n<meta property=\"og:url\" content=\"https:\/\/narteks.net\/index.php\/2009\/12\/25\/uskudarin-dost-isiklari\/\" \/>\n<meta property=\"og:site_name\" content=\"narteks.net\" \/>\n<meta property=\"article:published_time\" content=\"2009-12-25T15:02:17+00:00\" \/>\n<meta property=\"og:image\" content=\"https:\/\/narteks.net\/wp-content\/uploads\/narteks.png\" \/>\n\t<meta property=\"og:image:width\" content=\"300\" \/>\n\t<meta property=\"og:image:height\" content=\"90\" \/>\n\t<meta property=\"og:image:type\" content=\"image\/png\" \/>\n<meta name=\"author\" content=\"Tar\u0131k\" \/>\n<meta name=\"twitter:card\" content=\"summary_large_image\" \/>\n<meta name=\"twitter:creator\" content=\"@narteks\" \/>\n<meta name=\"twitter:site\" content=\"@narteks\" \/>\n<meta name=\"twitter:label1\" content=\"Yazan:\" \/>\n\t<meta name=\"twitter:data1\" content=\"Tar\u0131k\" \/>\n\t<meta name=\"twitter:label2\" content=\"Tahmini okuma s\u00fcresi\" \/>\n\t<meta name=\"twitter:data2\" content=\"1 dakika\" \/>\n<script type=\"application\/ld+json\" class=\"yoast-schema-graph\">{\"@context\":\"https:\/\/schema.org\",\"@graph\":[{\"@type\":\"Article\",\"@id\":\"https:\/\/narteks.net\/index.php\/2009\/12\/25\/uskudarin-dost-isiklari\/#article\",\"isPartOf\":{\"@id\":\"https:\/\/narteks.net\/index.php\/2009\/12\/25\/uskudarin-dost-isiklari\/\"},\"author\":{\"name\":\"Tar\u0131k\",\"@id\":\"https:\/\/narteks.net\/#\/schema\/person\/61f37d9834294b72d31d274e7ed79bca\"},\"headline\":\"\u00dcSK\u00dcDARIN DOST I\u015eIKLARI\",\"datePublished\":\"2009-12-25T15:02:17+00:00\",\"mainEntityOfPage\":{\"@id\":\"https:\/\/narteks.net\/index.php\/2009\/12\/25\/uskudarin-dost-isiklari\/\"},\"wordCount\":121,\"commentCount\":0,\"publisher\":{\"@id\":\"https:\/\/narteks.net\/#organization\"},\"articleSection\":[\"Yahya Kemal BEYATLI\"],\"inLanguage\":\"tr\",\"potentialAction\":[{\"@type\":\"CommentAction\",\"name\":\"Comment\",\"target\":[\"https:\/\/narteks.net\/index.php\/2009\/12\/25\/uskudarin-dost-isiklari\/#respond\"]}]},{\"@type\":\"WebPage\",\"@id\":\"https:\/\/narteks.net\/index.php\/2009\/12\/25\/uskudarin-dost-isiklari\/\",\"url\":\"https:\/\/narteks.net\/index.php\/2009\/12\/25\/uskudarin-dost-isiklari\/\",\"name\":\"\u00dcSK\u00dcDARIN DOST I\u015eIKLARI - narteks.net\",\"isPartOf\":{\"@id\":\"https:\/\/narteks.net\/#website\"},\"datePublished\":\"2009-12-25T15:02:17+00:00\",\"breadcrumb\":{\"@id\":\"https:\/\/narteks.net\/index.php\/2009\/12\/25\/uskudarin-dost-isiklari\/#breadcrumb\"},\"inLanguage\":\"tr\",\"potentialAction\":[{\"@type\":\"ReadAction\",\"target\":[\"https:\/\/narteks.net\/index.php\/2009\/12\/25\/uskudarin-dost-isiklari\/\"]}]},{\"@type\":\"BreadcrumbList\",\"@id\":\"https:\/\/narteks.net\/index.php\/2009\/12\/25\/uskudarin-dost-isiklari\/#breadcrumb\",\"itemListElement\":[{\"@type\":\"ListItem\",\"position\":1,\"name\":\"Anasayfa\",\"item\":\"https:\/\/narteks.net\/\"},{\"@type\":\"ListItem\",\"position\":2,\"name\":\"\u00dcSK\u00dcDARIN DOST I\u015eIKLARI\"}]},{\"@type\":\"WebSite\",\"@id\":\"https:\/\/narteks.net\/#website\",\"url\":\"https:\/\/narteks.net\/\",\"name\":\"narteks.net\",\"description\":\"K\u00fclt\u00fcr Sanat Edebiyat Felsefe\",\"publisher\":{\"@id\":\"https:\/\/narteks.net\/#organization\"},\"alternateName\":\"K\u00fclt\u00fcr Sanat Edebiyat Felsefe\",\"potentialAction\":[{\"@type\":\"SearchAction\",\"target\":{\"@type\":\"EntryPoint\",\"urlTemplate\":\"https:\/\/narteks.net\/?s={search_term_string}\"},\"query-input\":{\"@type\":\"PropertyValueSpecification\",\"valueRequired\":true,\"valueName\":\"search_term_string\"}}],\"inLanguage\":\"tr\"},{\"@type\":\"Organization\",\"@id\":\"https:\/\/narteks.net\/#organization\",\"name\":\"narteks.net\",\"url\":\"https:\/\/narteks.net\/\",\"logo\":{\"@type\":\"ImageObject\",\"inLanguage\":\"tr\",\"@id\":\"https:\/\/narteks.net\/#\/schema\/logo\/image\/\",\"url\":\"https:\/\/narteks.net\/wp-content\/uploads\/narteks.png\",\"contentUrl\":\"https:\/\/narteks.net\/wp-content\/uploads\/narteks.png\",\"width\":300,\"height\":90,\"caption\":\"narteks.net\"},\"image\":{\"@id\":\"https:\/\/narteks.net\/#\/schema\/logo\/image\/\"},\"sameAs\":[\"https:\/\/x.com\/narteks\",\"https:\/\/instagram.com\/narteksnet\"]},{\"@type\":\"Person\",\"@id\":\"https:\/\/narteks.net\/#\/schema\/person\/61f37d9834294b72d31d274e7ed79bca\",\"name\":\"Tar\u0131k\",\"image\":{\"@type\":\"ImageObject\",\"inLanguage\":\"tr\",\"@id\":\"https:\/\/narteks.net\/#\/schema\/person\/image\/\",\"url\":\"https:\/\/secure.gravatar.com\/avatar\/50865afb55632c4ae467e0af0930f6510aa2297d8014be502a55b14f3b7550cf?s=96&d=mm&r=g\",\"contentUrl\":\"https:\/\/secure.gravatar.com\/avatar\/50865afb55632c4ae467e0af0930f6510aa2297d8014be502a55b14f3b7550cf?s=96&d=mm&r=g\",\"caption\":\"Tar\u0131k\"},\"sameAs\":[\"http:\/\/narteks.net\"],\"url\":\"https:\/\/narteks.net\/index.php\/author\/narbak\/\"}]}<\/script>\n<!-- \/ Yoast SEO Premium plugin. -->","yoast_head_json":{"title":"\u00dcSK\u00dcDARIN DOST I\u015eIKLARI - narteks.net","robots":{"index":"index","follow":"follow","max-snippet":"max-snippet:-1","max-image-preview":"max-image-preview:large","max-video-preview":"max-video-preview:-1"},"canonical":"https:\/\/narteks.net\/index.php\/2009\/12\/25\/uskudarin-dost-isiklari\/","og_locale":"tr_TR","og_type":"article","og_title":"\u00dcSK\u00dcDARIN DOST I\u015eIKLARI","og_description":"\u00a0 \u00d6tmekte fecre kar\u015f\u0131 horozlar birer birer Ge\u00e7tik\u00e7e her dakika belirmektedir seher. \u00a0 Bilmem ka\u00e7\u0131nc\u0131 fecri vatan topra\u011f\u0131nda, biz, G\u00f6rmekle \u015fimdi bir ya\u015fatan vecd i\u00e7indeyiz. \u00a0 Etr\u00e2f\u0131 ok\u015fuyor may\u0131s\u0131n t\u00e2ze r\u00fczg\u00e2r\u0131; Kar\u015f\u0131mda k\u00f6hne \u00dcsk\u00fcdar&#8217;\u0131n dost \u0131\u015f\u0131klar\u0131&#8230; \u00a0 Kimlersiniz? Ya ba\u011fr\u0131 yan\u0131k kimselersiniz! Y\u00e2hut da her sab\u00e2h uyan\u0131k kimselersiniz! \u00a0 D\u00fcnya y\u00fcz\u00fcnde, bir sefer olsun, tan\u0131\u015fmadan, [&hellip;]","og_url":"https:\/\/narteks.net\/index.php\/2009\/12\/25\/uskudarin-dost-isiklari\/","og_site_name":"narteks.net","article_published_time":"2009-12-25T15:02:17+00:00","og_image":[{"width":300,"height":90,"url":"https:\/\/narteks.net\/wp-content\/uploads\/narteks.png","type":"image\/png"}],"author":"Tar\u0131k","twitter_card":"summary_large_image","twitter_creator":"@narteks","twitter_site":"@narteks","twitter_misc":{"Yazan:":"Tar\u0131k","Tahmini okuma s\u00fcresi":"1 dakika"},"schema":{"@context":"https:\/\/schema.org","@graph":[{"@type":"Article","@id":"https:\/\/narteks.net\/index.php\/2009\/12\/25\/uskudarin-dost-isiklari\/#article","isPartOf":{"@id":"https:\/\/narteks.net\/index.php\/2009\/12\/25\/uskudarin-dost-isiklari\/"},"author":{"name":"Tar\u0131k","@id":"https:\/\/narteks.net\/#\/schema\/person\/61f37d9834294b72d31d274e7ed79bca"},"headline":"\u00dcSK\u00dcDARIN DOST I\u015eIKLARI","datePublished":"2009-12-25T15:02:17+00:00","mainEntityOfPage":{"@id":"https:\/\/narteks.net\/index.php\/2009\/12\/25\/uskudarin-dost-isiklari\/"},"wordCount":121,"commentCount":0,"publisher":{"@id":"https:\/\/narteks.net\/#organization"},"articleSection":["Yahya Kemal BEYATLI"],"inLanguage":"tr","potentialAction":[{"@type":"CommentAction","name":"Comment","target":["https:\/\/narteks.net\/index.php\/2009\/12\/25\/uskudarin-dost-isiklari\/#respond"]}]},{"@type":"WebPage","@id":"https:\/\/narteks.net\/index.php\/2009\/12\/25\/uskudarin-dost-isiklari\/","url":"https:\/\/narteks.net\/index.php\/2009\/12\/25\/uskudarin-dost-isiklari\/","name":"\u00dcSK\u00dcDARIN DOST I\u015eIKLARI - narteks.net","isPartOf":{"@id":"https:\/\/narteks.net\/#website"},"datePublished":"2009-12-25T15:02:17+00:00","breadcrumb":{"@id":"https:\/\/narteks.net\/index.php\/2009\/12\/25\/uskudarin-dost-isiklari\/#breadcrumb"},"inLanguage":"tr","potentialAction":[{"@type":"ReadAction","target":["https:\/\/narteks.net\/index.php\/2009\/12\/25\/uskudarin-dost-isiklari\/"]}]},{"@type":"BreadcrumbList","@id":"https:\/\/narteks.net\/index.php\/2009\/12\/25\/uskudarin-dost-isiklari\/#breadcrumb","itemListElement":[{"@type":"ListItem","position":1,"name":"Anasayfa","item":"https:\/\/narteks.net\/"},{"@type":"ListItem","position":2,"name":"\u00dcSK\u00dcDARIN DOST I\u015eIKLARI"}]},{"@type":"WebSite","@id":"https:\/\/narteks.net\/#website","url":"https:\/\/narteks.net\/","name":"narteks.net","description":"K\u00fclt\u00fcr Sanat Edebiyat Felsefe","publisher":{"@id":"https:\/\/narteks.net\/#organization"},"alternateName":"K\u00fclt\u00fcr Sanat Edebiyat Felsefe","potentialAction":[{"@type":"SearchAction","target":{"@type":"EntryPoint","urlTemplate":"https:\/\/narteks.net\/?s={search_term_string}"},"query-input":{"@type":"PropertyValueSpecification","valueRequired":true,"valueName":"search_term_string"}}],"inLanguage":"tr"},{"@type":"Organization","@id":"https:\/\/narteks.net\/#organization","name":"narteks.net","url":"https:\/\/narteks.net\/","logo":{"@type":"ImageObject","inLanguage":"tr","@id":"https:\/\/narteks.net\/#\/schema\/logo\/image\/","url":"https:\/\/narteks.net\/wp-content\/uploads\/narteks.png","contentUrl":"https:\/\/narteks.net\/wp-content\/uploads\/narteks.png","width":300,"height":90,"caption":"narteks.net"},"image":{"@id":"https:\/\/narteks.net\/#\/schema\/logo\/image\/"},"sameAs":["https:\/\/x.com\/narteks","https:\/\/instagram.com\/narteksnet"]},{"@type":"Person","@id":"https:\/\/narteks.net\/#\/schema\/person\/61f37d9834294b72d31d274e7ed79bca","name":"Tar\u0131k","image":{"@type":"ImageObject","inLanguage":"tr","@id":"https:\/\/narteks.net\/#\/schema\/person\/image\/","url":"https:\/\/secure.gravatar.com\/avatar\/50865afb55632c4ae467e0af0930f6510aa2297d8014be502a55b14f3b7550cf?s=96&d=mm&r=g","contentUrl":"https:\/\/secure.gravatar.com\/avatar\/50865afb55632c4ae467e0af0930f6510aa2297d8014be502a55b14f3b7550cf?s=96&d=mm&r=g","caption":"Tar\u0131k"},"sameAs":["http:\/\/narteks.net"],"url":"https:\/\/narteks.net\/index.php\/author\/narbak\/"}]}},"_links":{"self":[{"href":"https:\/\/narteks.net\/index.php\/wp-json\/wp\/v2\/posts\/3141","targetHints":{"allow":["GET"]}}],"collection":[{"href":"https:\/\/narteks.net\/index.php\/wp-json\/wp\/v2\/posts"}],"about":[{"href":"https:\/\/narteks.net\/index.php\/wp-json\/wp\/v2\/types\/post"}],"author":[{"embeddable":true,"href":"https:\/\/narteks.net\/index.php\/wp-json\/wp\/v2\/users\/1"}],"replies":[{"embeddable":true,"href":"https:\/\/narteks.net\/index.php\/wp-json\/wp\/v2\/comments?post=3141"}],"version-history":[{"count":0,"href":"https:\/\/narteks.net\/index.php\/wp-json\/wp\/v2\/posts\/3141\/revisions"}],"wp:attachment":[{"href":"https:\/\/narteks.net\/index.php\/wp-json\/wp\/v2\/media?parent=3141"}],"wp:term":[{"taxonomy":"category","embeddable":true,"href":"https:\/\/narteks.net\/index.php\/wp-json\/wp\/v2\/categories?post=3141"},{"taxonomy":"post_tag","embeddable":true,"href":"https:\/\/narteks.net\/index.php\/wp-json\/wp\/v2\/tags?post=3141"}],"curies":[{"name":"wp","href":"https:\/\/api.w.org\/{rel}","templated":true}]}}