{"id":3143,"date":"2009-12-25T18:03:19","date_gmt":"2009-12-25T15:03:19","guid":{"rendered":"http:\/\/localhost\/wordpress\/2009\/12\/25\/yol-dusuncesi\/"},"modified":"2009-12-25T18:03:19","modified_gmt":"2009-12-25T15:03:19","slug":"yol-dusuncesi","status":"publish","type":"post","link":"https:\/\/narteks.net\/index.php\/2009\/12\/25\/yol-dusuncesi\/","title":{"rendered":"YOL D\u00dc\u015e\u00dcNCES\u0130"},"content":{"rendered":"<p>\u00a0<\/p>\n<p style=\"margin-left: 25px; margin-top: 5px; margin-bottom: 5px;\">Bu def\u2019a fark\u0131na vard\u0131m ki ihtiyarlam\u0131\u015f\u0131m.<\/p>\n<p style=\"margin-left: 25px; margin-top: 5px; margin-bottom: 5px;\">Hay\u00e2t\u0131 bir cam\u0131n ard\u0131nda g\u00f6steren t\u0131ls\u0131m<\/p>\n<p style=\"margin-left: 25px; margin-top: 5px; margin-bottom: 5px;\">Bozulmu\u015f, anl\u0131yorum, \u00e7\u0131kt\u0131\u011f\u0131m sey\u00e2hatte.<\/p>\n<p style=\"margin-left: 25px; margin-top: 5px; margin-bottom: 5px;\">Cihan ve ben de\u011filiz art\u0131k eski h\u00e2lette.<\/p>\n<p style=\"margin-left: 25px; margin-top: 5px; margin-bottom: 5px;\">M\u0131s\u0131r ve S\u00fbriye, pek gen\u00e7 iken, hay\u00e2limdi;<\/p>\n<p style=\"margin-left: 25px; margin-top: 5px; margin-bottom: 5px;\">O \u00fclkelerde gezerken kay\u0131ds\u0131z\u0131m \u015fimdi.<\/p>\n<p style=\"margin-left: 25px; margin-top: 5px; margin-bottom: 5px;\">Bu g\u00f6zlerim, medeniyetlerin b\u0131rakt\u0131\u011f\u0131n\u0131,<\/p>\n<p style=\"margin-left: 25px; margin-top: 5px; margin-bottom: 5px;\">Be\u015f on y\u0131l \u00f6nce, g\u00f6r\u00fcr m\u00fcyd\u00fc, b\u00f6yle ta\u015f y\u0131\u011f\u0131n\u0131?<\/p>\n<p style=\"margin-left: 25px; margin-top: 5px; margin-bottom: 5px;\">Bug\u00fcnse yery\u00fcz\u00fc hep madde, her ufuk madd\u00ee.<\/p>\n<p style=\"margin-left: 25px; margin-top: 5px; margin-bottom: 5px;\">Demek ki alemin art\u0131k g\u00f6r\u00fcnd\u00fc serhaddi.<\/p>\n<p style=\"margin-left: 25px; margin-top: 5px; margin-bottom: 5px;\">\u00a0<\/p>\n<p style=\"margin-left: 25px; margin-top: 5px; margin-bottom: 5px;\">Ne Akdeniz\u2019&#8217;de \u015fafaklar, ne \u00e7\u00f6lde ak\u015famlar,<\/p>\n<p style=\"margin-left: 25px; margin-top: 5px; margin-bottom: 5px;\">Ne g\u00f6rmek istedi\u011fim Nil, ne k\u00f6hne Ehr\u00e2mlar,<\/p>\n<p style=\"margin-left: 25px; margin-top: 5px; margin-bottom: 5px;\">Ne B\u00e2lebek\u2019te l\u00e2tin devrinin har\u00e2beleri.<\/p>\n<p style=\"margin-left: 25px; margin-top: 5px; margin-bottom: 5px;\">Ne Biblos\u2019un Adonis\u2019den kalan sihirli yeri,<\/p>\n<p style=\"margin-left: 25px; margin-top: 5px; margin-bottom: 5px;\">Ne portakallar\u0131 sarkan bu ihti\u015faml\u0131 diy\u00e2r,<\/p>\n<p style=\"margin-left: 25px; margin-top: 5px; margin-bottom: 5px;\">Ne g\u00fcl, ne l\u00e2le, ne zambak, ne muz, ne hurma ve nar,<\/p>\n<p style=\"margin-left: 25px; margin-top: 5px; margin-bottom: 5px;\">\u00a0<\/p>\n<p style=\"margin-left: 25px; margin-top: 5px; margin-bottom: 5px;\">Ne \u015eam sem\u00e2s\u0131n\u0131 y\u00e2lel\u2019le dolduran \u015fark\u0131,<\/p>\n<p style=\"margin-left: 25px; margin-top: 5px; margin-bottom: 5px;\">Ne Zahle\u2019nin \u00fcz\u00fcm\u00fcnden \u00e7ekilmi\u015f eski rak\u0131,<\/p>\n<p style=\"margin-left: 25px; margin-top: 5px; margin-bottom: 5px;\">Felekten \u00f6zledi\u011fim zevki verdiler, heyh\u00e2t!<\/p>\n<p style=\"margin-left: 25px; margin-top: 5px; margin-bottom: 5px;\">Bu h\u00e2li, ya\u015fta de\u011fil, ba\u015fta farzeden bir z\u00e2t<\/p>\n<p style=\"margin-left: 25px; margin-top: 5px; margin-bottom: 5px;\">Diyordu: &#8220;\u0130nsana \u00e7arm\u0131hta haz verir \u00eeman!&#8221;<\/p>\n<p style=\"margin-left: 25px; margin-top: 5px; margin-bottom: 5px;\">Dedim ki: &#8220;Hazreti \u0130s\u00e2 da gen\u00e7 imi\u015f o zaman.&#8221;<\/p>\n<p style=\"margin-left: 25px; margin-top: 5px; margin-bottom: 5px;\">\u00a0<\/p>\n<p style=\"margin-left: 25px; margin-top: 5px; margin-bottom: 5px;\">E\u011fer mezarda, \u015fafak s\u00f6kmiyen o zindanda,<\/p>\n<p style=\"margin-left: 25px; margin-top: 5px; margin-bottom: 5px;\">Cesed \u00e7\u00fcr\u00fcr ve tahayy\u00fcl kal\u0131rsa insanda,<\/p>\n<p style=\"margin-left: 25px; margin-top: 5px; margin-bottom: 5px;\">&#8211; Cihan vatandan ib\u00e2rettir, \u00eetikad\u0131mca &#8211;<\/p>\n<p style=\"margin-left: 25px; margin-top: 5px; margin-bottom: 5px;\">Budur \u00f6l\u00fcmde benim \u00e7er\u00e7evem, mur\u00e2d\u0131mca;<\/p>\n<p style=\"margin-left: 25px; margin-top: 5px; margin-bottom: 5px;\">Vatan \u015fehirleri kar\u015f\u0131mda, her saat, bir bir;<\/p>\n<p style=\"margin-left: 25px; margin-top: 5px; margin-bottom: 5px;\">Fetihler ufku Tekirda\u011f ve sevdi\u011fim \u0130zmir;<\/p>\n<p style=\"margin-left: 25px; margin-top: 5px; margin-bottom: 5px;\">\u015eerefli kubbeler iklimi, Marmara\u2019yla Bo\u011faz;<\/p>\n<p style=\"margin-left: 25px; margin-top: 5px; margin-bottom: 5px;\">\u00dczerlerinde bulutsuz ve bitmiyen bir yaz;<\/p>\n<p style=\"margin-left: 25px; margin-top: 5px; margin-bottom: 5px;\">B\u00fct\u00fcn eserlerimiz, halk\u0131m\u0131z ve askerimiz;<\/p>\n<p style=\"margin-left: 25px; margin-top: 5px; margin-bottom: 5px;\">Birer birer g\u00f6r\u00fcnen anl\u0131 \u015fanl\u0131 cedlerimiz;<\/p>\n<p style=\"margin-left: 25px; margin-top: 5px; margin-bottom: 5px;\">\u0130\u00e7imde dalgal\u0131 Tekbir\u2019i en g\u00fczel d\u00eenin;<\/p>\n<p style=\"margin-left: 25px; margin-top: 5px; margin-bottom: 5px;\">Zaman zaman da &#8220;Nev\u00e2-K\u00e2r\u2019\u0131&#8221; do\u011fsun, Itr\u00ee\u2019nin.<\/p>\n<p style=\"margin-left: 25px; margin-top: 5px; margin-bottom: 5px;\">\u00d6l\u00fcm yabanc\u0131 bir \u00e2lemde bir geceyse bile,<\/p>\n<p style=\"margin-left: 25px; margin-top: 5px; margin-bottom: 5px;\">Tahayy\u00fcl\u00fcmde vatan kals\u0131n eski h\u00e2liyle.<\/p>\n","protected":false},"excerpt":{"rendered":"<p>\u00a0 Bu def\u2019a fark\u0131na vard\u0131m ki ihtiyarlam\u0131\u015f\u0131m. Hay\u00e2t\u0131 bir cam\u0131n ard\u0131nda g\u00f6steren t\u0131ls\u0131m Bozulmu\u015f, anl\u0131yorum, \u00e7\u0131kt\u0131\u011f\u0131m sey\u00e2hatte. Cihan ve ben de\u011filiz art\u0131k eski h\u00e2lette. M\u0131s\u0131r ve S\u00fbriye, pek gen\u00e7 iken, hay\u00e2limdi; O \u00fclkelerde gezerken kay\u0131ds\u0131z\u0131m \u015fimdi. Bu g\u00f6zlerim, medeniyetlerin b\u0131rakt\u0131\u011f\u0131n\u0131, Be\u015f on y\u0131l \u00f6nce, g\u00f6r\u00fcr m\u00fcyd\u00fc, b\u00f6yle ta\u015f y\u0131\u011f\u0131n\u0131? Bug\u00fcnse yery\u00fcz\u00fc hep madde, her ufuk [&hellip;]<\/p>\n","protected":false},"author":1,"featured_media":0,"comment_status":"open","ping_status":"open","sticky":false,"template":"","format":"standard","meta":{"footnotes":""},"categories":[106],"tags":[],"class_list":{"0":"post-3143","1":"post","2":"type-post","3":"status-publish","4":"format-standard","6":"category-yahya-kemal-beyatli"},"yoast_head":"<!-- This site is optimized with the Yoast SEO Premium plugin v24.9 (Yoast SEO v24.9) - https:\/\/yoast.com\/wordpress\/plugins\/seo\/ -->\n<title>YOL D\u00dc\u015e\u00dcNCES\u0130 - narteks.net<\/title>\n<meta name=\"robots\" content=\"index, follow, max-snippet:-1, max-image-preview:large, max-video-preview:-1\" \/>\n<link rel=\"canonical\" href=\"https:\/\/narteks.net\/index.php\/2009\/12\/25\/yol-dusuncesi\/\" \/>\n<meta property=\"og:locale\" content=\"tr_TR\" \/>\n<meta property=\"og:type\" content=\"article\" \/>\n<meta property=\"og:title\" content=\"YOL D\u00dc\u015e\u00dcNCES\u0130\" \/>\n<meta property=\"og:description\" content=\"\u00a0 Bu def\u2019a fark\u0131na vard\u0131m ki ihtiyarlam\u0131\u015f\u0131m. Hay\u00e2t\u0131 bir cam\u0131n ard\u0131nda g\u00f6steren t\u0131ls\u0131m Bozulmu\u015f, anl\u0131yorum, \u00e7\u0131kt\u0131\u011f\u0131m sey\u00e2hatte. Cihan ve ben de\u011filiz art\u0131k eski h\u00e2lette. M\u0131s\u0131r ve S\u00fbriye, pek gen\u00e7 iken, hay\u00e2limdi; O \u00fclkelerde gezerken kay\u0131ds\u0131z\u0131m \u015fimdi. Bu g\u00f6zlerim, medeniyetlerin b\u0131rakt\u0131\u011f\u0131n\u0131, Be\u015f on y\u0131l \u00f6nce, g\u00f6r\u00fcr m\u00fcyd\u00fc, b\u00f6yle ta\u015f y\u0131\u011f\u0131n\u0131? Bug\u00fcnse yery\u00fcz\u00fc hep madde, her ufuk [&hellip;]\" \/>\n<meta property=\"og:url\" content=\"https:\/\/narteks.net\/index.php\/2009\/12\/25\/yol-dusuncesi\/\" \/>\n<meta property=\"og:site_name\" content=\"narteks.net\" \/>\n<meta property=\"article:published_time\" content=\"2009-12-25T15:03:19+00:00\" \/>\n<meta property=\"og:image\" content=\"https:\/\/narteks.net\/wp-content\/uploads\/narteks.png\" \/>\n\t<meta property=\"og:image:width\" content=\"300\" \/>\n\t<meta property=\"og:image:height\" content=\"90\" \/>\n\t<meta property=\"og:image:type\" content=\"image\/png\" \/>\n<meta name=\"author\" content=\"Tar\u0131k\" \/>\n<meta name=\"twitter:card\" content=\"summary_large_image\" \/>\n<meta name=\"twitter:creator\" content=\"@narteks\" \/>\n<meta name=\"twitter:site\" content=\"@narteks\" \/>\n<meta name=\"twitter:label1\" content=\"Yazan:\" \/>\n\t<meta name=\"twitter:data1\" content=\"Tar\u0131k\" \/>\n\t<meta name=\"twitter:label2\" content=\"Tahmini okuma s\u00fcresi\" \/>\n\t<meta name=\"twitter:data2\" content=\"2 dakika\" \/>\n<script type=\"application\/ld+json\" class=\"yoast-schema-graph\">{\"@context\":\"https:\/\/schema.org\",\"@graph\":[{\"@type\":\"Article\",\"@id\":\"https:\/\/narteks.net\/index.php\/2009\/12\/25\/yol-dusuncesi\/#article\",\"isPartOf\":{\"@id\":\"https:\/\/narteks.net\/index.php\/2009\/12\/25\/yol-dusuncesi\/\"},\"author\":{\"name\":\"Tar\u0131k\",\"@id\":\"https:\/\/narteks.net\/#\/schema\/person\/61f37d9834294b72d31d274e7ed79bca\"},\"headline\":\"YOL D\u00dc\u015e\u00dcNCES\u0130\",\"datePublished\":\"2009-12-25T15:03:19+00:00\",\"mainEntityOfPage\":{\"@id\":\"https:\/\/narteks.net\/index.php\/2009\/12\/25\/yol-dusuncesi\/\"},\"wordCount\":329,\"commentCount\":0,\"publisher\":{\"@id\":\"https:\/\/narteks.net\/#organization\"},\"articleSection\":[\"Yahya Kemal BEYATLI\"],\"inLanguage\":\"tr\",\"potentialAction\":[{\"@type\":\"CommentAction\",\"name\":\"Comment\",\"target\":[\"https:\/\/narteks.net\/index.php\/2009\/12\/25\/yol-dusuncesi\/#respond\"]}]},{\"@type\":\"WebPage\",\"@id\":\"https:\/\/narteks.net\/index.php\/2009\/12\/25\/yol-dusuncesi\/\",\"url\":\"https:\/\/narteks.net\/index.php\/2009\/12\/25\/yol-dusuncesi\/\",\"name\":\"YOL D\u00dc\u015e\u00dcNCES\u0130 - narteks.net\",\"isPartOf\":{\"@id\":\"https:\/\/narteks.net\/#website\"},\"datePublished\":\"2009-12-25T15:03:19+00:00\",\"breadcrumb\":{\"@id\":\"https:\/\/narteks.net\/index.php\/2009\/12\/25\/yol-dusuncesi\/#breadcrumb\"},\"inLanguage\":\"tr\",\"potentialAction\":[{\"@type\":\"ReadAction\",\"target\":[\"https:\/\/narteks.net\/index.php\/2009\/12\/25\/yol-dusuncesi\/\"]}]},{\"@type\":\"BreadcrumbList\",\"@id\":\"https:\/\/narteks.net\/index.php\/2009\/12\/25\/yol-dusuncesi\/#breadcrumb\",\"itemListElement\":[{\"@type\":\"ListItem\",\"position\":1,\"name\":\"Anasayfa\",\"item\":\"https:\/\/narteks.net\/\"},{\"@type\":\"ListItem\",\"position\":2,\"name\":\"YOL D\u00dc\u015e\u00dcNCES\u0130\"}]},{\"@type\":\"WebSite\",\"@id\":\"https:\/\/narteks.net\/#website\",\"url\":\"https:\/\/narteks.net\/\",\"name\":\"narteks.net\",\"description\":\"K\u00fclt\u00fcr Sanat Edebiyat Felsefe\",\"publisher\":{\"@id\":\"https:\/\/narteks.net\/#organization\"},\"alternateName\":\"K\u00fclt\u00fcr Sanat Edebiyat Felsefe\",\"potentialAction\":[{\"@type\":\"SearchAction\",\"target\":{\"@type\":\"EntryPoint\",\"urlTemplate\":\"https:\/\/narteks.net\/?s={search_term_string}\"},\"query-input\":{\"@type\":\"PropertyValueSpecification\",\"valueRequired\":true,\"valueName\":\"search_term_string\"}}],\"inLanguage\":\"tr\"},{\"@type\":\"Organization\",\"@id\":\"https:\/\/narteks.net\/#organization\",\"name\":\"narteks.net\",\"url\":\"https:\/\/narteks.net\/\",\"logo\":{\"@type\":\"ImageObject\",\"inLanguage\":\"tr\",\"@id\":\"https:\/\/narteks.net\/#\/schema\/logo\/image\/\",\"url\":\"https:\/\/narteks.net\/wp-content\/uploads\/narteks.png\",\"contentUrl\":\"https:\/\/narteks.net\/wp-content\/uploads\/narteks.png\",\"width\":300,\"height\":90,\"caption\":\"narteks.net\"},\"image\":{\"@id\":\"https:\/\/narteks.net\/#\/schema\/logo\/image\/\"},\"sameAs\":[\"https:\/\/x.com\/narteks\",\"https:\/\/instagram.com\/narteksnet\"]},{\"@type\":\"Person\",\"@id\":\"https:\/\/narteks.net\/#\/schema\/person\/61f37d9834294b72d31d274e7ed79bca\",\"name\":\"Tar\u0131k\",\"image\":{\"@type\":\"ImageObject\",\"inLanguage\":\"tr\",\"@id\":\"https:\/\/narteks.net\/#\/schema\/person\/image\/\",\"url\":\"https:\/\/secure.gravatar.com\/avatar\/50865afb55632c4ae467e0af0930f6510aa2297d8014be502a55b14f3b7550cf?s=96&d=mm&r=g\",\"contentUrl\":\"https:\/\/secure.gravatar.com\/avatar\/50865afb55632c4ae467e0af0930f6510aa2297d8014be502a55b14f3b7550cf?s=96&d=mm&r=g\",\"caption\":\"Tar\u0131k\"},\"sameAs\":[\"http:\/\/narteks.net\"],\"url\":\"https:\/\/narteks.net\/index.php\/author\/narbak\/\"}]}<\/script>\n<!-- \/ Yoast SEO Premium plugin. -->","yoast_head_json":{"title":"YOL D\u00dc\u015e\u00dcNCES\u0130 - narteks.net","robots":{"index":"index","follow":"follow","max-snippet":"max-snippet:-1","max-image-preview":"max-image-preview:large","max-video-preview":"max-video-preview:-1"},"canonical":"https:\/\/narteks.net\/index.php\/2009\/12\/25\/yol-dusuncesi\/","og_locale":"tr_TR","og_type":"article","og_title":"YOL D\u00dc\u015e\u00dcNCES\u0130","og_description":"\u00a0 Bu def\u2019a fark\u0131na vard\u0131m ki ihtiyarlam\u0131\u015f\u0131m. Hay\u00e2t\u0131 bir cam\u0131n ard\u0131nda g\u00f6steren t\u0131ls\u0131m Bozulmu\u015f, anl\u0131yorum, \u00e7\u0131kt\u0131\u011f\u0131m sey\u00e2hatte. Cihan ve ben de\u011filiz art\u0131k eski h\u00e2lette. M\u0131s\u0131r ve S\u00fbriye, pek gen\u00e7 iken, hay\u00e2limdi; O \u00fclkelerde gezerken kay\u0131ds\u0131z\u0131m \u015fimdi. Bu g\u00f6zlerim, medeniyetlerin b\u0131rakt\u0131\u011f\u0131n\u0131, Be\u015f on y\u0131l \u00f6nce, g\u00f6r\u00fcr m\u00fcyd\u00fc, b\u00f6yle ta\u015f y\u0131\u011f\u0131n\u0131? Bug\u00fcnse yery\u00fcz\u00fc hep madde, her ufuk [&hellip;]","og_url":"https:\/\/narteks.net\/index.php\/2009\/12\/25\/yol-dusuncesi\/","og_site_name":"narteks.net","article_published_time":"2009-12-25T15:03:19+00:00","og_image":[{"width":300,"height":90,"url":"https:\/\/narteks.net\/wp-content\/uploads\/narteks.png","type":"image\/png"}],"author":"Tar\u0131k","twitter_card":"summary_large_image","twitter_creator":"@narteks","twitter_site":"@narteks","twitter_misc":{"Yazan:":"Tar\u0131k","Tahmini okuma s\u00fcresi":"2 dakika"},"schema":{"@context":"https:\/\/schema.org","@graph":[{"@type":"Article","@id":"https:\/\/narteks.net\/index.php\/2009\/12\/25\/yol-dusuncesi\/#article","isPartOf":{"@id":"https:\/\/narteks.net\/index.php\/2009\/12\/25\/yol-dusuncesi\/"},"author":{"name":"Tar\u0131k","@id":"https:\/\/narteks.net\/#\/schema\/person\/61f37d9834294b72d31d274e7ed79bca"},"headline":"YOL D\u00dc\u015e\u00dcNCES\u0130","datePublished":"2009-12-25T15:03:19+00:00","mainEntityOfPage":{"@id":"https:\/\/narteks.net\/index.php\/2009\/12\/25\/yol-dusuncesi\/"},"wordCount":329,"commentCount":0,"publisher":{"@id":"https:\/\/narteks.net\/#organization"},"articleSection":["Yahya Kemal BEYATLI"],"inLanguage":"tr","potentialAction":[{"@type":"CommentAction","name":"Comment","target":["https:\/\/narteks.net\/index.php\/2009\/12\/25\/yol-dusuncesi\/#respond"]}]},{"@type":"WebPage","@id":"https:\/\/narteks.net\/index.php\/2009\/12\/25\/yol-dusuncesi\/","url":"https:\/\/narteks.net\/index.php\/2009\/12\/25\/yol-dusuncesi\/","name":"YOL D\u00dc\u015e\u00dcNCES\u0130 - narteks.net","isPartOf":{"@id":"https:\/\/narteks.net\/#website"},"datePublished":"2009-12-25T15:03:19+00:00","breadcrumb":{"@id":"https:\/\/narteks.net\/index.php\/2009\/12\/25\/yol-dusuncesi\/#breadcrumb"},"inLanguage":"tr","potentialAction":[{"@type":"ReadAction","target":["https:\/\/narteks.net\/index.php\/2009\/12\/25\/yol-dusuncesi\/"]}]},{"@type":"BreadcrumbList","@id":"https:\/\/narteks.net\/index.php\/2009\/12\/25\/yol-dusuncesi\/#breadcrumb","itemListElement":[{"@type":"ListItem","position":1,"name":"Anasayfa","item":"https:\/\/narteks.net\/"},{"@type":"ListItem","position":2,"name":"YOL D\u00dc\u015e\u00dcNCES\u0130"}]},{"@type":"WebSite","@id":"https:\/\/narteks.net\/#website","url":"https:\/\/narteks.net\/","name":"narteks.net","description":"K\u00fclt\u00fcr Sanat Edebiyat Felsefe","publisher":{"@id":"https:\/\/narteks.net\/#organization"},"alternateName":"K\u00fclt\u00fcr Sanat Edebiyat Felsefe","potentialAction":[{"@type":"SearchAction","target":{"@type":"EntryPoint","urlTemplate":"https:\/\/narteks.net\/?s={search_term_string}"},"query-input":{"@type":"PropertyValueSpecification","valueRequired":true,"valueName":"search_term_string"}}],"inLanguage":"tr"},{"@type":"Organization","@id":"https:\/\/narteks.net\/#organization","name":"narteks.net","url":"https:\/\/narteks.net\/","logo":{"@type":"ImageObject","inLanguage":"tr","@id":"https:\/\/narteks.net\/#\/schema\/logo\/image\/","url":"https:\/\/narteks.net\/wp-content\/uploads\/narteks.png","contentUrl":"https:\/\/narteks.net\/wp-content\/uploads\/narteks.png","width":300,"height":90,"caption":"narteks.net"},"image":{"@id":"https:\/\/narteks.net\/#\/schema\/logo\/image\/"},"sameAs":["https:\/\/x.com\/narteks","https:\/\/instagram.com\/narteksnet"]},{"@type":"Person","@id":"https:\/\/narteks.net\/#\/schema\/person\/61f37d9834294b72d31d274e7ed79bca","name":"Tar\u0131k","image":{"@type":"ImageObject","inLanguage":"tr","@id":"https:\/\/narteks.net\/#\/schema\/person\/image\/","url":"https:\/\/secure.gravatar.com\/avatar\/50865afb55632c4ae467e0af0930f6510aa2297d8014be502a55b14f3b7550cf?s=96&d=mm&r=g","contentUrl":"https:\/\/secure.gravatar.com\/avatar\/50865afb55632c4ae467e0af0930f6510aa2297d8014be502a55b14f3b7550cf?s=96&d=mm&r=g","caption":"Tar\u0131k"},"sameAs":["http:\/\/narteks.net"],"url":"https:\/\/narteks.net\/index.php\/author\/narbak\/"}]}},"_links":{"self":[{"href":"https:\/\/narteks.net\/index.php\/wp-json\/wp\/v2\/posts\/3143","targetHints":{"allow":["GET"]}}],"collection":[{"href":"https:\/\/narteks.net\/index.php\/wp-json\/wp\/v2\/posts"}],"about":[{"href":"https:\/\/narteks.net\/index.php\/wp-json\/wp\/v2\/types\/post"}],"author":[{"embeddable":true,"href":"https:\/\/narteks.net\/index.php\/wp-json\/wp\/v2\/users\/1"}],"replies":[{"embeddable":true,"href":"https:\/\/narteks.net\/index.php\/wp-json\/wp\/v2\/comments?post=3143"}],"version-history":[{"count":0,"href":"https:\/\/narteks.net\/index.php\/wp-json\/wp\/v2\/posts\/3143\/revisions"}],"wp:attachment":[{"href":"https:\/\/narteks.net\/index.php\/wp-json\/wp\/v2\/media?parent=3143"}],"wp:term":[{"taxonomy":"category","embeddable":true,"href":"https:\/\/narteks.net\/index.php\/wp-json\/wp\/v2\/categories?post=3143"},{"taxonomy":"post_tag","embeddable":true,"href":"https:\/\/narteks.net\/index.php\/wp-json\/wp\/v2\/tags?post=3143"}],"curies":[{"name":"wp","href":"https:\/\/api.w.org\/{rel}","templated":true}]}}