{"id":3151,"date":"2009-12-25T22:11:46","date_gmt":"2009-12-25T19:11:46","guid":{"rendered":"http:\/\/localhost\/wordpress\/2009\/12\/25\/annem-icin\/"},"modified":"2009-12-25T22:11:46","modified_gmt":"2009-12-25T19:11:46","slug":"annem-icin","status":"publish","type":"post","link":"https:\/\/narteks.net\/index.php\/2009\/12\/25\/annem-icin\/","title":{"rendered":"ANNEM \u0130\u00c7\u0130N"},"content":{"rendered":"<p>\u00a0<\/p>\n<p>Bir g\u00fcn\u00fcm\u00fcz bile sensiz ge\u00e7mezken <br \/> \u015eimdi mezar\u0131na hasretiz anne&#8230; <\/p>\n<p> Iss\u0131z bir mezarl\u0131k, kimsesiz bir yer <br \/> G\u00f6lgesinde ulu, lo\u015f bir m\u00e2bedin <br \/> Bir y\u0131\u011f\u0131n toprakla bir par\u00e7a mermer <br \/> S\u0131rr\u0131yla ha\u015fr olmu\u015f orda ebedin. <\/p>\n<p> Bir y\u0131\u011f\u0131n toprakla bir par\u00e7a mermer, <br \/> \u00dcst\u00fcnde yaz\u0131l\u0131 ya\u015f\u0131nla, ad\u0131n; <br \/> Ba\u015f ucunda matem renkli serviler <br \/> H\u00fczn\u00fcyle titre\u015fir sanki hayat\u0131n. <\/p>\n<p> Seni g\u00f6md\u00fck anne y\u0131llarca evvel <br \/> G\u00f6z ya\u015flar\u0131m\u0131zla bu \u0131ss\u0131z yere <br \/> Kimsesiz bir ak\u015fam ziyaya bedel <br \/> Matem da\u011f\u0131t\u0131rken hasta kalblere. <\/p>\n<p> Kimsesiz bir ak\u015fam, ezelden yorgun <br \/> H\u00fczn\u00fcyle erirken Dicle de sessiz, <br \/> \u00d6ks\u00fczl\u00fck denilen ac\u0131yla vurgun <br \/> Bir ba\u015fka \u00f6l\u00fcyd\u00fck bu toprakta biz.<\/p>\n","protected":false},"excerpt":{"rendered":"<p>\u00a0 Bir g\u00fcn\u00fcm\u00fcz bile sensiz ge\u00e7mezken \u015eimdi mezar\u0131na hasretiz anne&#8230; Iss\u0131z bir mezarl\u0131k, kimsesiz bir yer G\u00f6lgesinde ulu, lo\u015f bir m\u00e2bedin Bir y\u0131\u011f\u0131n toprakla bir par\u00e7a mermer S\u0131rr\u0131yla ha\u015fr olmu\u015f orda ebedin. Bir y\u0131\u011f\u0131n toprakla bir par\u00e7a mermer, \u00dcst\u00fcnde yaz\u0131l\u0131 ya\u015f\u0131nla, ad\u0131n; Ba\u015f ucunda matem renkli serviler H\u00fczn\u00fcyle titre\u015fir sanki hayat\u0131n. Seni g\u00f6md\u00fck anne y\u0131llarca [&hellip;]<\/p>\n","protected":false},"author":1,"featured_media":0,"comment_status":"open","ping_status":"open","sticky":false,"template":"","format":"standard","meta":{"footnotes":""},"categories":[107],"tags":[],"class_list":{"0":"post-3151","1":"post","2":"type-post","3":"status-publish","4":"format-standard","6":"category-ahmet-hamdi-tanpinar"},"yoast_head":"<!-- This site is optimized with the Yoast SEO Premium plugin v24.9 (Yoast SEO v24.9) - https:\/\/yoast.com\/wordpress\/plugins\/seo\/ -->\n<title>ANNEM \u0130\u00c7\u0130N - narteks.net<\/title>\n<meta name=\"robots\" content=\"index, follow, max-snippet:-1, max-image-preview:large, max-video-preview:-1\" \/>\n<link rel=\"canonical\" href=\"https:\/\/narteks.net\/index.php\/2009\/12\/25\/annem-icin\/\" \/>\n<meta property=\"og:locale\" content=\"tr_TR\" \/>\n<meta property=\"og:type\" content=\"article\" \/>\n<meta property=\"og:title\" content=\"ANNEM \u0130\u00c7\u0130N\" \/>\n<meta property=\"og:description\" content=\"\u00a0 Bir g\u00fcn\u00fcm\u00fcz bile sensiz ge\u00e7mezken \u015eimdi mezar\u0131na hasretiz anne&#8230; Iss\u0131z bir mezarl\u0131k, kimsesiz bir yer G\u00f6lgesinde ulu, lo\u015f bir m\u00e2bedin Bir y\u0131\u011f\u0131n toprakla bir par\u00e7a mermer S\u0131rr\u0131yla ha\u015fr olmu\u015f orda ebedin. Bir y\u0131\u011f\u0131n toprakla bir par\u00e7a mermer, \u00dcst\u00fcnde yaz\u0131l\u0131 ya\u015f\u0131nla, ad\u0131n; Ba\u015f ucunda matem renkli serviler H\u00fczn\u00fcyle titre\u015fir sanki hayat\u0131n. Seni g\u00f6md\u00fck anne y\u0131llarca [&hellip;]\" \/>\n<meta property=\"og:url\" content=\"https:\/\/narteks.net\/index.php\/2009\/12\/25\/annem-icin\/\" \/>\n<meta property=\"og:site_name\" content=\"narteks.net\" \/>\n<meta property=\"article:published_time\" content=\"2009-12-25T19:11:46+00:00\" \/>\n<meta property=\"og:image\" content=\"https:\/\/narteks.net\/wp-content\/uploads\/narteks.png\" \/>\n\t<meta property=\"og:image:width\" content=\"300\" \/>\n\t<meta property=\"og:image:height\" content=\"90\" \/>\n\t<meta property=\"og:image:type\" content=\"image\/png\" \/>\n<meta name=\"author\" content=\"Tar\u0131k\" \/>\n<meta name=\"twitter:card\" content=\"summary_large_image\" \/>\n<meta name=\"twitter:creator\" content=\"@narteks\" \/>\n<meta name=\"twitter:site\" content=\"@narteks\" \/>\n<meta name=\"twitter:label1\" content=\"Yazan:\" \/>\n\t<meta name=\"twitter:data1\" content=\"Tar\u0131k\" \/>\n\t<meta name=\"twitter:label2\" content=\"Tahmini okuma s\u00fcresi\" \/>\n\t<meta name=\"twitter:data2\" content=\"1 dakika\" \/>\n<script type=\"application\/ld+json\" class=\"yoast-schema-graph\">{\"@context\":\"https:\/\/schema.org\",\"@graph\":[{\"@type\":\"Article\",\"@id\":\"https:\/\/narteks.net\/index.php\/2009\/12\/25\/annem-icin\/#article\",\"isPartOf\":{\"@id\":\"https:\/\/narteks.net\/index.php\/2009\/12\/25\/annem-icin\/\"},\"author\":{\"name\":\"Tar\u0131k\",\"@id\":\"https:\/\/narteks.net\/#\/schema\/person\/61f37d9834294b72d31d274e7ed79bca\"},\"headline\":\"ANNEM \u0130\u00c7\u0130N\",\"datePublished\":\"2009-12-25T19:11:46+00:00\",\"mainEntityOfPage\":{\"@id\":\"https:\/\/narteks.net\/index.php\/2009\/12\/25\/annem-icin\/\"},\"wordCount\":135,\"commentCount\":0,\"publisher\":{\"@id\":\"https:\/\/narteks.net\/#organization\"},\"articleSection\":[\"Ahmet Hamdi TANPINAR\"],\"inLanguage\":\"tr\",\"potentialAction\":[{\"@type\":\"CommentAction\",\"name\":\"Comment\",\"target\":[\"https:\/\/narteks.net\/index.php\/2009\/12\/25\/annem-icin\/#respond\"]}]},{\"@type\":\"WebPage\",\"@id\":\"https:\/\/narteks.net\/index.php\/2009\/12\/25\/annem-icin\/\",\"url\":\"https:\/\/narteks.net\/index.php\/2009\/12\/25\/annem-icin\/\",\"name\":\"ANNEM \u0130\u00c7\u0130N - narteks.net\",\"isPartOf\":{\"@id\":\"https:\/\/narteks.net\/#website\"},\"datePublished\":\"2009-12-25T19:11:46+00:00\",\"breadcrumb\":{\"@id\":\"https:\/\/narteks.net\/index.php\/2009\/12\/25\/annem-icin\/#breadcrumb\"},\"inLanguage\":\"tr\",\"potentialAction\":[{\"@type\":\"ReadAction\",\"target\":[\"https:\/\/narteks.net\/index.php\/2009\/12\/25\/annem-icin\/\"]}]},{\"@type\":\"BreadcrumbList\",\"@id\":\"https:\/\/narteks.net\/index.php\/2009\/12\/25\/annem-icin\/#breadcrumb\",\"itemListElement\":[{\"@type\":\"ListItem\",\"position\":1,\"name\":\"Anasayfa\",\"item\":\"https:\/\/narteks.net\/\"},{\"@type\":\"ListItem\",\"position\":2,\"name\":\"ANNEM \u0130\u00c7\u0130N\"}]},{\"@type\":\"WebSite\",\"@id\":\"https:\/\/narteks.net\/#website\",\"url\":\"https:\/\/narteks.net\/\",\"name\":\"narteks.net\",\"description\":\"K\u00fclt\u00fcr Sanat Edebiyat Felsefe\",\"publisher\":{\"@id\":\"https:\/\/narteks.net\/#organization\"},\"alternateName\":\"K\u00fclt\u00fcr Sanat Edebiyat Felsefe\",\"potentialAction\":[{\"@type\":\"SearchAction\",\"target\":{\"@type\":\"EntryPoint\",\"urlTemplate\":\"https:\/\/narteks.net\/?s={search_term_string}\"},\"query-input\":{\"@type\":\"PropertyValueSpecification\",\"valueRequired\":true,\"valueName\":\"search_term_string\"}}],\"inLanguage\":\"tr\"},{\"@type\":\"Organization\",\"@id\":\"https:\/\/narteks.net\/#organization\",\"name\":\"narteks.net\",\"url\":\"https:\/\/narteks.net\/\",\"logo\":{\"@type\":\"ImageObject\",\"inLanguage\":\"tr\",\"@id\":\"https:\/\/narteks.net\/#\/schema\/logo\/image\/\",\"url\":\"https:\/\/narteks.net\/wp-content\/uploads\/narteks.png\",\"contentUrl\":\"https:\/\/narteks.net\/wp-content\/uploads\/narteks.png\",\"width\":300,\"height\":90,\"caption\":\"narteks.net\"},\"image\":{\"@id\":\"https:\/\/narteks.net\/#\/schema\/logo\/image\/\"},\"sameAs\":[\"https:\/\/x.com\/narteks\",\"https:\/\/instagram.com\/narteksnet\"]},{\"@type\":\"Person\",\"@id\":\"https:\/\/narteks.net\/#\/schema\/person\/61f37d9834294b72d31d274e7ed79bca\",\"name\":\"Tar\u0131k\",\"image\":{\"@type\":\"ImageObject\",\"inLanguage\":\"tr\",\"@id\":\"https:\/\/narteks.net\/#\/schema\/person\/image\/\",\"url\":\"https:\/\/secure.gravatar.com\/avatar\/50865afb55632c4ae467e0af0930f6510aa2297d8014be502a55b14f3b7550cf?s=96&d=mm&r=g\",\"contentUrl\":\"https:\/\/secure.gravatar.com\/avatar\/50865afb55632c4ae467e0af0930f6510aa2297d8014be502a55b14f3b7550cf?s=96&d=mm&r=g\",\"caption\":\"Tar\u0131k\"},\"sameAs\":[\"http:\/\/narteks.net\"],\"url\":\"https:\/\/narteks.net\/index.php\/author\/narbak\/\"}]}<\/script>\n<!-- \/ Yoast SEO Premium plugin. -->","yoast_head_json":{"title":"ANNEM \u0130\u00c7\u0130N - narteks.net","robots":{"index":"index","follow":"follow","max-snippet":"max-snippet:-1","max-image-preview":"max-image-preview:large","max-video-preview":"max-video-preview:-1"},"canonical":"https:\/\/narteks.net\/index.php\/2009\/12\/25\/annem-icin\/","og_locale":"tr_TR","og_type":"article","og_title":"ANNEM \u0130\u00c7\u0130N","og_description":"\u00a0 Bir g\u00fcn\u00fcm\u00fcz bile sensiz ge\u00e7mezken \u015eimdi mezar\u0131na hasretiz anne&#8230; Iss\u0131z bir mezarl\u0131k, kimsesiz bir yer G\u00f6lgesinde ulu, lo\u015f bir m\u00e2bedin Bir y\u0131\u011f\u0131n toprakla bir par\u00e7a mermer S\u0131rr\u0131yla ha\u015fr olmu\u015f orda ebedin. Bir y\u0131\u011f\u0131n toprakla bir par\u00e7a mermer, \u00dcst\u00fcnde yaz\u0131l\u0131 ya\u015f\u0131nla, ad\u0131n; Ba\u015f ucunda matem renkli serviler H\u00fczn\u00fcyle titre\u015fir sanki hayat\u0131n. Seni g\u00f6md\u00fck anne y\u0131llarca [&hellip;]","og_url":"https:\/\/narteks.net\/index.php\/2009\/12\/25\/annem-icin\/","og_site_name":"narteks.net","article_published_time":"2009-12-25T19:11:46+00:00","og_image":[{"width":300,"height":90,"url":"https:\/\/narteks.net\/wp-content\/uploads\/narteks.png","type":"image\/png"}],"author":"Tar\u0131k","twitter_card":"summary_large_image","twitter_creator":"@narteks","twitter_site":"@narteks","twitter_misc":{"Yazan:":"Tar\u0131k","Tahmini okuma s\u00fcresi":"1 dakika"},"schema":{"@context":"https:\/\/schema.org","@graph":[{"@type":"Article","@id":"https:\/\/narteks.net\/index.php\/2009\/12\/25\/annem-icin\/#article","isPartOf":{"@id":"https:\/\/narteks.net\/index.php\/2009\/12\/25\/annem-icin\/"},"author":{"name":"Tar\u0131k","@id":"https:\/\/narteks.net\/#\/schema\/person\/61f37d9834294b72d31d274e7ed79bca"},"headline":"ANNEM \u0130\u00c7\u0130N","datePublished":"2009-12-25T19:11:46+00:00","mainEntityOfPage":{"@id":"https:\/\/narteks.net\/index.php\/2009\/12\/25\/annem-icin\/"},"wordCount":135,"commentCount":0,"publisher":{"@id":"https:\/\/narteks.net\/#organization"},"articleSection":["Ahmet Hamdi TANPINAR"],"inLanguage":"tr","potentialAction":[{"@type":"CommentAction","name":"Comment","target":["https:\/\/narteks.net\/index.php\/2009\/12\/25\/annem-icin\/#respond"]}]},{"@type":"WebPage","@id":"https:\/\/narteks.net\/index.php\/2009\/12\/25\/annem-icin\/","url":"https:\/\/narteks.net\/index.php\/2009\/12\/25\/annem-icin\/","name":"ANNEM \u0130\u00c7\u0130N - narteks.net","isPartOf":{"@id":"https:\/\/narteks.net\/#website"},"datePublished":"2009-12-25T19:11:46+00:00","breadcrumb":{"@id":"https:\/\/narteks.net\/index.php\/2009\/12\/25\/annem-icin\/#breadcrumb"},"inLanguage":"tr","potentialAction":[{"@type":"ReadAction","target":["https:\/\/narteks.net\/index.php\/2009\/12\/25\/annem-icin\/"]}]},{"@type":"BreadcrumbList","@id":"https:\/\/narteks.net\/index.php\/2009\/12\/25\/annem-icin\/#breadcrumb","itemListElement":[{"@type":"ListItem","position":1,"name":"Anasayfa","item":"https:\/\/narteks.net\/"},{"@type":"ListItem","position":2,"name":"ANNEM \u0130\u00c7\u0130N"}]},{"@type":"WebSite","@id":"https:\/\/narteks.net\/#website","url":"https:\/\/narteks.net\/","name":"narteks.net","description":"K\u00fclt\u00fcr Sanat Edebiyat Felsefe","publisher":{"@id":"https:\/\/narteks.net\/#organization"},"alternateName":"K\u00fclt\u00fcr Sanat Edebiyat Felsefe","potentialAction":[{"@type":"SearchAction","target":{"@type":"EntryPoint","urlTemplate":"https:\/\/narteks.net\/?s={search_term_string}"},"query-input":{"@type":"PropertyValueSpecification","valueRequired":true,"valueName":"search_term_string"}}],"inLanguage":"tr"},{"@type":"Organization","@id":"https:\/\/narteks.net\/#organization","name":"narteks.net","url":"https:\/\/narteks.net\/","logo":{"@type":"ImageObject","inLanguage":"tr","@id":"https:\/\/narteks.net\/#\/schema\/logo\/image\/","url":"https:\/\/narteks.net\/wp-content\/uploads\/narteks.png","contentUrl":"https:\/\/narteks.net\/wp-content\/uploads\/narteks.png","width":300,"height":90,"caption":"narteks.net"},"image":{"@id":"https:\/\/narteks.net\/#\/schema\/logo\/image\/"},"sameAs":["https:\/\/x.com\/narteks","https:\/\/instagram.com\/narteksnet"]},{"@type":"Person","@id":"https:\/\/narteks.net\/#\/schema\/person\/61f37d9834294b72d31d274e7ed79bca","name":"Tar\u0131k","image":{"@type":"ImageObject","inLanguage":"tr","@id":"https:\/\/narteks.net\/#\/schema\/person\/image\/","url":"https:\/\/secure.gravatar.com\/avatar\/50865afb55632c4ae467e0af0930f6510aa2297d8014be502a55b14f3b7550cf?s=96&d=mm&r=g","contentUrl":"https:\/\/secure.gravatar.com\/avatar\/50865afb55632c4ae467e0af0930f6510aa2297d8014be502a55b14f3b7550cf?s=96&d=mm&r=g","caption":"Tar\u0131k"},"sameAs":["http:\/\/narteks.net"],"url":"https:\/\/narteks.net\/index.php\/author\/narbak\/"}]}},"_links":{"self":[{"href":"https:\/\/narteks.net\/index.php\/wp-json\/wp\/v2\/posts\/3151","targetHints":{"allow":["GET"]}}],"collection":[{"href":"https:\/\/narteks.net\/index.php\/wp-json\/wp\/v2\/posts"}],"about":[{"href":"https:\/\/narteks.net\/index.php\/wp-json\/wp\/v2\/types\/post"}],"author":[{"embeddable":true,"href":"https:\/\/narteks.net\/index.php\/wp-json\/wp\/v2\/users\/1"}],"replies":[{"embeddable":true,"href":"https:\/\/narteks.net\/index.php\/wp-json\/wp\/v2\/comments?post=3151"}],"version-history":[{"count":0,"href":"https:\/\/narteks.net\/index.php\/wp-json\/wp\/v2\/posts\/3151\/revisions"}],"wp:attachment":[{"href":"https:\/\/narteks.net\/index.php\/wp-json\/wp\/v2\/media?parent=3151"}],"wp:term":[{"taxonomy":"category","embeddable":true,"href":"https:\/\/narteks.net\/index.php\/wp-json\/wp\/v2\/categories?post=3151"},{"taxonomy":"post_tag","embeddable":true,"href":"https:\/\/narteks.net\/index.php\/wp-json\/wp\/v2\/tags?post=3151"}],"curies":[{"name":"wp","href":"https:\/\/api.w.org\/{rel}","templated":true}]}}