{"id":3156,"date":"2009-12-25T22:14:01","date_gmt":"2009-12-25T19:14:01","guid":{"rendered":"http:\/\/localhost\/wordpress\/2009\/12\/25\/bir-adin-kalmali\/"},"modified":"2009-12-25T22:14:01","modified_gmt":"2009-12-25T19:14:01","slug":"bir-adin-kalmali","status":"publish","type":"post","link":"https:\/\/narteks.net\/index.php\/2009\/12\/25\/bir-adin-kalmali\/","title":{"rendered":"B\u0130R ADIN KALMALI"},"content":{"rendered":"<p>\u00a0<\/p>\n<p>bir ad\u0131n kalmal\u0131 geriye <br \/>b\u00fct\u00fcn k\u0131r\u0131lm\u0131\u015f \u015feylerin nihayetinde <br \/>aynalar\u0131n ard\u0131nda s\u0131r <br \/>yaln\u0131zl\u0131\u011f\u0131n pe\u015finde kuvvet <br \/>evet nihayet <br \/>bir ad\u0131n kalmal\u0131 geriye <br \/>bir de o kahreden gurbet <\/p>\n<p>sen say ki <br \/>ben hi\u00e7 a\u011flamad\u0131m <br \/>hi\u00e7 ate\u015fe tutmad\u0131m y\u00fcre\u011fimi <br \/>geceleri, koynuma almad\u0131m ihaneti <br \/>ve say ki <br \/>b\u00fct\u00fcn \u015fiirler g\u00f6zlerini <br \/>b\u00fct\u00fcn \u015fark\u0131lar sa\u00e7lar\u0131n\u0131 s\u00f6ylemedi <br \/>hele nihavent <br \/>hele buselik hi\u00e7 ge\u00e7medi fikrimden <br \/>ve hi\u00e7 gitmedi <br \/>bir topak kan gibi ad\u0131n <br \/>i\u00e7imin nehirlerinden <br \/>evet yang\u0131n <br \/>evet sala\u015f yalvarman\u0131n korkusunda talan <br \/>evet kaybetmenin o zehirli bu\u011fusu <br \/>evet nisyan <br \/>evet kahrolmu\u015f sayfalar\u0131n aras\u0131nda ad\u0131n <br \/>sokaklar dolusu bir adam\u0131n yaln\u0131zl\u0131\u011f\u0131 <br \/>bu sevda biraz nadan <br \/>biraz da h\u0131\u00e7k\u0131r\u0131k tad\u0131 <br \/>pencere \u00f6n\u00fc menek\u015felerinde her ak\u015fam <\/p>\n<p>da\u011flar sonra oynad\u0131 yerinden <br \/>ve halla\u00e7lar att\u0131 pamu\u011fu f\u00fctursuzca <br \/>sen say ki <br \/>yerin dibine ge\u00e7ti <br \/>ge\u00e7meyesi sevdam <br \/>ve ben seni sevdi\u011fim zaman <br \/>bu \u015fehre ya\u011fmurlar ya\u011fd\u0131 <br \/>yani ben seni sevdi\u011fim zaman <br \/>ayr\u0131l\u0131k kur\u015fun kadar a\u011f\u0131r <br \/>g\u00fcl\u00fc\u015f\u00fcn kadar felaketiydi ya\u015faman\u0131n <br \/>yine de bir ad\u0131n kalmal\u0131 geriye <br \/>b\u00fct\u00fcn k\u0131r\u0131lm\u0131\u015f \u015feylerin nihayetinde <br \/>aynalar\u0131n ard\u0131nda s\u0131r <br \/>yaln\u0131zl\u0131\u011f\u0131n pe\u015finde kuvvet <br \/>evet nihayet <br \/>bir ad\u0131n kalmal\u0131 geriye <br \/>bir de o kahreden gurbet <br \/>beni affet <br \/>Kaybetmek i\u00e7in erken, sevmek i\u00e7in \u00e7ok ge\u00e7<\/p>\n","protected":false},"excerpt":{"rendered":"<p>\u00a0 bir ad\u0131n kalmal\u0131 geriye b\u00fct\u00fcn k\u0131r\u0131lm\u0131\u015f \u015feylerin nihayetinde aynalar\u0131n ard\u0131nda s\u0131r yaln\u0131zl\u0131\u011f\u0131n pe\u015finde kuvvet evet nihayet bir ad\u0131n kalmal\u0131 geriye bir de o kahreden gurbet sen say ki ben hi\u00e7 a\u011flamad\u0131m hi\u00e7 ate\u015fe tutmad\u0131m y\u00fcre\u011fimi geceleri, koynuma almad\u0131m ihaneti ve say ki b\u00fct\u00fcn \u015fiirler g\u00f6zlerini b\u00fct\u00fcn \u015fark\u0131lar sa\u00e7lar\u0131n\u0131 s\u00f6ylemedi hele nihavent hele buselik hi\u00e7 [&hellip;]<\/p>\n","protected":false},"author":1,"featured_media":0,"comment_status":"open","ping_status":"open","sticky":false,"template":"","format":"standard","meta":{"footnotes":""},"categories":[107],"tags":[],"class_list":{"0":"post-3156","1":"post","2":"type-post","3":"status-publish","4":"format-standard","6":"category-ahmet-hamdi-tanpinar"},"yoast_head":"<!-- This site is optimized with the Yoast SEO Premium plugin v24.9 (Yoast SEO v24.9) - https:\/\/yoast.com\/wordpress\/plugins\/seo\/ -->\n<title>B\u0130R ADIN KALMALI - narteks.net<\/title>\n<meta name=\"robots\" content=\"index, follow, max-snippet:-1, max-image-preview:large, max-video-preview:-1\" \/>\n<link rel=\"canonical\" href=\"https:\/\/narteks.net\/index.php\/2009\/12\/25\/bir-adin-kalmali\/\" \/>\n<meta property=\"og:locale\" content=\"tr_TR\" \/>\n<meta property=\"og:type\" content=\"article\" \/>\n<meta property=\"og:title\" content=\"B\u0130R ADIN KALMALI\" \/>\n<meta property=\"og:description\" content=\"\u00a0 bir ad\u0131n kalmal\u0131 geriye b\u00fct\u00fcn k\u0131r\u0131lm\u0131\u015f \u015feylerin nihayetinde aynalar\u0131n ard\u0131nda s\u0131r yaln\u0131zl\u0131\u011f\u0131n pe\u015finde kuvvet evet nihayet bir ad\u0131n kalmal\u0131 geriye bir de o kahreden gurbet sen say ki ben hi\u00e7 a\u011flamad\u0131m hi\u00e7 ate\u015fe tutmad\u0131m y\u00fcre\u011fimi geceleri, koynuma almad\u0131m ihaneti ve say ki b\u00fct\u00fcn \u015fiirler g\u00f6zlerini b\u00fct\u00fcn \u015fark\u0131lar sa\u00e7lar\u0131n\u0131 s\u00f6ylemedi hele nihavent hele buselik hi\u00e7 [&hellip;]\" \/>\n<meta property=\"og:url\" content=\"https:\/\/narteks.net\/index.php\/2009\/12\/25\/bir-adin-kalmali\/\" \/>\n<meta property=\"og:site_name\" content=\"narteks.net\" \/>\n<meta property=\"article:published_time\" content=\"2009-12-25T19:14:01+00:00\" \/>\n<meta property=\"og:image\" content=\"https:\/\/narteks.net\/wp-content\/uploads\/narteks.png\" \/>\n\t<meta property=\"og:image:width\" content=\"300\" \/>\n\t<meta property=\"og:image:height\" content=\"90\" \/>\n\t<meta property=\"og:image:type\" content=\"image\/png\" \/>\n<meta name=\"author\" content=\"Tar\u0131k\" \/>\n<meta name=\"twitter:card\" content=\"summary_large_image\" \/>\n<meta name=\"twitter:creator\" content=\"@narteks\" \/>\n<meta name=\"twitter:site\" content=\"@narteks\" \/>\n<meta name=\"twitter:label1\" content=\"Yazan:\" \/>\n\t<meta name=\"twitter:data1\" content=\"Tar\u0131k\" \/>\n\t<meta name=\"twitter:label2\" content=\"Tahmini okuma s\u00fcresi\" \/>\n\t<meta name=\"twitter:data2\" content=\"1 dakika\" \/>\n<script type=\"application\/ld+json\" class=\"yoast-schema-graph\">{\"@context\":\"https:\/\/schema.org\",\"@graph\":[{\"@type\":\"Article\",\"@id\":\"https:\/\/narteks.net\/index.php\/2009\/12\/25\/bir-adin-kalmali\/#article\",\"isPartOf\":{\"@id\":\"https:\/\/narteks.net\/index.php\/2009\/12\/25\/bir-adin-kalmali\/\"},\"author\":{\"name\":\"Tar\u0131k\",\"@id\":\"https:\/\/narteks.net\/#\/schema\/person\/61f37d9834294b72d31d274e7ed79bca\"},\"headline\":\"B\u0130R ADIN KALMALI\",\"datePublished\":\"2009-12-25T19:14:01+00:00\",\"mainEntityOfPage\":{\"@id\":\"https:\/\/narteks.net\/index.php\/2009\/12\/25\/bir-adin-kalmali\/\"},\"wordCount\":258,\"commentCount\":0,\"publisher\":{\"@id\":\"https:\/\/narteks.net\/#organization\"},\"articleSection\":[\"Ahmet Hamdi TANPINAR\"],\"inLanguage\":\"tr\",\"potentialAction\":[{\"@type\":\"CommentAction\",\"name\":\"Comment\",\"target\":[\"https:\/\/narteks.net\/index.php\/2009\/12\/25\/bir-adin-kalmali\/#respond\"]}]},{\"@type\":\"WebPage\",\"@id\":\"https:\/\/narteks.net\/index.php\/2009\/12\/25\/bir-adin-kalmali\/\",\"url\":\"https:\/\/narteks.net\/index.php\/2009\/12\/25\/bir-adin-kalmali\/\",\"name\":\"B\u0130R ADIN KALMALI - narteks.net\",\"isPartOf\":{\"@id\":\"https:\/\/narteks.net\/#website\"},\"datePublished\":\"2009-12-25T19:14:01+00:00\",\"breadcrumb\":{\"@id\":\"https:\/\/narteks.net\/index.php\/2009\/12\/25\/bir-adin-kalmali\/#breadcrumb\"},\"inLanguage\":\"tr\",\"potentialAction\":[{\"@type\":\"ReadAction\",\"target\":[\"https:\/\/narteks.net\/index.php\/2009\/12\/25\/bir-adin-kalmali\/\"]}]},{\"@type\":\"BreadcrumbList\",\"@id\":\"https:\/\/narteks.net\/index.php\/2009\/12\/25\/bir-adin-kalmali\/#breadcrumb\",\"itemListElement\":[{\"@type\":\"ListItem\",\"position\":1,\"name\":\"Anasayfa\",\"item\":\"https:\/\/narteks.net\/\"},{\"@type\":\"ListItem\",\"position\":2,\"name\":\"B\u0130R ADIN KALMALI\"}]},{\"@type\":\"WebSite\",\"@id\":\"https:\/\/narteks.net\/#website\",\"url\":\"https:\/\/narteks.net\/\",\"name\":\"narteks.net\",\"description\":\"K\u00fclt\u00fcr Sanat Edebiyat Felsefe\",\"publisher\":{\"@id\":\"https:\/\/narteks.net\/#organization\"},\"alternateName\":\"K\u00fclt\u00fcr Sanat Edebiyat Felsefe\",\"potentialAction\":[{\"@type\":\"SearchAction\",\"target\":{\"@type\":\"EntryPoint\",\"urlTemplate\":\"https:\/\/narteks.net\/?s={search_term_string}\"},\"query-input\":{\"@type\":\"PropertyValueSpecification\",\"valueRequired\":true,\"valueName\":\"search_term_string\"}}],\"inLanguage\":\"tr\"},{\"@type\":\"Organization\",\"@id\":\"https:\/\/narteks.net\/#organization\",\"name\":\"narteks.net\",\"url\":\"https:\/\/narteks.net\/\",\"logo\":{\"@type\":\"ImageObject\",\"inLanguage\":\"tr\",\"@id\":\"https:\/\/narteks.net\/#\/schema\/logo\/image\/\",\"url\":\"https:\/\/narteks.net\/wp-content\/uploads\/narteks.png\",\"contentUrl\":\"https:\/\/narteks.net\/wp-content\/uploads\/narteks.png\",\"width\":300,\"height\":90,\"caption\":\"narteks.net\"},\"image\":{\"@id\":\"https:\/\/narteks.net\/#\/schema\/logo\/image\/\"},\"sameAs\":[\"https:\/\/x.com\/narteks\",\"https:\/\/instagram.com\/narteksnet\"]},{\"@type\":\"Person\",\"@id\":\"https:\/\/narteks.net\/#\/schema\/person\/61f37d9834294b72d31d274e7ed79bca\",\"name\":\"Tar\u0131k\",\"image\":{\"@type\":\"ImageObject\",\"inLanguage\":\"tr\",\"@id\":\"https:\/\/narteks.net\/#\/schema\/person\/image\/\",\"url\":\"https:\/\/secure.gravatar.com\/avatar\/50865afb55632c4ae467e0af0930f6510aa2297d8014be502a55b14f3b7550cf?s=96&d=mm&r=g\",\"contentUrl\":\"https:\/\/secure.gravatar.com\/avatar\/50865afb55632c4ae467e0af0930f6510aa2297d8014be502a55b14f3b7550cf?s=96&d=mm&r=g\",\"caption\":\"Tar\u0131k\"},\"sameAs\":[\"http:\/\/narteks.net\"],\"url\":\"https:\/\/narteks.net\/index.php\/author\/narbak\/\"}]}<\/script>\n<!-- \/ Yoast SEO Premium plugin. -->","yoast_head_json":{"title":"B\u0130R ADIN KALMALI - narteks.net","robots":{"index":"index","follow":"follow","max-snippet":"max-snippet:-1","max-image-preview":"max-image-preview:large","max-video-preview":"max-video-preview:-1"},"canonical":"https:\/\/narteks.net\/index.php\/2009\/12\/25\/bir-adin-kalmali\/","og_locale":"tr_TR","og_type":"article","og_title":"B\u0130R ADIN KALMALI","og_description":"\u00a0 bir ad\u0131n kalmal\u0131 geriye b\u00fct\u00fcn k\u0131r\u0131lm\u0131\u015f \u015feylerin nihayetinde aynalar\u0131n ard\u0131nda s\u0131r yaln\u0131zl\u0131\u011f\u0131n pe\u015finde kuvvet evet nihayet bir ad\u0131n kalmal\u0131 geriye bir de o kahreden gurbet sen say ki ben hi\u00e7 a\u011flamad\u0131m hi\u00e7 ate\u015fe tutmad\u0131m y\u00fcre\u011fimi geceleri, koynuma almad\u0131m ihaneti ve say ki b\u00fct\u00fcn \u015fiirler g\u00f6zlerini b\u00fct\u00fcn \u015fark\u0131lar sa\u00e7lar\u0131n\u0131 s\u00f6ylemedi hele nihavent hele buselik hi\u00e7 [&hellip;]","og_url":"https:\/\/narteks.net\/index.php\/2009\/12\/25\/bir-adin-kalmali\/","og_site_name":"narteks.net","article_published_time":"2009-12-25T19:14:01+00:00","og_image":[{"width":300,"height":90,"url":"https:\/\/narteks.net\/wp-content\/uploads\/narteks.png","type":"image\/png"}],"author":"Tar\u0131k","twitter_card":"summary_large_image","twitter_creator":"@narteks","twitter_site":"@narteks","twitter_misc":{"Yazan:":"Tar\u0131k","Tahmini okuma s\u00fcresi":"1 dakika"},"schema":{"@context":"https:\/\/schema.org","@graph":[{"@type":"Article","@id":"https:\/\/narteks.net\/index.php\/2009\/12\/25\/bir-adin-kalmali\/#article","isPartOf":{"@id":"https:\/\/narteks.net\/index.php\/2009\/12\/25\/bir-adin-kalmali\/"},"author":{"name":"Tar\u0131k","@id":"https:\/\/narteks.net\/#\/schema\/person\/61f37d9834294b72d31d274e7ed79bca"},"headline":"B\u0130R ADIN KALMALI","datePublished":"2009-12-25T19:14:01+00:00","mainEntityOfPage":{"@id":"https:\/\/narteks.net\/index.php\/2009\/12\/25\/bir-adin-kalmali\/"},"wordCount":258,"commentCount":0,"publisher":{"@id":"https:\/\/narteks.net\/#organization"},"articleSection":["Ahmet Hamdi TANPINAR"],"inLanguage":"tr","potentialAction":[{"@type":"CommentAction","name":"Comment","target":["https:\/\/narteks.net\/index.php\/2009\/12\/25\/bir-adin-kalmali\/#respond"]}]},{"@type":"WebPage","@id":"https:\/\/narteks.net\/index.php\/2009\/12\/25\/bir-adin-kalmali\/","url":"https:\/\/narteks.net\/index.php\/2009\/12\/25\/bir-adin-kalmali\/","name":"B\u0130R ADIN KALMALI - narteks.net","isPartOf":{"@id":"https:\/\/narteks.net\/#website"},"datePublished":"2009-12-25T19:14:01+00:00","breadcrumb":{"@id":"https:\/\/narteks.net\/index.php\/2009\/12\/25\/bir-adin-kalmali\/#breadcrumb"},"inLanguage":"tr","potentialAction":[{"@type":"ReadAction","target":["https:\/\/narteks.net\/index.php\/2009\/12\/25\/bir-adin-kalmali\/"]}]},{"@type":"BreadcrumbList","@id":"https:\/\/narteks.net\/index.php\/2009\/12\/25\/bir-adin-kalmali\/#breadcrumb","itemListElement":[{"@type":"ListItem","position":1,"name":"Anasayfa","item":"https:\/\/narteks.net\/"},{"@type":"ListItem","position":2,"name":"B\u0130R ADIN KALMALI"}]},{"@type":"WebSite","@id":"https:\/\/narteks.net\/#website","url":"https:\/\/narteks.net\/","name":"narteks.net","description":"K\u00fclt\u00fcr Sanat Edebiyat Felsefe","publisher":{"@id":"https:\/\/narteks.net\/#organization"},"alternateName":"K\u00fclt\u00fcr Sanat Edebiyat Felsefe","potentialAction":[{"@type":"SearchAction","target":{"@type":"EntryPoint","urlTemplate":"https:\/\/narteks.net\/?s={search_term_string}"},"query-input":{"@type":"PropertyValueSpecification","valueRequired":true,"valueName":"search_term_string"}}],"inLanguage":"tr"},{"@type":"Organization","@id":"https:\/\/narteks.net\/#organization","name":"narteks.net","url":"https:\/\/narteks.net\/","logo":{"@type":"ImageObject","inLanguage":"tr","@id":"https:\/\/narteks.net\/#\/schema\/logo\/image\/","url":"https:\/\/narteks.net\/wp-content\/uploads\/narteks.png","contentUrl":"https:\/\/narteks.net\/wp-content\/uploads\/narteks.png","width":300,"height":90,"caption":"narteks.net"},"image":{"@id":"https:\/\/narteks.net\/#\/schema\/logo\/image\/"},"sameAs":["https:\/\/x.com\/narteks","https:\/\/instagram.com\/narteksnet"]},{"@type":"Person","@id":"https:\/\/narteks.net\/#\/schema\/person\/61f37d9834294b72d31d274e7ed79bca","name":"Tar\u0131k","image":{"@type":"ImageObject","inLanguage":"tr","@id":"https:\/\/narteks.net\/#\/schema\/person\/image\/","url":"https:\/\/secure.gravatar.com\/avatar\/50865afb55632c4ae467e0af0930f6510aa2297d8014be502a55b14f3b7550cf?s=96&d=mm&r=g","contentUrl":"https:\/\/secure.gravatar.com\/avatar\/50865afb55632c4ae467e0af0930f6510aa2297d8014be502a55b14f3b7550cf?s=96&d=mm&r=g","caption":"Tar\u0131k"},"sameAs":["http:\/\/narteks.net"],"url":"https:\/\/narteks.net\/index.php\/author\/narbak\/"}]}},"_links":{"self":[{"href":"https:\/\/narteks.net\/index.php\/wp-json\/wp\/v2\/posts\/3156","targetHints":{"allow":["GET"]}}],"collection":[{"href":"https:\/\/narteks.net\/index.php\/wp-json\/wp\/v2\/posts"}],"about":[{"href":"https:\/\/narteks.net\/index.php\/wp-json\/wp\/v2\/types\/post"}],"author":[{"embeddable":true,"href":"https:\/\/narteks.net\/index.php\/wp-json\/wp\/v2\/users\/1"}],"replies":[{"embeddable":true,"href":"https:\/\/narteks.net\/index.php\/wp-json\/wp\/v2\/comments?post=3156"}],"version-history":[{"count":0,"href":"https:\/\/narteks.net\/index.php\/wp-json\/wp\/v2\/posts\/3156\/revisions"}],"wp:attachment":[{"href":"https:\/\/narteks.net\/index.php\/wp-json\/wp\/v2\/media?parent=3156"}],"wp:term":[{"taxonomy":"category","embeddable":true,"href":"https:\/\/narteks.net\/index.php\/wp-json\/wp\/v2\/categories?post=3156"},{"taxonomy":"post_tag","embeddable":true,"href":"https:\/\/narteks.net\/index.php\/wp-json\/wp\/v2\/tags?post=3156"}],"curies":[{"name":"wp","href":"https:\/\/api.w.org\/{rel}","templated":true}]}}