{"id":3159,"date":"2009-12-25T22:16:05","date_gmt":"2009-12-25T19:16:05","guid":{"rendered":"http:\/\/localhost\/wordpress\/2009\/12\/25\/bursada-zaman\/"},"modified":"2009-12-25T22:16:05","modified_gmt":"2009-12-25T19:16:05","slug":"bursada-zaman","status":"publish","type":"post","link":"https:\/\/narteks.net\/index.php\/2009\/12\/25\/bursada-zaman\/","title":{"rendered":"BURSADA ZAMAN"},"content":{"rendered":"<p>\u00a0<\/p>\n<p>Bursa&#8217;da eski bir cami avlusu, <br \/> K\u00fc\u00e7\u00fck \u015fad\u0131rvanda \u015fak\u0131rdayan su. <br \/> Orhan zaman\u0131ndan kalma bir duvar&#8230; <br \/> Onunla bir ya\u015fta ihtiyar \u00e7\u0131nar <br \/> Eliyor d\u00f6rt yana sakin bir g\u00fcn\u00fc. <br \/> Bir r\u00fcyadan arta kalman\u0131n h\u00fczn\u00fc <br \/> \u0130\u00e7inden g\u00fcl\u00fcyor bana derinden. <br \/> Y\u00fczlerce \u00e7e\u015fmenin serinli\u011finden <br \/> Ovan\u0131n ye\u015fili g\u00f6\u011f\u00fcn mavisi <br \/> Ve mimarilerin en ilahisi. <\/p>\n<p> Bir zafer m\u00fcjdesi burda her isim: <br \/> Sanki tek bir anda g\u00fcn, saat, mevsim <br \/> Ya\u015f\u0131yor sihrini ge\u00e7mi\u015f zaman\u0131n <br \/> Hala bu ta\u015flarda g\u00fclen r\u00fcyan\u0131n <br \/> G\u00fcvercin bak\u0131\u015fl\u0131 sessizlik bile <br \/> \u00c7\u0131nl\u0131yor bir sonsuz devam vehmiyle. <br \/> G\u00fcm\u00fc\u015fl\u00fc bir fecrin zafer aynas\u0131, <br \/> Muradiye, sabr\u0131n ac\u0131 meyvas\u0131, <br \/> \u00d6mr\u00fcn\u00fcn timsali beyaz Nil\u00fcfer, <br \/> T\u00fcrbeler, camileri eski bah\u00e7eler, <br \/> \u015eanl\u0131 hikayesi binlerce erin <br \/> Sesi nabz\u0131m olmu\u015f hengamelerin <br \/> Nakleder yad\u0131n\u0131 gelen ge\u00e7ene. <\/p>\n<p> Bu hayalde uyur Bursa her gece, <br \/> Her \u015fafak onunla uyan\u0131r, g\u00fcler <br \/> G\u00fcm\u00fc\u015f ayd\u0131nl\u0131kta serviler, g\u00fcller <br \/> Serin h\u00fclyas\u0131yla \u00e7e\u015fmelerinin. <br \/> Ba\u015f\u0131nday\u0131m sanki bir mucizenin, <br \/> Su sesi ve kanat \u015fak\u0131rt\u0131s\u0131ndan <br \/> Billur bir avize Bursa&#8217;da zaman, <\/p>\n<p> Ye\u015fil T\u00fcrbesini gezdik d\u00fcn ak\u015fam, <br \/> Duyduk Bir musik\u00ee gibi zamandan <br \/> \u00c7inilere sinmi\u015f Kur&#8217;an sesini. <br \/> Fetih g\u00fcnlerinin saf ne\u015fesini <br \/> Ayd\u0131nlanm\u0131\u015f buldum tebess\u00fcm\u00fcnle. <\/p>\n<p> \u0130sterdim bu eski yerde seninle <br \/> Ba\u015fba\u015fa uyumak son uykumuzu, <br \/> Bu hayal i\u00e7inde&#8230; ve ufkumuzu <br \/> \u00c7ep\u00e7evre kaplas\u0131n bu ziya, bu renk, <br \/> Havay\u0131 dolduran uhrevi ahenk. <br \/> Bir ilah uykusu olur elbette <br \/> \u00d6l\u00fcm bu t\u0131ls\u0131ml\u0131 ebediyette <br \/> Belki de r\u00fcyas\u0131 b\u00fcy\u00fck cetlerin, <br \/> Beyaz bah\u00e7esinde su seslerinin.<\/p>\n","protected":false},"excerpt":{"rendered":"<p>\u00a0 Bursa&#8217;da eski bir cami avlusu, K\u00fc\u00e7\u00fck \u015fad\u0131rvanda \u015fak\u0131rdayan su. Orhan zaman\u0131ndan kalma bir duvar&#8230; Onunla bir ya\u015fta ihtiyar \u00e7\u0131nar Eliyor d\u00f6rt yana sakin bir g\u00fcn\u00fc. Bir r\u00fcyadan arta kalman\u0131n h\u00fczn\u00fc \u0130\u00e7inden g\u00fcl\u00fcyor bana derinden. Y\u00fczlerce \u00e7e\u015fmenin serinli\u011finden Ovan\u0131n ye\u015fili g\u00f6\u011f\u00fcn mavisi Ve mimarilerin en ilahisi. Bir zafer m\u00fcjdesi burda her isim: Sanki tek bir [&hellip;]<\/p>\n","protected":false},"author":1,"featured_media":0,"comment_status":"open","ping_status":"open","sticky":false,"template":"","format":"standard","meta":{"footnotes":""},"categories":[107],"tags":[],"class_list":{"0":"post-3159","1":"post","2":"type-post","3":"status-publish","4":"format-standard","6":"category-ahmet-hamdi-tanpinar"},"yoast_head":"<!-- This site is optimized with the Yoast SEO Premium plugin v24.9 (Yoast SEO v24.9) - https:\/\/yoast.com\/wordpress\/plugins\/seo\/ -->\n<title>BURSADA ZAMAN - narteks.net<\/title>\n<meta name=\"robots\" content=\"index, follow, max-snippet:-1, max-image-preview:large, max-video-preview:-1\" \/>\n<link rel=\"canonical\" href=\"https:\/\/narteks.net\/index.php\/2009\/12\/25\/bursada-zaman\/\" \/>\n<meta property=\"og:locale\" content=\"tr_TR\" \/>\n<meta property=\"og:type\" content=\"article\" \/>\n<meta property=\"og:title\" content=\"BURSADA ZAMAN\" \/>\n<meta property=\"og:description\" content=\"\u00a0 Bursa&#8217;da eski bir cami avlusu, K\u00fc\u00e7\u00fck \u015fad\u0131rvanda \u015fak\u0131rdayan su. Orhan zaman\u0131ndan kalma bir duvar&#8230; Onunla bir ya\u015fta ihtiyar \u00e7\u0131nar Eliyor d\u00f6rt yana sakin bir g\u00fcn\u00fc. Bir r\u00fcyadan arta kalman\u0131n h\u00fczn\u00fc \u0130\u00e7inden g\u00fcl\u00fcyor bana derinden. Y\u00fczlerce \u00e7e\u015fmenin serinli\u011finden Ovan\u0131n ye\u015fili g\u00f6\u011f\u00fcn mavisi Ve mimarilerin en ilahisi. Bir zafer m\u00fcjdesi burda her isim: Sanki tek bir [&hellip;]\" \/>\n<meta property=\"og:url\" content=\"https:\/\/narteks.net\/index.php\/2009\/12\/25\/bursada-zaman\/\" \/>\n<meta property=\"og:site_name\" content=\"narteks.net\" \/>\n<meta property=\"article:published_time\" content=\"2009-12-25T19:16:05+00:00\" \/>\n<meta property=\"og:image\" content=\"https:\/\/narteks.net\/wp-content\/uploads\/narteks.png\" \/>\n\t<meta property=\"og:image:width\" content=\"300\" \/>\n\t<meta property=\"og:image:height\" content=\"90\" \/>\n\t<meta property=\"og:image:type\" content=\"image\/png\" \/>\n<meta name=\"author\" content=\"Tar\u0131k\" \/>\n<meta name=\"twitter:card\" content=\"summary_large_image\" \/>\n<meta name=\"twitter:creator\" content=\"@narteks\" \/>\n<meta name=\"twitter:site\" content=\"@narteks\" \/>\n<meta name=\"twitter:label1\" content=\"Yazan:\" \/>\n\t<meta name=\"twitter:data1\" content=\"Tar\u0131k\" \/>\n\t<meta name=\"twitter:label2\" content=\"Tahmini okuma s\u00fcresi\" \/>\n\t<meta name=\"twitter:data2\" content=\"1 dakika\" \/>\n<script type=\"application\/ld+json\" class=\"yoast-schema-graph\">{\"@context\":\"https:\/\/schema.org\",\"@graph\":[{\"@type\":\"Article\",\"@id\":\"https:\/\/narteks.net\/index.php\/2009\/12\/25\/bursada-zaman\/#article\",\"isPartOf\":{\"@id\":\"https:\/\/narteks.net\/index.php\/2009\/12\/25\/bursada-zaman\/\"},\"author\":{\"name\":\"Tar\u0131k\",\"@id\":\"https:\/\/narteks.net\/#\/schema\/person\/61f37d9834294b72d31d274e7ed79bca\"},\"headline\":\"BURSADA ZAMAN\",\"datePublished\":\"2009-12-25T19:16:05+00:00\",\"mainEntityOfPage\":{\"@id\":\"https:\/\/narteks.net\/index.php\/2009\/12\/25\/bursada-zaman\/\"},\"wordCount\":278,\"commentCount\":0,\"publisher\":{\"@id\":\"https:\/\/narteks.net\/#organization\"},\"articleSection\":[\"Ahmet Hamdi TANPINAR\"],\"inLanguage\":\"tr\",\"potentialAction\":[{\"@type\":\"CommentAction\",\"name\":\"Comment\",\"target\":[\"https:\/\/narteks.net\/index.php\/2009\/12\/25\/bursada-zaman\/#respond\"]}]},{\"@type\":\"WebPage\",\"@id\":\"https:\/\/narteks.net\/index.php\/2009\/12\/25\/bursada-zaman\/\",\"url\":\"https:\/\/narteks.net\/index.php\/2009\/12\/25\/bursada-zaman\/\",\"name\":\"BURSADA ZAMAN - narteks.net\",\"isPartOf\":{\"@id\":\"https:\/\/narteks.net\/#website\"},\"datePublished\":\"2009-12-25T19:16:05+00:00\",\"breadcrumb\":{\"@id\":\"https:\/\/narteks.net\/index.php\/2009\/12\/25\/bursada-zaman\/#breadcrumb\"},\"inLanguage\":\"tr\",\"potentialAction\":[{\"@type\":\"ReadAction\",\"target\":[\"https:\/\/narteks.net\/index.php\/2009\/12\/25\/bursada-zaman\/\"]}]},{\"@type\":\"BreadcrumbList\",\"@id\":\"https:\/\/narteks.net\/index.php\/2009\/12\/25\/bursada-zaman\/#breadcrumb\",\"itemListElement\":[{\"@type\":\"ListItem\",\"position\":1,\"name\":\"Anasayfa\",\"item\":\"https:\/\/narteks.net\/\"},{\"@type\":\"ListItem\",\"position\":2,\"name\":\"BURSADA ZAMAN\"}]},{\"@type\":\"WebSite\",\"@id\":\"https:\/\/narteks.net\/#website\",\"url\":\"https:\/\/narteks.net\/\",\"name\":\"narteks.net\",\"description\":\"K\u00fclt\u00fcr Sanat Edebiyat Felsefe\",\"publisher\":{\"@id\":\"https:\/\/narteks.net\/#organization\"},\"alternateName\":\"K\u00fclt\u00fcr Sanat Edebiyat Felsefe\",\"potentialAction\":[{\"@type\":\"SearchAction\",\"target\":{\"@type\":\"EntryPoint\",\"urlTemplate\":\"https:\/\/narteks.net\/?s={search_term_string}\"},\"query-input\":{\"@type\":\"PropertyValueSpecification\",\"valueRequired\":true,\"valueName\":\"search_term_string\"}}],\"inLanguage\":\"tr\"},{\"@type\":\"Organization\",\"@id\":\"https:\/\/narteks.net\/#organization\",\"name\":\"narteks.net\",\"url\":\"https:\/\/narteks.net\/\",\"logo\":{\"@type\":\"ImageObject\",\"inLanguage\":\"tr\",\"@id\":\"https:\/\/narteks.net\/#\/schema\/logo\/image\/\",\"url\":\"https:\/\/narteks.net\/wp-content\/uploads\/narteks.png\",\"contentUrl\":\"https:\/\/narteks.net\/wp-content\/uploads\/narteks.png\",\"width\":300,\"height\":90,\"caption\":\"narteks.net\"},\"image\":{\"@id\":\"https:\/\/narteks.net\/#\/schema\/logo\/image\/\"},\"sameAs\":[\"https:\/\/x.com\/narteks\",\"https:\/\/instagram.com\/narteksnet\"]},{\"@type\":\"Person\",\"@id\":\"https:\/\/narteks.net\/#\/schema\/person\/61f37d9834294b72d31d274e7ed79bca\",\"name\":\"Tar\u0131k\",\"image\":{\"@type\":\"ImageObject\",\"inLanguage\":\"tr\",\"@id\":\"https:\/\/narteks.net\/#\/schema\/person\/image\/\",\"url\":\"https:\/\/secure.gravatar.com\/avatar\/50865afb55632c4ae467e0af0930f6510aa2297d8014be502a55b14f3b7550cf?s=96&d=mm&r=g\",\"contentUrl\":\"https:\/\/secure.gravatar.com\/avatar\/50865afb55632c4ae467e0af0930f6510aa2297d8014be502a55b14f3b7550cf?s=96&d=mm&r=g\",\"caption\":\"Tar\u0131k\"},\"sameAs\":[\"http:\/\/narteks.net\"],\"url\":\"https:\/\/narteks.net\/index.php\/author\/narbak\/\"}]}<\/script>\n<!-- \/ Yoast SEO Premium plugin. -->","yoast_head_json":{"title":"BURSADA ZAMAN - narteks.net","robots":{"index":"index","follow":"follow","max-snippet":"max-snippet:-1","max-image-preview":"max-image-preview:large","max-video-preview":"max-video-preview:-1"},"canonical":"https:\/\/narteks.net\/index.php\/2009\/12\/25\/bursada-zaman\/","og_locale":"tr_TR","og_type":"article","og_title":"BURSADA ZAMAN","og_description":"\u00a0 Bursa&#8217;da eski bir cami avlusu, K\u00fc\u00e7\u00fck \u015fad\u0131rvanda \u015fak\u0131rdayan su. Orhan zaman\u0131ndan kalma bir duvar&#8230; Onunla bir ya\u015fta ihtiyar \u00e7\u0131nar Eliyor d\u00f6rt yana sakin bir g\u00fcn\u00fc. Bir r\u00fcyadan arta kalman\u0131n h\u00fczn\u00fc \u0130\u00e7inden g\u00fcl\u00fcyor bana derinden. Y\u00fczlerce \u00e7e\u015fmenin serinli\u011finden Ovan\u0131n ye\u015fili g\u00f6\u011f\u00fcn mavisi Ve mimarilerin en ilahisi. Bir zafer m\u00fcjdesi burda her isim: Sanki tek bir [&hellip;]","og_url":"https:\/\/narteks.net\/index.php\/2009\/12\/25\/bursada-zaman\/","og_site_name":"narteks.net","article_published_time":"2009-12-25T19:16:05+00:00","og_image":[{"width":300,"height":90,"url":"https:\/\/narteks.net\/wp-content\/uploads\/narteks.png","type":"image\/png"}],"author":"Tar\u0131k","twitter_card":"summary_large_image","twitter_creator":"@narteks","twitter_site":"@narteks","twitter_misc":{"Yazan:":"Tar\u0131k","Tahmini okuma s\u00fcresi":"1 dakika"},"schema":{"@context":"https:\/\/schema.org","@graph":[{"@type":"Article","@id":"https:\/\/narteks.net\/index.php\/2009\/12\/25\/bursada-zaman\/#article","isPartOf":{"@id":"https:\/\/narteks.net\/index.php\/2009\/12\/25\/bursada-zaman\/"},"author":{"name":"Tar\u0131k","@id":"https:\/\/narteks.net\/#\/schema\/person\/61f37d9834294b72d31d274e7ed79bca"},"headline":"BURSADA ZAMAN","datePublished":"2009-12-25T19:16:05+00:00","mainEntityOfPage":{"@id":"https:\/\/narteks.net\/index.php\/2009\/12\/25\/bursada-zaman\/"},"wordCount":278,"commentCount":0,"publisher":{"@id":"https:\/\/narteks.net\/#organization"},"articleSection":["Ahmet Hamdi TANPINAR"],"inLanguage":"tr","potentialAction":[{"@type":"CommentAction","name":"Comment","target":["https:\/\/narteks.net\/index.php\/2009\/12\/25\/bursada-zaman\/#respond"]}]},{"@type":"WebPage","@id":"https:\/\/narteks.net\/index.php\/2009\/12\/25\/bursada-zaman\/","url":"https:\/\/narteks.net\/index.php\/2009\/12\/25\/bursada-zaman\/","name":"BURSADA ZAMAN - narteks.net","isPartOf":{"@id":"https:\/\/narteks.net\/#website"},"datePublished":"2009-12-25T19:16:05+00:00","breadcrumb":{"@id":"https:\/\/narteks.net\/index.php\/2009\/12\/25\/bursada-zaman\/#breadcrumb"},"inLanguage":"tr","potentialAction":[{"@type":"ReadAction","target":["https:\/\/narteks.net\/index.php\/2009\/12\/25\/bursada-zaman\/"]}]},{"@type":"BreadcrumbList","@id":"https:\/\/narteks.net\/index.php\/2009\/12\/25\/bursada-zaman\/#breadcrumb","itemListElement":[{"@type":"ListItem","position":1,"name":"Anasayfa","item":"https:\/\/narteks.net\/"},{"@type":"ListItem","position":2,"name":"BURSADA ZAMAN"}]},{"@type":"WebSite","@id":"https:\/\/narteks.net\/#website","url":"https:\/\/narteks.net\/","name":"narteks.net","description":"K\u00fclt\u00fcr Sanat Edebiyat Felsefe","publisher":{"@id":"https:\/\/narteks.net\/#organization"},"alternateName":"K\u00fclt\u00fcr Sanat Edebiyat Felsefe","potentialAction":[{"@type":"SearchAction","target":{"@type":"EntryPoint","urlTemplate":"https:\/\/narteks.net\/?s={search_term_string}"},"query-input":{"@type":"PropertyValueSpecification","valueRequired":true,"valueName":"search_term_string"}}],"inLanguage":"tr"},{"@type":"Organization","@id":"https:\/\/narteks.net\/#organization","name":"narteks.net","url":"https:\/\/narteks.net\/","logo":{"@type":"ImageObject","inLanguage":"tr","@id":"https:\/\/narteks.net\/#\/schema\/logo\/image\/","url":"https:\/\/narteks.net\/wp-content\/uploads\/narteks.png","contentUrl":"https:\/\/narteks.net\/wp-content\/uploads\/narteks.png","width":300,"height":90,"caption":"narteks.net"},"image":{"@id":"https:\/\/narteks.net\/#\/schema\/logo\/image\/"},"sameAs":["https:\/\/x.com\/narteks","https:\/\/instagram.com\/narteksnet"]},{"@type":"Person","@id":"https:\/\/narteks.net\/#\/schema\/person\/61f37d9834294b72d31d274e7ed79bca","name":"Tar\u0131k","image":{"@type":"ImageObject","inLanguage":"tr","@id":"https:\/\/narteks.net\/#\/schema\/person\/image\/","url":"https:\/\/secure.gravatar.com\/avatar\/50865afb55632c4ae467e0af0930f6510aa2297d8014be502a55b14f3b7550cf?s=96&d=mm&r=g","contentUrl":"https:\/\/secure.gravatar.com\/avatar\/50865afb55632c4ae467e0af0930f6510aa2297d8014be502a55b14f3b7550cf?s=96&d=mm&r=g","caption":"Tar\u0131k"},"sameAs":["http:\/\/narteks.net"],"url":"https:\/\/narteks.net\/index.php\/author\/narbak\/"}]}},"_links":{"self":[{"href":"https:\/\/narteks.net\/index.php\/wp-json\/wp\/v2\/posts\/3159","targetHints":{"allow":["GET"]}}],"collection":[{"href":"https:\/\/narteks.net\/index.php\/wp-json\/wp\/v2\/posts"}],"about":[{"href":"https:\/\/narteks.net\/index.php\/wp-json\/wp\/v2\/types\/post"}],"author":[{"embeddable":true,"href":"https:\/\/narteks.net\/index.php\/wp-json\/wp\/v2\/users\/1"}],"replies":[{"embeddable":true,"href":"https:\/\/narteks.net\/index.php\/wp-json\/wp\/v2\/comments?post=3159"}],"version-history":[{"count":0,"href":"https:\/\/narteks.net\/index.php\/wp-json\/wp\/v2\/posts\/3159\/revisions"}],"wp:attachment":[{"href":"https:\/\/narteks.net\/index.php\/wp-json\/wp\/v2\/media?parent=3159"}],"wp:term":[{"taxonomy":"category","embeddable":true,"href":"https:\/\/narteks.net\/index.php\/wp-json\/wp\/v2\/categories?post=3159"},{"taxonomy":"post_tag","embeddable":true,"href":"https:\/\/narteks.net\/index.php\/wp-json\/wp\/v2\/tags?post=3159"}],"curies":[{"name":"wp","href":"https:\/\/api.w.org\/{rel}","templated":true}]}}