{"id":316,"date":"2009-03-02T13:51:24","date_gmt":"2009-03-02T10:51:24","guid":{"rendered":"http:\/\/localhost\/wordpress\/2009\/03\/02\/annem-yok-artik\/"},"modified":"2009-03-02T13:51:24","modified_gmt":"2009-03-02T10:51:24","slug":"annem-yok-artik","status":"publish","type":"post","link":"https:\/\/narteks.net\/index.php\/2009\/03\/02\/annem-yok-artik\/","title":{"rendered":"Annem Yok Art\u0131k"},"content":{"rendered":"<p>\u00a0<\/p>\n<p><span style=\"color: #000000;\">Annem yok art\u0131k.Beni d\u00fc\u015f\u00fcnen kalbi yok.Bitti.<br \/>Umutsuz olmak istemiyorum.<br \/>Umutsuzlugun bir \u00e7\u0131kar yol olmad\u0131g\u0131n\u0131 biliyorum.<br \/>Annem yok art\u0131k,yery\u00fcz\u00fc \u00e7ok g\u00f6rd\u00fc onu,<br \/>Kalabal\u0131\u011f\u0131n aras\u0131nda ku\u015f gibi \u00e7\u0131rp\u0131nan varl\u0131\u011f\u0131n\u0131<br \/>\u00c7ok g\u00f6rd\u00fc<br \/>Dalg\u0131n y\u00fcregini \u00e7ok g\u00f6rd\u00fc<br \/>Bizim i\u00e7in \u00e7arpan,kayg\u0131larla dolu y\u00fcre\u011fini.<br \/>Annem yok art\u0131k.Bu kesin.Gelinecek bir yere gitmedi.<br \/>\u0130\u015fte geldim \u00e7ocuklar demeyecek<br \/>Nas\u0131ls\u0131n yavrum demeyecek<br \/>Soban\u0131n yan\u0131nda oturup uzatmayacak yorgun ayaklar\u0131n\u0131,<br \/>Sabah kahvalt\u0131lar\u0131n\u0131n masas\u0131 olmayacak art\u0131k,<br \/>Yine gel demeyecek,<br \/>\u00c7\u0131karken ben kap\u0131dan,\u00e7\u0131k\u0131p karanl\u0131\u011fa kar\u0131\u015f\u0131rken<br \/>Yeni bir d\u00f6nemi ba\u015flad\u0131 \u00f6mr\u00fcm\u00fcn,<br \/>Annemin olmad\u0131\u011f\u0131 d\u00f6nemi,<br \/>Onu y\u00fcregimin \u00fcst\u00fcne nas\u0131l bast\u0131rmak <br \/>\u0130stedi\u011fimi bilemeyecek art\u0131k.<br \/>Gen\u00e7lik d\u00f6nemleri bir\u015fey anlatm\u0131yor bana,<br \/>Akl\u0131mda hep son d\u00f6nemlerinin annemi<br \/>Hayat\u0131m s\u00fcr\u00fcp gidecek,annem olmadan,<br \/>\u00c7ocuklar\u0131m oldugunda onlara annemi anlatabilece\u011fim<br \/>Sadece.<br \/>Foto\u011fraflar\u0131na bakacaklar,<br \/>Ufarak,biraz mahsunca bir kad\u0131n<br \/>K\u00fc\u00e7\u00fcc\u00fck tozlu pabu\u00e7lar\u0131yla merdivenleri t\u0131rman\u0131p<br \/>Kap\u0131m\u0131 a\u00e7\u0131p girmeyecek<br \/>Y\u00fcre\u011fi dopdolu,trafikten insanlardan \u015fa\u015fk\u0131n,<br \/>Kocas\u0131na s\u0131g\u0131nan biraz b\u00fct\u00fcn fotograflar\u0131nda<br \/>Hayat\u0131m r\u00fczgar gibi ak\u0131p ge\u00e7iyor,<br \/>Ugultulu bir r\u00fczgar gibi ak\u0131p ge\u00e7iyor hayat\u0131m&#8230; <\/span><\/p>\n<p> <span style=\"color: #000000;\"><span>Ataol Behramo\u011flu<\/span><\/span><\/p>\n","protected":false},"excerpt":{"rendered":"<p>\u00a0 Annem yok art\u0131k.Beni d\u00fc\u015f\u00fcnen kalbi yok.Bitti.Umutsuz olmak istemiyorum.Umutsuzlugun bir \u00e7\u0131kar yol olmad\u0131g\u0131n\u0131 biliyorum.Annem yok art\u0131k,yery\u00fcz\u00fc \u00e7ok g\u00f6rd\u00fc onu,Kalabal\u0131\u011f\u0131n aras\u0131nda ku\u015f gibi \u00e7\u0131rp\u0131nan varl\u0131\u011f\u0131n\u0131\u00c7ok g\u00f6rd\u00fcDalg\u0131n y\u00fcregini \u00e7ok g\u00f6rd\u00fcBizim i\u00e7in \u00e7arpan,kayg\u0131larla dolu y\u00fcre\u011fini.Annem yok art\u0131k.Bu kesin.Gelinecek bir yere gitmedi.\u0130\u015fte geldim \u00e7ocuklar demeyecekNas\u0131ls\u0131n yavrum demeyecekSoban\u0131n yan\u0131nda oturup uzatmayacak yorgun ayaklar\u0131n\u0131,Sabah kahvalt\u0131lar\u0131n\u0131n masas\u0131 olmayacak art\u0131k,Yine gel demeyecek,\u00c7\u0131karken ben [&hellip;]<\/p>\n","protected":false},"author":1,"featured_media":0,"comment_status":"open","ping_status":"open","sticky":false,"template":"","format":"standard","meta":{"footnotes":""},"categories":[10],"tags":[],"class_list":{"0":"post-316","1":"post","2":"type-post","3":"status-publish","4":"format-standard","6":"category-ataol-behramoglu"},"yoast_head":"<!-- This site is optimized with the Yoast SEO Premium plugin v24.9 (Yoast SEO v24.9) - https:\/\/yoast.com\/wordpress\/plugins\/seo\/ -->\n<title>Annem Yok Art\u0131k - narteks.net<\/title>\n<meta name=\"robots\" content=\"index, follow, max-snippet:-1, max-image-preview:large, max-video-preview:-1\" \/>\n<link rel=\"canonical\" href=\"https:\/\/narteks.net\/index.php\/2009\/03\/02\/annem-yok-artik\/\" \/>\n<meta property=\"og:locale\" content=\"tr_TR\" \/>\n<meta property=\"og:type\" content=\"article\" \/>\n<meta property=\"og:title\" content=\"Annem Yok Art\u0131k\" \/>\n<meta property=\"og:description\" content=\"\u00a0 Annem yok art\u0131k.Beni d\u00fc\u015f\u00fcnen kalbi yok.Bitti.Umutsuz olmak istemiyorum.Umutsuzlugun bir \u00e7\u0131kar yol olmad\u0131g\u0131n\u0131 biliyorum.Annem yok art\u0131k,yery\u00fcz\u00fc \u00e7ok g\u00f6rd\u00fc onu,Kalabal\u0131\u011f\u0131n aras\u0131nda ku\u015f gibi \u00e7\u0131rp\u0131nan varl\u0131\u011f\u0131n\u0131\u00c7ok g\u00f6rd\u00fcDalg\u0131n y\u00fcregini \u00e7ok g\u00f6rd\u00fcBizim i\u00e7in \u00e7arpan,kayg\u0131larla dolu y\u00fcre\u011fini.Annem yok art\u0131k.Bu kesin.Gelinecek bir yere gitmedi.\u0130\u015fte geldim \u00e7ocuklar demeyecekNas\u0131ls\u0131n yavrum demeyecekSoban\u0131n yan\u0131nda oturup uzatmayacak yorgun ayaklar\u0131n\u0131,Sabah kahvalt\u0131lar\u0131n\u0131n masas\u0131 olmayacak art\u0131k,Yine gel demeyecek,\u00c7\u0131karken ben [&hellip;]\" \/>\n<meta property=\"og:url\" content=\"https:\/\/narteks.net\/index.php\/2009\/03\/02\/annem-yok-artik\/\" \/>\n<meta property=\"og:site_name\" content=\"narteks.net\" \/>\n<meta property=\"article:published_time\" content=\"2009-03-02T10:51:24+00:00\" \/>\n<meta property=\"og:image\" content=\"https:\/\/narteks.net\/wp-content\/uploads\/narteks.png\" \/>\n\t<meta property=\"og:image:width\" content=\"300\" \/>\n\t<meta property=\"og:image:height\" content=\"90\" \/>\n\t<meta property=\"og:image:type\" content=\"image\/png\" \/>\n<meta name=\"author\" content=\"Tar\u0131k\" \/>\n<meta name=\"twitter:card\" content=\"summary_large_image\" \/>\n<meta name=\"twitter:creator\" content=\"@narteks\" \/>\n<meta name=\"twitter:site\" content=\"@narteks\" \/>\n<meta name=\"twitter:label1\" content=\"Yazan:\" \/>\n\t<meta name=\"twitter:data1\" content=\"Tar\u0131k\" \/>\n\t<meta name=\"twitter:label2\" content=\"Tahmini okuma s\u00fcresi\" \/>\n\t<meta name=\"twitter:data2\" content=\"1 dakika\" \/>\n<script type=\"application\/ld+json\" class=\"yoast-schema-graph\">{\"@context\":\"https:\/\/schema.org\",\"@graph\":[{\"@type\":\"Article\",\"@id\":\"https:\/\/narteks.net\/index.php\/2009\/03\/02\/annem-yok-artik\/#article\",\"isPartOf\":{\"@id\":\"https:\/\/narteks.net\/index.php\/2009\/03\/02\/annem-yok-artik\/\"},\"author\":{\"name\":\"Tar\u0131k\",\"@id\":\"https:\/\/narteks.net\/#\/schema\/person\/61f37d9834294b72d31d274e7ed79bca\"},\"headline\":\"Annem Yok Art\u0131k\",\"datePublished\":\"2009-03-02T10:51:24+00:00\",\"mainEntityOfPage\":{\"@id\":\"https:\/\/narteks.net\/index.php\/2009\/03\/02\/annem-yok-artik\/\"},\"wordCount\":234,\"commentCount\":0,\"publisher\":{\"@id\":\"https:\/\/narteks.net\/#organization\"},\"articleSection\":[\"Ataol BEHRAMOGLU\"],\"inLanguage\":\"tr\",\"potentialAction\":[{\"@type\":\"CommentAction\",\"name\":\"Comment\",\"target\":[\"https:\/\/narteks.net\/index.php\/2009\/03\/02\/annem-yok-artik\/#respond\"]}]},{\"@type\":\"WebPage\",\"@id\":\"https:\/\/narteks.net\/index.php\/2009\/03\/02\/annem-yok-artik\/\",\"url\":\"https:\/\/narteks.net\/index.php\/2009\/03\/02\/annem-yok-artik\/\",\"name\":\"Annem Yok Art\u0131k - narteks.net\",\"isPartOf\":{\"@id\":\"https:\/\/narteks.net\/#website\"},\"datePublished\":\"2009-03-02T10:51:24+00:00\",\"breadcrumb\":{\"@id\":\"https:\/\/narteks.net\/index.php\/2009\/03\/02\/annem-yok-artik\/#breadcrumb\"},\"inLanguage\":\"tr\",\"potentialAction\":[{\"@type\":\"ReadAction\",\"target\":[\"https:\/\/narteks.net\/index.php\/2009\/03\/02\/annem-yok-artik\/\"]}]},{\"@type\":\"BreadcrumbList\",\"@id\":\"https:\/\/narteks.net\/index.php\/2009\/03\/02\/annem-yok-artik\/#breadcrumb\",\"itemListElement\":[{\"@type\":\"ListItem\",\"position\":1,\"name\":\"Anasayfa\",\"item\":\"https:\/\/narteks.net\/\"},{\"@type\":\"ListItem\",\"position\":2,\"name\":\"Annem Yok Art\u0131k\"}]},{\"@type\":\"WebSite\",\"@id\":\"https:\/\/narteks.net\/#website\",\"url\":\"https:\/\/narteks.net\/\",\"name\":\"narteks.net\",\"description\":\"K\u00fclt\u00fcr Sanat Edebiyat Felsefe\",\"publisher\":{\"@id\":\"https:\/\/narteks.net\/#organization\"},\"alternateName\":\"K\u00fclt\u00fcr Sanat Edebiyat Felsefe\",\"potentialAction\":[{\"@type\":\"SearchAction\",\"target\":{\"@type\":\"EntryPoint\",\"urlTemplate\":\"https:\/\/narteks.net\/?s={search_term_string}\"},\"query-input\":{\"@type\":\"PropertyValueSpecification\",\"valueRequired\":true,\"valueName\":\"search_term_string\"}}],\"inLanguage\":\"tr\"},{\"@type\":\"Organization\",\"@id\":\"https:\/\/narteks.net\/#organization\",\"name\":\"narteks.net\",\"url\":\"https:\/\/narteks.net\/\",\"logo\":{\"@type\":\"ImageObject\",\"inLanguage\":\"tr\",\"@id\":\"https:\/\/narteks.net\/#\/schema\/logo\/image\/\",\"url\":\"https:\/\/narteks.net\/wp-content\/uploads\/narteks.png\",\"contentUrl\":\"https:\/\/narteks.net\/wp-content\/uploads\/narteks.png\",\"width\":300,\"height\":90,\"caption\":\"narteks.net\"},\"image\":{\"@id\":\"https:\/\/narteks.net\/#\/schema\/logo\/image\/\"},\"sameAs\":[\"https:\/\/x.com\/narteks\",\"https:\/\/instagram.com\/narteksnet\"]},{\"@type\":\"Person\",\"@id\":\"https:\/\/narteks.net\/#\/schema\/person\/61f37d9834294b72d31d274e7ed79bca\",\"name\":\"Tar\u0131k\",\"image\":{\"@type\":\"ImageObject\",\"inLanguage\":\"tr\",\"@id\":\"https:\/\/narteks.net\/#\/schema\/person\/image\/\",\"url\":\"https:\/\/secure.gravatar.com\/avatar\/50865afb55632c4ae467e0af0930f6510aa2297d8014be502a55b14f3b7550cf?s=96&d=mm&r=g\",\"contentUrl\":\"https:\/\/secure.gravatar.com\/avatar\/50865afb55632c4ae467e0af0930f6510aa2297d8014be502a55b14f3b7550cf?s=96&d=mm&r=g\",\"caption\":\"Tar\u0131k\"},\"sameAs\":[\"http:\/\/narteks.net\"],\"url\":\"https:\/\/narteks.net\/index.php\/author\/narbak\/\"}]}<\/script>\n<!-- \/ Yoast SEO Premium plugin. -->","yoast_head_json":{"title":"Annem Yok Art\u0131k - narteks.net","robots":{"index":"index","follow":"follow","max-snippet":"max-snippet:-1","max-image-preview":"max-image-preview:large","max-video-preview":"max-video-preview:-1"},"canonical":"https:\/\/narteks.net\/index.php\/2009\/03\/02\/annem-yok-artik\/","og_locale":"tr_TR","og_type":"article","og_title":"Annem Yok Art\u0131k","og_description":"\u00a0 Annem yok art\u0131k.Beni d\u00fc\u015f\u00fcnen kalbi yok.Bitti.Umutsuz olmak istemiyorum.Umutsuzlugun bir \u00e7\u0131kar yol olmad\u0131g\u0131n\u0131 biliyorum.Annem yok art\u0131k,yery\u00fcz\u00fc \u00e7ok g\u00f6rd\u00fc onu,Kalabal\u0131\u011f\u0131n aras\u0131nda ku\u015f gibi \u00e7\u0131rp\u0131nan varl\u0131\u011f\u0131n\u0131\u00c7ok g\u00f6rd\u00fcDalg\u0131n y\u00fcregini \u00e7ok g\u00f6rd\u00fcBizim i\u00e7in \u00e7arpan,kayg\u0131larla dolu y\u00fcre\u011fini.Annem yok art\u0131k.Bu kesin.Gelinecek bir yere gitmedi.\u0130\u015fte geldim \u00e7ocuklar demeyecekNas\u0131ls\u0131n yavrum demeyecekSoban\u0131n yan\u0131nda oturup uzatmayacak yorgun ayaklar\u0131n\u0131,Sabah kahvalt\u0131lar\u0131n\u0131n masas\u0131 olmayacak art\u0131k,Yine gel demeyecek,\u00c7\u0131karken ben [&hellip;]","og_url":"https:\/\/narteks.net\/index.php\/2009\/03\/02\/annem-yok-artik\/","og_site_name":"narteks.net","article_published_time":"2009-03-02T10:51:24+00:00","og_image":[{"width":300,"height":90,"url":"https:\/\/narteks.net\/wp-content\/uploads\/narteks.png","type":"image\/png"}],"author":"Tar\u0131k","twitter_card":"summary_large_image","twitter_creator":"@narteks","twitter_site":"@narteks","twitter_misc":{"Yazan:":"Tar\u0131k","Tahmini okuma s\u00fcresi":"1 dakika"},"schema":{"@context":"https:\/\/schema.org","@graph":[{"@type":"Article","@id":"https:\/\/narteks.net\/index.php\/2009\/03\/02\/annem-yok-artik\/#article","isPartOf":{"@id":"https:\/\/narteks.net\/index.php\/2009\/03\/02\/annem-yok-artik\/"},"author":{"name":"Tar\u0131k","@id":"https:\/\/narteks.net\/#\/schema\/person\/61f37d9834294b72d31d274e7ed79bca"},"headline":"Annem Yok Art\u0131k","datePublished":"2009-03-02T10:51:24+00:00","mainEntityOfPage":{"@id":"https:\/\/narteks.net\/index.php\/2009\/03\/02\/annem-yok-artik\/"},"wordCount":234,"commentCount":0,"publisher":{"@id":"https:\/\/narteks.net\/#organization"},"articleSection":["Ataol BEHRAMOGLU"],"inLanguage":"tr","potentialAction":[{"@type":"CommentAction","name":"Comment","target":["https:\/\/narteks.net\/index.php\/2009\/03\/02\/annem-yok-artik\/#respond"]}]},{"@type":"WebPage","@id":"https:\/\/narteks.net\/index.php\/2009\/03\/02\/annem-yok-artik\/","url":"https:\/\/narteks.net\/index.php\/2009\/03\/02\/annem-yok-artik\/","name":"Annem Yok Art\u0131k - narteks.net","isPartOf":{"@id":"https:\/\/narteks.net\/#website"},"datePublished":"2009-03-02T10:51:24+00:00","breadcrumb":{"@id":"https:\/\/narteks.net\/index.php\/2009\/03\/02\/annem-yok-artik\/#breadcrumb"},"inLanguage":"tr","potentialAction":[{"@type":"ReadAction","target":["https:\/\/narteks.net\/index.php\/2009\/03\/02\/annem-yok-artik\/"]}]},{"@type":"BreadcrumbList","@id":"https:\/\/narteks.net\/index.php\/2009\/03\/02\/annem-yok-artik\/#breadcrumb","itemListElement":[{"@type":"ListItem","position":1,"name":"Anasayfa","item":"https:\/\/narteks.net\/"},{"@type":"ListItem","position":2,"name":"Annem Yok Art\u0131k"}]},{"@type":"WebSite","@id":"https:\/\/narteks.net\/#website","url":"https:\/\/narteks.net\/","name":"narteks.net","description":"K\u00fclt\u00fcr Sanat Edebiyat Felsefe","publisher":{"@id":"https:\/\/narteks.net\/#organization"},"alternateName":"K\u00fclt\u00fcr Sanat Edebiyat Felsefe","potentialAction":[{"@type":"SearchAction","target":{"@type":"EntryPoint","urlTemplate":"https:\/\/narteks.net\/?s={search_term_string}"},"query-input":{"@type":"PropertyValueSpecification","valueRequired":true,"valueName":"search_term_string"}}],"inLanguage":"tr"},{"@type":"Organization","@id":"https:\/\/narteks.net\/#organization","name":"narteks.net","url":"https:\/\/narteks.net\/","logo":{"@type":"ImageObject","inLanguage":"tr","@id":"https:\/\/narteks.net\/#\/schema\/logo\/image\/","url":"https:\/\/narteks.net\/wp-content\/uploads\/narteks.png","contentUrl":"https:\/\/narteks.net\/wp-content\/uploads\/narteks.png","width":300,"height":90,"caption":"narteks.net"},"image":{"@id":"https:\/\/narteks.net\/#\/schema\/logo\/image\/"},"sameAs":["https:\/\/x.com\/narteks","https:\/\/instagram.com\/narteksnet"]},{"@type":"Person","@id":"https:\/\/narteks.net\/#\/schema\/person\/61f37d9834294b72d31d274e7ed79bca","name":"Tar\u0131k","image":{"@type":"ImageObject","inLanguage":"tr","@id":"https:\/\/narteks.net\/#\/schema\/person\/image\/","url":"https:\/\/secure.gravatar.com\/avatar\/50865afb55632c4ae467e0af0930f6510aa2297d8014be502a55b14f3b7550cf?s=96&d=mm&r=g","contentUrl":"https:\/\/secure.gravatar.com\/avatar\/50865afb55632c4ae467e0af0930f6510aa2297d8014be502a55b14f3b7550cf?s=96&d=mm&r=g","caption":"Tar\u0131k"},"sameAs":["http:\/\/narteks.net"],"url":"https:\/\/narteks.net\/index.php\/author\/narbak\/"}]}},"_links":{"self":[{"href":"https:\/\/narteks.net\/index.php\/wp-json\/wp\/v2\/posts\/316","targetHints":{"allow":["GET"]}}],"collection":[{"href":"https:\/\/narteks.net\/index.php\/wp-json\/wp\/v2\/posts"}],"about":[{"href":"https:\/\/narteks.net\/index.php\/wp-json\/wp\/v2\/types\/post"}],"author":[{"embeddable":true,"href":"https:\/\/narteks.net\/index.php\/wp-json\/wp\/v2\/users\/1"}],"replies":[{"embeddable":true,"href":"https:\/\/narteks.net\/index.php\/wp-json\/wp\/v2\/comments?post=316"}],"version-history":[{"count":0,"href":"https:\/\/narteks.net\/index.php\/wp-json\/wp\/v2\/posts\/316\/revisions"}],"wp:attachment":[{"href":"https:\/\/narteks.net\/index.php\/wp-json\/wp\/v2\/media?parent=316"}],"wp:term":[{"taxonomy":"category","embeddable":true,"href":"https:\/\/narteks.net\/index.php\/wp-json\/wp\/v2\/categories?post=316"},{"taxonomy":"post_tag","embeddable":true,"href":"https:\/\/narteks.net\/index.php\/wp-json\/wp\/v2\/tags?post=316"}],"curies":[{"name":"wp","href":"https:\/\/api.w.org\/{rel}","templated":true}]}}