{"id":317,"date":"2009-03-02T13:52:52","date_gmt":"2009-03-02T10:52:52","guid":{"rendered":"http:\/\/localhost\/wordpress\/2009\/03\/02\/annem-yok-artik-2\/"},"modified":"2009-03-02T13:52:52","modified_gmt":"2009-03-02T10:52:52","slug":"annem-yok-artik-2","status":"publish","type":"post","link":"https:\/\/narteks.net\/index.php\/2009\/03\/02\/annem-yok-artik-2\/","title":{"rendered":"Annem Yok Art\u0131k 2"},"content":{"rendered":"<p>\u00a0<\/p>\n<p><span style=\"color: #000000;\">Anne diyemeyecegim art\u0131k bir ba\u015fkas\u0131na,<br \/>Sesimin anneme seslenirkenki tonuyla<br \/>Tatil d\u00f6n\u00fc\u015flerinde annemin ugrayacag\u0131m evi yok,<br \/>Beni seven birileri olacak m\u0131 yine de<br \/>Gidip ko\u015fulsuz uzanacag\u0131m bir yatak,<br \/>Sa\u00e7lar\u0131m\u0131 ok\u015fayacak bir el<br \/>Ama ben anneme de b\u00fct\u00fcn b\u00fct\u00fcne<br \/>B\u0131rakamad\u0131m kendimi<br \/>Sa\u00e7lar\u0131m\u0131 ok\u015farken,yorulur \u015fimdi<br \/>B\u0131rak\u0131r \u015fimdi diye d\u00fc\u015f\u00fcn\u00fcrd\u00fcm<br \/>Ve \u00e7\u0131lg\u0131nca yaramaz,beyni bo\u015f<br \/>Denecek kadar yaramaz,<br \/>Ve hastal\u0131kl\u0131 denecek kadar duyarl\u0131kl\u0131<br \/>Bir \u00e7ocuktum \u00e7ocuklugumda<br \/>Dizlerine oturdugum birg\u00fcn,indim utanarak,<br \/>K\u0131sa pantolonumdan f\u0131rlayan<br \/>Ve bana art\u0131k b\u00fcy\u00fcm\u00fc\u015f gelen dizlerimle<br \/>Oysa ilkokul ikide ya var ya yoktum daha<br \/>O zaman tan\u0131d\u0131m sonsuz geni\u015f caddelerini Kars`\u0131n,<br \/>Sonsuz geni\u015f g\u00f6\u011f\u00fcn\u00fc ve o zamanlardan kald\u0131<br \/>Y\u00fcregimde sonsuz bir u\u00e7urum duygusu<br \/>Annem hi\u00e7bir zaman bilmedi bunlar\u0131<br \/>Y\u00fcre\u011fi b\u00fcy\u00fcm\u00fc\u015f bir \u00e7ocuktum ben<br \/>Gizli gizli ne kadar \u00e7ok a\u011flad\u0131m<br \/>Bir g\u00fcn \u00f6lece\u011fini d\u00fc\u015f\u00fcnerek onun<br \/>Annem yok art\u0131k,<br \/>Onun y\u00fcregindeki ben de yokum,<br \/>Yani annemle tan\u0131mlanan ben de \u00f6ld\u00fcm onunla<br \/>\u015eimdi,<br \/>Yeni bir tan\u0131ma al\u0131\u015ft\u0131rmal\u0131y\u0131m kendimi,<br \/>\u015eimdi ,<br \/>Ben kendimi d\u00fc\u015f\u00fcnmezken bile <br \/>Kim d\u00fc\u015f\u00fcn\u00fcr beni&#8230; \t\t\t\t \t\t\t\t<br \/><\/span><br \/> <span>Ataol Behramo\u011flu<\/span><\/p>\n","protected":false},"excerpt":{"rendered":"<p>\u00a0 Anne diyemeyecegim art\u0131k bir ba\u015fkas\u0131na,Sesimin anneme seslenirkenki tonuylaTatil d\u00f6n\u00fc\u015flerinde annemin ugrayacag\u0131m evi yok,Beni seven birileri olacak m\u0131 yine deGidip ko\u015fulsuz uzanacag\u0131m bir yatak,Sa\u00e7lar\u0131m\u0131 ok\u015fayacak bir elAma ben anneme de b\u00fct\u00fcn b\u00fct\u00fcneB\u0131rakamad\u0131m kendimiSa\u00e7lar\u0131m\u0131 ok\u015farken,yorulur \u015fimdiB\u0131rak\u0131r \u015fimdi diye d\u00fc\u015f\u00fcn\u00fcrd\u00fcmVe \u00e7\u0131lg\u0131nca yaramaz,beyni bo\u015fDenecek kadar yaramaz,Ve hastal\u0131kl\u0131 denecek kadar duyarl\u0131kl\u0131Bir \u00e7ocuktum \u00e7ocuklugumdaDizlerine oturdugum birg\u00fcn,indim utanarak,K\u0131sa pantolonumdan f\u0131rlayanVe bana [&hellip;]<\/p>\n","protected":false},"author":1,"featured_media":0,"comment_status":"open","ping_status":"open","sticky":false,"template":"","format":"standard","meta":{"footnotes":""},"categories":[10],"tags":[],"class_list":{"0":"post-317","1":"post","2":"type-post","3":"status-publish","4":"format-standard","6":"category-ataol-behramoglu"},"yoast_head":"<!-- This site is optimized with the Yoast SEO Premium plugin v24.9 (Yoast SEO v24.9) - https:\/\/yoast.com\/wordpress\/plugins\/seo\/ -->\n<title>Annem Yok Art\u0131k 2 - narteks.net<\/title>\n<meta name=\"robots\" content=\"index, follow, max-snippet:-1, max-image-preview:large, max-video-preview:-1\" \/>\n<link rel=\"canonical\" href=\"https:\/\/narteks.net\/index.php\/2009\/03\/02\/annem-yok-artik-2\/\" \/>\n<meta property=\"og:locale\" content=\"tr_TR\" \/>\n<meta property=\"og:type\" content=\"article\" \/>\n<meta property=\"og:title\" content=\"Annem Yok Art\u0131k 2\" \/>\n<meta property=\"og:description\" content=\"\u00a0 Anne diyemeyecegim art\u0131k bir ba\u015fkas\u0131na,Sesimin anneme seslenirkenki tonuylaTatil d\u00f6n\u00fc\u015flerinde annemin ugrayacag\u0131m evi yok,Beni seven birileri olacak m\u0131 yine deGidip ko\u015fulsuz uzanacag\u0131m bir yatak,Sa\u00e7lar\u0131m\u0131 ok\u015fayacak bir elAma ben anneme de b\u00fct\u00fcn b\u00fct\u00fcneB\u0131rakamad\u0131m kendimiSa\u00e7lar\u0131m\u0131 ok\u015farken,yorulur \u015fimdiB\u0131rak\u0131r \u015fimdi diye d\u00fc\u015f\u00fcn\u00fcrd\u00fcmVe \u00e7\u0131lg\u0131nca yaramaz,beyni bo\u015fDenecek kadar yaramaz,Ve hastal\u0131kl\u0131 denecek kadar duyarl\u0131kl\u0131Bir \u00e7ocuktum \u00e7ocuklugumdaDizlerine oturdugum birg\u00fcn,indim utanarak,K\u0131sa pantolonumdan f\u0131rlayanVe bana [&hellip;]\" \/>\n<meta property=\"og:url\" content=\"https:\/\/narteks.net\/index.php\/2009\/03\/02\/annem-yok-artik-2\/\" \/>\n<meta property=\"og:site_name\" content=\"narteks.net\" \/>\n<meta property=\"article:published_time\" content=\"2009-03-02T10:52:52+00:00\" \/>\n<meta property=\"og:image\" content=\"https:\/\/narteks.net\/wp-content\/uploads\/narteks.png\" \/>\n\t<meta property=\"og:image:width\" content=\"300\" \/>\n\t<meta property=\"og:image:height\" content=\"90\" \/>\n\t<meta property=\"og:image:type\" content=\"image\/png\" \/>\n<meta name=\"author\" content=\"Tar\u0131k\" \/>\n<meta name=\"twitter:card\" content=\"summary_large_image\" \/>\n<meta name=\"twitter:creator\" content=\"@narteks\" \/>\n<meta name=\"twitter:site\" content=\"@narteks\" \/>\n<meta name=\"twitter:label1\" content=\"Yazan:\" \/>\n\t<meta name=\"twitter:data1\" content=\"Tar\u0131k\" \/>\n\t<meta name=\"twitter:label2\" content=\"Tahmini okuma s\u00fcresi\" \/>\n\t<meta name=\"twitter:data2\" content=\"1 dakika\" \/>\n<script type=\"application\/ld+json\" class=\"yoast-schema-graph\">{\"@context\":\"https:\/\/schema.org\",\"@graph\":[{\"@type\":\"Article\",\"@id\":\"https:\/\/narteks.net\/index.php\/2009\/03\/02\/annem-yok-artik-2\/#article\",\"isPartOf\":{\"@id\":\"https:\/\/narteks.net\/index.php\/2009\/03\/02\/annem-yok-artik-2\/\"},\"author\":{\"name\":\"Tar\u0131k\",\"@id\":\"https:\/\/narteks.net\/#\/schema\/person\/61f37d9834294b72d31d274e7ed79bca\"},\"headline\":\"Annem Yok Art\u0131k 2\",\"datePublished\":\"2009-03-02T10:52:52+00:00\",\"mainEntityOfPage\":{\"@id\":\"https:\/\/narteks.net\/index.php\/2009\/03\/02\/annem-yok-artik-2\/\"},\"wordCount\":208,\"commentCount\":0,\"publisher\":{\"@id\":\"https:\/\/narteks.net\/#organization\"},\"articleSection\":[\"Ataol BEHRAMOGLU\"],\"inLanguage\":\"tr\",\"potentialAction\":[{\"@type\":\"CommentAction\",\"name\":\"Comment\",\"target\":[\"https:\/\/narteks.net\/index.php\/2009\/03\/02\/annem-yok-artik-2\/#respond\"]}]},{\"@type\":\"WebPage\",\"@id\":\"https:\/\/narteks.net\/index.php\/2009\/03\/02\/annem-yok-artik-2\/\",\"url\":\"https:\/\/narteks.net\/index.php\/2009\/03\/02\/annem-yok-artik-2\/\",\"name\":\"Annem Yok Art\u0131k 2 - narteks.net\",\"isPartOf\":{\"@id\":\"https:\/\/narteks.net\/#website\"},\"datePublished\":\"2009-03-02T10:52:52+00:00\",\"breadcrumb\":{\"@id\":\"https:\/\/narteks.net\/index.php\/2009\/03\/02\/annem-yok-artik-2\/#breadcrumb\"},\"inLanguage\":\"tr\",\"potentialAction\":[{\"@type\":\"ReadAction\",\"target\":[\"https:\/\/narteks.net\/index.php\/2009\/03\/02\/annem-yok-artik-2\/\"]}]},{\"@type\":\"BreadcrumbList\",\"@id\":\"https:\/\/narteks.net\/index.php\/2009\/03\/02\/annem-yok-artik-2\/#breadcrumb\",\"itemListElement\":[{\"@type\":\"ListItem\",\"position\":1,\"name\":\"Anasayfa\",\"item\":\"https:\/\/narteks.net\/\"},{\"@type\":\"ListItem\",\"position\":2,\"name\":\"Annem Yok Art\u0131k 2\"}]},{\"@type\":\"WebSite\",\"@id\":\"https:\/\/narteks.net\/#website\",\"url\":\"https:\/\/narteks.net\/\",\"name\":\"narteks.net\",\"description\":\"K\u00fclt\u00fcr Sanat Edebiyat Felsefe\",\"publisher\":{\"@id\":\"https:\/\/narteks.net\/#organization\"},\"alternateName\":\"K\u00fclt\u00fcr Sanat Edebiyat Felsefe\",\"potentialAction\":[{\"@type\":\"SearchAction\",\"target\":{\"@type\":\"EntryPoint\",\"urlTemplate\":\"https:\/\/narteks.net\/?s={search_term_string}\"},\"query-input\":{\"@type\":\"PropertyValueSpecification\",\"valueRequired\":true,\"valueName\":\"search_term_string\"}}],\"inLanguage\":\"tr\"},{\"@type\":\"Organization\",\"@id\":\"https:\/\/narteks.net\/#organization\",\"name\":\"narteks.net\",\"url\":\"https:\/\/narteks.net\/\",\"logo\":{\"@type\":\"ImageObject\",\"inLanguage\":\"tr\",\"@id\":\"https:\/\/narteks.net\/#\/schema\/logo\/image\/\",\"url\":\"https:\/\/narteks.net\/wp-content\/uploads\/narteks.png\",\"contentUrl\":\"https:\/\/narteks.net\/wp-content\/uploads\/narteks.png\",\"width\":300,\"height\":90,\"caption\":\"narteks.net\"},\"image\":{\"@id\":\"https:\/\/narteks.net\/#\/schema\/logo\/image\/\"},\"sameAs\":[\"https:\/\/x.com\/narteks\",\"https:\/\/instagram.com\/narteksnet\"]},{\"@type\":\"Person\",\"@id\":\"https:\/\/narteks.net\/#\/schema\/person\/61f37d9834294b72d31d274e7ed79bca\",\"name\":\"Tar\u0131k\",\"image\":{\"@type\":\"ImageObject\",\"inLanguage\":\"tr\",\"@id\":\"https:\/\/narteks.net\/#\/schema\/person\/image\/\",\"url\":\"https:\/\/secure.gravatar.com\/avatar\/50865afb55632c4ae467e0af0930f6510aa2297d8014be502a55b14f3b7550cf?s=96&d=mm&r=g\",\"contentUrl\":\"https:\/\/secure.gravatar.com\/avatar\/50865afb55632c4ae467e0af0930f6510aa2297d8014be502a55b14f3b7550cf?s=96&d=mm&r=g\",\"caption\":\"Tar\u0131k\"},\"sameAs\":[\"http:\/\/narteks.net\"],\"url\":\"https:\/\/narteks.net\/index.php\/author\/narbak\/\"}]}<\/script>\n<!-- \/ Yoast SEO Premium plugin. -->","yoast_head_json":{"title":"Annem Yok Art\u0131k 2 - narteks.net","robots":{"index":"index","follow":"follow","max-snippet":"max-snippet:-1","max-image-preview":"max-image-preview:large","max-video-preview":"max-video-preview:-1"},"canonical":"https:\/\/narteks.net\/index.php\/2009\/03\/02\/annem-yok-artik-2\/","og_locale":"tr_TR","og_type":"article","og_title":"Annem Yok Art\u0131k 2","og_description":"\u00a0 Anne diyemeyecegim art\u0131k bir ba\u015fkas\u0131na,Sesimin anneme seslenirkenki tonuylaTatil d\u00f6n\u00fc\u015flerinde annemin ugrayacag\u0131m evi yok,Beni seven birileri olacak m\u0131 yine deGidip ko\u015fulsuz uzanacag\u0131m bir yatak,Sa\u00e7lar\u0131m\u0131 ok\u015fayacak bir elAma ben anneme de b\u00fct\u00fcn b\u00fct\u00fcneB\u0131rakamad\u0131m kendimiSa\u00e7lar\u0131m\u0131 ok\u015farken,yorulur \u015fimdiB\u0131rak\u0131r \u015fimdi diye d\u00fc\u015f\u00fcn\u00fcrd\u00fcmVe \u00e7\u0131lg\u0131nca yaramaz,beyni bo\u015fDenecek kadar yaramaz,Ve hastal\u0131kl\u0131 denecek kadar duyarl\u0131kl\u0131Bir \u00e7ocuktum \u00e7ocuklugumdaDizlerine oturdugum birg\u00fcn,indim utanarak,K\u0131sa pantolonumdan f\u0131rlayanVe bana [&hellip;]","og_url":"https:\/\/narteks.net\/index.php\/2009\/03\/02\/annem-yok-artik-2\/","og_site_name":"narteks.net","article_published_time":"2009-03-02T10:52:52+00:00","og_image":[{"width":300,"height":90,"url":"https:\/\/narteks.net\/wp-content\/uploads\/narteks.png","type":"image\/png"}],"author":"Tar\u0131k","twitter_card":"summary_large_image","twitter_creator":"@narteks","twitter_site":"@narteks","twitter_misc":{"Yazan:":"Tar\u0131k","Tahmini okuma s\u00fcresi":"1 dakika"},"schema":{"@context":"https:\/\/schema.org","@graph":[{"@type":"Article","@id":"https:\/\/narteks.net\/index.php\/2009\/03\/02\/annem-yok-artik-2\/#article","isPartOf":{"@id":"https:\/\/narteks.net\/index.php\/2009\/03\/02\/annem-yok-artik-2\/"},"author":{"name":"Tar\u0131k","@id":"https:\/\/narteks.net\/#\/schema\/person\/61f37d9834294b72d31d274e7ed79bca"},"headline":"Annem Yok Art\u0131k 2","datePublished":"2009-03-02T10:52:52+00:00","mainEntityOfPage":{"@id":"https:\/\/narteks.net\/index.php\/2009\/03\/02\/annem-yok-artik-2\/"},"wordCount":208,"commentCount":0,"publisher":{"@id":"https:\/\/narteks.net\/#organization"},"articleSection":["Ataol BEHRAMOGLU"],"inLanguage":"tr","potentialAction":[{"@type":"CommentAction","name":"Comment","target":["https:\/\/narteks.net\/index.php\/2009\/03\/02\/annem-yok-artik-2\/#respond"]}]},{"@type":"WebPage","@id":"https:\/\/narteks.net\/index.php\/2009\/03\/02\/annem-yok-artik-2\/","url":"https:\/\/narteks.net\/index.php\/2009\/03\/02\/annem-yok-artik-2\/","name":"Annem Yok Art\u0131k 2 - narteks.net","isPartOf":{"@id":"https:\/\/narteks.net\/#website"},"datePublished":"2009-03-02T10:52:52+00:00","breadcrumb":{"@id":"https:\/\/narteks.net\/index.php\/2009\/03\/02\/annem-yok-artik-2\/#breadcrumb"},"inLanguage":"tr","potentialAction":[{"@type":"ReadAction","target":["https:\/\/narteks.net\/index.php\/2009\/03\/02\/annem-yok-artik-2\/"]}]},{"@type":"BreadcrumbList","@id":"https:\/\/narteks.net\/index.php\/2009\/03\/02\/annem-yok-artik-2\/#breadcrumb","itemListElement":[{"@type":"ListItem","position":1,"name":"Anasayfa","item":"https:\/\/narteks.net\/"},{"@type":"ListItem","position":2,"name":"Annem Yok Art\u0131k 2"}]},{"@type":"WebSite","@id":"https:\/\/narteks.net\/#website","url":"https:\/\/narteks.net\/","name":"narteks.net","description":"K\u00fclt\u00fcr Sanat Edebiyat Felsefe","publisher":{"@id":"https:\/\/narteks.net\/#organization"},"alternateName":"K\u00fclt\u00fcr Sanat Edebiyat Felsefe","potentialAction":[{"@type":"SearchAction","target":{"@type":"EntryPoint","urlTemplate":"https:\/\/narteks.net\/?s={search_term_string}"},"query-input":{"@type":"PropertyValueSpecification","valueRequired":true,"valueName":"search_term_string"}}],"inLanguage":"tr"},{"@type":"Organization","@id":"https:\/\/narteks.net\/#organization","name":"narteks.net","url":"https:\/\/narteks.net\/","logo":{"@type":"ImageObject","inLanguage":"tr","@id":"https:\/\/narteks.net\/#\/schema\/logo\/image\/","url":"https:\/\/narteks.net\/wp-content\/uploads\/narteks.png","contentUrl":"https:\/\/narteks.net\/wp-content\/uploads\/narteks.png","width":300,"height":90,"caption":"narteks.net"},"image":{"@id":"https:\/\/narteks.net\/#\/schema\/logo\/image\/"},"sameAs":["https:\/\/x.com\/narteks","https:\/\/instagram.com\/narteksnet"]},{"@type":"Person","@id":"https:\/\/narteks.net\/#\/schema\/person\/61f37d9834294b72d31d274e7ed79bca","name":"Tar\u0131k","image":{"@type":"ImageObject","inLanguage":"tr","@id":"https:\/\/narteks.net\/#\/schema\/person\/image\/","url":"https:\/\/secure.gravatar.com\/avatar\/50865afb55632c4ae467e0af0930f6510aa2297d8014be502a55b14f3b7550cf?s=96&d=mm&r=g","contentUrl":"https:\/\/secure.gravatar.com\/avatar\/50865afb55632c4ae467e0af0930f6510aa2297d8014be502a55b14f3b7550cf?s=96&d=mm&r=g","caption":"Tar\u0131k"},"sameAs":["http:\/\/narteks.net"],"url":"https:\/\/narteks.net\/index.php\/author\/narbak\/"}]}},"_links":{"self":[{"href":"https:\/\/narteks.net\/index.php\/wp-json\/wp\/v2\/posts\/317","targetHints":{"allow":["GET"]}}],"collection":[{"href":"https:\/\/narteks.net\/index.php\/wp-json\/wp\/v2\/posts"}],"about":[{"href":"https:\/\/narteks.net\/index.php\/wp-json\/wp\/v2\/types\/post"}],"author":[{"embeddable":true,"href":"https:\/\/narteks.net\/index.php\/wp-json\/wp\/v2\/users\/1"}],"replies":[{"embeddable":true,"href":"https:\/\/narteks.net\/index.php\/wp-json\/wp\/v2\/comments?post=317"}],"version-history":[{"count":0,"href":"https:\/\/narteks.net\/index.php\/wp-json\/wp\/v2\/posts\/317\/revisions"}],"wp:attachment":[{"href":"https:\/\/narteks.net\/index.php\/wp-json\/wp\/v2\/media?parent=317"}],"wp:term":[{"taxonomy":"category","embeddable":true,"href":"https:\/\/narteks.net\/index.php\/wp-json\/wp\/v2\/categories?post=317"},{"taxonomy":"post_tag","embeddable":true,"href":"https:\/\/narteks.net\/index.php\/wp-json\/wp\/v2\/tags?post=317"}],"curies":[{"name":"wp","href":"https:\/\/api.w.org\/{rel}","templated":true}]}}