{"id":318,"date":"2009-03-02T13:53:37","date_gmt":"2009-03-02T10:53:37","guid":{"rendered":"http:\/\/localhost\/wordpress\/2009\/03\/02\/annem-yok-artik-3\/"},"modified":"2009-03-02T13:53:37","modified_gmt":"2009-03-02T10:53:37","slug":"annem-yok-artik-3","status":"publish","type":"post","link":"https:\/\/narteks.net\/index.php\/2009\/03\/02\/annem-yok-artik-3\/","title":{"rendered":"Annem Yok Art\u0131k -3"},"content":{"rendered":"<p>\u00a0<\/p>\n<p><span style=\"color: #000000;\">Umutsuz olmamak gerekti\u011fini biliyorum,<br \/>Bu ac\u0131mas\u0131z gecede<br \/>Yazg\u0131 diye bir\u015fey yok<br \/>\u0130\u00e7inde ya\u015fad\u0131\u011f\u0131m\u0131z bu toplum \u00f6ld\u00fcrd\u00fc annemi<br \/>\u00c7arp\u0131nt\u0131larla h\u0131rpalanan y\u00fcre\u011fi<br \/>Dayanamay\u0131p par\u00e7aland\u0131 sonunda<br \/>\u015eimdi toprak dolar g\u00f6zlerine,<br \/>Art\u0131k istese de k\u0131m\u0131ldayamaz,<br \/>Yokluk esir ald\u0131 onu<br \/>Ba\u011flad\u0131 ellerini,kollar\u0131n\u0131 sessizlik,<br \/>\u00c7aresiz bile de\u011fil art\u0131k<br \/>Bir \u00e7ocuk gibi korunmas\u0131z,<br \/>Kar\u0131\u015ft\u0131 bin y\u0131l\u0131n \u00f6l\u00fcs\u00fcne<br \/>Ama onun umutlar\u0131 <br \/>Benim de umutlar\u0131m olacak bundan b\u00f6yle,<br \/>\u00c7aresizleri korurken<br \/>Annemi de korumu\u015f olaca\u011f\u0131m biraz<br \/>O diledi\u011fince ya\u015fayamad\u0131 \u00f6mr\u00fcn\u00fc,<br \/>Varl\u0131\u011f\u0131n\u0131 \u00f6zg\u00fcrce geli\u015ftiremedi<br \/>Ama b\u00fct\u00fcn insanlar,<br \/>Varl\u0131klar\u0131n\u0131 \u00f6zg\u00fcrce geli\u015ftirecekler birg\u00fcn<br \/>Ve annemi hi\u00e7bir zaman unutmayaca\u011f\u0131m<br \/>Her \u00f6l\u00fcm kahramancad\u0131r,<br \/>Annem hepimizden \u00f6nce ya\u015fad\u0131<br \/>Bu kahramanl\u0131\u011f\u0131<br \/>Eyy benim y\u00fcregim,g\u00fc\u00e7 ver bana<br \/>Eyy hayat g\u00fc\u00e7 ver bana<br \/>Anneme yara\u015fan \u015fiirler s\u00f6yleyim<br \/>Bo\u015funa ya\u015fam\u0131\u015f olmas\u0131n o,<br \/>Sonsuzla\u015fs\u0131n<br \/>\u0130\u00e7ten,p\u00fcr\u00fczs\u00fcz dizelerimle&#8230; <\/span><\/p>\n<p> <span>Ataol Behramo\u011flu<\/span><\/p>\n","protected":false},"excerpt":{"rendered":"<p>\u00a0 Umutsuz olmamak gerekti\u011fini biliyorum,Bu ac\u0131mas\u0131z gecedeYazg\u0131 diye bir\u015fey yok\u0130\u00e7inde ya\u015fad\u0131\u011f\u0131m\u0131z bu toplum \u00f6ld\u00fcrd\u00fc annemi\u00c7arp\u0131nt\u0131larla h\u0131rpalanan y\u00fcre\u011fiDayanamay\u0131p par\u00e7aland\u0131 sonunda\u015eimdi toprak dolar g\u00f6zlerine,Art\u0131k istese de k\u0131m\u0131ldayamaz,Yokluk esir ald\u0131 onuBa\u011flad\u0131 ellerini,kollar\u0131n\u0131 sessizlik,\u00c7aresiz bile de\u011fil art\u0131kBir \u00e7ocuk gibi korunmas\u0131z,Kar\u0131\u015ft\u0131 bin y\u0131l\u0131n \u00f6l\u00fcs\u00fcneAma onun umutlar\u0131 Benim de umutlar\u0131m olacak bundan b\u00f6yle,\u00c7aresizleri korurkenAnnemi de korumu\u015f olaca\u011f\u0131m birazO diledi\u011fince ya\u015fayamad\u0131 \u00f6mr\u00fcn\u00fc,Varl\u0131\u011f\u0131n\u0131 [&hellip;]<\/p>\n","protected":false},"author":1,"featured_media":0,"comment_status":"open","ping_status":"open","sticky":false,"template":"","format":"standard","meta":{"footnotes":""},"categories":[10],"tags":[],"class_list":{"0":"post-318","1":"post","2":"type-post","3":"status-publish","4":"format-standard","6":"category-ataol-behramoglu"},"yoast_head":"<!-- This site is optimized with the Yoast SEO Premium plugin v24.9 (Yoast SEO v24.9) - https:\/\/yoast.com\/wordpress\/plugins\/seo\/ -->\n<title>Annem Yok Art\u0131k -3 - narteks.net<\/title>\n<meta name=\"robots\" content=\"index, follow, max-snippet:-1, max-image-preview:large, max-video-preview:-1\" \/>\n<link rel=\"canonical\" href=\"https:\/\/narteks.net\/index.php\/2009\/03\/02\/annem-yok-artik-3\/\" \/>\n<meta property=\"og:locale\" content=\"tr_TR\" \/>\n<meta property=\"og:type\" content=\"article\" \/>\n<meta property=\"og:title\" content=\"Annem Yok Art\u0131k -3\" \/>\n<meta property=\"og:description\" content=\"\u00a0 Umutsuz olmamak gerekti\u011fini biliyorum,Bu ac\u0131mas\u0131z gecedeYazg\u0131 diye bir\u015fey yok\u0130\u00e7inde ya\u015fad\u0131\u011f\u0131m\u0131z bu toplum \u00f6ld\u00fcrd\u00fc annemi\u00c7arp\u0131nt\u0131larla h\u0131rpalanan y\u00fcre\u011fiDayanamay\u0131p par\u00e7aland\u0131 sonunda\u015eimdi toprak dolar g\u00f6zlerine,Art\u0131k istese de k\u0131m\u0131ldayamaz,Yokluk esir ald\u0131 onuBa\u011flad\u0131 ellerini,kollar\u0131n\u0131 sessizlik,\u00c7aresiz bile de\u011fil art\u0131kBir \u00e7ocuk gibi korunmas\u0131z,Kar\u0131\u015ft\u0131 bin y\u0131l\u0131n \u00f6l\u00fcs\u00fcneAma onun umutlar\u0131 Benim de umutlar\u0131m olacak bundan b\u00f6yle,\u00c7aresizleri korurkenAnnemi de korumu\u015f olaca\u011f\u0131m birazO diledi\u011fince ya\u015fayamad\u0131 \u00f6mr\u00fcn\u00fc,Varl\u0131\u011f\u0131n\u0131 [&hellip;]\" \/>\n<meta property=\"og:url\" content=\"https:\/\/narteks.net\/index.php\/2009\/03\/02\/annem-yok-artik-3\/\" \/>\n<meta property=\"og:site_name\" content=\"narteks.net\" \/>\n<meta property=\"article:published_time\" content=\"2009-03-02T10:53:37+00:00\" \/>\n<meta property=\"og:image\" content=\"https:\/\/narteks.net\/wp-content\/uploads\/narteks.png\" \/>\n\t<meta property=\"og:image:width\" content=\"300\" \/>\n\t<meta property=\"og:image:height\" content=\"90\" \/>\n\t<meta property=\"og:image:type\" content=\"image\/png\" \/>\n<meta name=\"author\" content=\"Tar\u0131k\" \/>\n<meta name=\"twitter:card\" content=\"summary_large_image\" \/>\n<meta name=\"twitter:creator\" content=\"@narteks\" \/>\n<meta name=\"twitter:site\" content=\"@narteks\" \/>\n<meta name=\"twitter:label1\" content=\"Yazan:\" \/>\n\t<meta name=\"twitter:data1\" content=\"Tar\u0131k\" \/>\n\t<meta name=\"twitter:label2\" content=\"Tahmini okuma s\u00fcresi\" \/>\n\t<meta name=\"twitter:data2\" content=\"1 dakika\" \/>\n<script type=\"application\/ld+json\" class=\"yoast-schema-graph\">{\"@context\":\"https:\/\/schema.org\",\"@graph\":[{\"@type\":\"Article\",\"@id\":\"https:\/\/narteks.net\/index.php\/2009\/03\/02\/annem-yok-artik-3\/#article\",\"isPartOf\":{\"@id\":\"https:\/\/narteks.net\/index.php\/2009\/03\/02\/annem-yok-artik-3\/\"},\"author\":{\"name\":\"Tar\u0131k\",\"@id\":\"https:\/\/narteks.net\/#\/schema\/person\/61f37d9834294b72d31d274e7ed79bca\"},\"headline\":\"Annem Yok Art\u0131k -3\",\"datePublished\":\"2009-03-02T10:53:37+00:00\",\"mainEntityOfPage\":{\"@id\":\"https:\/\/narteks.net\/index.php\/2009\/03\/02\/annem-yok-artik-3\/\"},\"wordCount\":174,\"commentCount\":0,\"publisher\":{\"@id\":\"https:\/\/narteks.net\/#organization\"},\"articleSection\":[\"Ataol BEHRAMOGLU\"],\"inLanguage\":\"tr\",\"potentialAction\":[{\"@type\":\"CommentAction\",\"name\":\"Comment\",\"target\":[\"https:\/\/narteks.net\/index.php\/2009\/03\/02\/annem-yok-artik-3\/#respond\"]}]},{\"@type\":\"WebPage\",\"@id\":\"https:\/\/narteks.net\/index.php\/2009\/03\/02\/annem-yok-artik-3\/\",\"url\":\"https:\/\/narteks.net\/index.php\/2009\/03\/02\/annem-yok-artik-3\/\",\"name\":\"Annem Yok Art\u0131k -3 - narteks.net\",\"isPartOf\":{\"@id\":\"https:\/\/narteks.net\/#website\"},\"datePublished\":\"2009-03-02T10:53:37+00:00\",\"breadcrumb\":{\"@id\":\"https:\/\/narteks.net\/index.php\/2009\/03\/02\/annem-yok-artik-3\/#breadcrumb\"},\"inLanguage\":\"tr\",\"potentialAction\":[{\"@type\":\"ReadAction\",\"target\":[\"https:\/\/narteks.net\/index.php\/2009\/03\/02\/annem-yok-artik-3\/\"]}]},{\"@type\":\"BreadcrumbList\",\"@id\":\"https:\/\/narteks.net\/index.php\/2009\/03\/02\/annem-yok-artik-3\/#breadcrumb\",\"itemListElement\":[{\"@type\":\"ListItem\",\"position\":1,\"name\":\"Anasayfa\",\"item\":\"https:\/\/narteks.net\/\"},{\"@type\":\"ListItem\",\"position\":2,\"name\":\"Annem Yok Art\u0131k -3\"}]},{\"@type\":\"WebSite\",\"@id\":\"https:\/\/narteks.net\/#website\",\"url\":\"https:\/\/narteks.net\/\",\"name\":\"narteks.net\",\"description\":\"K\u00fclt\u00fcr Sanat Edebiyat Felsefe\",\"publisher\":{\"@id\":\"https:\/\/narteks.net\/#organization\"},\"alternateName\":\"K\u00fclt\u00fcr Sanat Edebiyat Felsefe\",\"potentialAction\":[{\"@type\":\"SearchAction\",\"target\":{\"@type\":\"EntryPoint\",\"urlTemplate\":\"https:\/\/narteks.net\/?s={search_term_string}\"},\"query-input\":{\"@type\":\"PropertyValueSpecification\",\"valueRequired\":true,\"valueName\":\"search_term_string\"}}],\"inLanguage\":\"tr\"},{\"@type\":\"Organization\",\"@id\":\"https:\/\/narteks.net\/#organization\",\"name\":\"narteks.net\",\"url\":\"https:\/\/narteks.net\/\",\"logo\":{\"@type\":\"ImageObject\",\"inLanguage\":\"tr\",\"@id\":\"https:\/\/narteks.net\/#\/schema\/logo\/image\/\",\"url\":\"https:\/\/narteks.net\/wp-content\/uploads\/narteks.png\",\"contentUrl\":\"https:\/\/narteks.net\/wp-content\/uploads\/narteks.png\",\"width\":300,\"height\":90,\"caption\":\"narteks.net\"},\"image\":{\"@id\":\"https:\/\/narteks.net\/#\/schema\/logo\/image\/\"},\"sameAs\":[\"https:\/\/x.com\/narteks\",\"https:\/\/instagram.com\/narteksnet\"]},{\"@type\":\"Person\",\"@id\":\"https:\/\/narteks.net\/#\/schema\/person\/61f37d9834294b72d31d274e7ed79bca\",\"name\":\"Tar\u0131k\",\"image\":{\"@type\":\"ImageObject\",\"inLanguage\":\"tr\",\"@id\":\"https:\/\/narteks.net\/#\/schema\/person\/image\/\",\"url\":\"https:\/\/secure.gravatar.com\/avatar\/50865afb55632c4ae467e0af0930f6510aa2297d8014be502a55b14f3b7550cf?s=96&d=mm&r=g\",\"contentUrl\":\"https:\/\/secure.gravatar.com\/avatar\/50865afb55632c4ae467e0af0930f6510aa2297d8014be502a55b14f3b7550cf?s=96&d=mm&r=g\",\"caption\":\"Tar\u0131k\"},\"sameAs\":[\"http:\/\/narteks.net\"],\"url\":\"https:\/\/narteks.net\/index.php\/author\/narbak\/\"}]}<\/script>\n<!-- \/ Yoast SEO Premium plugin. -->","yoast_head_json":{"title":"Annem Yok Art\u0131k -3 - narteks.net","robots":{"index":"index","follow":"follow","max-snippet":"max-snippet:-1","max-image-preview":"max-image-preview:large","max-video-preview":"max-video-preview:-1"},"canonical":"https:\/\/narteks.net\/index.php\/2009\/03\/02\/annem-yok-artik-3\/","og_locale":"tr_TR","og_type":"article","og_title":"Annem Yok Art\u0131k -3","og_description":"\u00a0 Umutsuz olmamak gerekti\u011fini biliyorum,Bu ac\u0131mas\u0131z gecedeYazg\u0131 diye bir\u015fey yok\u0130\u00e7inde ya\u015fad\u0131\u011f\u0131m\u0131z bu toplum \u00f6ld\u00fcrd\u00fc annemi\u00c7arp\u0131nt\u0131larla h\u0131rpalanan y\u00fcre\u011fiDayanamay\u0131p par\u00e7aland\u0131 sonunda\u015eimdi toprak dolar g\u00f6zlerine,Art\u0131k istese de k\u0131m\u0131ldayamaz,Yokluk esir ald\u0131 onuBa\u011flad\u0131 ellerini,kollar\u0131n\u0131 sessizlik,\u00c7aresiz bile de\u011fil art\u0131kBir \u00e7ocuk gibi korunmas\u0131z,Kar\u0131\u015ft\u0131 bin y\u0131l\u0131n \u00f6l\u00fcs\u00fcneAma onun umutlar\u0131 Benim de umutlar\u0131m olacak bundan b\u00f6yle,\u00c7aresizleri korurkenAnnemi de korumu\u015f olaca\u011f\u0131m birazO diledi\u011fince ya\u015fayamad\u0131 \u00f6mr\u00fcn\u00fc,Varl\u0131\u011f\u0131n\u0131 [&hellip;]","og_url":"https:\/\/narteks.net\/index.php\/2009\/03\/02\/annem-yok-artik-3\/","og_site_name":"narteks.net","article_published_time":"2009-03-02T10:53:37+00:00","og_image":[{"width":300,"height":90,"url":"https:\/\/narteks.net\/wp-content\/uploads\/narteks.png","type":"image\/png"}],"author":"Tar\u0131k","twitter_card":"summary_large_image","twitter_creator":"@narteks","twitter_site":"@narteks","twitter_misc":{"Yazan:":"Tar\u0131k","Tahmini okuma s\u00fcresi":"1 dakika"},"schema":{"@context":"https:\/\/schema.org","@graph":[{"@type":"Article","@id":"https:\/\/narteks.net\/index.php\/2009\/03\/02\/annem-yok-artik-3\/#article","isPartOf":{"@id":"https:\/\/narteks.net\/index.php\/2009\/03\/02\/annem-yok-artik-3\/"},"author":{"name":"Tar\u0131k","@id":"https:\/\/narteks.net\/#\/schema\/person\/61f37d9834294b72d31d274e7ed79bca"},"headline":"Annem Yok Art\u0131k -3","datePublished":"2009-03-02T10:53:37+00:00","mainEntityOfPage":{"@id":"https:\/\/narteks.net\/index.php\/2009\/03\/02\/annem-yok-artik-3\/"},"wordCount":174,"commentCount":0,"publisher":{"@id":"https:\/\/narteks.net\/#organization"},"articleSection":["Ataol BEHRAMOGLU"],"inLanguage":"tr","potentialAction":[{"@type":"CommentAction","name":"Comment","target":["https:\/\/narteks.net\/index.php\/2009\/03\/02\/annem-yok-artik-3\/#respond"]}]},{"@type":"WebPage","@id":"https:\/\/narteks.net\/index.php\/2009\/03\/02\/annem-yok-artik-3\/","url":"https:\/\/narteks.net\/index.php\/2009\/03\/02\/annem-yok-artik-3\/","name":"Annem Yok Art\u0131k -3 - narteks.net","isPartOf":{"@id":"https:\/\/narteks.net\/#website"},"datePublished":"2009-03-02T10:53:37+00:00","breadcrumb":{"@id":"https:\/\/narteks.net\/index.php\/2009\/03\/02\/annem-yok-artik-3\/#breadcrumb"},"inLanguage":"tr","potentialAction":[{"@type":"ReadAction","target":["https:\/\/narteks.net\/index.php\/2009\/03\/02\/annem-yok-artik-3\/"]}]},{"@type":"BreadcrumbList","@id":"https:\/\/narteks.net\/index.php\/2009\/03\/02\/annem-yok-artik-3\/#breadcrumb","itemListElement":[{"@type":"ListItem","position":1,"name":"Anasayfa","item":"https:\/\/narteks.net\/"},{"@type":"ListItem","position":2,"name":"Annem Yok Art\u0131k -3"}]},{"@type":"WebSite","@id":"https:\/\/narteks.net\/#website","url":"https:\/\/narteks.net\/","name":"narteks.net","description":"K\u00fclt\u00fcr Sanat Edebiyat Felsefe","publisher":{"@id":"https:\/\/narteks.net\/#organization"},"alternateName":"K\u00fclt\u00fcr Sanat Edebiyat Felsefe","potentialAction":[{"@type":"SearchAction","target":{"@type":"EntryPoint","urlTemplate":"https:\/\/narteks.net\/?s={search_term_string}"},"query-input":{"@type":"PropertyValueSpecification","valueRequired":true,"valueName":"search_term_string"}}],"inLanguage":"tr"},{"@type":"Organization","@id":"https:\/\/narteks.net\/#organization","name":"narteks.net","url":"https:\/\/narteks.net\/","logo":{"@type":"ImageObject","inLanguage":"tr","@id":"https:\/\/narteks.net\/#\/schema\/logo\/image\/","url":"https:\/\/narteks.net\/wp-content\/uploads\/narteks.png","contentUrl":"https:\/\/narteks.net\/wp-content\/uploads\/narteks.png","width":300,"height":90,"caption":"narteks.net"},"image":{"@id":"https:\/\/narteks.net\/#\/schema\/logo\/image\/"},"sameAs":["https:\/\/x.com\/narteks","https:\/\/instagram.com\/narteksnet"]},{"@type":"Person","@id":"https:\/\/narteks.net\/#\/schema\/person\/61f37d9834294b72d31d274e7ed79bca","name":"Tar\u0131k","image":{"@type":"ImageObject","inLanguage":"tr","@id":"https:\/\/narteks.net\/#\/schema\/person\/image\/","url":"https:\/\/secure.gravatar.com\/avatar\/50865afb55632c4ae467e0af0930f6510aa2297d8014be502a55b14f3b7550cf?s=96&d=mm&r=g","contentUrl":"https:\/\/secure.gravatar.com\/avatar\/50865afb55632c4ae467e0af0930f6510aa2297d8014be502a55b14f3b7550cf?s=96&d=mm&r=g","caption":"Tar\u0131k"},"sameAs":["http:\/\/narteks.net"],"url":"https:\/\/narteks.net\/index.php\/author\/narbak\/"}]}},"_links":{"self":[{"href":"https:\/\/narteks.net\/index.php\/wp-json\/wp\/v2\/posts\/318","targetHints":{"allow":["GET"]}}],"collection":[{"href":"https:\/\/narteks.net\/index.php\/wp-json\/wp\/v2\/posts"}],"about":[{"href":"https:\/\/narteks.net\/index.php\/wp-json\/wp\/v2\/types\/post"}],"author":[{"embeddable":true,"href":"https:\/\/narteks.net\/index.php\/wp-json\/wp\/v2\/users\/1"}],"replies":[{"embeddable":true,"href":"https:\/\/narteks.net\/index.php\/wp-json\/wp\/v2\/comments?post=318"}],"version-history":[{"count":0,"href":"https:\/\/narteks.net\/index.php\/wp-json\/wp\/v2\/posts\/318\/revisions"}],"wp:attachment":[{"href":"https:\/\/narteks.net\/index.php\/wp-json\/wp\/v2\/media?parent=318"}],"wp:term":[{"taxonomy":"category","embeddable":true,"href":"https:\/\/narteks.net\/index.php\/wp-json\/wp\/v2\/categories?post=318"},{"taxonomy":"post_tag","embeddable":true,"href":"https:\/\/narteks.net\/index.php\/wp-json\/wp\/v2\/tags?post=318"}],"curies":[{"name":"wp","href":"https:\/\/api.w.org\/{rel}","templated":true}]}}