{"id":3180,"date":"2009-12-25T22:34:00","date_gmt":"2009-12-25T19:34:00","guid":{"rendered":"http:\/\/localhost\/wordpress\/2009\/12\/25\/behcet-aysan-biyografisi\/"},"modified":"2009-12-25T22:34:00","modified_gmt":"2009-12-25T19:34:00","slug":"behcet-aysan-biyografisi","status":"publish","type":"post","link":"https:\/\/narteks.net\/index.php\/2009\/12\/25\/behcet-aysan-biyografisi\/","title":{"rendered":"Beh\u00e7et AYSAN Biyografisi"},"content":{"rendered":"<p><img loading=\"lazy\" decoding=\"async\" src=\"http:\/\/upload.wikimedia.org\/wikipedia\/tr\/thumb\/e\/e6\/Beh%C3%A7et_AYSAN%282Temmuz1993%29.jpg\/180px-Beh%C3%A7et_AYSAN%282Temmuz1993%29.jpg\" width=\"155\" height=\"205\" border=\"0\" \/><\/p>\n<p style=\"text-align: justify;\">Beh\u00e7et Safa Aysan, \u015fair ve t\u0131p doktoru (1949-1993).<\/p>\n<p>1949 y\u0131l\u0131nda Ankara&#8217;da do\u011fdu. Selimiye Askeri Ortaokulu ve Kuleli Askeri Lisesi&#8217;nde okudu. 1968&#8217;de Ankara T\u0131p Fak\u00fcltesi&#8217;ne askeri \u00f6\u011frenci olarak girdi.<\/p>\n<p>12 Mart d\u00f6neminden sonra politik nedenlerle ara vermek zorunda kald\u0131\u011f\u0131 t\u0131p \u00f6\u011frenimi s\u0131ras\u0131nda \u00e7e\u015fitli i\u015flerde \u00e7al\u0131\u015ft\u0131. Mezun olduktan sonra \u0130zmit&#8217;e atand\u0131. Ankara&#8217;da psikiyatri ihtisas\u0131 yapt\u0131. SSK Yeni\u015fehir Dispanseri&#8217;nde doktor olarak \u00e7al\u0131\u015fmaktayd\u0131.<\/p>\n<p>2 Temmuz 1993 tarihinde Sivas&#8217;ta Mad\u0131mak Oteli&#8217;nde yak\u0131larak \u00f6ld\u00fcr\u00fclen 35 ki\u015fiyle birlikte can verdi. \u00d6l\u00fcm\u00fcnden sonra T\u00fcrk Tabipleri Birli\u011fi taraf\u0131ndan ad\u0131na \u015fiir \u00f6d\u00fcl\u00fc verilmeye ba\u015fland\u0131.<\/p>\n<p style=\"text-align: justify;\"><strong>Yap\u0131tlar\u0131<\/strong><\/p>\n<p> * Kar\u015f\u0131 Gece (1983)<br \/> * Sesler ve K\u00fcller (1984 Ya\u015far Nabi Nay\u0131r \u015eiir \u00d6d\u00fcl\u00fc)<br \/> * Eyl\u00fcl (1986, 1988 Ceyhun Atuf Kansu \u015eiir \u00d6d\u00fcl\u00fc)<br \/> * Deniz Feneri (1987 Abdi \u0130pek\u00e7i Bar\u0131\u015f ve Dostluk \u00d6d\u00fcl\u00fc)<br \/> * \u015eiirler (1990)<br \/> * Beh\u00e7et Aysan Kitab\u0131 (1993)<br \/> * \u00dc\u00e7 Karde\u015ftiler (Radyo Oyunu, 1995)<\/p>\n","protected":false},"excerpt":{"rendered":"<p>Beh\u00e7et Safa Aysan, \u015fair ve t\u0131p doktoru (1949-1993). 1949 y\u0131l\u0131nda Ankara&#8217;da do\u011fdu. Selimiye Askeri Ortaokulu ve Kuleli Askeri Lisesi&#8217;nde okudu. 1968&#8217;de Ankara T\u0131p Fak\u00fcltesi&#8217;ne askeri \u00f6\u011frenci olarak girdi. 12 Mart d\u00f6neminden sonra politik nedenlerle ara vermek zorunda kald\u0131\u011f\u0131 t\u0131p \u00f6\u011frenimi s\u0131ras\u0131nda \u00e7e\u015fitli i\u015flerde \u00e7al\u0131\u015ft\u0131. Mezun olduktan sonra \u0130zmit&#8217;e atand\u0131. Ankara&#8217;da psikiyatri ihtisas\u0131 yapt\u0131. SSK Yeni\u015fehir [&hellip;]<\/p>\n","protected":false},"author":1,"featured_media":0,"comment_status":"open","ping_status":"open","sticky":false,"template":"","format":"standard","meta":{"footnotes":""},"categories":[108],"tags":[],"class_list":{"0":"post-3180","1":"post","2":"type-post","3":"status-publish","4":"format-standard","6":"category-behcet-aysan"},"yoast_head":"<!-- This site is optimized with the Yoast SEO Premium plugin v24.9 (Yoast SEO v24.9) - https:\/\/yoast.com\/wordpress\/plugins\/seo\/ -->\n<title>Beh\u00e7et AYSAN Biyografisi - narteks.net<\/title>\n<meta name=\"robots\" content=\"index, follow, max-snippet:-1, max-image-preview:large, max-video-preview:-1\" \/>\n<link rel=\"canonical\" href=\"https:\/\/narteks.net\/index.php\/2009\/12\/25\/behcet-aysan-biyografisi\/\" \/>\n<meta property=\"og:locale\" content=\"tr_TR\" \/>\n<meta property=\"og:type\" content=\"article\" \/>\n<meta property=\"og:title\" content=\"Beh\u00e7et AYSAN Biyografisi\" \/>\n<meta property=\"og:description\" content=\"Beh\u00e7et Safa Aysan, \u015fair ve t\u0131p doktoru (1949-1993). 1949 y\u0131l\u0131nda Ankara&#8217;da do\u011fdu. Selimiye Askeri Ortaokulu ve Kuleli Askeri Lisesi&#8217;nde okudu. 1968&#8217;de Ankara T\u0131p Fak\u00fcltesi&#8217;ne askeri \u00f6\u011frenci olarak girdi. 12 Mart d\u00f6neminden sonra politik nedenlerle ara vermek zorunda kald\u0131\u011f\u0131 t\u0131p \u00f6\u011frenimi s\u0131ras\u0131nda \u00e7e\u015fitli i\u015flerde \u00e7al\u0131\u015ft\u0131. Mezun olduktan sonra \u0130zmit&#8217;e atand\u0131. Ankara&#8217;da psikiyatri ihtisas\u0131 yapt\u0131. SSK Yeni\u015fehir [&hellip;]\" \/>\n<meta property=\"og:url\" content=\"https:\/\/narteks.net\/index.php\/2009\/12\/25\/behcet-aysan-biyografisi\/\" \/>\n<meta property=\"og:site_name\" content=\"narteks.net\" \/>\n<meta property=\"article:published_time\" content=\"2009-12-25T19:34:00+00:00\" \/>\n<meta property=\"og:image\" content=\"http:\/\/upload.wikimedia.org\/wikipedia\/tr\/thumb\/e\/e6\/Beh%C3%A7et_AYSAN%282Temmuz1993%29.jpg\/180px-Beh%C3%A7et_AYSAN%282Temmuz1993%29.jpg\" \/>\n<meta name=\"author\" content=\"Tar\u0131k\" \/>\n<meta name=\"twitter:card\" content=\"summary_large_image\" \/>\n<meta name=\"twitter:creator\" content=\"@narteks\" \/>\n<meta name=\"twitter:site\" content=\"@narteks\" \/>\n<meta name=\"twitter:label1\" content=\"Yazan:\" \/>\n\t<meta name=\"twitter:data1\" content=\"Tar\u0131k\" \/>\n\t<meta name=\"twitter:label2\" content=\"Tahmini okuma s\u00fcresi\" \/>\n\t<meta name=\"twitter:data2\" content=\"1 dakika\" \/>\n<script type=\"application\/ld+json\" class=\"yoast-schema-graph\">{\"@context\":\"https:\/\/schema.org\",\"@graph\":[{\"@type\":\"Article\",\"@id\":\"https:\/\/narteks.net\/index.php\/2009\/12\/25\/behcet-aysan-biyografisi\/#article\",\"isPartOf\":{\"@id\":\"https:\/\/narteks.net\/index.php\/2009\/12\/25\/behcet-aysan-biyografisi\/\"},\"author\":{\"name\":\"Tar\u0131k\",\"@id\":\"https:\/\/narteks.net\/#\/schema\/person\/61f37d9834294b72d31d274e7ed79bca\"},\"headline\":\"Beh\u00e7et AYSAN Biyografisi\",\"datePublished\":\"2009-12-25T19:34:00+00:00\",\"mainEntityOfPage\":{\"@id\":\"https:\/\/narteks.net\/index.php\/2009\/12\/25\/behcet-aysan-biyografisi\/\"},\"wordCount\":155,\"commentCount\":0,\"publisher\":{\"@id\":\"https:\/\/narteks.net\/#organization\"},\"image\":{\"@id\":\"https:\/\/narteks.net\/index.php\/2009\/12\/25\/behcet-aysan-biyografisi\/#primaryimage\"},\"thumbnailUrl\":\"http:\/\/upload.wikimedia.org\/wikipedia\/tr\/thumb\/e\/e6\/Beh%C3%A7et_AYSAN%282Temmuz1993%29.jpg\/180px-Beh%C3%A7et_AYSAN%282Temmuz1993%29.jpg\",\"articleSection\":[\"Beh\u00e7et AYSAN\"],\"inLanguage\":\"tr\",\"potentialAction\":[{\"@type\":\"CommentAction\",\"name\":\"Comment\",\"target\":[\"https:\/\/narteks.net\/index.php\/2009\/12\/25\/behcet-aysan-biyografisi\/#respond\"]}]},{\"@type\":\"WebPage\",\"@id\":\"https:\/\/narteks.net\/index.php\/2009\/12\/25\/behcet-aysan-biyografisi\/\",\"url\":\"https:\/\/narteks.net\/index.php\/2009\/12\/25\/behcet-aysan-biyografisi\/\",\"name\":\"Beh\u00e7et AYSAN Biyografisi - narteks.net\",\"isPartOf\":{\"@id\":\"https:\/\/narteks.net\/#website\"},\"primaryImageOfPage\":{\"@id\":\"https:\/\/narteks.net\/index.php\/2009\/12\/25\/behcet-aysan-biyografisi\/#primaryimage\"},\"image\":{\"@id\":\"https:\/\/narteks.net\/index.php\/2009\/12\/25\/behcet-aysan-biyografisi\/#primaryimage\"},\"thumbnailUrl\":\"http:\/\/upload.wikimedia.org\/wikipedia\/tr\/thumb\/e\/e6\/Beh%C3%A7et_AYSAN%282Temmuz1993%29.jpg\/180px-Beh%C3%A7et_AYSAN%282Temmuz1993%29.jpg\",\"datePublished\":\"2009-12-25T19:34:00+00:00\",\"breadcrumb\":{\"@id\":\"https:\/\/narteks.net\/index.php\/2009\/12\/25\/behcet-aysan-biyografisi\/#breadcrumb\"},\"inLanguage\":\"tr\",\"potentialAction\":[{\"@type\":\"ReadAction\",\"target\":[\"https:\/\/narteks.net\/index.php\/2009\/12\/25\/behcet-aysan-biyografisi\/\"]}]},{\"@type\":\"ImageObject\",\"inLanguage\":\"tr\",\"@id\":\"https:\/\/narteks.net\/index.php\/2009\/12\/25\/behcet-aysan-biyografisi\/#primaryimage\",\"url\":\"http:\/\/upload.wikimedia.org\/wikipedia\/tr\/thumb\/e\/e6\/Beh%C3%A7et_AYSAN%282Temmuz1993%29.jpg\/180px-Beh%C3%A7et_AYSAN%282Temmuz1993%29.jpg\",\"contentUrl\":\"http:\/\/upload.wikimedia.org\/wikipedia\/tr\/thumb\/e\/e6\/Beh%C3%A7et_AYSAN%282Temmuz1993%29.jpg\/180px-Beh%C3%A7et_AYSAN%282Temmuz1993%29.jpg\"},{\"@type\":\"BreadcrumbList\",\"@id\":\"https:\/\/narteks.net\/index.php\/2009\/12\/25\/behcet-aysan-biyografisi\/#breadcrumb\",\"itemListElement\":[{\"@type\":\"ListItem\",\"position\":1,\"name\":\"Anasayfa\",\"item\":\"https:\/\/narteks.net\/\"},{\"@type\":\"ListItem\",\"position\":2,\"name\":\"Beh\u00e7et AYSAN Biyografisi\"}]},{\"@type\":\"WebSite\",\"@id\":\"https:\/\/narteks.net\/#website\",\"url\":\"https:\/\/narteks.net\/\",\"name\":\"narteks.net\",\"description\":\"K\u00fclt\u00fcr Sanat Edebiyat Felsefe\",\"publisher\":{\"@id\":\"https:\/\/narteks.net\/#organization\"},\"alternateName\":\"K\u00fclt\u00fcr Sanat Edebiyat Felsefe\",\"potentialAction\":[{\"@type\":\"SearchAction\",\"target\":{\"@type\":\"EntryPoint\",\"urlTemplate\":\"https:\/\/narteks.net\/?s={search_term_string}\"},\"query-input\":{\"@type\":\"PropertyValueSpecification\",\"valueRequired\":true,\"valueName\":\"search_term_string\"}}],\"inLanguage\":\"tr\"},{\"@type\":\"Organization\",\"@id\":\"https:\/\/narteks.net\/#organization\",\"name\":\"narteks.net\",\"url\":\"https:\/\/narteks.net\/\",\"logo\":{\"@type\":\"ImageObject\",\"inLanguage\":\"tr\",\"@id\":\"https:\/\/narteks.net\/#\/schema\/logo\/image\/\",\"url\":\"https:\/\/narteks.net\/wp-content\/uploads\/narteks.png\",\"contentUrl\":\"https:\/\/narteks.net\/wp-content\/uploads\/narteks.png\",\"width\":300,\"height\":90,\"caption\":\"narteks.net\"},\"image\":{\"@id\":\"https:\/\/narteks.net\/#\/schema\/logo\/image\/\"},\"sameAs\":[\"https:\/\/x.com\/narteks\",\"https:\/\/instagram.com\/narteksnet\"]},{\"@type\":\"Person\",\"@id\":\"https:\/\/narteks.net\/#\/schema\/person\/61f37d9834294b72d31d274e7ed79bca\",\"name\":\"Tar\u0131k\",\"image\":{\"@type\":\"ImageObject\",\"inLanguage\":\"tr\",\"@id\":\"https:\/\/narteks.net\/#\/schema\/person\/image\/\",\"url\":\"https:\/\/secure.gravatar.com\/avatar\/50865afb55632c4ae467e0af0930f6510aa2297d8014be502a55b14f3b7550cf?s=96&d=mm&r=g\",\"contentUrl\":\"https:\/\/secure.gravatar.com\/avatar\/50865afb55632c4ae467e0af0930f6510aa2297d8014be502a55b14f3b7550cf?s=96&d=mm&r=g\",\"caption\":\"Tar\u0131k\"},\"sameAs\":[\"http:\/\/narteks.net\"],\"url\":\"https:\/\/narteks.net\/index.php\/author\/narbak\/\"}]}<\/script>\n<!-- \/ Yoast SEO Premium plugin. -->","yoast_head_json":{"title":"Beh\u00e7et AYSAN Biyografisi - narteks.net","robots":{"index":"index","follow":"follow","max-snippet":"max-snippet:-1","max-image-preview":"max-image-preview:large","max-video-preview":"max-video-preview:-1"},"canonical":"https:\/\/narteks.net\/index.php\/2009\/12\/25\/behcet-aysan-biyografisi\/","og_locale":"tr_TR","og_type":"article","og_title":"Beh\u00e7et AYSAN Biyografisi","og_description":"Beh\u00e7et Safa Aysan, \u015fair ve t\u0131p doktoru (1949-1993). 1949 y\u0131l\u0131nda Ankara&#8217;da do\u011fdu. Selimiye Askeri Ortaokulu ve Kuleli Askeri Lisesi&#8217;nde okudu. 1968&#8217;de Ankara T\u0131p Fak\u00fcltesi&#8217;ne askeri \u00f6\u011frenci olarak girdi. 12 Mart d\u00f6neminden sonra politik nedenlerle ara vermek zorunda kald\u0131\u011f\u0131 t\u0131p \u00f6\u011frenimi s\u0131ras\u0131nda \u00e7e\u015fitli i\u015flerde \u00e7al\u0131\u015ft\u0131. Mezun olduktan sonra \u0130zmit&#8217;e atand\u0131. Ankara&#8217;da psikiyatri ihtisas\u0131 yapt\u0131. SSK Yeni\u015fehir [&hellip;]","og_url":"https:\/\/narteks.net\/index.php\/2009\/12\/25\/behcet-aysan-biyografisi\/","og_site_name":"narteks.net","article_published_time":"2009-12-25T19:34:00+00:00","og_image":[{"url":"http:\/\/upload.wikimedia.org\/wikipedia\/tr\/thumb\/e\/e6\/Beh%C3%A7et_AYSAN%282Temmuz1993%29.jpg\/180px-Beh%C3%A7et_AYSAN%282Temmuz1993%29.jpg","type":"","width":"","height":""}],"author":"Tar\u0131k","twitter_card":"summary_large_image","twitter_creator":"@narteks","twitter_site":"@narteks","twitter_misc":{"Yazan:":"Tar\u0131k","Tahmini okuma s\u00fcresi":"1 dakika"},"schema":{"@context":"https:\/\/schema.org","@graph":[{"@type":"Article","@id":"https:\/\/narteks.net\/index.php\/2009\/12\/25\/behcet-aysan-biyografisi\/#article","isPartOf":{"@id":"https:\/\/narteks.net\/index.php\/2009\/12\/25\/behcet-aysan-biyografisi\/"},"author":{"name":"Tar\u0131k","@id":"https:\/\/narteks.net\/#\/schema\/person\/61f37d9834294b72d31d274e7ed79bca"},"headline":"Beh\u00e7et AYSAN Biyografisi","datePublished":"2009-12-25T19:34:00+00:00","mainEntityOfPage":{"@id":"https:\/\/narteks.net\/index.php\/2009\/12\/25\/behcet-aysan-biyografisi\/"},"wordCount":155,"commentCount":0,"publisher":{"@id":"https:\/\/narteks.net\/#organization"},"image":{"@id":"https:\/\/narteks.net\/index.php\/2009\/12\/25\/behcet-aysan-biyografisi\/#primaryimage"},"thumbnailUrl":"http:\/\/upload.wikimedia.org\/wikipedia\/tr\/thumb\/e\/e6\/Beh%C3%A7et_AYSAN%282Temmuz1993%29.jpg\/180px-Beh%C3%A7et_AYSAN%282Temmuz1993%29.jpg","articleSection":["Beh\u00e7et AYSAN"],"inLanguage":"tr","potentialAction":[{"@type":"CommentAction","name":"Comment","target":["https:\/\/narteks.net\/index.php\/2009\/12\/25\/behcet-aysan-biyografisi\/#respond"]}]},{"@type":"WebPage","@id":"https:\/\/narteks.net\/index.php\/2009\/12\/25\/behcet-aysan-biyografisi\/","url":"https:\/\/narteks.net\/index.php\/2009\/12\/25\/behcet-aysan-biyografisi\/","name":"Beh\u00e7et AYSAN Biyografisi - narteks.net","isPartOf":{"@id":"https:\/\/narteks.net\/#website"},"primaryImageOfPage":{"@id":"https:\/\/narteks.net\/index.php\/2009\/12\/25\/behcet-aysan-biyografisi\/#primaryimage"},"image":{"@id":"https:\/\/narteks.net\/index.php\/2009\/12\/25\/behcet-aysan-biyografisi\/#primaryimage"},"thumbnailUrl":"http:\/\/upload.wikimedia.org\/wikipedia\/tr\/thumb\/e\/e6\/Beh%C3%A7et_AYSAN%282Temmuz1993%29.jpg\/180px-Beh%C3%A7et_AYSAN%282Temmuz1993%29.jpg","datePublished":"2009-12-25T19:34:00+00:00","breadcrumb":{"@id":"https:\/\/narteks.net\/index.php\/2009\/12\/25\/behcet-aysan-biyografisi\/#breadcrumb"},"inLanguage":"tr","potentialAction":[{"@type":"ReadAction","target":["https:\/\/narteks.net\/index.php\/2009\/12\/25\/behcet-aysan-biyografisi\/"]}]},{"@type":"ImageObject","inLanguage":"tr","@id":"https:\/\/narteks.net\/index.php\/2009\/12\/25\/behcet-aysan-biyografisi\/#primaryimage","url":"http:\/\/upload.wikimedia.org\/wikipedia\/tr\/thumb\/e\/e6\/Beh%C3%A7et_AYSAN%282Temmuz1993%29.jpg\/180px-Beh%C3%A7et_AYSAN%282Temmuz1993%29.jpg","contentUrl":"http:\/\/upload.wikimedia.org\/wikipedia\/tr\/thumb\/e\/e6\/Beh%C3%A7et_AYSAN%282Temmuz1993%29.jpg\/180px-Beh%C3%A7et_AYSAN%282Temmuz1993%29.jpg"},{"@type":"BreadcrumbList","@id":"https:\/\/narteks.net\/index.php\/2009\/12\/25\/behcet-aysan-biyografisi\/#breadcrumb","itemListElement":[{"@type":"ListItem","position":1,"name":"Anasayfa","item":"https:\/\/narteks.net\/"},{"@type":"ListItem","position":2,"name":"Beh\u00e7et AYSAN Biyografisi"}]},{"@type":"WebSite","@id":"https:\/\/narteks.net\/#website","url":"https:\/\/narteks.net\/","name":"narteks.net","description":"K\u00fclt\u00fcr Sanat Edebiyat Felsefe","publisher":{"@id":"https:\/\/narteks.net\/#organization"},"alternateName":"K\u00fclt\u00fcr Sanat Edebiyat Felsefe","potentialAction":[{"@type":"SearchAction","target":{"@type":"EntryPoint","urlTemplate":"https:\/\/narteks.net\/?s={search_term_string}"},"query-input":{"@type":"PropertyValueSpecification","valueRequired":true,"valueName":"search_term_string"}}],"inLanguage":"tr"},{"@type":"Organization","@id":"https:\/\/narteks.net\/#organization","name":"narteks.net","url":"https:\/\/narteks.net\/","logo":{"@type":"ImageObject","inLanguage":"tr","@id":"https:\/\/narteks.net\/#\/schema\/logo\/image\/","url":"https:\/\/narteks.net\/wp-content\/uploads\/narteks.png","contentUrl":"https:\/\/narteks.net\/wp-content\/uploads\/narteks.png","width":300,"height":90,"caption":"narteks.net"},"image":{"@id":"https:\/\/narteks.net\/#\/schema\/logo\/image\/"},"sameAs":["https:\/\/x.com\/narteks","https:\/\/instagram.com\/narteksnet"]},{"@type":"Person","@id":"https:\/\/narteks.net\/#\/schema\/person\/61f37d9834294b72d31d274e7ed79bca","name":"Tar\u0131k","image":{"@type":"ImageObject","inLanguage":"tr","@id":"https:\/\/narteks.net\/#\/schema\/person\/image\/","url":"https:\/\/secure.gravatar.com\/avatar\/50865afb55632c4ae467e0af0930f6510aa2297d8014be502a55b14f3b7550cf?s=96&d=mm&r=g","contentUrl":"https:\/\/secure.gravatar.com\/avatar\/50865afb55632c4ae467e0af0930f6510aa2297d8014be502a55b14f3b7550cf?s=96&d=mm&r=g","caption":"Tar\u0131k"},"sameAs":["http:\/\/narteks.net"],"url":"https:\/\/narteks.net\/index.php\/author\/narbak\/"}]}},"_links":{"self":[{"href":"https:\/\/narteks.net\/index.php\/wp-json\/wp\/v2\/posts\/3180","targetHints":{"allow":["GET"]}}],"collection":[{"href":"https:\/\/narteks.net\/index.php\/wp-json\/wp\/v2\/posts"}],"about":[{"href":"https:\/\/narteks.net\/index.php\/wp-json\/wp\/v2\/types\/post"}],"author":[{"embeddable":true,"href":"https:\/\/narteks.net\/index.php\/wp-json\/wp\/v2\/users\/1"}],"replies":[{"embeddable":true,"href":"https:\/\/narteks.net\/index.php\/wp-json\/wp\/v2\/comments?post=3180"}],"version-history":[{"count":0,"href":"https:\/\/narteks.net\/index.php\/wp-json\/wp\/v2\/posts\/3180\/revisions"}],"wp:attachment":[{"href":"https:\/\/narteks.net\/index.php\/wp-json\/wp\/v2\/media?parent=3180"}],"wp:term":[{"taxonomy":"category","embeddable":true,"href":"https:\/\/narteks.net\/index.php\/wp-json\/wp\/v2\/categories?post=3180"},{"taxonomy":"post_tag","embeddable":true,"href":"https:\/\/narteks.net\/index.php\/wp-json\/wp\/v2\/tags?post=3180"}],"curies":[{"name":"wp","href":"https:\/\/api.w.org\/{rel}","templated":true}]}}