{"id":320,"date":"2009-03-02T13:55:43","date_gmt":"2009-03-02T10:55:43","guid":{"rendered":"http:\/\/localhost\/wordpress\/2009\/03\/02\/annemin-mezarina-gittik-bugun\/"},"modified":"2009-03-02T13:55:43","modified_gmt":"2009-03-02T10:55:43","slug":"annemin-mezarina-gittik-bugun","status":"publish","type":"post","link":"https:\/\/narteks.net\/index.php\/2009\/03\/02\/annemin-mezarina-gittik-bugun\/","title":{"rendered":"Annemin Mezar\u0131na Gittik Bug\u00fcn"},"content":{"rendered":"<p>\u00a0<\/p>\n<p><span style=\"color: #000000;\">Annemin mezar\u0131na gittik bug\u00fcn<br \/>Babam,Nam\u0131k,Nihat,Defne ve ben<br \/>Nam\u0131k`\u0131n arabas\u0131yla ge\u00e7tik<br \/>Yollardan ve mezarl\u0131\u011f\u0131n i\u00e7inden<\/p>\n<p>\u00c7i\u00e7ekler serptik \u00fcst\u00fcne mezar\u0131n<br \/>Durduk orda sessizce<br \/>Birbirine bakmadan herkes<br \/>A\u011flad\u0131,ya da bir\u015feyler d\u00fc\u015f\u00fcnd\u00fc kendince<\/p>\n<p>Annemin mezar\u0131n\u0131n yan\u0131ndaki<br \/>Bir ba\u015fka mezar\u0131n \u00f6n\u00fcnde bir kad\u0131n a\u011fl\u0131yordu<br \/>Kocas\u0131yd\u0131 san\u0131r\u0131m topra\u011f\u0131n alt\u0131ndaki<br \/>K\u0131sa bir zaman \u00f6nce yitirmi\u015f oldu\u011fu<\/p>\n<p>Bayram ziyaret\u00e7ileriyle doluydu mezarl\u0131k<br \/>Herkes \u00f6l\u00fcs\u00fcyle birlikte olmaya gelmi\u015fti <br \/>A\u011flanacak,bir an an\u0131msanacakt\u0131 ge\u00e7mi\u015f<br \/>Sonra yine hayat\u0131n h\u0131rg\u00fcr\u00fcne d\u00f6n\u00fclecekti<\/p>\n<p>Sa\u00e7ma oldu\u011funu bildi\u011fimiz halde geli\u015fimizin<br \/>Hi\u00e7birimiz bir ba\u015fka d\u00fcnyaya inanmad\u0131\u011f\u0131m\u0131z halde<br \/>Durduk mezar\u0131 \u00f6n\u00fcnde annemin<br \/>Annem oradaym\u0131\u015fcas\u0131na;<br \/>Babam,ben,Nam\u0131k,Nihat,Defne<\/p>\n<p>D\u00f6nerken sessiz bir anla\u015fma vard\u0131 aram\u0131zda hepimizin<br \/>Sa\u00e7ma da olsa geli\u015fimiz,bir ba\u015fka d\u00fcnyaya inanmasak da<br \/>Birlikte ya da yaln\u0131z,gelip duracag\u0131z \u00f6n\u00fcnde bu mezar\u0131n<br \/>Bir daha d\u00f6n\u00fclmez \u015feyleri d\u00fc\u015f\u00fcn\u00fcp a\u011flamaya..<\/p>\n<p>(1976) <\/span><\/p>\n<p> <span>Ataol Behramo\u011flu<\/span><\/p>\n","protected":false},"excerpt":{"rendered":"<p>\u00a0 Annemin mezar\u0131na gittik bug\u00fcnBabam,Nam\u0131k,Nihat,Defne ve benNam\u0131k`\u0131n arabas\u0131yla ge\u00e7tikYollardan ve mezarl\u0131\u011f\u0131n i\u00e7inden \u00c7i\u00e7ekler serptik \u00fcst\u00fcne mezar\u0131nDurduk orda sessizceBirbirine bakmadan herkesA\u011flad\u0131,ya da bir\u015feyler d\u00fc\u015f\u00fcnd\u00fc kendince Annemin mezar\u0131n\u0131n yan\u0131ndakiBir ba\u015fka mezar\u0131n \u00f6n\u00fcnde bir kad\u0131n a\u011fl\u0131yorduKocas\u0131yd\u0131 san\u0131r\u0131m topra\u011f\u0131n alt\u0131ndakiK\u0131sa bir zaman \u00f6nce yitirmi\u015f oldu\u011fu Bayram ziyaret\u00e7ileriyle doluydu mezarl\u0131kHerkes \u00f6l\u00fcs\u00fcyle birlikte olmaya gelmi\u015fti A\u011flanacak,bir an an\u0131msanacakt\u0131 ge\u00e7mi\u015fSonra yine hayat\u0131n [&hellip;]<\/p>\n","protected":false},"author":1,"featured_media":0,"comment_status":"open","ping_status":"open","sticky":false,"template":"","format":"standard","meta":{"footnotes":""},"categories":[10],"tags":[],"class_list":{"0":"post-320","1":"post","2":"type-post","3":"status-publish","4":"format-standard","6":"category-ataol-behramoglu"},"yoast_head":"<!-- This site is optimized with the Yoast SEO Premium plugin v24.9 (Yoast SEO v24.9) - https:\/\/yoast.com\/wordpress\/plugins\/seo\/ -->\n<title>Annemin Mezar\u0131na Gittik Bug\u00fcn - narteks.net<\/title>\n<meta name=\"robots\" content=\"index, follow, max-snippet:-1, max-image-preview:large, max-video-preview:-1\" \/>\n<link rel=\"canonical\" href=\"https:\/\/narteks.net\/index.php\/2009\/03\/02\/annemin-mezarina-gittik-bugun\/\" \/>\n<meta property=\"og:locale\" content=\"tr_TR\" \/>\n<meta property=\"og:type\" content=\"article\" \/>\n<meta property=\"og:title\" content=\"Annemin Mezar\u0131na Gittik Bug\u00fcn\" \/>\n<meta property=\"og:description\" content=\"\u00a0 Annemin mezar\u0131na gittik bug\u00fcnBabam,Nam\u0131k,Nihat,Defne ve benNam\u0131k`\u0131n arabas\u0131yla ge\u00e7tikYollardan ve mezarl\u0131\u011f\u0131n i\u00e7inden \u00c7i\u00e7ekler serptik \u00fcst\u00fcne mezar\u0131nDurduk orda sessizceBirbirine bakmadan herkesA\u011flad\u0131,ya da bir\u015feyler d\u00fc\u015f\u00fcnd\u00fc kendince Annemin mezar\u0131n\u0131n yan\u0131ndakiBir ba\u015fka mezar\u0131n \u00f6n\u00fcnde bir kad\u0131n a\u011fl\u0131yorduKocas\u0131yd\u0131 san\u0131r\u0131m topra\u011f\u0131n alt\u0131ndakiK\u0131sa bir zaman \u00f6nce yitirmi\u015f oldu\u011fu Bayram ziyaret\u00e7ileriyle doluydu mezarl\u0131kHerkes \u00f6l\u00fcs\u00fcyle birlikte olmaya gelmi\u015fti A\u011flanacak,bir an an\u0131msanacakt\u0131 ge\u00e7mi\u015fSonra yine hayat\u0131n [&hellip;]\" \/>\n<meta property=\"og:url\" content=\"https:\/\/narteks.net\/index.php\/2009\/03\/02\/annemin-mezarina-gittik-bugun\/\" \/>\n<meta property=\"og:site_name\" content=\"narteks.net\" \/>\n<meta property=\"article:published_time\" content=\"2009-03-02T10:55:43+00:00\" \/>\n<meta property=\"og:image\" content=\"https:\/\/narteks.net\/wp-content\/uploads\/narteks.png\" \/>\n\t<meta property=\"og:image:width\" content=\"300\" \/>\n\t<meta property=\"og:image:height\" content=\"90\" \/>\n\t<meta property=\"og:image:type\" content=\"image\/png\" \/>\n<meta name=\"author\" content=\"Tar\u0131k\" \/>\n<meta name=\"twitter:card\" content=\"summary_large_image\" \/>\n<meta name=\"twitter:creator\" content=\"@narteks\" \/>\n<meta name=\"twitter:site\" content=\"@narteks\" \/>\n<meta name=\"twitter:label1\" content=\"Yazan:\" \/>\n\t<meta name=\"twitter:data1\" content=\"Tar\u0131k\" \/>\n\t<meta name=\"twitter:label2\" content=\"Tahmini okuma s\u00fcresi\" \/>\n\t<meta name=\"twitter:data2\" content=\"1 dakika\" \/>\n<script type=\"application\/ld+json\" class=\"yoast-schema-graph\">{\"@context\":\"https:\/\/schema.org\",\"@graph\":[{\"@type\":\"Article\",\"@id\":\"https:\/\/narteks.net\/index.php\/2009\/03\/02\/annemin-mezarina-gittik-bugun\/#article\",\"isPartOf\":{\"@id\":\"https:\/\/narteks.net\/index.php\/2009\/03\/02\/annemin-mezarina-gittik-bugun\/\"},\"author\":{\"name\":\"Tar\u0131k\",\"@id\":\"https:\/\/narteks.net\/#\/schema\/person\/61f37d9834294b72d31d274e7ed79bca\"},\"headline\":\"Annemin Mezar\u0131na Gittik Bug\u00fcn\",\"datePublished\":\"2009-03-02T10:55:43+00:00\",\"mainEntityOfPage\":{\"@id\":\"https:\/\/narteks.net\/index.php\/2009\/03\/02\/annemin-mezarina-gittik-bugun\/\"},\"wordCount\":192,\"commentCount\":0,\"publisher\":{\"@id\":\"https:\/\/narteks.net\/#organization\"},\"articleSection\":[\"Ataol BEHRAMOGLU\"],\"inLanguage\":\"tr\",\"potentialAction\":[{\"@type\":\"CommentAction\",\"name\":\"Comment\",\"target\":[\"https:\/\/narteks.net\/index.php\/2009\/03\/02\/annemin-mezarina-gittik-bugun\/#respond\"]}]},{\"@type\":\"WebPage\",\"@id\":\"https:\/\/narteks.net\/index.php\/2009\/03\/02\/annemin-mezarina-gittik-bugun\/\",\"url\":\"https:\/\/narteks.net\/index.php\/2009\/03\/02\/annemin-mezarina-gittik-bugun\/\",\"name\":\"Annemin Mezar\u0131na Gittik Bug\u00fcn - narteks.net\",\"isPartOf\":{\"@id\":\"https:\/\/narteks.net\/#website\"},\"datePublished\":\"2009-03-02T10:55:43+00:00\",\"breadcrumb\":{\"@id\":\"https:\/\/narteks.net\/index.php\/2009\/03\/02\/annemin-mezarina-gittik-bugun\/#breadcrumb\"},\"inLanguage\":\"tr\",\"potentialAction\":[{\"@type\":\"ReadAction\",\"target\":[\"https:\/\/narteks.net\/index.php\/2009\/03\/02\/annemin-mezarina-gittik-bugun\/\"]}]},{\"@type\":\"BreadcrumbList\",\"@id\":\"https:\/\/narteks.net\/index.php\/2009\/03\/02\/annemin-mezarina-gittik-bugun\/#breadcrumb\",\"itemListElement\":[{\"@type\":\"ListItem\",\"position\":1,\"name\":\"Anasayfa\",\"item\":\"https:\/\/narteks.net\/\"},{\"@type\":\"ListItem\",\"position\":2,\"name\":\"Annemin Mezar\u0131na Gittik Bug\u00fcn\"}]},{\"@type\":\"WebSite\",\"@id\":\"https:\/\/narteks.net\/#website\",\"url\":\"https:\/\/narteks.net\/\",\"name\":\"narteks.net\",\"description\":\"K\u00fclt\u00fcr Sanat Edebiyat Felsefe\",\"publisher\":{\"@id\":\"https:\/\/narteks.net\/#organization\"},\"alternateName\":\"K\u00fclt\u00fcr Sanat Edebiyat Felsefe\",\"potentialAction\":[{\"@type\":\"SearchAction\",\"target\":{\"@type\":\"EntryPoint\",\"urlTemplate\":\"https:\/\/narteks.net\/?s={search_term_string}\"},\"query-input\":{\"@type\":\"PropertyValueSpecification\",\"valueRequired\":true,\"valueName\":\"search_term_string\"}}],\"inLanguage\":\"tr\"},{\"@type\":\"Organization\",\"@id\":\"https:\/\/narteks.net\/#organization\",\"name\":\"narteks.net\",\"url\":\"https:\/\/narteks.net\/\",\"logo\":{\"@type\":\"ImageObject\",\"inLanguage\":\"tr\",\"@id\":\"https:\/\/narteks.net\/#\/schema\/logo\/image\/\",\"url\":\"https:\/\/narteks.net\/wp-content\/uploads\/narteks.png\",\"contentUrl\":\"https:\/\/narteks.net\/wp-content\/uploads\/narteks.png\",\"width\":300,\"height\":90,\"caption\":\"narteks.net\"},\"image\":{\"@id\":\"https:\/\/narteks.net\/#\/schema\/logo\/image\/\"},\"sameAs\":[\"https:\/\/x.com\/narteks\",\"https:\/\/instagram.com\/narteksnet\"]},{\"@type\":\"Person\",\"@id\":\"https:\/\/narteks.net\/#\/schema\/person\/61f37d9834294b72d31d274e7ed79bca\",\"name\":\"Tar\u0131k\",\"image\":{\"@type\":\"ImageObject\",\"inLanguage\":\"tr\",\"@id\":\"https:\/\/narteks.net\/#\/schema\/person\/image\/\",\"url\":\"https:\/\/secure.gravatar.com\/avatar\/50865afb55632c4ae467e0af0930f6510aa2297d8014be502a55b14f3b7550cf?s=96&d=mm&r=g\",\"contentUrl\":\"https:\/\/secure.gravatar.com\/avatar\/50865afb55632c4ae467e0af0930f6510aa2297d8014be502a55b14f3b7550cf?s=96&d=mm&r=g\",\"caption\":\"Tar\u0131k\"},\"sameAs\":[\"http:\/\/narteks.net\"],\"url\":\"https:\/\/narteks.net\/index.php\/author\/narbak\/\"}]}<\/script>\n<!-- \/ Yoast SEO Premium plugin. -->","yoast_head_json":{"title":"Annemin Mezar\u0131na Gittik Bug\u00fcn - narteks.net","robots":{"index":"index","follow":"follow","max-snippet":"max-snippet:-1","max-image-preview":"max-image-preview:large","max-video-preview":"max-video-preview:-1"},"canonical":"https:\/\/narteks.net\/index.php\/2009\/03\/02\/annemin-mezarina-gittik-bugun\/","og_locale":"tr_TR","og_type":"article","og_title":"Annemin Mezar\u0131na Gittik Bug\u00fcn","og_description":"\u00a0 Annemin mezar\u0131na gittik bug\u00fcnBabam,Nam\u0131k,Nihat,Defne ve benNam\u0131k`\u0131n arabas\u0131yla ge\u00e7tikYollardan ve mezarl\u0131\u011f\u0131n i\u00e7inden \u00c7i\u00e7ekler serptik \u00fcst\u00fcne mezar\u0131nDurduk orda sessizceBirbirine bakmadan herkesA\u011flad\u0131,ya da bir\u015feyler d\u00fc\u015f\u00fcnd\u00fc kendince Annemin mezar\u0131n\u0131n yan\u0131ndakiBir ba\u015fka mezar\u0131n \u00f6n\u00fcnde bir kad\u0131n a\u011fl\u0131yorduKocas\u0131yd\u0131 san\u0131r\u0131m topra\u011f\u0131n alt\u0131ndakiK\u0131sa bir zaman \u00f6nce yitirmi\u015f oldu\u011fu Bayram ziyaret\u00e7ileriyle doluydu mezarl\u0131kHerkes \u00f6l\u00fcs\u00fcyle birlikte olmaya gelmi\u015fti A\u011flanacak,bir an an\u0131msanacakt\u0131 ge\u00e7mi\u015fSonra yine hayat\u0131n [&hellip;]","og_url":"https:\/\/narteks.net\/index.php\/2009\/03\/02\/annemin-mezarina-gittik-bugun\/","og_site_name":"narteks.net","article_published_time":"2009-03-02T10:55:43+00:00","og_image":[{"width":300,"height":90,"url":"https:\/\/narteks.net\/wp-content\/uploads\/narteks.png","type":"image\/png"}],"author":"Tar\u0131k","twitter_card":"summary_large_image","twitter_creator":"@narteks","twitter_site":"@narteks","twitter_misc":{"Yazan:":"Tar\u0131k","Tahmini okuma s\u00fcresi":"1 dakika"},"schema":{"@context":"https:\/\/schema.org","@graph":[{"@type":"Article","@id":"https:\/\/narteks.net\/index.php\/2009\/03\/02\/annemin-mezarina-gittik-bugun\/#article","isPartOf":{"@id":"https:\/\/narteks.net\/index.php\/2009\/03\/02\/annemin-mezarina-gittik-bugun\/"},"author":{"name":"Tar\u0131k","@id":"https:\/\/narteks.net\/#\/schema\/person\/61f37d9834294b72d31d274e7ed79bca"},"headline":"Annemin Mezar\u0131na Gittik Bug\u00fcn","datePublished":"2009-03-02T10:55:43+00:00","mainEntityOfPage":{"@id":"https:\/\/narteks.net\/index.php\/2009\/03\/02\/annemin-mezarina-gittik-bugun\/"},"wordCount":192,"commentCount":0,"publisher":{"@id":"https:\/\/narteks.net\/#organization"},"articleSection":["Ataol BEHRAMOGLU"],"inLanguage":"tr","potentialAction":[{"@type":"CommentAction","name":"Comment","target":["https:\/\/narteks.net\/index.php\/2009\/03\/02\/annemin-mezarina-gittik-bugun\/#respond"]}]},{"@type":"WebPage","@id":"https:\/\/narteks.net\/index.php\/2009\/03\/02\/annemin-mezarina-gittik-bugun\/","url":"https:\/\/narteks.net\/index.php\/2009\/03\/02\/annemin-mezarina-gittik-bugun\/","name":"Annemin Mezar\u0131na Gittik Bug\u00fcn - narteks.net","isPartOf":{"@id":"https:\/\/narteks.net\/#website"},"datePublished":"2009-03-02T10:55:43+00:00","breadcrumb":{"@id":"https:\/\/narteks.net\/index.php\/2009\/03\/02\/annemin-mezarina-gittik-bugun\/#breadcrumb"},"inLanguage":"tr","potentialAction":[{"@type":"ReadAction","target":["https:\/\/narteks.net\/index.php\/2009\/03\/02\/annemin-mezarina-gittik-bugun\/"]}]},{"@type":"BreadcrumbList","@id":"https:\/\/narteks.net\/index.php\/2009\/03\/02\/annemin-mezarina-gittik-bugun\/#breadcrumb","itemListElement":[{"@type":"ListItem","position":1,"name":"Anasayfa","item":"https:\/\/narteks.net\/"},{"@type":"ListItem","position":2,"name":"Annemin Mezar\u0131na Gittik Bug\u00fcn"}]},{"@type":"WebSite","@id":"https:\/\/narteks.net\/#website","url":"https:\/\/narteks.net\/","name":"narteks.net","description":"K\u00fclt\u00fcr Sanat Edebiyat Felsefe","publisher":{"@id":"https:\/\/narteks.net\/#organization"},"alternateName":"K\u00fclt\u00fcr Sanat Edebiyat Felsefe","potentialAction":[{"@type":"SearchAction","target":{"@type":"EntryPoint","urlTemplate":"https:\/\/narteks.net\/?s={search_term_string}"},"query-input":{"@type":"PropertyValueSpecification","valueRequired":true,"valueName":"search_term_string"}}],"inLanguage":"tr"},{"@type":"Organization","@id":"https:\/\/narteks.net\/#organization","name":"narteks.net","url":"https:\/\/narteks.net\/","logo":{"@type":"ImageObject","inLanguage":"tr","@id":"https:\/\/narteks.net\/#\/schema\/logo\/image\/","url":"https:\/\/narteks.net\/wp-content\/uploads\/narteks.png","contentUrl":"https:\/\/narteks.net\/wp-content\/uploads\/narteks.png","width":300,"height":90,"caption":"narteks.net"},"image":{"@id":"https:\/\/narteks.net\/#\/schema\/logo\/image\/"},"sameAs":["https:\/\/x.com\/narteks","https:\/\/instagram.com\/narteksnet"]},{"@type":"Person","@id":"https:\/\/narteks.net\/#\/schema\/person\/61f37d9834294b72d31d274e7ed79bca","name":"Tar\u0131k","image":{"@type":"ImageObject","inLanguage":"tr","@id":"https:\/\/narteks.net\/#\/schema\/person\/image\/","url":"https:\/\/secure.gravatar.com\/avatar\/50865afb55632c4ae467e0af0930f6510aa2297d8014be502a55b14f3b7550cf?s=96&d=mm&r=g","contentUrl":"https:\/\/secure.gravatar.com\/avatar\/50865afb55632c4ae467e0af0930f6510aa2297d8014be502a55b14f3b7550cf?s=96&d=mm&r=g","caption":"Tar\u0131k"},"sameAs":["http:\/\/narteks.net"],"url":"https:\/\/narteks.net\/index.php\/author\/narbak\/"}]}},"_links":{"self":[{"href":"https:\/\/narteks.net\/index.php\/wp-json\/wp\/v2\/posts\/320","targetHints":{"allow":["GET"]}}],"collection":[{"href":"https:\/\/narteks.net\/index.php\/wp-json\/wp\/v2\/posts"}],"about":[{"href":"https:\/\/narteks.net\/index.php\/wp-json\/wp\/v2\/types\/post"}],"author":[{"embeddable":true,"href":"https:\/\/narteks.net\/index.php\/wp-json\/wp\/v2\/users\/1"}],"replies":[{"embeddable":true,"href":"https:\/\/narteks.net\/index.php\/wp-json\/wp\/v2\/comments?post=320"}],"version-history":[{"count":0,"href":"https:\/\/narteks.net\/index.php\/wp-json\/wp\/v2\/posts\/320\/revisions"}],"wp:attachment":[{"href":"https:\/\/narteks.net\/index.php\/wp-json\/wp\/v2\/media?parent=320"}],"wp:term":[{"taxonomy":"category","embeddable":true,"href":"https:\/\/narteks.net\/index.php\/wp-json\/wp\/v2\/categories?post=320"},{"taxonomy":"post_tag","embeddable":true,"href":"https:\/\/narteks.net\/index.php\/wp-json\/wp\/v2\/tags?post=320"}],"curies":[{"name":"wp","href":"https:\/\/api.w.org\/{rel}","templated":true}]}}