{"id":3200,"date":"2009-12-25T22:45:13","date_gmt":"2009-12-25T19:45:13","guid":{"rendered":"http:\/\/localhost\/wordpress\/2009\/12\/25\/bir-kiraz-dali\/"},"modified":"2009-12-25T22:45:13","modified_gmt":"2009-12-25T19:45:13","slug":"bir-kiraz-dali","status":"publish","type":"post","link":"https:\/\/narteks.net\/index.php\/2009\/12\/25\/bir-kiraz-dali\/","title":{"rendered":"B\u0130R K\u0130RAZ DALI"},"content":{"rendered":"<p>\u00a0<\/p>\n<p>bahar m\u00fchr\u00fcn\u00fc vurmu\u015f leylaklar <br \/> a\u00e7m\u0131\u015f, uzansam bir kiraz dal\u0131 <br \/> i\u00e7imde ko\u015fup duruyor bir maral <br \/> gelincik tarlalar\u0131 \u00e7\u0131\u011fl\u0131k \u00e7\u0131\u011fl\u0131\u011fa <\/p>\n<p> oralardan geldim ba\u015f e\u011fmeden <br \/> gecelerin k\u0131m\u0131lday\u0131p sonland\u0131\u011f\u0131 <br \/> \u0131\u015f\u0131k \u0131\u015f\u0131\u011fa mor kanatl\u0131 kelebe\u011fi <br \/> k\u00fcfl\u00fc duvarlar\u0131 bilirim voltalar\u0131 <\/p>\n<p> suskun k\u00fcfl\u00fc duvarlar\u0131 kan s\u0131\u00e7ram\u0131\u015f <br \/> \u00e7ak\u0131yla takvimler kaz\u0131nan, g\u00fcnler <br \/> saatler, dakkalar- <\/p>\n<p> bitmeyen zaman <\/p>\n<p> a\u011farm\u0131\u015f kire\u00e7 oyuklar\u0131nda <br \/> soluk renkli s\u00f6zc\u00fckleri.<\/p>\n","protected":false},"excerpt":{"rendered":"<p>\u00a0 bahar m\u00fchr\u00fcn\u00fc vurmu\u015f leylaklar a\u00e7m\u0131\u015f, uzansam bir kiraz dal\u0131 i\u00e7imde ko\u015fup duruyor bir maral gelincik tarlalar\u0131 \u00e7\u0131\u011fl\u0131k \u00e7\u0131\u011fl\u0131\u011fa oralardan geldim ba\u015f e\u011fmeden gecelerin k\u0131m\u0131lday\u0131p sonland\u0131\u011f\u0131 \u0131\u015f\u0131k \u0131\u015f\u0131\u011fa mor kanatl\u0131 kelebe\u011fi k\u00fcfl\u00fc duvarlar\u0131 bilirim voltalar\u0131 suskun k\u00fcfl\u00fc duvarlar\u0131 kan s\u0131\u00e7ram\u0131\u015f \u00e7ak\u0131yla takvimler kaz\u0131nan, g\u00fcnler saatler, dakkalar- bitmeyen zaman a\u011farm\u0131\u015f kire\u00e7 oyuklar\u0131nda soluk renkli s\u00f6zc\u00fckleri.<\/p>\n","protected":false},"author":1,"featured_media":0,"comment_status":"open","ping_status":"open","sticky":false,"template":"","format":"standard","meta":{"footnotes":""},"categories":[108],"tags":[],"class_list":{"0":"post-3200","1":"post","2":"type-post","3":"status-publish","4":"format-standard","6":"category-behcet-aysan"},"yoast_head":"<!-- This site is optimized with the Yoast SEO Premium plugin v24.9 (Yoast SEO v24.9) - https:\/\/yoast.com\/wordpress\/plugins\/seo\/ -->\n<title>B\u0130R K\u0130RAZ DALI - narteks.net<\/title>\n<meta name=\"robots\" content=\"index, follow, max-snippet:-1, max-image-preview:large, max-video-preview:-1\" \/>\n<link rel=\"canonical\" href=\"https:\/\/narteks.net\/index.php\/2009\/12\/25\/bir-kiraz-dali\/\" \/>\n<meta property=\"og:locale\" content=\"tr_TR\" \/>\n<meta property=\"og:type\" content=\"article\" \/>\n<meta property=\"og:title\" content=\"B\u0130R K\u0130RAZ DALI\" \/>\n<meta property=\"og:description\" content=\"\u00a0 bahar m\u00fchr\u00fcn\u00fc vurmu\u015f leylaklar a\u00e7m\u0131\u015f, uzansam bir kiraz dal\u0131 i\u00e7imde ko\u015fup duruyor bir maral gelincik tarlalar\u0131 \u00e7\u0131\u011fl\u0131k \u00e7\u0131\u011fl\u0131\u011fa oralardan geldim ba\u015f e\u011fmeden gecelerin k\u0131m\u0131lday\u0131p sonland\u0131\u011f\u0131 \u0131\u015f\u0131k \u0131\u015f\u0131\u011fa mor kanatl\u0131 kelebe\u011fi k\u00fcfl\u00fc duvarlar\u0131 bilirim voltalar\u0131 suskun k\u00fcfl\u00fc duvarlar\u0131 kan s\u0131\u00e7ram\u0131\u015f \u00e7ak\u0131yla takvimler kaz\u0131nan, g\u00fcnler saatler, dakkalar- bitmeyen zaman a\u011farm\u0131\u015f kire\u00e7 oyuklar\u0131nda soluk renkli s\u00f6zc\u00fckleri.\" \/>\n<meta property=\"og:url\" content=\"https:\/\/narteks.net\/index.php\/2009\/12\/25\/bir-kiraz-dali\/\" \/>\n<meta property=\"og:site_name\" content=\"narteks.net\" \/>\n<meta property=\"article:published_time\" content=\"2009-12-25T19:45:13+00:00\" \/>\n<meta property=\"og:image\" content=\"https:\/\/narteks.net\/wp-content\/uploads\/narteks.png\" \/>\n\t<meta property=\"og:image:width\" content=\"300\" \/>\n\t<meta property=\"og:image:height\" content=\"90\" \/>\n\t<meta property=\"og:image:type\" content=\"image\/png\" \/>\n<meta name=\"author\" content=\"Tar\u0131k\" \/>\n<meta name=\"twitter:card\" content=\"summary_large_image\" \/>\n<meta name=\"twitter:creator\" content=\"@narteks\" \/>\n<meta name=\"twitter:site\" content=\"@narteks\" \/>\n<meta name=\"twitter:label1\" content=\"Yazan:\" \/>\n\t<meta name=\"twitter:data1\" content=\"Tar\u0131k\" \/>\n<script type=\"application\/ld+json\" class=\"yoast-schema-graph\">{\"@context\":\"https:\/\/schema.org\",\"@graph\":[{\"@type\":\"Article\",\"@id\":\"https:\/\/narteks.net\/index.php\/2009\/12\/25\/bir-kiraz-dali\/#article\",\"isPartOf\":{\"@id\":\"https:\/\/narteks.net\/index.php\/2009\/12\/25\/bir-kiraz-dali\/\"},\"author\":{\"name\":\"Tar\u0131k\",\"@id\":\"https:\/\/narteks.net\/#\/schema\/person\/61f37d9834294b72d31d274e7ed79bca\"},\"headline\":\"B\u0130R K\u0130RAZ DALI\",\"datePublished\":\"2009-12-25T19:45:13+00:00\",\"mainEntityOfPage\":{\"@id\":\"https:\/\/narteks.net\/index.php\/2009\/12\/25\/bir-kiraz-dali\/\"},\"wordCount\":80,\"commentCount\":0,\"publisher\":{\"@id\":\"https:\/\/narteks.net\/#organization\"},\"articleSection\":[\"Beh\u00e7et AYSAN\"],\"inLanguage\":\"tr\",\"potentialAction\":[{\"@type\":\"CommentAction\",\"name\":\"Comment\",\"target\":[\"https:\/\/narteks.net\/index.php\/2009\/12\/25\/bir-kiraz-dali\/#respond\"]}]},{\"@type\":\"WebPage\",\"@id\":\"https:\/\/narteks.net\/index.php\/2009\/12\/25\/bir-kiraz-dali\/\",\"url\":\"https:\/\/narteks.net\/index.php\/2009\/12\/25\/bir-kiraz-dali\/\",\"name\":\"B\u0130R K\u0130RAZ DALI - narteks.net\",\"isPartOf\":{\"@id\":\"https:\/\/narteks.net\/#website\"},\"datePublished\":\"2009-12-25T19:45:13+00:00\",\"breadcrumb\":{\"@id\":\"https:\/\/narteks.net\/index.php\/2009\/12\/25\/bir-kiraz-dali\/#breadcrumb\"},\"inLanguage\":\"tr\",\"potentialAction\":[{\"@type\":\"ReadAction\",\"target\":[\"https:\/\/narteks.net\/index.php\/2009\/12\/25\/bir-kiraz-dali\/\"]}]},{\"@type\":\"BreadcrumbList\",\"@id\":\"https:\/\/narteks.net\/index.php\/2009\/12\/25\/bir-kiraz-dali\/#breadcrumb\",\"itemListElement\":[{\"@type\":\"ListItem\",\"position\":1,\"name\":\"Anasayfa\",\"item\":\"https:\/\/narteks.net\/\"},{\"@type\":\"ListItem\",\"position\":2,\"name\":\"B\u0130R K\u0130RAZ DALI\"}]},{\"@type\":\"WebSite\",\"@id\":\"https:\/\/narteks.net\/#website\",\"url\":\"https:\/\/narteks.net\/\",\"name\":\"narteks.net\",\"description\":\"K\u00fclt\u00fcr Sanat Edebiyat Felsefe\",\"publisher\":{\"@id\":\"https:\/\/narteks.net\/#organization\"},\"alternateName\":\"K\u00fclt\u00fcr Sanat Edebiyat Felsefe\",\"potentialAction\":[{\"@type\":\"SearchAction\",\"target\":{\"@type\":\"EntryPoint\",\"urlTemplate\":\"https:\/\/narteks.net\/?s={search_term_string}\"},\"query-input\":{\"@type\":\"PropertyValueSpecification\",\"valueRequired\":true,\"valueName\":\"search_term_string\"}}],\"inLanguage\":\"tr\"},{\"@type\":\"Organization\",\"@id\":\"https:\/\/narteks.net\/#organization\",\"name\":\"narteks.net\",\"url\":\"https:\/\/narteks.net\/\",\"logo\":{\"@type\":\"ImageObject\",\"inLanguage\":\"tr\",\"@id\":\"https:\/\/narteks.net\/#\/schema\/logo\/image\/\",\"url\":\"https:\/\/narteks.net\/wp-content\/uploads\/narteks.png\",\"contentUrl\":\"https:\/\/narteks.net\/wp-content\/uploads\/narteks.png\",\"width\":300,\"height\":90,\"caption\":\"narteks.net\"},\"image\":{\"@id\":\"https:\/\/narteks.net\/#\/schema\/logo\/image\/\"},\"sameAs\":[\"https:\/\/x.com\/narteks\",\"https:\/\/instagram.com\/narteksnet\"]},{\"@type\":\"Person\",\"@id\":\"https:\/\/narteks.net\/#\/schema\/person\/61f37d9834294b72d31d274e7ed79bca\",\"name\":\"Tar\u0131k\",\"image\":{\"@type\":\"ImageObject\",\"inLanguage\":\"tr\",\"@id\":\"https:\/\/narteks.net\/#\/schema\/person\/image\/\",\"url\":\"https:\/\/secure.gravatar.com\/avatar\/50865afb55632c4ae467e0af0930f6510aa2297d8014be502a55b14f3b7550cf?s=96&d=mm&r=g\",\"contentUrl\":\"https:\/\/secure.gravatar.com\/avatar\/50865afb55632c4ae467e0af0930f6510aa2297d8014be502a55b14f3b7550cf?s=96&d=mm&r=g\",\"caption\":\"Tar\u0131k\"},\"sameAs\":[\"http:\/\/narteks.net\"],\"url\":\"https:\/\/narteks.net\/index.php\/author\/narbak\/\"}]}<\/script>\n<!-- \/ Yoast SEO Premium plugin. -->","yoast_head_json":{"title":"B\u0130R K\u0130RAZ DALI - narteks.net","robots":{"index":"index","follow":"follow","max-snippet":"max-snippet:-1","max-image-preview":"max-image-preview:large","max-video-preview":"max-video-preview:-1"},"canonical":"https:\/\/narteks.net\/index.php\/2009\/12\/25\/bir-kiraz-dali\/","og_locale":"tr_TR","og_type":"article","og_title":"B\u0130R K\u0130RAZ DALI","og_description":"\u00a0 bahar m\u00fchr\u00fcn\u00fc vurmu\u015f leylaklar a\u00e7m\u0131\u015f, uzansam bir kiraz dal\u0131 i\u00e7imde ko\u015fup duruyor bir maral gelincik tarlalar\u0131 \u00e7\u0131\u011fl\u0131k \u00e7\u0131\u011fl\u0131\u011fa oralardan geldim ba\u015f e\u011fmeden gecelerin k\u0131m\u0131lday\u0131p sonland\u0131\u011f\u0131 \u0131\u015f\u0131k \u0131\u015f\u0131\u011fa mor kanatl\u0131 kelebe\u011fi k\u00fcfl\u00fc duvarlar\u0131 bilirim voltalar\u0131 suskun k\u00fcfl\u00fc duvarlar\u0131 kan s\u0131\u00e7ram\u0131\u015f \u00e7ak\u0131yla takvimler kaz\u0131nan, g\u00fcnler saatler, dakkalar- bitmeyen zaman a\u011farm\u0131\u015f kire\u00e7 oyuklar\u0131nda soluk renkli s\u00f6zc\u00fckleri.","og_url":"https:\/\/narteks.net\/index.php\/2009\/12\/25\/bir-kiraz-dali\/","og_site_name":"narteks.net","article_published_time":"2009-12-25T19:45:13+00:00","og_image":[{"width":300,"height":90,"url":"https:\/\/narteks.net\/wp-content\/uploads\/narteks.png","type":"image\/png"}],"author":"Tar\u0131k","twitter_card":"summary_large_image","twitter_creator":"@narteks","twitter_site":"@narteks","twitter_misc":{"Yazan:":"Tar\u0131k"},"schema":{"@context":"https:\/\/schema.org","@graph":[{"@type":"Article","@id":"https:\/\/narteks.net\/index.php\/2009\/12\/25\/bir-kiraz-dali\/#article","isPartOf":{"@id":"https:\/\/narteks.net\/index.php\/2009\/12\/25\/bir-kiraz-dali\/"},"author":{"name":"Tar\u0131k","@id":"https:\/\/narteks.net\/#\/schema\/person\/61f37d9834294b72d31d274e7ed79bca"},"headline":"B\u0130R K\u0130RAZ DALI","datePublished":"2009-12-25T19:45:13+00:00","mainEntityOfPage":{"@id":"https:\/\/narteks.net\/index.php\/2009\/12\/25\/bir-kiraz-dali\/"},"wordCount":80,"commentCount":0,"publisher":{"@id":"https:\/\/narteks.net\/#organization"},"articleSection":["Beh\u00e7et AYSAN"],"inLanguage":"tr","potentialAction":[{"@type":"CommentAction","name":"Comment","target":["https:\/\/narteks.net\/index.php\/2009\/12\/25\/bir-kiraz-dali\/#respond"]}]},{"@type":"WebPage","@id":"https:\/\/narteks.net\/index.php\/2009\/12\/25\/bir-kiraz-dali\/","url":"https:\/\/narteks.net\/index.php\/2009\/12\/25\/bir-kiraz-dali\/","name":"B\u0130R K\u0130RAZ DALI - narteks.net","isPartOf":{"@id":"https:\/\/narteks.net\/#website"},"datePublished":"2009-12-25T19:45:13+00:00","breadcrumb":{"@id":"https:\/\/narteks.net\/index.php\/2009\/12\/25\/bir-kiraz-dali\/#breadcrumb"},"inLanguage":"tr","potentialAction":[{"@type":"ReadAction","target":["https:\/\/narteks.net\/index.php\/2009\/12\/25\/bir-kiraz-dali\/"]}]},{"@type":"BreadcrumbList","@id":"https:\/\/narteks.net\/index.php\/2009\/12\/25\/bir-kiraz-dali\/#breadcrumb","itemListElement":[{"@type":"ListItem","position":1,"name":"Anasayfa","item":"https:\/\/narteks.net\/"},{"@type":"ListItem","position":2,"name":"B\u0130R K\u0130RAZ DALI"}]},{"@type":"WebSite","@id":"https:\/\/narteks.net\/#website","url":"https:\/\/narteks.net\/","name":"narteks.net","description":"K\u00fclt\u00fcr Sanat Edebiyat Felsefe","publisher":{"@id":"https:\/\/narteks.net\/#organization"},"alternateName":"K\u00fclt\u00fcr Sanat Edebiyat Felsefe","potentialAction":[{"@type":"SearchAction","target":{"@type":"EntryPoint","urlTemplate":"https:\/\/narteks.net\/?s={search_term_string}"},"query-input":{"@type":"PropertyValueSpecification","valueRequired":true,"valueName":"search_term_string"}}],"inLanguage":"tr"},{"@type":"Organization","@id":"https:\/\/narteks.net\/#organization","name":"narteks.net","url":"https:\/\/narteks.net\/","logo":{"@type":"ImageObject","inLanguage":"tr","@id":"https:\/\/narteks.net\/#\/schema\/logo\/image\/","url":"https:\/\/narteks.net\/wp-content\/uploads\/narteks.png","contentUrl":"https:\/\/narteks.net\/wp-content\/uploads\/narteks.png","width":300,"height":90,"caption":"narteks.net"},"image":{"@id":"https:\/\/narteks.net\/#\/schema\/logo\/image\/"},"sameAs":["https:\/\/x.com\/narteks","https:\/\/instagram.com\/narteksnet"]},{"@type":"Person","@id":"https:\/\/narteks.net\/#\/schema\/person\/61f37d9834294b72d31d274e7ed79bca","name":"Tar\u0131k","image":{"@type":"ImageObject","inLanguage":"tr","@id":"https:\/\/narteks.net\/#\/schema\/person\/image\/","url":"https:\/\/secure.gravatar.com\/avatar\/50865afb55632c4ae467e0af0930f6510aa2297d8014be502a55b14f3b7550cf?s=96&d=mm&r=g","contentUrl":"https:\/\/secure.gravatar.com\/avatar\/50865afb55632c4ae467e0af0930f6510aa2297d8014be502a55b14f3b7550cf?s=96&d=mm&r=g","caption":"Tar\u0131k"},"sameAs":["http:\/\/narteks.net"],"url":"https:\/\/narteks.net\/index.php\/author\/narbak\/"}]}},"_links":{"self":[{"href":"https:\/\/narteks.net\/index.php\/wp-json\/wp\/v2\/posts\/3200","targetHints":{"allow":["GET"]}}],"collection":[{"href":"https:\/\/narteks.net\/index.php\/wp-json\/wp\/v2\/posts"}],"about":[{"href":"https:\/\/narteks.net\/index.php\/wp-json\/wp\/v2\/types\/post"}],"author":[{"embeddable":true,"href":"https:\/\/narteks.net\/index.php\/wp-json\/wp\/v2\/users\/1"}],"replies":[{"embeddable":true,"href":"https:\/\/narteks.net\/index.php\/wp-json\/wp\/v2\/comments?post=3200"}],"version-history":[{"count":0,"href":"https:\/\/narteks.net\/index.php\/wp-json\/wp\/v2\/posts\/3200\/revisions"}],"wp:attachment":[{"href":"https:\/\/narteks.net\/index.php\/wp-json\/wp\/v2\/media?parent=3200"}],"wp:term":[{"taxonomy":"category","embeddable":true,"href":"https:\/\/narteks.net\/index.php\/wp-json\/wp\/v2\/categories?post=3200"},{"taxonomy":"post_tag","embeddable":true,"href":"https:\/\/narteks.net\/index.php\/wp-json\/wp\/v2\/tags?post=3200"}],"curies":[{"name":"wp","href":"https:\/\/api.w.org\/{rel}","templated":true}]}}