{"id":3201,"date":"2009-12-25T22:45:38","date_gmt":"2009-12-25T19:45:38","guid":{"rendered":"http:\/\/localhost\/wordpress\/2009\/12\/25\/bu-ask-bu-sehir-bu-keder\/"},"modified":"2009-12-25T22:45:38","modified_gmt":"2009-12-25T19:45:38","slug":"bu-ask-bu-sehir-bu-keder","status":"publish","type":"post","link":"https:\/\/narteks.net\/index.php\/2009\/12\/25\/bu-ask-bu-sehir-bu-keder\/","title":{"rendered":"BU A\u015eK, BU \u015eEH\u0130R, BU KEDER"},"content":{"rendered":"<p>\u00a0<\/p>\n<p>1. <br \/> ho\u015f\u00e7a kal ayak izim <br \/> serseri sokaklarda <br \/> ho\u015f\u00e7a kal <br \/> kendine bir ba\u015fka <br \/> g\u00f6ky\u00fcz\u00fc b\u00fcy\u00fcten<br \/> karde\u015fim<br \/> gece feneri<br \/> ho\u015f\u00e7akal kal \u00e7ald\u0131\u011f\u0131m <br \/> Isl\u0131k<br \/> s\u00f6yledi\u011fim t\u00fcrk\u00fc<br \/> doludizgin karlarda.<br \/> ho\u015f\u00e7a kal <br \/> annemin<br \/> y\u00fcz\u00fc<br \/> hep beyaz ya\u015fmakl\u0131<br \/> s\u0131r\u0131 d\u00f6k\u00fclm\u00fc\u015f bir yaln\u0131z<br \/> aynada.<br \/> ho\u015f\u00e7a kal<br \/> dolunay\u0131n<br \/> alt\u0131nda<br \/> \u0131hlamur a\u011fa\u00e7lar\u0131na<br \/> kaz\u0131d\u0131\u011f\u0131m<br \/> \u015fey<br \/> ho\u015f\u00e7a kal uzaklarda yanan<br \/> an\u0131zlar\u0131n par\u0131lt\u0131s\u0131 ho\u015f\u00e7a kal.<\/p>\n<p> 2.<br \/> bir g\u00fcn gelecek bu g\u00fcn de<br \/> bir an\u0131 olacak nas\u0131lsa<br \/> oturdu\u011fumuz bu masa<br \/> bu kum saati, bu r\u00fczgar, bu eski <br \/> komodin<br \/> bu k\u0131r\u0131k<br \/> sandalye<br \/> bu kelepir y\u00fcrek<br \/> bu a\u015fk <br \/> nas\u0131lsa. <\/p>\n<p> 3. <br \/> ho\u015f\u00e7a kal ayak izim <br \/> serseri sokaklarda <br \/> ho\u015f\u00e7a kal <br \/> yar\u0131m kalm\u0131\u015f <br \/> duvar yaz\u0131lar\u0131 <br \/> ho\u015f\u00e7a kal <br \/> bir g\u00fcn gelecek <br \/> akacak yeralt\u0131 sular\u0131<br \/> ho\u015f\u00e7a kal<br \/> yakut, bezirgan, g\u00f6n<br \/> ho\u015f\u00e7a kal eski zaman<br \/> aktarlar\u0131<br \/> gidiyorum<br \/> bu \u015fehri bu ya\u011fmuru<br \/> bu d\u00fc\u015fleri<br \/> bu a\u015fk\u0131 bu kavgay\u0131 bu kederi<br \/> size b\u0131rakarak.<\/p>\n","protected":false},"excerpt":{"rendered":"<p>\u00a0 1. ho\u015f\u00e7a kal ayak izim serseri sokaklarda ho\u015f\u00e7a kal kendine bir ba\u015fka g\u00f6ky\u00fcz\u00fc b\u00fcy\u00fcten karde\u015fim gece feneri ho\u015f\u00e7akal kal \u00e7ald\u0131\u011f\u0131m Isl\u0131k s\u00f6yledi\u011fim t\u00fcrk\u00fc doludizgin karlarda. ho\u015f\u00e7a kal annemin y\u00fcz\u00fc hep beyaz ya\u015fmakl\u0131 s\u0131r\u0131 d\u00f6k\u00fclm\u00fc\u015f bir yaln\u0131z aynada. ho\u015f\u00e7a kal dolunay\u0131n alt\u0131nda \u0131hlamur a\u011fa\u00e7lar\u0131na kaz\u0131d\u0131\u011f\u0131m \u015fey ho\u015f\u00e7a kal uzaklarda yanan an\u0131zlar\u0131n par\u0131lt\u0131s\u0131 ho\u015f\u00e7a kal. 2. [&hellip;]<\/p>\n","protected":false},"author":1,"featured_media":0,"comment_status":"open","ping_status":"open","sticky":false,"template":"","format":"standard","meta":{"footnotes":""},"categories":[108],"tags":[],"class_list":{"0":"post-3201","1":"post","2":"type-post","3":"status-publish","4":"format-standard","6":"category-behcet-aysan"},"yoast_head":"<!-- This site is optimized with the Yoast SEO Premium plugin v24.9 (Yoast SEO v24.9) - https:\/\/yoast.com\/wordpress\/plugins\/seo\/ -->\n<title>BU A\u015eK, BU \u015eEH\u0130R, BU KEDER - narteks.net<\/title>\n<meta name=\"robots\" content=\"index, follow, max-snippet:-1, max-image-preview:large, max-video-preview:-1\" \/>\n<link rel=\"canonical\" href=\"https:\/\/narteks.net\/index.php\/2009\/12\/25\/bu-ask-bu-sehir-bu-keder\/\" \/>\n<meta property=\"og:locale\" content=\"tr_TR\" \/>\n<meta property=\"og:type\" content=\"article\" \/>\n<meta property=\"og:title\" content=\"BU A\u015eK, BU \u015eEH\u0130R, BU KEDER\" \/>\n<meta property=\"og:description\" content=\"\u00a0 1. ho\u015f\u00e7a kal ayak izim serseri sokaklarda ho\u015f\u00e7a kal kendine bir ba\u015fka g\u00f6ky\u00fcz\u00fc b\u00fcy\u00fcten karde\u015fim gece feneri ho\u015f\u00e7akal kal \u00e7ald\u0131\u011f\u0131m Isl\u0131k s\u00f6yledi\u011fim t\u00fcrk\u00fc doludizgin karlarda. ho\u015f\u00e7a kal annemin y\u00fcz\u00fc hep beyaz ya\u015fmakl\u0131 s\u0131r\u0131 d\u00f6k\u00fclm\u00fc\u015f bir yaln\u0131z aynada. ho\u015f\u00e7a kal dolunay\u0131n alt\u0131nda \u0131hlamur a\u011fa\u00e7lar\u0131na kaz\u0131d\u0131\u011f\u0131m \u015fey ho\u015f\u00e7a kal uzaklarda yanan an\u0131zlar\u0131n par\u0131lt\u0131s\u0131 ho\u015f\u00e7a kal. 2. [&hellip;]\" \/>\n<meta property=\"og:url\" content=\"https:\/\/narteks.net\/index.php\/2009\/12\/25\/bu-ask-bu-sehir-bu-keder\/\" \/>\n<meta property=\"og:site_name\" content=\"narteks.net\" \/>\n<meta property=\"article:published_time\" content=\"2009-12-25T19:45:38+00:00\" \/>\n<meta property=\"og:image\" content=\"https:\/\/narteks.net\/wp-content\/uploads\/narteks.png\" \/>\n\t<meta property=\"og:image:width\" content=\"300\" \/>\n\t<meta property=\"og:image:height\" content=\"90\" \/>\n\t<meta property=\"og:image:type\" content=\"image\/png\" \/>\n<meta name=\"author\" content=\"Tar\u0131k\" \/>\n<meta name=\"twitter:card\" content=\"summary_large_image\" \/>\n<meta name=\"twitter:creator\" content=\"@narteks\" \/>\n<meta name=\"twitter:site\" content=\"@narteks\" \/>\n<meta name=\"twitter:label1\" content=\"Yazan:\" \/>\n\t<meta name=\"twitter:data1\" content=\"Tar\u0131k\" \/>\n\t<meta name=\"twitter:label2\" content=\"Tahmini okuma s\u00fcresi\" \/>\n\t<meta name=\"twitter:data2\" content=\"1 dakika\" \/>\n<script type=\"application\/ld+json\" class=\"yoast-schema-graph\">{\"@context\":\"https:\/\/schema.org\",\"@graph\":[{\"@type\":\"Article\",\"@id\":\"https:\/\/narteks.net\/index.php\/2009\/12\/25\/bu-ask-bu-sehir-bu-keder\/#article\",\"isPartOf\":{\"@id\":\"https:\/\/narteks.net\/index.php\/2009\/12\/25\/bu-ask-bu-sehir-bu-keder\/\"},\"author\":{\"name\":\"Tar\u0131k\",\"@id\":\"https:\/\/narteks.net\/#\/schema\/person\/61f37d9834294b72d31d274e7ed79bca\"},\"headline\":\"BU A\u015eK, BU \u015eEH\u0130R, BU KEDER\",\"datePublished\":\"2009-12-25T19:45:38+00:00\",\"mainEntityOfPage\":{\"@id\":\"https:\/\/narteks.net\/index.php\/2009\/12\/25\/bu-ask-bu-sehir-bu-keder\/\"},\"wordCount\":193,\"commentCount\":0,\"publisher\":{\"@id\":\"https:\/\/narteks.net\/#organization\"},\"articleSection\":[\"Beh\u00e7et AYSAN\"],\"inLanguage\":\"tr\",\"potentialAction\":[{\"@type\":\"CommentAction\",\"name\":\"Comment\",\"target\":[\"https:\/\/narteks.net\/index.php\/2009\/12\/25\/bu-ask-bu-sehir-bu-keder\/#respond\"]}]},{\"@type\":\"WebPage\",\"@id\":\"https:\/\/narteks.net\/index.php\/2009\/12\/25\/bu-ask-bu-sehir-bu-keder\/\",\"url\":\"https:\/\/narteks.net\/index.php\/2009\/12\/25\/bu-ask-bu-sehir-bu-keder\/\",\"name\":\"BU A\u015eK, BU \u015eEH\u0130R, BU KEDER - narteks.net\",\"isPartOf\":{\"@id\":\"https:\/\/narteks.net\/#website\"},\"datePublished\":\"2009-12-25T19:45:38+00:00\",\"breadcrumb\":{\"@id\":\"https:\/\/narteks.net\/index.php\/2009\/12\/25\/bu-ask-bu-sehir-bu-keder\/#breadcrumb\"},\"inLanguage\":\"tr\",\"potentialAction\":[{\"@type\":\"ReadAction\",\"target\":[\"https:\/\/narteks.net\/index.php\/2009\/12\/25\/bu-ask-bu-sehir-bu-keder\/\"]}]},{\"@type\":\"BreadcrumbList\",\"@id\":\"https:\/\/narteks.net\/index.php\/2009\/12\/25\/bu-ask-bu-sehir-bu-keder\/#breadcrumb\",\"itemListElement\":[{\"@type\":\"ListItem\",\"position\":1,\"name\":\"Anasayfa\",\"item\":\"https:\/\/narteks.net\/\"},{\"@type\":\"ListItem\",\"position\":2,\"name\":\"BU A\u015eK, BU \u015eEH\u0130R, BU KEDER\"}]},{\"@type\":\"WebSite\",\"@id\":\"https:\/\/narteks.net\/#website\",\"url\":\"https:\/\/narteks.net\/\",\"name\":\"narteks.net\",\"description\":\"K\u00fclt\u00fcr Sanat Edebiyat Felsefe\",\"publisher\":{\"@id\":\"https:\/\/narteks.net\/#organization\"},\"alternateName\":\"K\u00fclt\u00fcr Sanat Edebiyat Felsefe\",\"potentialAction\":[{\"@type\":\"SearchAction\",\"target\":{\"@type\":\"EntryPoint\",\"urlTemplate\":\"https:\/\/narteks.net\/?s={search_term_string}\"},\"query-input\":{\"@type\":\"PropertyValueSpecification\",\"valueRequired\":true,\"valueName\":\"search_term_string\"}}],\"inLanguage\":\"tr\"},{\"@type\":\"Organization\",\"@id\":\"https:\/\/narteks.net\/#organization\",\"name\":\"narteks.net\",\"url\":\"https:\/\/narteks.net\/\",\"logo\":{\"@type\":\"ImageObject\",\"inLanguage\":\"tr\",\"@id\":\"https:\/\/narteks.net\/#\/schema\/logo\/image\/\",\"url\":\"https:\/\/narteks.net\/wp-content\/uploads\/narteks.png\",\"contentUrl\":\"https:\/\/narteks.net\/wp-content\/uploads\/narteks.png\",\"width\":300,\"height\":90,\"caption\":\"narteks.net\"},\"image\":{\"@id\":\"https:\/\/narteks.net\/#\/schema\/logo\/image\/\"},\"sameAs\":[\"https:\/\/x.com\/narteks\",\"https:\/\/instagram.com\/narteksnet\"]},{\"@type\":\"Person\",\"@id\":\"https:\/\/narteks.net\/#\/schema\/person\/61f37d9834294b72d31d274e7ed79bca\",\"name\":\"Tar\u0131k\",\"image\":{\"@type\":\"ImageObject\",\"inLanguage\":\"tr\",\"@id\":\"https:\/\/narteks.net\/#\/schema\/person\/image\/\",\"url\":\"https:\/\/secure.gravatar.com\/avatar\/50865afb55632c4ae467e0af0930f6510aa2297d8014be502a55b14f3b7550cf?s=96&d=mm&r=g\",\"contentUrl\":\"https:\/\/secure.gravatar.com\/avatar\/50865afb55632c4ae467e0af0930f6510aa2297d8014be502a55b14f3b7550cf?s=96&d=mm&r=g\",\"caption\":\"Tar\u0131k\"},\"sameAs\":[\"http:\/\/narteks.net\"],\"url\":\"https:\/\/narteks.net\/index.php\/author\/narbak\/\"}]}<\/script>\n<!-- \/ Yoast SEO Premium plugin. -->","yoast_head_json":{"title":"BU A\u015eK, BU \u015eEH\u0130R, BU KEDER - narteks.net","robots":{"index":"index","follow":"follow","max-snippet":"max-snippet:-1","max-image-preview":"max-image-preview:large","max-video-preview":"max-video-preview:-1"},"canonical":"https:\/\/narteks.net\/index.php\/2009\/12\/25\/bu-ask-bu-sehir-bu-keder\/","og_locale":"tr_TR","og_type":"article","og_title":"BU A\u015eK, BU \u015eEH\u0130R, BU KEDER","og_description":"\u00a0 1. ho\u015f\u00e7a kal ayak izim serseri sokaklarda ho\u015f\u00e7a kal kendine bir ba\u015fka g\u00f6ky\u00fcz\u00fc b\u00fcy\u00fcten karde\u015fim gece feneri ho\u015f\u00e7akal kal \u00e7ald\u0131\u011f\u0131m Isl\u0131k s\u00f6yledi\u011fim t\u00fcrk\u00fc doludizgin karlarda. ho\u015f\u00e7a kal annemin y\u00fcz\u00fc hep beyaz ya\u015fmakl\u0131 s\u0131r\u0131 d\u00f6k\u00fclm\u00fc\u015f bir yaln\u0131z aynada. ho\u015f\u00e7a kal dolunay\u0131n alt\u0131nda \u0131hlamur a\u011fa\u00e7lar\u0131na kaz\u0131d\u0131\u011f\u0131m \u015fey ho\u015f\u00e7a kal uzaklarda yanan an\u0131zlar\u0131n par\u0131lt\u0131s\u0131 ho\u015f\u00e7a kal. 2. [&hellip;]","og_url":"https:\/\/narteks.net\/index.php\/2009\/12\/25\/bu-ask-bu-sehir-bu-keder\/","og_site_name":"narteks.net","article_published_time":"2009-12-25T19:45:38+00:00","og_image":[{"width":300,"height":90,"url":"https:\/\/narteks.net\/wp-content\/uploads\/narteks.png","type":"image\/png"}],"author":"Tar\u0131k","twitter_card":"summary_large_image","twitter_creator":"@narteks","twitter_site":"@narteks","twitter_misc":{"Yazan:":"Tar\u0131k","Tahmini okuma s\u00fcresi":"1 dakika"},"schema":{"@context":"https:\/\/schema.org","@graph":[{"@type":"Article","@id":"https:\/\/narteks.net\/index.php\/2009\/12\/25\/bu-ask-bu-sehir-bu-keder\/#article","isPartOf":{"@id":"https:\/\/narteks.net\/index.php\/2009\/12\/25\/bu-ask-bu-sehir-bu-keder\/"},"author":{"name":"Tar\u0131k","@id":"https:\/\/narteks.net\/#\/schema\/person\/61f37d9834294b72d31d274e7ed79bca"},"headline":"BU A\u015eK, BU \u015eEH\u0130R, BU KEDER","datePublished":"2009-12-25T19:45:38+00:00","mainEntityOfPage":{"@id":"https:\/\/narteks.net\/index.php\/2009\/12\/25\/bu-ask-bu-sehir-bu-keder\/"},"wordCount":193,"commentCount":0,"publisher":{"@id":"https:\/\/narteks.net\/#organization"},"articleSection":["Beh\u00e7et AYSAN"],"inLanguage":"tr","potentialAction":[{"@type":"CommentAction","name":"Comment","target":["https:\/\/narteks.net\/index.php\/2009\/12\/25\/bu-ask-bu-sehir-bu-keder\/#respond"]}]},{"@type":"WebPage","@id":"https:\/\/narteks.net\/index.php\/2009\/12\/25\/bu-ask-bu-sehir-bu-keder\/","url":"https:\/\/narteks.net\/index.php\/2009\/12\/25\/bu-ask-bu-sehir-bu-keder\/","name":"BU A\u015eK, BU \u015eEH\u0130R, BU KEDER - narteks.net","isPartOf":{"@id":"https:\/\/narteks.net\/#website"},"datePublished":"2009-12-25T19:45:38+00:00","breadcrumb":{"@id":"https:\/\/narteks.net\/index.php\/2009\/12\/25\/bu-ask-bu-sehir-bu-keder\/#breadcrumb"},"inLanguage":"tr","potentialAction":[{"@type":"ReadAction","target":["https:\/\/narteks.net\/index.php\/2009\/12\/25\/bu-ask-bu-sehir-bu-keder\/"]}]},{"@type":"BreadcrumbList","@id":"https:\/\/narteks.net\/index.php\/2009\/12\/25\/bu-ask-bu-sehir-bu-keder\/#breadcrumb","itemListElement":[{"@type":"ListItem","position":1,"name":"Anasayfa","item":"https:\/\/narteks.net\/"},{"@type":"ListItem","position":2,"name":"BU A\u015eK, BU \u015eEH\u0130R, BU KEDER"}]},{"@type":"WebSite","@id":"https:\/\/narteks.net\/#website","url":"https:\/\/narteks.net\/","name":"narteks.net","description":"K\u00fclt\u00fcr Sanat Edebiyat Felsefe","publisher":{"@id":"https:\/\/narteks.net\/#organization"},"alternateName":"K\u00fclt\u00fcr Sanat Edebiyat Felsefe","potentialAction":[{"@type":"SearchAction","target":{"@type":"EntryPoint","urlTemplate":"https:\/\/narteks.net\/?s={search_term_string}"},"query-input":{"@type":"PropertyValueSpecification","valueRequired":true,"valueName":"search_term_string"}}],"inLanguage":"tr"},{"@type":"Organization","@id":"https:\/\/narteks.net\/#organization","name":"narteks.net","url":"https:\/\/narteks.net\/","logo":{"@type":"ImageObject","inLanguage":"tr","@id":"https:\/\/narteks.net\/#\/schema\/logo\/image\/","url":"https:\/\/narteks.net\/wp-content\/uploads\/narteks.png","contentUrl":"https:\/\/narteks.net\/wp-content\/uploads\/narteks.png","width":300,"height":90,"caption":"narteks.net"},"image":{"@id":"https:\/\/narteks.net\/#\/schema\/logo\/image\/"},"sameAs":["https:\/\/x.com\/narteks","https:\/\/instagram.com\/narteksnet"]},{"@type":"Person","@id":"https:\/\/narteks.net\/#\/schema\/person\/61f37d9834294b72d31d274e7ed79bca","name":"Tar\u0131k","image":{"@type":"ImageObject","inLanguage":"tr","@id":"https:\/\/narteks.net\/#\/schema\/person\/image\/","url":"https:\/\/secure.gravatar.com\/avatar\/50865afb55632c4ae467e0af0930f6510aa2297d8014be502a55b14f3b7550cf?s=96&d=mm&r=g","contentUrl":"https:\/\/secure.gravatar.com\/avatar\/50865afb55632c4ae467e0af0930f6510aa2297d8014be502a55b14f3b7550cf?s=96&d=mm&r=g","caption":"Tar\u0131k"},"sameAs":["http:\/\/narteks.net"],"url":"https:\/\/narteks.net\/index.php\/author\/narbak\/"}]}},"_links":{"self":[{"href":"https:\/\/narteks.net\/index.php\/wp-json\/wp\/v2\/posts\/3201","targetHints":{"allow":["GET"]}}],"collection":[{"href":"https:\/\/narteks.net\/index.php\/wp-json\/wp\/v2\/posts"}],"about":[{"href":"https:\/\/narteks.net\/index.php\/wp-json\/wp\/v2\/types\/post"}],"author":[{"embeddable":true,"href":"https:\/\/narteks.net\/index.php\/wp-json\/wp\/v2\/users\/1"}],"replies":[{"embeddable":true,"href":"https:\/\/narteks.net\/index.php\/wp-json\/wp\/v2\/comments?post=3201"}],"version-history":[{"count":0,"href":"https:\/\/narteks.net\/index.php\/wp-json\/wp\/v2\/posts\/3201\/revisions"}],"wp:attachment":[{"href":"https:\/\/narteks.net\/index.php\/wp-json\/wp\/v2\/media?parent=3201"}],"wp:term":[{"taxonomy":"category","embeddable":true,"href":"https:\/\/narteks.net\/index.php\/wp-json\/wp\/v2\/categories?post=3201"},{"taxonomy":"post_tag","embeddable":true,"href":"https:\/\/narteks.net\/index.php\/wp-json\/wp\/v2\/tags?post=3201"}],"curies":[{"name":"wp","href":"https:\/\/api.w.org\/{rel}","templated":true}]}}