{"id":3210,"date":"2009-12-25T22:49:57","date_gmt":"2009-12-25T19:49:57","guid":{"rendered":"http:\/\/localhost\/wordpress\/2009\/12\/25\/kader-atlasi\/"},"modified":"2009-12-25T22:49:57","modified_gmt":"2009-12-25T19:49:57","slug":"kader-atlasi","status":"publish","type":"post","link":"https:\/\/narteks.net\/index.php\/2009\/12\/25\/kader-atlasi\/","title":{"rendered":"KADER ATLASI"},"content":{"rendered":"<p>\u00a0<\/p>\n<p>nil\u00fcferler ni\u00e7in suya e\u011filir <br \/> ve ni\u00e7in <br \/> kavruk otlar gibi <br \/> tutu\u015fur <br \/> o ilk sevdalar <br \/> s\u00f6yleyin bana <br \/> ey kitaplar. <\/p>\n<p> bana s\u00f6yleyin <br \/> kim var <br \/> aram\u0131zda <br \/> biraz \u00f6lmeden <br \/> bir t\u00fcrk\u00fc tutturmu\u015f giden. <\/p>\n<p> ya k\u0131rm\u0131z\u0131 \u015fapkal\u0131 <br \/> gelincik, senin i\u00e7in <br \/> g\u00f6z a\u00e7\u0131p kapay\u0131ncaya <br \/> yiter \u015fu bahar <br \/> hemen <br \/> \u00f6l\u00fcm gelir <br \/> y\u00fckselince sular. <\/p>\n<p> s\u00f6yleyin bana <br \/> ey kitaplar <\/p>\n<p> var m\u0131 <br \/> kederin atlas\u0131nda <br \/> tar\u00e7\u0131n kokulu bir \u015fehir <br \/> inmemi\u015f olsun damlar\u0131na <br \/> g\u00f6zya\u015f\u0131ndan <br \/> y\u0131ld\u0131zb\u00f6cekleri <br \/> ve tar\u00e7\u0131n <br \/> kokulu <br \/> bir a\u015fk <br \/> hi\u00e7 \u00f6lmeyen.<\/p>\n","protected":false},"excerpt":{"rendered":"<p>\u00a0 nil\u00fcferler ni\u00e7in suya e\u011filir ve ni\u00e7in kavruk otlar gibi tutu\u015fur o ilk sevdalar s\u00f6yleyin bana ey kitaplar. bana s\u00f6yleyin kim var aram\u0131zda biraz \u00f6lmeden bir t\u00fcrk\u00fc tutturmu\u015f giden. ya k\u0131rm\u0131z\u0131 \u015fapkal\u0131 gelincik, senin i\u00e7in g\u00f6z a\u00e7\u0131p kapay\u0131ncaya yiter \u015fu bahar hemen \u00f6l\u00fcm gelir y\u00fckselince sular. s\u00f6yleyin bana ey kitaplar var m\u0131 kederin atlas\u0131nda tar\u00e7\u0131n [&hellip;]<\/p>\n","protected":false},"author":1,"featured_media":0,"comment_status":"open","ping_status":"open","sticky":false,"template":"","format":"standard","meta":{"footnotes":""},"categories":[108],"tags":[],"class_list":{"0":"post-3210","1":"post","2":"type-post","3":"status-publish","4":"format-standard","6":"category-behcet-aysan"},"yoast_head":"<!-- This site is optimized with the Yoast SEO Premium plugin v24.9 (Yoast SEO v24.9) - https:\/\/yoast.com\/wordpress\/plugins\/seo\/ -->\n<title>KADER ATLASI - narteks.net<\/title>\n<meta name=\"robots\" content=\"index, follow, max-snippet:-1, max-image-preview:large, max-video-preview:-1\" \/>\n<link rel=\"canonical\" href=\"https:\/\/narteks.net\/index.php\/2009\/12\/25\/kader-atlasi\/\" \/>\n<meta property=\"og:locale\" content=\"tr_TR\" \/>\n<meta property=\"og:type\" content=\"article\" \/>\n<meta property=\"og:title\" content=\"KADER ATLASI\" \/>\n<meta property=\"og:description\" content=\"\u00a0 nil\u00fcferler ni\u00e7in suya e\u011filir ve ni\u00e7in kavruk otlar gibi tutu\u015fur o ilk sevdalar s\u00f6yleyin bana ey kitaplar. bana s\u00f6yleyin kim var aram\u0131zda biraz \u00f6lmeden bir t\u00fcrk\u00fc tutturmu\u015f giden. ya k\u0131rm\u0131z\u0131 \u015fapkal\u0131 gelincik, senin i\u00e7in g\u00f6z a\u00e7\u0131p kapay\u0131ncaya yiter \u015fu bahar hemen \u00f6l\u00fcm gelir y\u00fckselince sular. s\u00f6yleyin bana ey kitaplar var m\u0131 kederin atlas\u0131nda tar\u00e7\u0131n [&hellip;]\" \/>\n<meta property=\"og:url\" content=\"https:\/\/narteks.net\/index.php\/2009\/12\/25\/kader-atlasi\/\" \/>\n<meta property=\"og:site_name\" content=\"narteks.net\" \/>\n<meta property=\"article:published_time\" content=\"2009-12-25T19:49:57+00:00\" \/>\n<meta property=\"og:image\" content=\"https:\/\/narteks.net\/wp-content\/uploads\/narteks.png\" \/>\n\t<meta property=\"og:image:width\" content=\"300\" \/>\n\t<meta property=\"og:image:height\" content=\"90\" \/>\n\t<meta property=\"og:image:type\" content=\"image\/png\" \/>\n<meta name=\"author\" content=\"Tar\u0131k\" \/>\n<meta name=\"twitter:card\" content=\"summary_large_image\" \/>\n<meta name=\"twitter:creator\" content=\"@narteks\" \/>\n<meta name=\"twitter:site\" content=\"@narteks\" \/>\n<meta name=\"twitter:label1\" content=\"Yazan:\" \/>\n\t<meta name=\"twitter:data1\" content=\"Tar\u0131k\" \/>\n<script type=\"application\/ld+json\" class=\"yoast-schema-graph\">{\"@context\":\"https:\/\/schema.org\",\"@graph\":[{\"@type\":\"Article\",\"@id\":\"https:\/\/narteks.net\/index.php\/2009\/12\/25\/kader-atlasi\/#article\",\"isPartOf\":{\"@id\":\"https:\/\/narteks.net\/index.php\/2009\/12\/25\/kader-atlasi\/\"},\"author\":{\"name\":\"Tar\u0131k\",\"@id\":\"https:\/\/narteks.net\/#\/schema\/person\/61f37d9834294b72d31d274e7ed79bca\"},\"headline\":\"KADER ATLASI\",\"datePublished\":\"2009-12-25T19:49:57+00:00\",\"mainEntityOfPage\":{\"@id\":\"https:\/\/narteks.net\/index.php\/2009\/12\/25\/kader-atlasi\/\"},\"wordCount\":99,\"commentCount\":0,\"publisher\":{\"@id\":\"https:\/\/narteks.net\/#organization\"},\"articleSection\":[\"Beh\u00e7et AYSAN\"],\"inLanguage\":\"tr\",\"potentialAction\":[{\"@type\":\"CommentAction\",\"name\":\"Comment\",\"target\":[\"https:\/\/narteks.net\/index.php\/2009\/12\/25\/kader-atlasi\/#respond\"]}]},{\"@type\":\"WebPage\",\"@id\":\"https:\/\/narteks.net\/index.php\/2009\/12\/25\/kader-atlasi\/\",\"url\":\"https:\/\/narteks.net\/index.php\/2009\/12\/25\/kader-atlasi\/\",\"name\":\"KADER ATLASI - narteks.net\",\"isPartOf\":{\"@id\":\"https:\/\/narteks.net\/#website\"},\"datePublished\":\"2009-12-25T19:49:57+00:00\",\"breadcrumb\":{\"@id\":\"https:\/\/narteks.net\/index.php\/2009\/12\/25\/kader-atlasi\/#breadcrumb\"},\"inLanguage\":\"tr\",\"potentialAction\":[{\"@type\":\"ReadAction\",\"target\":[\"https:\/\/narteks.net\/index.php\/2009\/12\/25\/kader-atlasi\/\"]}]},{\"@type\":\"BreadcrumbList\",\"@id\":\"https:\/\/narteks.net\/index.php\/2009\/12\/25\/kader-atlasi\/#breadcrumb\",\"itemListElement\":[{\"@type\":\"ListItem\",\"position\":1,\"name\":\"Anasayfa\",\"item\":\"https:\/\/narteks.net\/\"},{\"@type\":\"ListItem\",\"position\":2,\"name\":\"KADER ATLASI\"}]},{\"@type\":\"WebSite\",\"@id\":\"https:\/\/narteks.net\/#website\",\"url\":\"https:\/\/narteks.net\/\",\"name\":\"narteks.net\",\"description\":\"K\u00fclt\u00fcr Sanat Edebiyat Felsefe\",\"publisher\":{\"@id\":\"https:\/\/narteks.net\/#organization\"},\"alternateName\":\"K\u00fclt\u00fcr Sanat Edebiyat Felsefe\",\"potentialAction\":[{\"@type\":\"SearchAction\",\"target\":{\"@type\":\"EntryPoint\",\"urlTemplate\":\"https:\/\/narteks.net\/?s={search_term_string}\"},\"query-input\":{\"@type\":\"PropertyValueSpecification\",\"valueRequired\":true,\"valueName\":\"search_term_string\"}}],\"inLanguage\":\"tr\"},{\"@type\":\"Organization\",\"@id\":\"https:\/\/narteks.net\/#organization\",\"name\":\"narteks.net\",\"url\":\"https:\/\/narteks.net\/\",\"logo\":{\"@type\":\"ImageObject\",\"inLanguage\":\"tr\",\"@id\":\"https:\/\/narteks.net\/#\/schema\/logo\/image\/\",\"url\":\"https:\/\/narteks.net\/wp-content\/uploads\/narteks.png\",\"contentUrl\":\"https:\/\/narteks.net\/wp-content\/uploads\/narteks.png\",\"width\":300,\"height\":90,\"caption\":\"narteks.net\"},\"image\":{\"@id\":\"https:\/\/narteks.net\/#\/schema\/logo\/image\/\"},\"sameAs\":[\"https:\/\/x.com\/narteks\",\"https:\/\/instagram.com\/narteksnet\"]},{\"@type\":\"Person\",\"@id\":\"https:\/\/narteks.net\/#\/schema\/person\/61f37d9834294b72d31d274e7ed79bca\",\"name\":\"Tar\u0131k\",\"image\":{\"@type\":\"ImageObject\",\"inLanguage\":\"tr\",\"@id\":\"https:\/\/narteks.net\/#\/schema\/person\/image\/\",\"url\":\"https:\/\/secure.gravatar.com\/avatar\/50865afb55632c4ae467e0af0930f6510aa2297d8014be502a55b14f3b7550cf?s=96&d=mm&r=g\",\"contentUrl\":\"https:\/\/secure.gravatar.com\/avatar\/50865afb55632c4ae467e0af0930f6510aa2297d8014be502a55b14f3b7550cf?s=96&d=mm&r=g\",\"caption\":\"Tar\u0131k\"},\"sameAs\":[\"http:\/\/narteks.net\"],\"url\":\"https:\/\/narteks.net\/index.php\/author\/narbak\/\"}]}<\/script>\n<!-- \/ Yoast SEO Premium plugin. -->","yoast_head_json":{"title":"KADER ATLASI - narteks.net","robots":{"index":"index","follow":"follow","max-snippet":"max-snippet:-1","max-image-preview":"max-image-preview:large","max-video-preview":"max-video-preview:-1"},"canonical":"https:\/\/narteks.net\/index.php\/2009\/12\/25\/kader-atlasi\/","og_locale":"tr_TR","og_type":"article","og_title":"KADER ATLASI","og_description":"\u00a0 nil\u00fcferler ni\u00e7in suya e\u011filir ve ni\u00e7in kavruk otlar gibi tutu\u015fur o ilk sevdalar s\u00f6yleyin bana ey kitaplar. bana s\u00f6yleyin kim var aram\u0131zda biraz \u00f6lmeden bir t\u00fcrk\u00fc tutturmu\u015f giden. ya k\u0131rm\u0131z\u0131 \u015fapkal\u0131 gelincik, senin i\u00e7in g\u00f6z a\u00e7\u0131p kapay\u0131ncaya yiter \u015fu bahar hemen \u00f6l\u00fcm gelir y\u00fckselince sular. s\u00f6yleyin bana ey kitaplar var m\u0131 kederin atlas\u0131nda tar\u00e7\u0131n [&hellip;]","og_url":"https:\/\/narteks.net\/index.php\/2009\/12\/25\/kader-atlasi\/","og_site_name":"narteks.net","article_published_time":"2009-12-25T19:49:57+00:00","og_image":[{"width":300,"height":90,"url":"https:\/\/narteks.net\/wp-content\/uploads\/narteks.png","type":"image\/png"}],"author":"Tar\u0131k","twitter_card":"summary_large_image","twitter_creator":"@narteks","twitter_site":"@narteks","twitter_misc":{"Yazan:":"Tar\u0131k"},"schema":{"@context":"https:\/\/schema.org","@graph":[{"@type":"Article","@id":"https:\/\/narteks.net\/index.php\/2009\/12\/25\/kader-atlasi\/#article","isPartOf":{"@id":"https:\/\/narteks.net\/index.php\/2009\/12\/25\/kader-atlasi\/"},"author":{"name":"Tar\u0131k","@id":"https:\/\/narteks.net\/#\/schema\/person\/61f37d9834294b72d31d274e7ed79bca"},"headline":"KADER ATLASI","datePublished":"2009-12-25T19:49:57+00:00","mainEntityOfPage":{"@id":"https:\/\/narteks.net\/index.php\/2009\/12\/25\/kader-atlasi\/"},"wordCount":99,"commentCount":0,"publisher":{"@id":"https:\/\/narteks.net\/#organization"},"articleSection":["Beh\u00e7et AYSAN"],"inLanguage":"tr","potentialAction":[{"@type":"CommentAction","name":"Comment","target":["https:\/\/narteks.net\/index.php\/2009\/12\/25\/kader-atlasi\/#respond"]}]},{"@type":"WebPage","@id":"https:\/\/narteks.net\/index.php\/2009\/12\/25\/kader-atlasi\/","url":"https:\/\/narteks.net\/index.php\/2009\/12\/25\/kader-atlasi\/","name":"KADER ATLASI - narteks.net","isPartOf":{"@id":"https:\/\/narteks.net\/#website"},"datePublished":"2009-12-25T19:49:57+00:00","breadcrumb":{"@id":"https:\/\/narteks.net\/index.php\/2009\/12\/25\/kader-atlasi\/#breadcrumb"},"inLanguage":"tr","potentialAction":[{"@type":"ReadAction","target":["https:\/\/narteks.net\/index.php\/2009\/12\/25\/kader-atlasi\/"]}]},{"@type":"BreadcrumbList","@id":"https:\/\/narteks.net\/index.php\/2009\/12\/25\/kader-atlasi\/#breadcrumb","itemListElement":[{"@type":"ListItem","position":1,"name":"Anasayfa","item":"https:\/\/narteks.net\/"},{"@type":"ListItem","position":2,"name":"KADER ATLASI"}]},{"@type":"WebSite","@id":"https:\/\/narteks.net\/#website","url":"https:\/\/narteks.net\/","name":"narteks.net","description":"K\u00fclt\u00fcr Sanat Edebiyat Felsefe","publisher":{"@id":"https:\/\/narteks.net\/#organization"},"alternateName":"K\u00fclt\u00fcr Sanat Edebiyat Felsefe","potentialAction":[{"@type":"SearchAction","target":{"@type":"EntryPoint","urlTemplate":"https:\/\/narteks.net\/?s={search_term_string}"},"query-input":{"@type":"PropertyValueSpecification","valueRequired":true,"valueName":"search_term_string"}}],"inLanguage":"tr"},{"@type":"Organization","@id":"https:\/\/narteks.net\/#organization","name":"narteks.net","url":"https:\/\/narteks.net\/","logo":{"@type":"ImageObject","inLanguage":"tr","@id":"https:\/\/narteks.net\/#\/schema\/logo\/image\/","url":"https:\/\/narteks.net\/wp-content\/uploads\/narteks.png","contentUrl":"https:\/\/narteks.net\/wp-content\/uploads\/narteks.png","width":300,"height":90,"caption":"narteks.net"},"image":{"@id":"https:\/\/narteks.net\/#\/schema\/logo\/image\/"},"sameAs":["https:\/\/x.com\/narteks","https:\/\/instagram.com\/narteksnet"]},{"@type":"Person","@id":"https:\/\/narteks.net\/#\/schema\/person\/61f37d9834294b72d31d274e7ed79bca","name":"Tar\u0131k","image":{"@type":"ImageObject","inLanguage":"tr","@id":"https:\/\/narteks.net\/#\/schema\/person\/image\/","url":"https:\/\/secure.gravatar.com\/avatar\/50865afb55632c4ae467e0af0930f6510aa2297d8014be502a55b14f3b7550cf?s=96&d=mm&r=g","contentUrl":"https:\/\/secure.gravatar.com\/avatar\/50865afb55632c4ae467e0af0930f6510aa2297d8014be502a55b14f3b7550cf?s=96&d=mm&r=g","caption":"Tar\u0131k"},"sameAs":["http:\/\/narteks.net"],"url":"https:\/\/narteks.net\/index.php\/author\/narbak\/"}]}},"_links":{"self":[{"href":"https:\/\/narteks.net\/index.php\/wp-json\/wp\/v2\/posts\/3210","targetHints":{"allow":["GET"]}}],"collection":[{"href":"https:\/\/narteks.net\/index.php\/wp-json\/wp\/v2\/posts"}],"about":[{"href":"https:\/\/narteks.net\/index.php\/wp-json\/wp\/v2\/types\/post"}],"author":[{"embeddable":true,"href":"https:\/\/narteks.net\/index.php\/wp-json\/wp\/v2\/users\/1"}],"replies":[{"embeddable":true,"href":"https:\/\/narteks.net\/index.php\/wp-json\/wp\/v2\/comments?post=3210"}],"version-history":[{"count":0,"href":"https:\/\/narteks.net\/index.php\/wp-json\/wp\/v2\/posts\/3210\/revisions"}],"wp:attachment":[{"href":"https:\/\/narteks.net\/index.php\/wp-json\/wp\/v2\/media?parent=3210"}],"wp:term":[{"taxonomy":"category","embeddable":true,"href":"https:\/\/narteks.net\/index.php\/wp-json\/wp\/v2\/categories?post=3210"},{"taxonomy":"post_tag","embeddable":true,"href":"https:\/\/narteks.net\/index.php\/wp-json\/wp\/v2\/tags?post=3210"}],"curies":[{"name":"wp","href":"https:\/\/api.w.org\/{rel}","templated":true}]}}