{"id":3213,"date":"2009-12-25T22:51:21","date_gmt":"2009-12-25T19:51:21","guid":{"rendered":"http:\/\/localhost\/wordpress\/2009\/12\/25\/karanlikta-nakis-isliyor-kizlar\/"},"modified":"2009-12-25T22:51:21","modified_gmt":"2009-12-25T19:51:21","slug":"karanlikta-nakis-isliyor-kizlar","status":"publish","type":"post","link":"https:\/\/narteks.net\/index.php\/2009\/12\/25\/karanlikta-nakis-isliyor-kizlar\/","title":{"rendered":"KARANLIKTA NAKI\u015e \u0130\u015eL\u0130YOR KIZLAR"},"content":{"rendered":"<p>\u00a0<\/p>\n<p>karanl\u0131kta nak\u0131\u015f i\u015fliyor k\u0131zlar<br \/> k\u0131zlar yasak d\u00fc\u015flerde yaln\u0131zlar<\/p>\n<p> o \u015fakalar\u0131nda sakl\u0131 elmas\u0131 <br \/> b\u00fcy\u00fcten aynalar\u0131nda \u00e7atla\u011f\u0131<\/p>\n<p> yaln\u0131zlar<\/p>\n<p> mor bir ayr\u0131l\u0131\u011fa gazel s\u00f6yleyen<br \/> turuncu bir a\u015fkla lacivert kedere<\/p>\n<p> yaln\u0131zlar<\/p>\n<p> siz de kucaklay\u0131n ya\u011fmurun sesini<br \/> akasyalar da a\u00e7ar bir g\u00fcn gelir<\/p>\n<p> yaln\u0131zlar yaln\u0131zlar<br \/> karanl\u0131kta nak\u0131\u015f i\u015fliyor k\u0131zlar.<\/p>\n","protected":false},"excerpt":{"rendered":"<p>\u00a0 karanl\u0131kta nak\u0131\u015f i\u015fliyor k\u0131zlar k\u0131zlar yasak d\u00fc\u015flerde yaln\u0131zlar o \u015fakalar\u0131nda sakl\u0131 elmas\u0131 b\u00fcy\u00fcten aynalar\u0131nda \u00e7atla\u011f\u0131 yaln\u0131zlar mor bir ayr\u0131l\u0131\u011fa gazel s\u00f6yleyen turuncu bir a\u015fkla lacivert kedere yaln\u0131zlar siz de kucaklay\u0131n ya\u011fmurun sesini akasyalar da a\u00e7ar bir g\u00fcn gelir yaln\u0131zlar yaln\u0131zlar karanl\u0131kta nak\u0131\u015f i\u015fliyor k\u0131zlar.<\/p>\n","protected":false},"author":1,"featured_media":0,"comment_status":"open","ping_status":"open","sticky":false,"template":"","format":"standard","meta":{"footnotes":""},"categories":[108],"tags":[],"class_list":{"0":"post-3213","1":"post","2":"type-post","3":"status-publish","4":"format-standard","6":"category-behcet-aysan"},"yoast_head":"<!-- This site is optimized with the Yoast SEO Premium plugin v24.9 (Yoast SEO v24.9) - https:\/\/yoast.com\/wordpress\/plugins\/seo\/ -->\n<title>KARANLIKTA NAKI\u015e \u0130\u015eL\u0130YOR KIZLAR - narteks.net<\/title>\n<meta name=\"robots\" content=\"index, follow, max-snippet:-1, max-image-preview:large, max-video-preview:-1\" \/>\n<link rel=\"canonical\" href=\"https:\/\/narteks.net\/index.php\/2009\/12\/25\/karanlikta-nakis-isliyor-kizlar\/\" \/>\n<meta property=\"og:locale\" content=\"tr_TR\" \/>\n<meta property=\"og:type\" content=\"article\" \/>\n<meta property=\"og:title\" content=\"KARANLIKTA NAKI\u015e \u0130\u015eL\u0130YOR KIZLAR\" \/>\n<meta property=\"og:description\" content=\"\u00a0 karanl\u0131kta nak\u0131\u015f i\u015fliyor k\u0131zlar k\u0131zlar yasak d\u00fc\u015flerde yaln\u0131zlar o \u015fakalar\u0131nda sakl\u0131 elmas\u0131 b\u00fcy\u00fcten aynalar\u0131nda \u00e7atla\u011f\u0131 yaln\u0131zlar mor bir ayr\u0131l\u0131\u011fa gazel s\u00f6yleyen turuncu bir a\u015fkla lacivert kedere yaln\u0131zlar siz de kucaklay\u0131n ya\u011fmurun sesini akasyalar da a\u00e7ar bir g\u00fcn gelir yaln\u0131zlar yaln\u0131zlar karanl\u0131kta nak\u0131\u015f i\u015fliyor k\u0131zlar.\" \/>\n<meta property=\"og:url\" content=\"https:\/\/narteks.net\/index.php\/2009\/12\/25\/karanlikta-nakis-isliyor-kizlar\/\" \/>\n<meta property=\"og:site_name\" content=\"narteks.net\" \/>\n<meta property=\"article:published_time\" content=\"2009-12-25T19:51:21+00:00\" \/>\n<meta property=\"og:image\" content=\"https:\/\/narteks.net\/wp-content\/uploads\/narteks.png\" \/>\n\t<meta property=\"og:image:width\" content=\"300\" \/>\n\t<meta property=\"og:image:height\" content=\"90\" \/>\n\t<meta property=\"og:image:type\" content=\"image\/png\" \/>\n<meta name=\"author\" content=\"Tar\u0131k\" \/>\n<meta name=\"twitter:card\" content=\"summary_large_image\" \/>\n<meta name=\"twitter:creator\" content=\"@narteks\" \/>\n<meta name=\"twitter:site\" content=\"@narteks\" \/>\n<meta name=\"twitter:label1\" content=\"Yazan:\" \/>\n\t<meta name=\"twitter:data1\" content=\"Tar\u0131k\" \/>\n<script type=\"application\/ld+json\" class=\"yoast-schema-graph\">{\"@context\":\"https:\/\/schema.org\",\"@graph\":[{\"@type\":\"Article\",\"@id\":\"https:\/\/narteks.net\/index.php\/2009\/12\/25\/karanlikta-nakis-isliyor-kizlar\/#article\",\"isPartOf\":{\"@id\":\"https:\/\/narteks.net\/index.php\/2009\/12\/25\/karanlikta-nakis-isliyor-kizlar\/\"},\"author\":{\"name\":\"Tar\u0131k\",\"@id\":\"https:\/\/narteks.net\/#\/schema\/person\/61f37d9834294b72d31d274e7ed79bca\"},\"headline\":\"KARANLIKTA NAKI\u015e \u0130\u015eL\u0130YOR KIZLAR\",\"datePublished\":\"2009-12-25T19:51:21+00:00\",\"mainEntityOfPage\":{\"@id\":\"https:\/\/narteks.net\/index.php\/2009\/12\/25\/karanlikta-nakis-isliyor-kizlar\/\"},\"wordCount\":74,\"commentCount\":0,\"publisher\":{\"@id\":\"https:\/\/narteks.net\/#organization\"},\"articleSection\":[\"Beh\u00e7et AYSAN\"],\"inLanguage\":\"tr\",\"potentialAction\":[{\"@type\":\"CommentAction\",\"name\":\"Comment\",\"target\":[\"https:\/\/narteks.net\/index.php\/2009\/12\/25\/karanlikta-nakis-isliyor-kizlar\/#respond\"]}]},{\"@type\":\"WebPage\",\"@id\":\"https:\/\/narteks.net\/index.php\/2009\/12\/25\/karanlikta-nakis-isliyor-kizlar\/\",\"url\":\"https:\/\/narteks.net\/index.php\/2009\/12\/25\/karanlikta-nakis-isliyor-kizlar\/\",\"name\":\"KARANLIKTA NAKI\u015e \u0130\u015eL\u0130YOR KIZLAR - narteks.net\",\"isPartOf\":{\"@id\":\"https:\/\/narteks.net\/#website\"},\"datePublished\":\"2009-12-25T19:51:21+00:00\",\"breadcrumb\":{\"@id\":\"https:\/\/narteks.net\/index.php\/2009\/12\/25\/karanlikta-nakis-isliyor-kizlar\/#breadcrumb\"},\"inLanguage\":\"tr\",\"potentialAction\":[{\"@type\":\"ReadAction\",\"target\":[\"https:\/\/narteks.net\/index.php\/2009\/12\/25\/karanlikta-nakis-isliyor-kizlar\/\"]}]},{\"@type\":\"BreadcrumbList\",\"@id\":\"https:\/\/narteks.net\/index.php\/2009\/12\/25\/karanlikta-nakis-isliyor-kizlar\/#breadcrumb\",\"itemListElement\":[{\"@type\":\"ListItem\",\"position\":1,\"name\":\"Anasayfa\",\"item\":\"https:\/\/narteks.net\/\"},{\"@type\":\"ListItem\",\"position\":2,\"name\":\"KARANLIKTA NAKI\u015e \u0130\u015eL\u0130YOR KIZLAR\"}]},{\"@type\":\"WebSite\",\"@id\":\"https:\/\/narteks.net\/#website\",\"url\":\"https:\/\/narteks.net\/\",\"name\":\"narteks.net\",\"description\":\"K\u00fclt\u00fcr Sanat Edebiyat Felsefe\",\"publisher\":{\"@id\":\"https:\/\/narteks.net\/#organization\"},\"alternateName\":\"K\u00fclt\u00fcr Sanat Edebiyat Felsefe\",\"potentialAction\":[{\"@type\":\"SearchAction\",\"target\":{\"@type\":\"EntryPoint\",\"urlTemplate\":\"https:\/\/narteks.net\/?s={search_term_string}\"},\"query-input\":{\"@type\":\"PropertyValueSpecification\",\"valueRequired\":true,\"valueName\":\"search_term_string\"}}],\"inLanguage\":\"tr\"},{\"@type\":\"Organization\",\"@id\":\"https:\/\/narteks.net\/#organization\",\"name\":\"narteks.net\",\"url\":\"https:\/\/narteks.net\/\",\"logo\":{\"@type\":\"ImageObject\",\"inLanguage\":\"tr\",\"@id\":\"https:\/\/narteks.net\/#\/schema\/logo\/image\/\",\"url\":\"https:\/\/narteks.net\/wp-content\/uploads\/narteks.png\",\"contentUrl\":\"https:\/\/narteks.net\/wp-content\/uploads\/narteks.png\",\"width\":300,\"height\":90,\"caption\":\"narteks.net\"},\"image\":{\"@id\":\"https:\/\/narteks.net\/#\/schema\/logo\/image\/\"},\"sameAs\":[\"https:\/\/x.com\/narteks\",\"https:\/\/instagram.com\/narteksnet\"]},{\"@type\":\"Person\",\"@id\":\"https:\/\/narteks.net\/#\/schema\/person\/61f37d9834294b72d31d274e7ed79bca\",\"name\":\"Tar\u0131k\",\"image\":{\"@type\":\"ImageObject\",\"inLanguage\":\"tr\",\"@id\":\"https:\/\/narteks.net\/#\/schema\/person\/image\/\",\"url\":\"https:\/\/secure.gravatar.com\/avatar\/50865afb55632c4ae467e0af0930f6510aa2297d8014be502a55b14f3b7550cf?s=96&d=mm&r=g\",\"contentUrl\":\"https:\/\/secure.gravatar.com\/avatar\/50865afb55632c4ae467e0af0930f6510aa2297d8014be502a55b14f3b7550cf?s=96&d=mm&r=g\",\"caption\":\"Tar\u0131k\"},\"sameAs\":[\"http:\/\/narteks.net\"],\"url\":\"https:\/\/narteks.net\/index.php\/author\/narbak\/\"}]}<\/script>\n<!-- \/ Yoast SEO Premium plugin. -->","yoast_head_json":{"title":"KARANLIKTA NAKI\u015e \u0130\u015eL\u0130YOR KIZLAR - narteks.net","robots":{"index":"index","follow":"follow","max-snippet":"max-snippet:-1","max-image-preview":"max-image-preview:large","max-video-preview":"max-video-preview:-1"},"canonical":"https:\/\/narteks.net\/index.php\/2009\/12\/25\/karanlikta-nakis-isliyor-kizlar\/","og_locale":"tr_TR","og_type":"article","og_title":"KARANLIKTA NAKI\u015e \u0130\u015eL\u0130YOR KIZLAR","og_description":"\u00a0 karanl\u0131kta nak\u0131\u015f i\u015fliyor k\u0131zlar k\u0131zlar yasak d\u00fc\u015flerde yaln\u0131zlar o \u015fakalar\u0131nda sakl\u0131 elmas\u0131 b\u00fcy\u00fcten aynalar\u0131nda \u00e7atla\u011f\u0131 yaln\u0131zlar mor bir ayr\u0131l\u0131\u011fa gazel s\u00f6yleyen turuncu bir a\u015fkla lacivert kedere yaln\u0131zlar siz de kucaklay\u0131n ya\u011fmurun sesini akasyalar da a\u00e7ar bir g\u00fcn gelir yaln\u0131zlar yaln\u0131zlar karanl\u0131kta nak\u0131\u015f i\u015fliyor k\u0131zlar.","og_url":"https:\/\/narteks.net\/index.php\/2009\/12\/25\/karanlikta-nakis-isliyor-kizlar\/","og_site_name":"narteks.net","article_published_time":"2009-12-25T19:51:21+00:00","og_image":[{"width":300,"height":90,"url":"https:\/\/narteks.net\/wp-content\/uploads\/narteks.png","type":"image\/png"}],"author":"Tar\u0131k","twitter_card":"summary_large_image","twitter_creator":"@narteks","twitter_site":"@narteks","twitter_misc":{"Yazan:":"Tar\u0131k"},"schema":{"@context":"https:\/\/schema.org","@graph":[{"@type":"Article","@id":"https:\/\/narteks.net\/index.php\/2009\/12\/25\/karanlikta-nakis-isliyor-kizlar\/#article","isPartOf":{"@id":"https:\/\/narteks.net\/index.php\/2009\/12\/25\/karanlikta-nakis-isliyor-kizlar\/"},"author":{"name":"Tar\u0131k","@id":"https:\/\/narteks.net\/#\/schema\/person\/61f37d9834294b72d31d274e7ed79bca"},"headline":"KARANLIKTA NAKI\u015e \u0130\u015eL\u0130YOR KIZLAR","datePublished":"2009-12-25T19:51:21+00:00","mainEntityOfPage":{"@id":"https:\/\/narteks.net\/index.php\/2009\/12\/25\/karanlikta-nakis-isliyor-kizlar\/"},"wordCount":74,"commentCount":0,"publisher":{"@id":"https:\/\/narteks.net\/#organization"},"articleSection":["Beh\u00e7et AYSAN"],"inLanguage":"tr","potentialAction":[{"@type":"CommentAction","name":"Comment","target":["https:\/\/narteks.net\/index.php\/2009\/12\/25\/karanlikta-nakis-isliyor-kizlar\/#respond"]}]},{"@type":"WebPage","@id":"https:\/\/narteks.net\/index.php\/2009\/12\/25\/karanlikta-nakis-isliyor-kizlar\/","url":"https:\/\/narteks.net\/index.php\/2009\/12\/25\/karanlikta-nakis-isliyor-kizlar\/","name":"KARANLIKTA NAKI\u015e \u0130\u015eL\u0130YOR KIZLAR - narteks.net","isPartOf":{"@id":"https:\/\/narteks.net\/#website"},"datePublished":"2009-12-25T19:51:21+00:00","breadcrumb":{"@id":"https:\/\/narteks.net\/index.php\/2009\/12\/25\/karanlikta-nakis-isliyor-kizlar\/#breadcrumb"},"inLanguage":"tr","potentialAction":[{"@type":"ReadAction","target":["https:\/\/narteks.net\/index.php\/2009\/12\/25\/karanlikta-nakis-isliyor-kizlar\/"]}]},{"@type":"BreadcrumbList","@id":"https:\/\/narteks.net\/index.php\/2009\/12\/25\/karanlikta-nakis-isliyor-kizlar\/#breadcrumb","itemListElement":[{"@type":"ListItem","position":1,"name":"Anasayfa","item":"https:\/\/narteks.net\/"},{"@type":"ListItem","position":2,"name":"KARANLIKTA NAKI\u015e \u0130\u015eL\u0130YOR KIZLAR"}]},{"@type":"WebSite","@id":"https:\/\/narteks.net\/#website","url":"https:\/\/narteks.net\/","name":"narteks.net","description":"K\u00fclt\u00fcr Sanat Edebiyat Felsefe","publisher":{"@id":"https:\/\/narteks.net\/#organization"},"alternateName":"K\u00fclt\u00fcr Sanat Edebiyat Felsefe","potentialAction":[{"@type":"SearchAction","target":{"@type":"EntryPoint","urlTemplate":"https:\/\/narteks.net\/?s={search_term_string}"},"query-input":{"@type":"PropertyValueSpecification","valueRequired":true,"valueName":"search_term_string"}}],"inLanguage":"tr"},{"@type":"Organization","@id":"https:\/\/narteks.net\/#organization","name":"narteks.net","url":"https:\/\/narteks.net\/","logo":{"@type":"ImageObject","inLanguage":"tr","@id":"https:\/\/narteks.net\/#\/schema\/logo\/image\/","url":"https:\/\/narteks.net\/wp-content\/uploads\/narteks.png","contentUrl":"https:\/\/narteks.net\/wp-content\/uploads\/narteks.png","width":300,"height":90,"caption":"narteks.net"},"image":{"@id":"https:\/\/narteks.net\/#\/schema\/logo\/image\/"},"sameAs":["https:\/\/x.com\/narteks","https:\/\/instagram.com\/narteksnet"]},{"@type":"Person","@id":"https:\/\/narteks.net\/#\/schema\/person\/61f37d9834294b72d31d274e7ed79bca","name":"Tar\u0131k","image":{"@type":"ImageObject","inLanguage":"tr","@id":"https:\/\/narteks.net\/#\/schema\/person\/image\/","url":"https:\/\/secure.gravatar.com\/avatar\/50865afb55632c4ae467e0af0930f6510aa2297d8014be502a55b14f3b7550cf?s=96&d=mm&r=g","contentUrl":"https:\/\/secure.gravatar.com\/avatar\/50865afb55632c4ae467e0af0930f6510aa2297d8014be502a55b14f3b7550cf?s=96&d=mm&r=g","caption":"Tar\u0131k"},"sameAs":["http:\/\/narteks.net"],"url":"https:\/\/narteks.net\/index.php\/author\/narbak\/"}]}},"_links":{"self":[{"href":"https:\/\/narteks.net\/index.php\/wp-json\/wp\/v2\/posts\/3213","targetHints":{"allow":["GET"]}}],"collection":[{"href":"https:\/\/narteks.net\/index.php\/wp-json\/wp\/v2\/posts"}],"about":[{"href":"https:\/\/narteks.net\/index.php\/wp-json\/wp\/v2\/types\/post"}],"author":[{"embeddable":true,"href":"https:\/\/narteks.net\/index.php\/wp-json\/wp\/v2\/users\/1"}],"replies":[{"embeddable":true,"href":"https:\/\/narteks.net\/index.php\/wp-json\/wp\/v2\/comments?post=3213"}],"version-history":[{"count":0,"href":"https:\/\/narteks.net\/index.php\/wp-json\/wp\/v2\/posts\/3213\/revisions"}],"wp:attachment":[{"href":"https:\/\/narteks.net\/index.php\/wp-json\/wp\/v2\/media?parent=3213"}],"wp:term":[{"taxonomy":"category","embeddable":true,"href":"https:\/\/narteks.net\/index.php\/wp-json\/wp\/v2\/categories?post=3213"},{"taxonomy":"post_tag","embeddable":true,"href":"https:\/\/narteks.net\/index.php\/wp-json\/wp\/v2\/tags?post=3213"}],"curies":[{"name":"wp","href":"https:\/\/api.w.org\/{rel}","templated":true}]}}