{"id":3230,"date":"2009-12-26T10:43:37","date_gmt":"2009-12-26T07:43:37","guid":{"rendered":"http:\/\/localhost\/wordpress\/2009\/12\/26\/cahit-sitki-taranci-biyografisi\/"},"modified":"2009-12-26T10:43:37","modified_gmt":"2009-12-26T07:43:37","slug":"cahit-sitki-taranci-biyografisi","status":"publish","type":"post","link":"https:\/\/narteks.net\/index.php\/2009\/12\/26\/cahit-sitki-taranci-biyografisi\/","title":{"rendered":"Cahit S\u0131tk\u0131 TARANCI Biyografisi"},"content":{"rendered":"<p><img loading=\"lazy\" decoding=\"async\" src=\"http:\/\/uzerine.com\/domain\/images\/content\/cahitsitkitaranci\/csitkistaranci.gif\" width=\"155\" height=\"205\" border=\"0\" \/><\/p>\n<p style=\"text-align: justify;\">Cahit S\u0131tk\u0131 Taranc\u0131 As\u0131l ad\u0131 H\u00fcseyin Cahit (d. 2 Ekim 1910, Diyarbak\u0131r-\u00f6. 13 Ekim 1956, Viyana)<\/p>\n<p style=\"text-align: justify;\">2.Ekim.1910 y\u0131l\u0131nda Suri\u00e7i Cami Kebir Mahallesi 3 nolu evde d\u00fcnyaya gelen Cahit S\u0131tk\u0131 Taranc\u0131&#8217;n\u0131n \u00e7ocukluk ve gen\u00e7lik y\u0131llar\u0131n\u0131n bir b\u00f6l\u00fcm\u00fc bu tarihi evde ge\u00e7mi\u015ftir.Cahit S\u0131tk\u0131 Taranc\u0131 Diyarbak\u0131r&#8217;\u0131n soylu ailelerinden olan Pirin\u00e7cizadelerdendir. 2 Ekim 1910 y\u0131l\u0131nda d\u00fcnyaya gelen Taranc\u0131&#8217;n\u0131n Babas\u0131 Bekir S\u0131tk\u0131, annesi Arife han\u0131md\u0131r. \u0130lk tahsilini Diyarbak\u0131r&#8217;da tamamlad\u0131. Daha sonra Orta \u00f6\u011frenimi i\u00e7in \u0130stanbul&#8217;a g\u00f6nderilerek, Kad\u0131k\u00f6y Frans\u0131z Saint Joseph Lisesi&#8217;ne yaz\u0131ld\u0131.Burada d\u00f6rt y\u0131l okuduktan sonra Galatasaray Lisesinde tamamlad\u0131 (1931).Sonra Istanbul&#8217;da M\u00fclkiye Mektebi&#8217;nde (1931-1935) ve Y\u00fcksek Ticaret Okulu&#8217;nda okudu. Y\u00fcksek \u00f6\u011frenimini tamamlamak i\u00e7in Paris&#8217;te Sciences Politiques&#8217;te s\u00fcrd\u00fcrd\u00fc (1938-1940). \u00d6\u011frenimi sirasinda Paris Radyosu&#8217;nda T\u00fcrk\u00e7e yayinlar spikerligi yapti.<\/p>\n<p>2. D\u00fcnya sava\u015f\u0131 nedeniyle T\u00fcrkiyeye d\u00f6nd\u00fc.1944 yilindan baslayarak Ankara&#8217;da Anadolu Ajansi, Toprak Mahsulleri Ofisi ve \u00c7alisma Bakanligi&#8217;nda \u00e7evirmen olarak \u00e7alisti. 1951 de Cavidan T\u0131naz&#8217;la evlenir.1954&#8217;te a\u011f\u0131r bir hastal\u0131\u011fa yakaland\u0131 fel\u00e7 ge\u00e7irdi. T\u00fcrkiye&#8217;de tedavisi sonu\u00e7 vermeyince Viyana&#8217;ya g\u00f6t\u00fcr\u00fcld\u00fc. 13 Ekim 1956&#8217;da orada bir hastanede \u00f6ld\u00fc. Ankara&#8217;da topra\u011fa verildi.<br \/>&#8216;Sanat i\u00e7in sanat&#8217; ilkesine ba\u011fl\u0131 kald\u0131. Ona g\u00f6re \u015fiir, kelimelerle g\u00fczel \u015fekiller kurma sanat\u0131d\u0131r. Vezin ve kafiyeden kopmam\u0131\u015f; ama \u00f6l\u00e7\u00fcl\u00fc veya serbest, her t\u00fcrl\u00fc \u015fiirin g\u00fczel olabilece\u011fi inanc\u0131n\u0131 ta\u015f\u0131m\u0131\u015ft\u0131r. A\u00e7\u0131k ve sade bir \u00fcslubu vard\u0131r. \u00c7o\u011fu ger\u00e7e\u011fe ba\u011fl\u0131 olan mecazlar\u0131, derin, kar\u0131\u015f\u0131k ve \u015fa\u015f\u0131rt\u0131c\u0131 de\u011fildir. Uzak \u00e7a\u011fr\u0131\u015f\u0131mlara ve hayal oyunlar\u0131na pek itibar etmemi\u015ftir. Zaman zaman baz\u0131 imaj ve sembollere ba\u015fvurmu\u015ftur.<\/p>\n<p>\u015eiirlerinde en \u00e7ok ya\u015fama sevinci ve \u00f6l\u00fcm temalar\u0131na yer vermi\u015f, nedense hep \u00f6l\u00fcm\u00fcn \u00fcst\u00fcne gitmi\u015ftir. Ayr\u0131ca yitik a\u015fklar, mutlu sevdalar, yaln\u0131zl\u0131k, ya\u015fad\u0131\u011f\u0131 bohem hayat\u0131n burukluklar\u0131, \u00e7ocukluk \u00f6zlemi de \u015fiirlerine konu olmu\u015ftur. Fransiz sairlerinden, \u00f6zellikle Baudelaire ve Verlaine&#8217;den etkilenmistir.<\/p>\n<p>\u015eairin \u00f6nemli kitaplar\u0131 aras\u0131nda &#8220;Otuzbe\u015f Ya\u015f&#8221;, &#8220;\u00d6mr\u00fcmde S\u00fckut&#8221;, &#8220;D\u00fc\u015ften G\u00fczel&#8221; ve &#8220;Ziya&#8217;ya Mektuplar&#8221; say\u0131labilir.<\/p>\n<p>1946 Cumhuriyet Halk Partisi \u015eiir Yar\u0131\u015fmas\u0131nda \u00f6d\u00fcl ald\u0131.<\/p>\n","protected":false},"excerpt":{"rendered":"<p>Cahit S\u0131tk\u0131 Taranc\u0131 As\u0131l ad\u0131 H\u00fcseyin Cahit (d. 2 Ekim 1910, Diyarbak\u0131r-\u00f6. 13 Ekim 1956, Viyana) 2.Ekim.1910 y\u0131l\u0131nda Suri\u00e7i Cami Kebir Mahallesi 3 nolu evde d\u00fcnyaya gelen Cahit S\u0131tk\u0131 Taranc\u0131&#8217;n\u0131n \u00e7ocukluk ve gen\u00e7lik y\u0131llar\u0131n\u0131n bir b\u00f6l\u00fcm\u00fc bu tarihi evde ge\u00e7mi\u015ftir.Cahit S\u0131tk\u0131 Taranc\u0131 Diyarbak\u0131r&#8217;\u0131n soylu ailelerinden olan Pirin\u00e7cizadelerdendir. 2 Ekim 1910 y\u0131l\u0131nda d\u00fcnyaya gelen Taranc\u0131&#8217;n\u0131n Babas\u0131 [&hellip;]<\/p>\n","protected":false},"author":1,"featured_media":0,"comment_status":"open","ping_status":"open","sticky":false,"template":"","format":"standard","meta":{"footnotes":""},"categories":[109],"tags":[],"class_list":{"0":"post-3230","1":"post","2":"type-post","3":"status-publish","4":"format-standard","6":"category-cahit-sitki-taranci"},"yoast_head":"<!-- This site is optimized with the Yoast SEO Premium plugin v24.9 (Yoast SEO v24.9) - https:\/\/yoast.com\/wordpress\/plugins\/seo\/ -->\n<title>Cahit S\u0131tk\u0131 TARANCI Biyografisi - narteks.net<\/title>\n<meta name=\"robots\" content=\"index, follow, max-snippet:-1, max-image-preview:large, max-video-preview:-1\" \/>\n<link rel=\"canonical\" href=\"https:\/\/narteks.net\/index.php\/2009\/12\/26\/cahit-sitki-taranci-biyografisi\/\" \/>\n<meta property=\"og:locale\" content=\"tr_TR\" \/>\n<meta property=\"og:type\" content=\"article\" \/>\n<meta property=\"og:title\" content=\"Cahit S\u0131tk\u0131 TARANCI Biyografisi\" \/>\n<meta property=\"og:description\" content=\"Cahit S\u0131tk\u0131 Taranc\u0131 As\u0131l ad\u0131 H\u00fcseyin Cahit (d. 2 Ekim 1910, Diyarbak\u0131r-\u00f6. 13 Ekim 1956, Viyana) 2.Ekim.1910 y\u0131l\u0131nda Suri\u00e7i Cami Kebir Mahallesi 3 nolu evde d\u00fcnyaya gelen Cahit S\u0131tk\u0131 Taranc\u0131&#8217;n\u0131n \u00e7ocukluk ve gen\u00e7lik y\u0131llar\u0131n\u0131n bir b\u00f6l\u00fcm\u00fc bu tarihi evde ge\u00e7mi\u015ftir.Cahit S\u0131tk\u0131 Taranc\u0131 Diyarbak\u0131r&#8217;\u0131n soylu ailelerinden olan Pirin\u00e7cizadelerdendir. 2 Ekim 1910 y\u0131l\u0131nda d\u00fcnyaya gelen Taranc\u0131&#8217;n\u0131n Babas\u0131 [&hellip;]\" \/>\n<meta property=\"og:url\" content=\"https:\/\/narteks.net\/index.php\/2009\/12\/26\/cahit-sitki-taranci-biyografisi\/\" \/>\n<meta property=\"og:site_name\" content=\"narteks.net\" \/>\n<meta property=\"article:published_time\" content=\"2009-12-26T07:43:37+00:00\" \/>\n<meta property=\"og:image\" content=\"http:\/\/uzerine.com\/domain\/images\/content\/cahitsitkitaranci\/csitkistaranci.gif\" \/>\n<meta name=\"author\" content=\"Tar\u0131k\" \/>\n<meta name=\"twitter:card\" content=\"summary_large_image\" \/>\n<meta name=\"twitter:creator\" content=\"@narteks\" \/>\n<meta name=\"twitter:site\" content=\"@narteks\" \/>\n<meta name=\"twitter:label1\" content=\"Yazan:\" \/>\n\t<meta name=\"twitter:data1\" content=\"Tar\u0131k\" \/>\n\t<meta name=\"twitter:label2\" content=\"Tahmini okuma s\u00fcresi\" \/>\n\t<meta name=\"twitter:data2\" content=\"2 dakika\" \/>\n<script type=\"application\/ld+json\" class=\"yoast-schema-graph\">{\"@context\":\"https:\/\/schema.org\",\"@graph\":[{\"@type\":\"Article\",\"@id\":\"https:\/\/narteks.net\/index.php\/2009\/12\/26\/cahit-sitki-taranci-biyografisi\/#article\",\"isPartOf\":{\"@id\":\"https:\/\/narteks.net\/index.php\/2009\/12\/26\/cahit-sitki-taranci-biyografisi\/\"},\"author\":{\"name\":\"Tar\u0131k\",\"@id\":\"https:\/\/narteks.net\/#\/schema\/person\/61f37d9834294b72d31d274e7ed79bca\"},\"headline\":\"Cahit S\u0131tk\u0131 TARANCI Biyografisi\",\"datePublished\":\"2009-12-26T07:43:37+00:00\",\"mainEntityOfPage\":{\"@id\":\"https:\/\/narteks.net\/index.php\/2009\/12\/26\/cahit-sitki-taranci-biyografisi\/\"},\"wordCount\":388,\"commentCount\":0,\"publisher\":{\"@id\":\"https:\/\/narteks.net\/#organization\"},\"image\":{\"@id\":\"https:\/\/narteks.net\/index.php\/2009\/12\/26\/cahit-sitki-taranci-biyografisi\/#primaryimage\"},\"thumbnailUrl\":\"http:\/\/uzerine.com\/domain\/images\/content\/cahitsitkitaranci\/csitkistaranci.gif\",\"articleSection\":[\"Cahit S\u0131tk\u0131 TARANCI\"],\"inLanguage\":\"tr\",\"potentialAction\":[{\"@type\":\"CommentAction\",\"name\":\"Comment\",\"target\":[\"https:\/\/narteks.net\/index.php\/2009\/12\/26\/cahit-sitki-taranci-biyografisi\/#respond\"]}]},{\"@type\":\"WebPage\",\"@id\":\"https:\/\/narteks.net\/index.php\/2009\/12\/26\/cahit-sitki-taranci-biyografisi\/\",\"url\":\"https:\/\/narteks.net\/index.php\/2009\/12\/26\/cahit-sitki-taranci-biyografisi\/\",\"name\":\"Cahit S\u0131tk\u0131 TARANCI Biyografisi - narteks.net\",\"isPartOf\":{\"@id\":\"https:\/\/narteks.net\/#website\"},\"primaryImageOfPage\":{\"@id\":\"https:\/\/narteks.net\/index.php\/2009\/12\/26\/cahit-sitki-taranci-biyografisi\/#primaryimage\"},\"image\":{\"@id\":\"https:\/\/narteks.net\/index.php\/2009\/12\/26\/cahit-sitki-taranci-biyografisi\/#primaryimage\"},\"thumbnailUrl\":\"http:\/\/uzerine.com\/domain\/images\/content\/cahitsitkitaranci\/csitkistaranci.gif\",\"datePublished\":\"2009-12-26T07:43:37+00:00\",\"breadcrumb\":{\"@id\":\"https:\/\/narteks.net\/index.php\/2009\/12\/26\/cahit-sitki-taranci-biyografisi\/#breadcrumb\"},\"inLanguage\":\"tr\",\"potentialAction\":[{\"@type\":\"ReadAction\",\"target\":[\"https:\/\/narteks.net\/index.php\/2009\/12\/26\/cahit-sitki-taranci-biyografisi\/\"]}]},{\"@type\":\"ImageObject\",\"inLanguage\":\"tr\",\"@id\":\"https:\/\/narteks.net\/index.php\/2009\/12\/26\/cahit-sitki-taranci-biyografisi\/#primaryimage\",\"url\":\"http:\/\/uzerine.com\/domain\/images\/content\/cahitsitkitaranci\/csitkistaranci.gif\",\"contentUrl\":\"http:\/\/uzerine.com\/domain\/images\/content\/cahitsitkitaranci\/csitkistaranci.gif\"},{\"@type\":\"BreadcrumbList\",\"@id\":\"https:\/\/narteks.net\/index.php\/2009\/12\/26\/cahit-sitki-taranci-biyografisi\/#breadcrumb\",\"itemListElement\":[{\"@type\":\"ListItem\",\"position\":1,\"name\":\"Anasayfa\",\"item\":\"https:\/\/narteks.net\/\"},{\"@type\":\"ListItem\",\"position\":2,\"name\":\"Cahit S\u0131tk\u0131 TARANCI Biyografisi\"}]},{\"@type\":\"WebSite\",\"@id\":\"https:\/\/narteks.net\/#website\",\"url\":\"https:\/\/narteks.net\/\",\"name\":\"narteks.net\",\"description\":\"K\u00fclt\u00fcr Sanat Edebiyat Felsefe\",\"publisher\":{\"@id\":\"https:\/\/narteks.net\/#organization\"},\"alternateName\":\"K\u00fclt\u00fcr Sanat Edebiyat Felsefe\",\"potentialAction\":[{\"@type\":\"SearchAction\",\"target\":{\"@type\":\"EntryPoint\",\"urlTemplate\":\"https:\/\/narteks.net\/?s={search_term_string}\"},\"query-input\":{\"@type\":\"PropertyValueSpecification\",\"valueRequired\":true,\"valueName\":\"search_term_string\"}}],\"inLanguage\":\"tr\"},{\"@type\":\"Organization\",\"@id\":\"https:\/\/narteks.net\/#organization\",\"name\":\"narteks.net\",\"url\":\"https:\/\/narteks.net\/\",\"logo\":{\"@type\":\"ImageObject\",\"inLanguage\":\"tr\",\"@id\":\"https:\/\/narteks.net\/#\/schema\/logo\/image\/\",\"url\":\"https:\/\/narteks.net\/wp-content\/uploads\/narteks.png\",\"contentUrl\":\"https:\/\/narteks.net\/wp-content\/uploads\/narteks.png\",\"width\":300,\"height\":90,\"caption\":\"narteks.net\"},\"image\":{\"@id\":\"https:\/\/narteks.net\/#\/schema\/logo\/image\/\"},\"sameAs\":[\"https:\/\/x.com\/narteks\",\"https:\/\/instagram.com\/narteksnet\"]},{\"@type\":\"Person\",\"@id\":\"https:\/\/narteks.net\/#\/schema\/person\/61f37d9834294b72d31d274e7ed79bca\",\"name\":\"Tar\u0131k\",\"image\":{\"@type\":\"ImageObject\",\"inLanguage\":\"tr\",\"@id\":\"https:\/\/narteks.net\/#\/schema\/person\/image\/\",\"url\":\"https:\/\/secure.gravatar.com\/avatar\/50865afb55632c4ae467e0af0930f6510aa2297d8014be502a55b14f3b7550cf?s=96&d=mm&r=g\",\"contentUrl\":\"https:\/\/secure.gravatar.com\/avatar\/50865afb55632c4ae467e0af0930f6510aa2297d8014be502a55b14f3b7550cf?s=96&d=mm&r=g\",\"caption\":\"Tar\u0131k\"},\"sameAs\":[\"http:\/\/narteks.net\"],\"url\":\"https:\/\/narteks.net\/index.php\/author\/narbak\/\"}]}<\/script>\n<!-- \/ Yoast SEO Premium plugin. -->","yoast_head_json":{"title":"Cahit S\u0131tk\u0131 TARANCI Biyografisi - narteks.net","robots":{"index":"index","follow":"follow","max-snippet":"max-snippet:-1","max-image-preview":"max-image-preview:large","max-video-preview":"max-video-preview:-1"},"canonical":"https:\/\/narteks.net\/index.php\/2009\/12\/26\/cahit-sitki-taranci-biyografisi\/","og_locale":"tr_TR","og_type":"article","og_title":"Cahit S\u0131tk\u0131 TARANCI Biyografisi","og_description":"Cahit S\u0131tk\u0131 Taranc\u0131 As\u0131l ad\u0131 H\u00fcseyin Cahit (d. 2 Ekim 1910, Diyarbak\u0131r-\u00f6. 13 Ekim 1956, Viyana) 2.Ekim.1910 y\u0131l\u0131nda Suri\u00e7i Cami Kebir Mahallesi 3 nolu evde d\u00fcnyaya gelen Cahit S\u0131tk\u0131 Taranc\u0131&#8217;n\u0131n \u00e7ocukluk ve gen\u00e7lik y\u0131llar\u0131n\u0131n bir b\u00f6l\u00fcm\u00fc bu tarihi evde ge\u00e7mi\u015ftir.Cahit S\u0131tk\u0131 Taranc\u0131 Diyarbak\u0131r&#8217;\u0131n soylu ailelerinden olan Pirin\u00e7cizadelerdendir. 2 Ekim 1910 y\u0131l\u0131nda d\u00fcnyaya gelen Taranc\u0131&#8217;n\u0131n Babas\u0131 [&hellip;]","og_url":"https:\/\/narteks.net\/index.php\/2009\/12\/26\/cahit-sitki-taranci-biyografisi\/","og_site_name":"narteks.net","article_published_time":"2009-12-26T07:43:37+00:00","og_image":[{"url":"http:\/\/uzerine.com\/domain\/images\/content\/cahitsitkitaranci\/csitkistaranci.gif","type":"","width":"","height":""}],"author":"Tar\u0131k","twitter_card":"summary_large_image","twitter_creator":"@narteks","twitter_site":"@narteks","twitter_misc":{"Yazan:":"Tar\u0131k","Tahmini okuma s\u00fcresi":"2 dakika"},"schema":{"@context":"https:\/\/schema.org","@graph":[{"@type":"Article","@id":"https:\/\/narteks.net\/index.php\/2009\/12\/26\/cahit-sitki-taranci-biyografisi\/#article","isPartOf":{"@id":"https:\/\/narteks.net\/index.php\/2009\/12\/26\/cahit-sitki-taranci-biyografisi\/"},"author":{"name":"Tar\u0131k","@id":"https:\/\/narteks.net\/#\/schema\/person\/61f37d9834294b72d31d274e7ed79bca"},"headline":"Cahit S\u0131tk\u0131 TARANCI Biyografisi","datePublished":"2009-12-26T07:43:37+00:00","mainEntityOfPage":{"@id":"https:\/\/narteks.net\/index.php\/2009\/12\/26\/cahit-sitki-taranci-biyografisi\/"},"wordCount":388,"commentCount":0,"publisher":{"@id":"https:\/\/narteks.net\/#organization"},"image":{"@id":"https:\/\/narteks.net\/index.php\/2009\/12\/26\/cahit-sitki-taranci-biyografisi\/#primaryimage"},"thumbnailUrl":"http:\/\/uzerine.com\/domain\/images\/content\/cahitsitkitaranci\/csitkistaranci.gif","articleSection":["Cahit S\u0131tk\u0131 TARANCI"],"inLanguage":"tr","potentialAction":[{"@type":"CommentAction","name":"Comment","target":["https:\/\/narteks.net\/index.php\/2009\/12\/26\/cahit-sitki-taranci-biyografisi\/#respond"]}]},{"@type":"WebPage","@id":"https:\/\/narteks.net\/index.php\/2009\/12\/26\/cahit-sitki-taranci-biyografisi\/","url":"https:\/\/narteks.net\/index.php\/2009\/12\/26\/cahit-sitki-taranci-biyografisi\/","name":"Cahit S\u0131tk\u0131 TARANCI Biyografisi - narteks.net","isPartOf":{"@id":"https:\/\/narteks.net\/#website"},"primaryImageOfPage":{"@id":"https:\/\/narteks.net\/index.php\/2009\/12\/26\/cahit-sitki-taranci-biyografisi\/#primaryimage"},"image":{"@id":"https:\/\/narteks.net\/index.php\/2009\/12\/26\/cahit-sitki-taranci-biyografisi\/#primaryimage"},"thumbnailUrl":"http:\/\/uzerine.com\/domain\/images\/content\/cahitsitkitaranci\/csitkistaranci.gif","datePublished":"2009-12-26T07:43:37+00:00","breadcrumb":{"@id":"https:\/\/narteks.net\/index.php\/2009\/12\/26\/cahit-sitki-taranci-biyografisi\/#breadcrumb"},"inLanguage":"tr","potentialAction":[{"@type":"ReadAction","target":["https:\/\/narteks.net\/index.php\/2009\/12\/26\/cahit-sitki-taranci-biyografisi\/"]}]},{"@type":"ImageObject","inLanguage":"tr","@id":"https:\/\/narteks.net\/index.php\/2009\/12\/26\/cahit-sitki-taranci-biyografisi\/#primaryimage","url":"http:\/\/uzerine.com\/domain\/images\/content\/cahitsitkitaranci\/csitkistaranci.gif","contentUrl":"http:\/\/uzerine.com\/domain\/images\/content\/cahitsitkitaranci\/csitkistaranci.gif"},{"@type":"BreadcrumbList","@id":"https:\/\/narteks.net\/index.php\/2009\/12\/26\/cahit-sitki-taranci-biyografisi\/#breadcrumb","itemListElement":[{"@type":"ListItem","position":1,"name":"Anasayfa","item":"https:\/\/narteks.net\/"},{"@type":"ListItem","position":2,"name":"Cahit S\u0131tk\u0131 TARANCI Biyografisi"}]},{"@type":"WebSite","@id":"https:\/\/narteks.net\/#website","url":"https:\/\/narteks.net\/","name":"narteks.net","description":"K\u00fclt\u00fcr Sanat Edebiyat Felsefe","publisher":{"@id":"https:\/\/narteks.net\/#organization"},"alternateName":"K\u00fclt\u00fcr Sanat Edebiyat Felsefe","potentialAction":[{"@type":"SearchAction","target":{"@type":"EntryPoint","urlTemplate":"https:\/\/narteks.net\/?s={search_term_string}"},"query-input":{"@type":"PropertyValueSpecification","valueRequired":true,"valueName":"search_term_string"}}],"inLanguage":"tr"},{"@type":"Organization","@id":"https:\/\/narteks.net\/#organization","name":"narteks.net","url":"https:\/\/narteks.net\/","logo":{"@type":"ImageObject","inLanguage":"tr","@id":"https:\/\/narteks.net\/#\/schema\/logo\/image\/","url":"https:\/\/narteks.net\/wp-content\/uploads\/narteks.png","contentUrl":"https:\/\/narteks.net\/wp-content\/uploads\/narteks.png","width":300,"height":90,"caption":"narteks.net"},"image":{"@id":"https:\/\/narteks.net\/#\/schema\/logo\/image\/"},"sameAs":["https:\/\/x.com\/narteks","https:\/\/instagram.com\/narteksnet"]},{"@type":"Person","@id":"https:\/\/narteks.net\/#\/schema\/person\/61f37d9834294b72d31d274e7ed79bca","name":"Tar\u0131k","image":{"@type":"ImageObject","inLanguage":"tr","@id":"https:\/\/narteks.net\/#\/schema\/person\/image\/","url":"https:\/\/secure.gravatar.com\/avatar\/50865afb55632c4ae467e0af0930f6510aa2297d8014be502a55b14f3b7550cf?s=96&d=mm&r=g","contentUrl":"https:\/\/secure.gravatar.com\/avatar\/50865afb55632c4ae467e0af0930f6510aa2297d8014be502a55b14f3b7550cf?s=96&d=mm&r=g","caption":"Tar\u0131k"},"sameAs":["http:\/\/narteks.net"],"url":"https:\/\/narteks.net\/index.php\/author\/narbak\/"}]}},"_links":{"self":[{"href":"https:\/\/narteks.net\/index.php\/wp-json\/wp\/v2\/posts\/3230","targetHints":{"allow":["GET"]}}],"collection":[{"href":"https:\/\/narteks.net\/index.php\/wp-json\/wp\/v2\/posts"}],"about":[{"href":"https:\/\/narteks.net\/index.php\/wp-json\/wp\/v2\/types\/post"}],"author":[{"embeddable":true,"href":"https:\/\/narteks.net\/index.php\/wp-json\/wp\/v2\/users\/1"}],"replies":[{"embeddable":true,"href":"https:\/\/narteks.net\/index.php\/wp-json\/wp\/v2\/comments?post=3230"}],"version-history":[{"count":0,"href":"https:\/\/narteks.net\/index.php\/wp-json\/wp\/v2\/posts\/3230\/revisions"}],"wp:attachment":[{"href":"https:\/\/narteks.net\/index.php\/wp-json\/wp\/v2\/media?parent=3230"}],"wp:term":[{"taxonomy":"category","embeddable":true,"href":"https:\/\/narteks.net\/index.php\/wp-json\/wp\/v2\/categories?post=3230"},{"taxonomy":"post_tag","embeddable":true,"href":"https:\/\/narteks.net\/index.php\/wp-json\/wp\/v2\/tags?post=3230"}],"curies":[{"name":"wp","href":"https:\/\/api.w.org\/{rel}","templated":true}]}}