{"id":3239,"date":"2009-12-26T10:48:47","date_gmt":"2009-12-26T07:48:47","guid":{"rendered":"http:\/\/localhost\/wordpress\/2009\/12\/26\/bahar-yeli\/"},"modified":"2009-12-26T10:48:47","modified_gmt":"2009-12-26T07:48:47","slug":"bahar-yeli","status":"publish","type":"post","link":"https:\/\/narteks.net\/index.php\/2009\/12\/26\/bahar-yeli\/","title":{"rendered":"BAHAR YEL\u0130"},"content":{"rendered":"<p>\u00a0<\/p>\n<p>Nihayet damlarda leylekler g\u00f6r\u00fcnd\u00fc <br \/> Upuzun gagalar\u0131n\u0131 tak\u0131rdatan <br \/> Vefas\u0131z sand\u0131\u011f\u0131m\u0131z turnalar d\u00f6nd\u00fc <br \/> Ge\u00e7en y\u0131l gittikleri me\u00e7hul diyardan <\/p>\n<p> \u00c7i\u00e7ek a\u00e7m\u0131\u015f a\u011fa\u00e7lara bak ne g\u00fczel <br \/> Gel bizim olsun ser\u00e7elerin ne\u015fesi <br \/> Gel seninle k\u0131rlara a\u00e7\u0131lal\u0131m gel <br \/> Neler vadetmiyor akar suyun sesi <\/p>\n<p> \u015eu ye\u015filli\u011fin ta sonuna gideriz <br \/> Ne oldu\u011fumuzu unutuncaya dek <br \/> \u0130stersen havadan sudan bahsederiz <br \/> Yaln\u0131z ad\u0131mlar\u0131m\u0131zla sevi\u015ferek <\/p>\n<p> Uzamaya ba\u015flad\u0131 g\u00fcnler sahiden <br \/> G\u00fcne\u015fin batmak istemedi\u011fi belli <br \/> Ete\u011fini havaland\u0131rarak esen <br \/> K\u0131\u015f boyunca d\u00fc\u015f\u00fcnd\u00fc\u011f\u00fcm bahar yeli<\/p>\n","protected":false},"excerpt":{"rendered":"<p>\u00a0 Nihayet damlarda leylekler g\u00f6r\u00fcnd\u00fc Upuzun gagalar\u0131n\u0131 tak\u0131rdatan Vefas\u0131z sand\u0131\u011f\u0131m\u0131z turnalar d\u00f6nd\u00fc Ge\u00e7en y\u0131l gittikleri me\u00e7hul diyardan \u00c7i\u00e7ek a\u00e7m\u0131\u015f a\u011fa\u00e7lara bak ne g\u00fczel Gel bizim olsun ser\u00e7elerin ne\u015fesi Gel seninle k\u0131rlara a\u00e7\u0131lal\u0131m gel Neler vadetmiyor akar suyun sesi \u015eu ye\u015filli\u011fin ta sonuna gideriz Ne oldu\u011fumuzu unutuncaya dek \u0130stersen havadan sudan bahsederiz Yaln\u0131z ad\u0131mlar\u0131m\u0131zla sevi\u015ferek Uzamaya [&hellip;]<\/p>\n","protected":false},"author":1,"featured_media":0,"comment_status":"open","ping_status":"open","sticky":false,"template":"","format":"standard","meta":{"footnotes":""},"categories":[109],"tags":[],"class_list":{"0":"post-3239","1":"post","2":"type-post","3":"status-publish","4":"format-standard","6":"category-cahit-sitki-taranci"},"yoast_head":"<!-- This site is optimized with the Yoast SEO Premium plugin v24.9 (Yoast SEO v24.9) - https:\/\/yoast.com\/wordpress\/plugins\/seo\/ -->\n<title>BAHAR YEL\u0130 - narteks.net<\/title>\n<meta name=\"robots\" content=\"index, follow, max-snippet:-1, max-image-preview:large, max-video-preview:-1\" \/>\n<link rel=\"canonical\" href=\"https:\/\/narteks.net\/index.php\/2009\/12\/26\/bahar-yeli\/\" \/>\n<meta property=\"og:locale\" content=\"tr_TR\" \/>\n<meta property=\"og:type\" content=\"article\" \/>\n<meta property=\"og:title\" content=\"BAHAR YEL\u0130\" \/>\n<meta property=\"og:description\" content=\"\u00a0 Nihayet damlarda leylekler g\u00f6r\u00fcnd\u00fc Upuzun gagalar\u0131n\u0131 tak\u0131rdatan Vefas\u0131z sand\u0131\u011f\u0131m\u0131z turnalar d\u00f6nd\u00fc Ge\u00e7en y\u0131l gittikleri me\u00e7hul diyardan \u00c7i\u00e7ek a\u00e7m\u0131\u015f a\u011fa\u00e7lara bak ne g\u00fczel Gel bizim olsun ser\u00e7elerin ne\u015fesi Gel seninle k\u0131rlara a\u00e7\u0131lal\u0131m gel Neler vadetmiyor akar suyun sesi \u015eu ye\u015filli\u011fin ta sonuna gideriz Ne oldu\u011fumuzu unutuncaya dek \u0130stersen havadan sudan bahsederiz Yaln\u0131z ad\u0131mlar\u0131m\u0131zla sevi\u015ferek Uzamaya [&hellip;]\" \/>\n<meta property=\"og:url\" content=\"https:\/\/narteks.net\/index.php\/2009\/12\/26\/bahar-yeli\/\" \/>\n<meta property=\"og:site_name\" content=\"narteks.net\" \/>\n<meta property=\"article:published_time\" content=\"2009-12-26T07:48:47+00:00\" \/>\n<meta property=\"og:image\" content=\"https:\/\/narteks.net\/wp-content\/uploads\/narteks.png\" \/>\n\t<meta property=\"og:image:width\" content=\"300\" \/>\n\t<meta property=\"og:image:height\" content=\"90\" \/>\n\t<meta property=\"og:image:type\" content=\"image\/png\" \/>\n<meta name=\"author\" content=\"Tar\u0131k\" \/>\n<meta name=\"twitter:card\" content=\"summary_large_image\" \/>\n<meta name=\"twitter:creator\" content=\"@narteks\" \/>\n<meta name=\"twitter:site\" content=\"@narteks\" \/>\n<meta name=\"twitter:label1\" content=\"Yazan:\" \/>\n\t<meta name=\"twitter:data1\" content=\"Tar\u0131k\" \/>\n\t<meta name=\"twitter:label2\" content=\"Tahmini okuma s\u00fcresi\" \/>\n\t<meta name=\"twitter:data2\" content=\"1 dakika\" \/>\n<script type=\"application\/ld+json\" class=\"yoast-schema-graph\">{\"@context\":\"https:\/\/schema.org\",\"@graph\":[{\"@type\":\"Article\",\"@id\":\"https:\/\/narteks.net\/index.php\/2009\/12\/26\/bahar-yeli\/#article\",\"isPartOf\":{\"@id\":\"https:\/\/narteks.net\/index.php\/2009\/12\/26\/bahar-yeli\/\"},\"author\":{\"name\":\"Tar\u0131k\",\"@id\":\"https:\/\/narteks.net\/#\/schema\/person\/61f37d9834294b72d31d274e7ed79bca\"},\"headline\":\"BAHAR YEL\u0130\",\"datePublished\":\"2009-12-26T07:48:47+00:00\",\"mainEntityOfPage\":{\"@id\":\"https:\/\/narteks.net\/index.php\/2009\/12\/26\/bahar-yeli\/\"},\"wordCount\":109,\"commentCount\":0,\"publisher\":{\"@id\":\"https:\/\/narteks.net\/#organization\"},\"articleSection\":[\"Cahit S\u0131tk\u0131 TARANCI\"],\"inLanguage\":\"tr\",\"potentialAction\":[{\"@type\":\"CommentAction\",\"name\":\"Comment\",\"target\":[\"https:\/\/narteks.net\/index.php\/2009\/12\/26\/bahar-yeli\/#respond\"]}]},{\"@type\":\"WebPage\",\"@id\":\"https:\/\/narteks.net\/index.php\/2009\/12\/26\/bahar-yeli\/\",\"url\":\"https:\/\/narteks.net\/index.php\/2009\/12\/26\/bahar-yeli\/\",\"name\":\"BAHAR YEL\u0130 - narteks.net\",\"isPartOf\":{\"@id\":\"https:\/\/narteks.net\/#website\"},\"datePublished\":\"2009-12-26T07:48:47+00:00\",\"breadcrumb\":{\"@id\":\"https:\/\/narteks.net\/index.php\/2009\/12\/26\/bahar-yeli\/#breadcrumb\"},\"inLanguage\":\"tr\",\"potentialAction\":[{\"@type\":\"ReadAction\",\"target\":[\"https:\/\/narteks.net\/index.php\/2009\/12\/26\/bahar-yeli\/\"]}]},{\"@type\":\"BreadcrumbList\",\"@id\":\"https:\/\/narteks.net\/index.php\/2009\/12\/26\/bahar-yeli\/#breadcrumb\",\"itemListElement\":[{\"@type\":\"ListItem\",\"position\":1,\"name\":\"Anasayfa\",\"item\":\"https:\/\/narteks.net\/\"},{\"@type\":\"ListItem\",\"position\":2,\"name\":\"BAHAR YEL\u0130\"}]},{\"@type\":\"WebSite\",\"@id\":\"https:\/\/narteks.net\/#website\",\"url\":\"https:\/\/narteks.net\/\",\"name\":\"narteks.net\",\"description\":\"K\u00fclt\u00fcr Sanat Edebiyat Felsefe\",\"publisher\":{\"@id\":\"https:\/\/narteks.net\/#organization\"},\"alternateName\":\"K\u00fclt\u00fcr Sanat Edebiyat Felsefe\",\"potentialAction\":[{\"@type\":\"SearchAction\",\"target\":{\"@type\":\"EntryPoint\",\"urlTemplate\":\"https:\/\/narteks.net\/?s={search_term_string}\"},\"query-input\":{\"@type\":\"PropertyValueSpecification\",\"valueRequired\":true,\"valueName\":\"search_term_string\"}}],\"inLanguage\":\"tr\"},{\"@type\":\"Organization\",\"@id\":\"https:\/\/narteks.net\/#organization\",\"name\":\"narteks.net\",\"url\":\"https:\/\/narteks.net\/\",\"logo\":{\"@type\":\"ImageObject\",\"inLanguage\":\"tr\",\"@id\":\"https:\/\/narteks.net\/#\/schema\/logo\/image\/\",\"url\":\"https:\/\/narteks.net\/wp-content\/uploads\/narteks.png\",\"contentUrl\":\"https:\/\/narteks.net\/wp-content\/uploads\/narteks.png\",\"width\":300,\"height\":90,\"caption\":\"narteks.net\"},\"image\":{\"@id\":\"https:\/\/narteks.net\/#\/schema\/logo\/image\/\"},\"sameAs\":[\"https:\/\/x.com\/narteks\",\"https:\/\/instagram.com\/narteksnet\"]},{\"@type\":\"Person\",\"@id\":\"https:\/\/narteks.net\/#\/schema\/person\/61f37d9834294b72d31d274e7ed79bca\",\"name\":\"Tar\u0131k\",\"image\":{\"@type\":\"ImageObject\",\"inLanguage\":\"tr\",\"@id\":\"https:\/\/narteks.net\/#\/schema\/person\/image\/\",\"url\":\"https:\/\/secure.gravatar.com\/avatar\/50865afb55632c4ae467e0af0930f6510aa2297d8014be502a55b14f3b7550cf?s=96&d=mm&r=g\",\"contentUrl\":\"https:\/\/secure.gravatar.com\/avatar\/50865afb55632c4ae467e0af0930f6510aa2297d8014be502a55b14f3b7550cf?s=96&d=mm&r=g\",\"caption\":\"Tar\u0131k\"},\"sameAs\":[\"http:\/\/narteks.net\"],\"url\":\"https:\/\/narteks.net\/index.php\/author\/narbak\/\"}]}<\/script>\n<!-- \/ Yoast SEO Premium plugin. -->","yoast_head_json":{"title":"BAHAR YEL\u0130 - narteks.net","robots":{"index":"index","follow":"follow","max-snippet":"max-snippet:-1","max-image-preview":"max-image-preview:large","max-video-preview":"max-video-preview:-1"},"canonical":"https:\/\/narteks.net\/index.php\/2009\/12\/26\/bahar-yeli\/","og_locale":"tr_TR","og_type":"article","og_title":"BAHAR YEL\u0130","og_description":"\u00a0 Nihayet damlarda leylekler g\u00f6r\u00fcnd\u00fc Upuzun gagalar\u0131n\u0131 tak\u0131rdatan Vefas\u0131z sand\u0131\u011f\u0131m\u0131z turnalar d\u00f6nd\u00fc Ge\u00e7en y\u0131l gittikleri me\u00e7hul diyardan \u00c7i\u00e7ek a\u00e7m\u0131\u015f a\u011fa\u00e7lara bak ne g\u00fczel Gel bizim olsun ser\u00e7elerin ne\u015fesi Gel seninle k\u0131rlara a\u00e7\u0131lal\u0131m gel Neler vadetmiyor akar suyun sesi \u015eu ye\u015filli\u011fin ta sonuna gideriz Ne oldu\u011fumuzu unutuncaya dek \u0130stersen havadan sudan bahsederiz Yaln\u0131z ad\u0131mlar\u0131m\u0131zla sevi\u015ferek Uzamaya [&hellip;]","og_url":"https:\/\/narteks.net\/index.php\/2009\/12\/26\/bahar-yeli\/","og_site_name":"narteks.net","article_published_time":"2009-12-26T07:48:47+00:00","og_image":[{"width":300,"height":90,"url":"https:\/\/narteks.net\/wp-content\/uploads\/narteks.png","type":"image\/png"}],"author":"Tar\u0131k","twitter_card":"summary_large_image","twitter_creator":"@narteks","twitter_site":"@narteks","twitter_misc":{"Yazan:":"Tar\u0131k","Tahmini okuma s\u00fcresi":"1 dakika"},"schema":{"@context":"https:\/\/schema.org","@graph":[{"@type":"Article","@id":"https:\/\/narteks.net\/index.php\/2009\/12\/26\/bahar-yeli\/#article","isPartOf":{"@id":"https:\/\/narteks.net\/index.php\/2009\/12\/26\/bahar-yeli\/"},"author":{"name":"Tar\u0131k","@id":"https:\/\/narteks.net\/#\/schema\/person\/61f37d9834294b72d31d274e7ed79bca"},"headline":"BAHAR YEL\u0130","datePublished":"2009-12-26T07:48:47+00:00","mainEntityOfPage":{"@id":"https:\/\/narteks.net\/index.php\/2009\/12\/26\/bahar-yeli\/"},"wordCount":109,"commentCount":0,"publisher":{"@id":"https:\/\/narteks.net\/#organization"},"articleSection":["Cahit S\u0131tk\u0131 TARANCI"],"inLanguage":"tr","potentialAction":[{"@type":"CommentAction","name":"Comment","target":["https:\/\/narteks.net\/index.php\/2009\/12\/26\/bahar-yeli\/#respond"]}]},{"@type":"WebPage","@id":"https:\/\/narteks.net\/index.php\/2009\/12\/26\/bahar-yeli\/","url":"https:\/\/narteks.net\/index.php\/2009\/12\/26\/bahar-yeli\/","name":"BAHAR YEL\u0130 - narteks.net","isPartOf":{"@id":"https:\/\/narteks.net\/#website"},"datePublished":"2009-12-26T07:48:47+00:00","breadcrumb":{"@id":"https:\/\/narteks.net\/index.php\/2009\/12\/26\/bahar-yeli\/#breadcrumb"},"inLanguage":"tr","potentialAction":[{"@type":"ReadAction","target":["https:\/\/narteks.net\/index.php\/2009\/12\/26\/bahar-yeli\/"]}]},{"@type":"BreadcrumbList","@id":"https:\/\/narteks.net\/index.php\/2009\/12\/26\/bahar-yeli\/#breadcrumb","itemListElement":[{"@type":"ListItem","position":1,"name":"Anasayfa","item":"https:\/\/narteks.net\/"},{"@type":"ListItem","position":2,"name":"BAHAR YEL\u0130"}]},{"@type":"WebSite","@id":"https:\/\/narteks.net\/#website","url":"https:\/\/narteks.net\/","name":"narteks.net","description":"K\u00fclt\u00fcr Sanat Edebiyat Felsefe","publisher":{"@id":"https:\/\/narteks.net\/#organization"},"alternateName":"K\u00fclt\u00fcr Sanat Edebiyat Felsefe","potentialAction":[{"@type":"SearchAction","target":{"@type":"EntryPoint","urlTemplate":"https:\/\/narteks.net\/?s={search_term_string}"},"query-input":{"@type":"PropertyValueSpecification","valueRequired":true,"valueName":"search_term_string"}}],"inLanguage":"tr"},{"@type":"Organization","@id":"https:\/\/narteks.net\/#organization","name":"narteks.net","url":"https:\/\/narteks.net\/","logo":{"@type":"ImageObject","inLanguage":"tr","@id":"https:\/\/narteks.net\/#\/schema\/logo\/image\/","url":"https:\/\/narteks.net\/wp-content\/uploads\/narteks.png","contentUrl":"https:\/\/narteks.net\/wp-content\/uploads\/narteks.png","width":300,"height":90,"caption":"narteks.net"},"image":{"@id":"https:\/\/narteks.net\/#\/schema\/logo\/image\/"},"sameAs":["https:\/\/x.com\/narteks","https:\/\/instagram.com\/narteksnet"]},{"@type":"Person","@id":"https:\/\/narteks.net\/#\/schema\/person\/61f37d9834294b72d31d274e7ed79bca","name":"Tar\u0131k","image":{"@type":"ImageObject","inLanguage":"tr","@id":"https:\/\/narteks.net\/#\/schema\/person\/image\/","url":"https:\/\/secure.gravatar.com\/avatar\/50865afb55632c4ae467e0af0930f6510aa2297d8014be502a55b14f3b7550cf?s=96&d=mm&r=g","contentUrl":"https:\/\/secure.gravatar.com\/avatar\/50865afb55632c4ae467e0af0930f6510aa2297d8014be502a55b14f3b7550cf?s=96&d=mm&r=g","caption":"Tar\u0131k"},"sameAs":["http:\/\/narteks.net"],"url":"https:\/\/narteks.net\/index.php\/author\/narbak\/"}]}},"_links":{"self":[{"href":"https:\/\/narteks.net\/index.php\/wp-json\/wp\/v2\/posts\/3239","targetHints":{"allow":["GET"]}}],"collection":[{"href":"https:\/\/narteks.net\/index.php\/wp-json\/wp\/v2\/posts"}],"about":[{"href":"https:\/\/narteks.net\/index.php\/wp-json\/wp\/v2\/types\/post"}],"author":[{"embeddable":true,"href":"https:\/\/narteks.net\/index.php\/wp-json\/wp\/v2\/users\/1"}],"replies":[{"embeddable":true,"href":"https:\/\/narteks.net\/index.php\/wp-json\/wp\/v2\/comments?post=3239"}],"version-history":[{"count":0,"href":"https:\/\/narteks.net\/index.php\/wp-json\/wp\/v2\/posts\/3239\/revisions"}],"wp:attachment":[{"href":"https:\/\/narteks.net\/index.php\/wp-json\/wp\/v2\/media?parent=3239"}],"wp:term":[{"taxonomy":"category","embeddable":true,"href":"https:\/\/narteks.net\/index.php\/wp-json\/wp\/v2\/categories?post=3239"},{"taxonomy":"post_tag","embeddable":true,"href":"https:\/\/narteks.net\/index.php\/wp-json\/wp\/v2\/tags?post=3239"}],"curies":[{"name":"wp","href":"https:\/\/api.w.org\/{rel}","templated":true}]}}