{"id":3241,"date":"2009-12-26T10:49:41","date_gmt":"2009-12-26T07:49:41","guid":{"rendered":"http:\/\/localhost\/wordpress\/2009\/12\/26\/ben-olecek-adam-degilim\/"},"modified":"2009-12-26T10:49:41","modified_gmt":"2009-12-26T07:49:41","slug":"ben-olecek-adam-degilim","status":"publish","type":"post","link":"https:\/\/narteks.net\/index.php\/2009\/12\/26\/ben-olecek-adam-degilim\/","title":{"rendered":"BEN \u00d6LECEK ADAM DE\u011e\u0130L\u0130M"},"content":{"rendered":"<p>\u00a0<\/p>\n<p>Kap\u0131m\u0131 \u00e7al\u0131p durma \u00f6l\u00fcm, <br \/> A\u00e7mam; <br \/> Ben \u00f6lecek adam de\u011filim. <\/p>\n<p> Al\u0131\u015ft\u0131m bir kere g\u00f6ky\u00fcz\u00fcne; <br \/> Bunca y\u0131ll\u0131k yolda\u015f\u0131md\u0131r bulutlar. <br \/> S\u0131k\u0131l\u0131r\u0131m, <br \/> Ku\u015flar c\u0131v\u0131ldamasa dallar\u0131nda, <br \/> Yemi\u015flerine doymad\u0131\u011f\u0131m a\u011fa\u00e7lar\u0131n, <br \/> Ya\u011fmur mu ya\u011f\u0131yor, <br \/> G\u00fcne\u015f mi var, <br \/> Farketmeliyim <br \/> Bakt\u0131\u011f\u0131m pencereden. <br \/> Deniz g\u00f6r\u00fcnmeli \u00e7\u0131ksam balkona. <br \/> Tamamlamal\u0131 manzaray\u0131 <br \/> Karl\u0131 da\u011flarla s\u00fcr\u00fclm\u00fc\u015f tarlalar. <br \/> Ekmekten olamam do\u011frusu, <br \/> Nimet bildi\u011fim; <br \/> Sudan ge\u00e7emem, <br \/> Tuzludur teneff\u00fcs etti\u011fim hava. <br \/> Ya nas\u0131l dururum oldu\u011fum yerde, <br \/> \u00d6yle upuzun yatm\u0131\u015f, <br \/> \u0130ki elim yan\u0131ma getirilmi\u015f, <br \/> Hareketsiz, <br \/> S\u00fck\u00fbta r\u00e2molmu\u015f; <br \/> Sanki devrilmi\u015f bir heykel? <\/p>\n<p> Ellerim ne der sonra bana? <br \/> So\u011fumu\u015f kalbime ne cevap veririm? <br \/> Utanmaz m\u0131y\u0131m ayaklar\u0131mdan? <\/p>\n<p> Kalkmal\u0131y\u0131m, <br \/> Dola\u015fmal\u0131y\u0131m, <br \/> Sokaklarda, parklarda. <br \/> El sallamal\u0131y\u0131m <br \/> Giden trenlere, <br \/> Kalkan vapurlara. <br \/> Bilmeliyim, <br \/> G\u00f6lgelerin boyundan, <br \/> Saatin ka\u00e7 oldu\u011funu&#8230; <br \/> Isl\u0131k \u00e7almal\u0131y\u0131m. <br \/> T\u00fcrk\u00fc s\u00f6ylemeliyim <br \/> Yol boyunca, <br \/> Keyfimden ya h\u00fczn\u00fcmden. <br \/> Ge\u00e7mi\u015f g\u00fcnleri hat\u0131rlamal\u0131y\u0131m, <br \/> Dal\u0131p dal\u0131p akarsuya, <br \/> Hayaller kurmal\u0131y\u0131m, <br \/> G\u00fczel gelece\u011fe dair. <br \/> Yan\u0131mdan ge\u00e7enler olmal\u0131, <br \/> Sel\u00e2m almal\u0131y\u0131m; <br \/> Robenson&#8217;u d\u00fc\u015f\u00fcnmeliyim, <br \/> Garipli\u011fini: <br \/> \u015e\u00fckretmeliyim <br \/> \u0130nsanlar aras\u0131nda oldu\u011fuma. <br \/> Nedir ki eninde sonunda \u00f6l\u00fcm? <br \/> Ayr\u0131 d\u00fc\u015fmek de\u011fil mi a\u015finalardan? <\/p>\n<p> Kap\u0131m\u0131 \u00e7al\u0131p durma \u00f6l\u00fcm, <br \/> A\u00e7mam; <br \/> Ben \u00f6lecek adam de\u011filim.<\/p>\n","protected":false},"excerpt":{"rendered":"<p>\u00a0 Kap\u0131m\u0131 \u00e7al\u0131p durma \u00f6l\u00fcm, A\u00e7mam; Ben \u00f6lecek adam de\u011filim. Al\u0131\u015ft\u0131m bir kere g\u00f6ky\u00fcz\u00fcne; Bunca y\u0131ll\u0131k yolda\u015f\u0131md\u0131r bulutlar. S\u0131k\u0131l\u0131r\u0131m, Ku\u015flar c\u0131v\u0131ldamasa dallar\u0131nda, Yemi\u015flerine doymad\u0131\u011f\u0131m a\u011fa\u00e7lar\u0131n, Ya\u011fmur mu ya\u011f\u0131yor, G\u00fcne\u015f mi var, Farketmeliyim Bakt\u0131\u011f\u0131m pencereden. Deniz g\u00f6r\u00fcnmeli \u00e7\u0131ksam balkona. Tamamlamal\u0131 manzaray\u0131 Karl\u0131 da\u011flarla s\u00fcr\u00fclm\u00fc\u015f tarlalar. Ekmekten olamam do\u011frusu, Nimet bildi\u011fim; Sudan ge\u00e7emem, Tuzludur teneff\u00fcs etti\u011fim hava. [&hellip;]<\/p>\n","protected":false},"author":1,"featured_media":0,"comment_status":"open","ping_status":"open","sticky":false,"template":"","format":"standard","meta":{"footnotes":""},"categories":[109],"tags":[],"class_list":{"0":"post-3241","1":"post","2":"type-post","3":"status-publish","4":"format-standard","6":"category-cahit-sitki-taranci"},"yoast_head":"<!-- This site is optimized with the Yoast SEO Premium plugin v24.9 (Yoast SEO v24.9) - https:\/\/yoast.com\/wordpress\/plugins\/seo\/ -->\n<title>BEN \u00d6LECEK ADAM DE\u011e\u0130L\u0130M - narteks.net<\/title>\n<meta name=\"robots\" content=\"index, follow, max-snippet:-1, max-image-preview:large, max-video-preview:-1\" \/>\n<link rel=\"canonical\" href=\"https:\/\/narteks.net\/index.php\/2009\/12\/26\/ben-olecek-adam-degilim\/\" \/>\n<meta property=\"og:locale\" content=\"tr_TR\" \/>\n<meta property=\"og:type\" content=\"article\" \/>\n<meta property=\"og:title\" content=\"BEN \u00d6LECEK ADAM DE\u011e\u0130L\u0130M\" \/>\n<meta property=\"og:description\" content=\"\u00a0 Kap\u0131m\u0131 \u00e7al\u0131p durma \u00f6l\u00fcm, A\u00e7mam; Ben \u00f6lecek adam de\u011filim. Al\u0131\u015ft\u0131m bir kere g\u00f6ky\u00fcz\u00fcne; Bunca y\u0131ll\u0131k yolda\u015f\u0131md\u0131r bulutlar. S\u0131k\u0131l\u0131r\u0131m, Ku\u015flar c\u0131v\u0131ldamasa dallar\u0131nda, Yemi\u015flerine doymad\u0131\u011f\u0131m a\u011fa\u00e7lar\u0131n, Ya\u011fmur mu ya\u011f\u0131yor, G\u00fcne\u015f mi var, Farketmeliyim Bakt\u0131\u011f\u0131m pencereden. Deniz g\u00f6r\u00fcnmeli \u00e7\u0131ksam balkona. Tamamlamal\u0131 manzaray\u0131 Karl\u0131 da\u011flarla s\u00fcr\u00fclm\u00fc\u015f tarlalar. Ekmekten olamam do\u011frusu, Nimet bildi\u011fim; Sudan ge\u00e7emem, Tuzludur teneff\u00fcs etti\u011fim hava. [&hellip;]\" \/>\n<meta property=\"og:url\" content=\"https:\/\/narteks.net\/index.php\/2009\/12\/26\/ben-olecek-adam-degilim\/\" \/>\n<meta property=\"og:site_name\" content=\"narteks.net\" \/>\n<meta property=\"article:published_time\" content=\"2009-12-26T07:49:41+00:00\" \/>\n<meta property=\"og:image\" content=\"https:\/\/narteks.net\/wp-content\/uploads\/narteks.png\" \/>\n\t<meta property=\"og:image:width\" content=\"300\" \/>\n\t<meta property=\"og:image:height\" content=\"90\" \/>\n\t<meta property=\"og:image:type\" content=\"image\/png\" \/>\n<meta name=\"author\" content=\"Tar\u0131k\" \/>\n<meta name=\"twitter:card\" content=\"summary_large_image\" \/>\n<meta name=\"twitter:creator\" content=\"@narteks\" \/>\n<meta name=\"twitter:site\" content=\"@narteks\" \/>\n<meta name=\"twitter:label1\" content=\"Yazan:\" \/>\n\t<meta name=\"twitter:data1\" content=\"Tar\u0131k\" \/>\n\t<meta name=\"twitter:label2\" content=\"Tahmini okuma s\u00fcresi\" \/>\n\t<meta name=\"twitter:data2\" content=\"1 dakika\" \/>\n<script type=\"application\/ld+json\" class=\"yoast-schema-graph\">{\"@context\":\"https:\/\/schema.org\",\"@graph\":[{\"@type\":\"Article\",\"@id\":\"https:\/\/narteks.net\/index.php\/2009\/12\/26\/ben-olecek-adam-degilim\/#article\",\"isPartOf\":{\"@id\":\"https:\/\/narteks.net\/index.php\/2009\/12\/26\/ben-olecek-adam-degilim\/\"},\"author\":{\"name\":\"Tar\u0131k\",\"@id\":\"https:\/\/narteks.net\/#\/schema\/person\/61f37d9834294b72d31d274e7ed79bca\"},\"headline\":\"BEN \u00d6LECEK ADAM DE\u011e\u0130L\u0130M\",\"datePublished\":\"2009-12-26T07:49:41+00:00\",\"mainEntityOfPage\":{\"@id\":\"https:\/\/narteks.net\/index.php\/2009\/12\/26\/ben-olecek-adam-degilim\/\"},\"wordCount\":255,\"commentCount\":0,\"publisher\":{\"@id\":\"https:\/\/narteks.net\/#organization\"},\"articleSection\":[\"Cahit S\u0131tk\u0131 TARANCI\"],\"inLanguage\":\"tr\",\"potentialAction\":[{\"@type\":\"CommentAction\",\"name\":\"Comment\",\"target\":[\"https:\/\/narteks.net\/index.php\/2009\/12\/26\/ben-olecek-adam-degilim\/#respond\"]}]},{\"@type\":\"WebPage\",\"@id\":\"https:\/\/narteks.net\/index.php\/2009\/12\/26\/ben-olecek-adam-degilim\/\",\"url\":\"https:\/\/narteks.net\/index.php\/2009\/12\/26\/ben-olecek-adam-degilim\/\",\"name\":\"BEN \u00d6LECEK ADAM DE\u011e\u0130L\u0130M - narteks.net\",\"isPartOf\":{\"@id\":\"https:\/\/narteks.net\/#website\"},\"datePublished\":\"2009-12-26T07:49:41+00:00\",\"breadcrumb\":{\"@id\":\"https:\/\/narteks.net\/index.php\/2009\/12\/26\/ben-olecek-adam-degilim\/#breadcrumb\"},\"inLanguage\":\"tr\",\"potentialAction\":[{\"@type\":\"ReadAction\",\"target\":[\"https:\/\/narteks.net\/index.php\/2009\/12\/26\/ben-olecek-adam-degilim\/\"]}]},{\"@type\":\"BreadcrumbList\",\"@id\":\"https:\/\/narteks.net\/index.php\/2009\/12\/26\/ben-olecek-adam-degilim\/#breadcrumb\",\"itemListElement\":[{\"@type\":\"ListItem\",\"position\":1,\"name\":\"Anasayfa\",\"item\":\"https:\/\/narteks.net\/\"},{\"@type\":\"ListItem\",\"position\":2,\"name\":\"BEN \u00d6LECEK ADAM DE\u011e\u0130L\u0130M\"}]},{\"@type\":\"WebSite\",\"@id\":\"https:\/\/narteks.net\/#website\",\"url\":\"https:\/\/narteks.net\/\",\"name\":\"narteks.net\",\"description\":\"K\u00fclt\u00fcr Sanat Edebiyat Felsefe\",\"publisher\":{\"@id\":\"https:\/\/narteks.net\/#organization\"},\"alternateName\":\"K\u00fclt\u00fcr Sanat Edebiyat Felsefe\",\"potentialAction\":[{\"@type\":\"SearchAction\",\"target\":{\"@type\":\"EntryPoint\",\"urlTemplate\":\"https:\/\/narteks.net\/?s={search_term_string}\"},\"query-input\":{\"@type\":\"PropertyValueSpecification\",\"valueRequired\":true,\"valueName\":\"search_term_string\"}}],\"inLanguage\":\"tr\"},{\"@type\":\"Organization\",\"@id\":\"https:\/\/narteks.net\/#organization\",\"name\":\"narteks.net\",\"url\":\"https:\/\/narteks.net\/\",\"logo\":{\"@type\":\"ImageObject\",\"inLanguage\":\"tr\",\"@id\":\"https:\/\/narteks.net\/#\/schema\/logo\/image\/\",\"url\":\"https:\/\/narteks.net\/wp-content\/uploads\/narteks.png\",\"contentUrl\":\"https:\/\/narteks.net\/wp-content\/uploads\/narteks.png\",\"width\":300,\"height\":90,\"caption\":\"narteks.net\"},\"image\":{\"@id\":\"https:\/\/narteks.net\/#\/schema\/logo\/image\/\"},\"sameAs\":[\"https:\/\/x.com\/narteks\",\"https:\/\/instagram.com\/narteksnet\"]},{\"@type\":\"Person\",\"@id\":\"https:\/\/narteks.net\/#\/schema\/person\/61f37d9834294b72d31d274e7ed79bca\",\"name\":\"Tar\u0131k\",\"image\":{\"@type\":\"ImageObject\",\"inLanguage\":\"tr\",\"@id\":\"https:\/\/narteks.net\/#\/schema\/person\/image\/\",\"url\":\"https:\/\/secure.gravatar.com\/avatar\/50865afb55632c4ae467e0af0930f6510aa2297d8014be502a55b14f3b7550cf?s=96&d=mm&r=g\",\"contentUrl\":\"https:\/\/secure.gravatar.com\/avatar\/50865afb55632c4ae467e0af0930f6510aa2297d8014be502a55b14f3b7550cf?s=96&d=mm&r=g\",\"caption\":\"Tar\u0131k\"},\"sameAs\":[\"http:\/\/narteks.net\"],\"url\":\"https:\/\/narteks.net\/index.php\/author\/narbak\/\"}]}<\/script>\n<!-- \/ Yoast SEO Premium plugin. -->","yoast_head_json":{"title":"BEN \u00d6LECEK ADAM DE\u011e\u0130L\u0130M - narteks.net","robots":{"index":"index","follow":"follow","max-snippet":"max-snippet:-1","max-image-preview":"max-image-preview:large","max-video-preview":"max-video-preview:-1"},"canonical":"https:\/\/narteks.net\/index.php\/2009\/12\/26\/ben-olecek-adam-degilim\/","og_locale":"tr_TR","og_type":"article","og_title":"BEN \u00d6LECEK ADAM DE\u011e\u0130L\u0130M","og_description":"\u00a0 Kap\u0131m\u0131 \u00e7al\u0131p durma \u00f6l\u00fcm, A\u00e7mam; Ben \u00f6lecek adam de\u011filim. Al\u0131\u015ft\u0131m bir kere g\u00f6ky\u00fcz\u00fcne; Bunca y\u0131ll\u0131k yolda\u015f\u0131md\u0131r bulutlar. S\u0131k\u0131l\u0131r\u0131m, Ku\u015flar c\u0131v\u0131ldamasa dallar\u0131nda, Yemi\u015flerine doymad\u0131\u011f\u0131m a\u011fa\u00e7lar\u0131n, Ya\u011fmur mu ya\u011f\u0131yor, G\u00fcne\u015f mi var, Farketmeliyim Bakt\u0131\u011f\u0131m pencereden. Deniz g\u00f6r\u00fcnmeli \u00e7\u0131ksam balkona. Tamamlamal\u0131 manzaray\u0131 Karl\u0131 da\u011flarla s\u00fcr\u00fclm\u00fc\u015f tarlalar. Ekmekten olamam do\u011frusu, Nimet bildi\u011fim; Sudan ge\u00e7emem, Tuzludur teneff\u00fcs etti\u011fim hava. [&hellip;]","og_url":"https:\/\/narteks.net\/index.php\/2009\/12\/26\/ben-olecek-adam-degilim\/","og_site_name":"narteks.net","article_published_time":"2009-12-26T07:49:41+00:00","og_image":[{"width":300,"height":90,"url":"https:\/\/narteks.net\/wp-content\/uploads\/narteks.png","type":"image\/png"}],"author":"Tar\u0131k","twitter_card":"summary_large_image","twitter_creator":"@narteks","twitter_site":"@narteks","twitter_misc":{"Yazan:":"Tar\u0131k","Tahmini okuma s\u00fcresi":"1 dakika"},"schema":{"@context":"https:\/\/schema.org","@graph":[{"@type":"Article","@id":"https:\/\/narteks.net\/index.php\/2009\/12\/26\/ben-olecek-adam-degilim\/#article","isPartOf":{"@id":"https:\/\/narteks.net\/index.php\/2009\/12\/26\/ben-olecek-adam-degilim\/"},"author":{"name":"Tar\u0131k","@id":"https:\/\/narteks.net\/#\/schema\/person\/61f37d9834294b72d31d274e7ed79bca"},"headline":"BEN \u00d6LECEK ADAM DE\u011e\u0130L\u0130M","datePublished":"2009-12-26T07:49:41+00:00","mainEntityOfPage":{"@id":"https:\/\/narteks.net\/index.php\/2009\/12\/26\/ben-olecek-adam-degilim\/"},"wordCount":255,"commentCount":0,"publisher":{"@id":"https:\/\/narteks.net\/#organization"},"articleSection":["Cahit S\u0131tk\u0131 TARANCI"],"inLanguage":"tr","potentialAction":[{"@type":"CommentAction","name":"Comment","target":["https:\/\/narteks.net\/index.php\/2009\/12\/26\/ben-olecek-adam-degilim\/#respond"]}]},{"@type":"WebPage","@id":"https:\/\/narteks.net\/index.php\/2009\/12\/26\/ben-olecek-adam-degilim\/","url":"https:\/\/narteks.net\/index.php\/2009\/12\/26\/ben-olecek-adam-degilim\/","name":"BEN \u00d6LECEK ADAM DE\u011e\u0130L\u0130M - narteks.net","isPartOf":{"@id":"https:\/\/narteks.net\/#website"},"datePublished":"2009-12-26T07:49:41+00:00","breadcrumb":{"@id":"https:\/\/narteks.net\/index.php\/2009\/12\/26\/ben-olecek-adam-degilim\/#breadcrumb"},"inLanguage":"tr","potentialAction":[{"@type":"ReadAction","target":["https:\/\/narteks.net\/index.php\/2009\/12\/26\/ben-olecek-adam-degilim\/"]}]},{"@type":"BreadcrumbList","@id":"https:\/\/narteks.net\/index.php\/2009\/12\/26\/ben-olecek-adam-degilim\/#breadcrumb","itemListElement":[{"@type":"ListItem","position":1,"name":"Anasayfa","item":"https:\/\/narteks.net\/"},{"@type":"ListItem","position":2,"name":"BEN \u00d6LECEK ADAM DE\u011e\u0130L\u0130M"}]},{"@type":"WebSite","@id":"https:\/\/narteks.net\/#website","url":"https:\/\/narteks.net\/","name":"narteks.net","description":"K\u00fclt\u00fcr Sanat Edebiyat Felsefe","publisher":{"@id":"https:\/\/narteks.net\/#organization"},"alternateName":"K\u00fclt\u00fcr Sanat Edebiyat Felsefe","potentialAction":[{"@type":"SearchAction","target":{"@type":"EntryPoint","urlTemplate":"https:\/\/narteks.net\/?s={search_term_string}"},"query-input":{"@type":"PropertyValueSpecification","valueRequired":true,"valueName":"search_term_string"}}],"inLanguage":"tr"},{"@type":"Organization","@id":"https:\/\/narteks.net\/#organization","name":"narteks.net","url":"https:\/\/narteks.net\/","logo":{"@type":"ImageObject","inLanguage":"tr","@id":"https:\/\/narteks.net\/#\/schema\/logo\/image\/","url":"https:\/\/narteks.net\/wp-content\/uploads\/narteks.png","contentUrl":"https:\/\/narteks.net\/wp-content\/uploads\/narteks.png","width":300,"height":90,"caption":"narteks.net"},"image":{"@id":"https:\/\/narteks.net\/#\/schema\/logo\/image\/"},"sameAs":["https:\/\/x.com\/narteks","https:\/\/instagram.com\/narteksnet"]},{"@type":"Person","@id":"https:\/\/narteks.net\/#\/schema\/person\/61f37d9834294b72d31d274e7ed79bca","name":"Tar\u0131k","image":{"@type":"ImageObject","inLanguage":"tr","@id":"https:\/\/narteks.net\/#\/schema\/person\/image\/","url":"https:\/\/secure.gravatar.com\/avatar\/50865afb55632c4ae467e0af0930f6510aa2297d8014be502a55b14f3b7550cf?s=96&d=mm&r=g","contentUrl":"https:\/\/secure.gravatar.com\/avatar\/50865afb55632c4ae467e0af0930f6510aa2297d8014be502a55b14f3b7550cf?s=96&d=mm&r=g","caption":"Tar\u0131k"},"sameAs":["http:\/\/narteks.net"],"url":"https:\/\/narteks.net\/index.php\/author\/narbak\/"}]}},"_links":{"self":[{"href":"https:\/\/narteks.net\/index.php\/wp-json\/wp\/v2\/posts\/3241","targetHints":{"allow":["GET"]}}],"collection":[{"href":"https:\/\/narteks.net\/index.php\/wp-json\/wp\/v2\/posts"}],"about":[{"href":"https:\/\/narteks.net\/index.php\/wp-json\/wp\/v2\/types\/post"}],"author":[{"embeddable":true,"href":"https:\/\/narteks.net\/index.php\/wp-json\/wp\/v2\/users\/1"}],"replies":[{"embeddable":true,"href":"https:\/\/narteks.net\/index.php\/wp-json\/wp\/v2\/comments?post=3241"}],"version-history":[{"count":0,"href":"https:\/\/narteks.net\/index.php\/wp-json\/wp\/v2\/posts\/3241\/revisions"}],"wp:attachment":[{"href":"https:\/\/narteks.net\/index.php\/wp-json\/wp\/v2\/media?parent=3241"}],"wp:term":[{"taxonomy":"category","embeddable":true,"href":"https:\/\/narteks.net\/index.php\/wp-json\/wp\/v2\/categories?post=3241"},{"taxonomy":"post_tag","embeddable":true,"href":"https:\/\/narteks.net\/index.php\/wp-json\/wp\/v2\/tags?post=3241"}],"curies":[{"name":"wp","href":"https:\/\/api.w.org\/{rel}","templated":true}]}}