{"id":3243,"date":"2009-12-26T10:51:51","date_gmt":"2009-12-26T07:51:51","guid":{"rendered":"http:\/\/localhost\/wordpress\/2009\/12\/26\/bir-bayram-yemeginde\/"},"modified":"2009-12-26T10:51:51","modified_gmt":"2009-12-26T07:51:51","slug":"bir-bayram-yemeginde","status":"publish","type":"post","link":"https:\/\/narteks.net\/index.php\/2009\/12\/26\/bir-bayram-yemeginde\/","title":{"rendered":"B\u0130R BAYRAM YEME\u011e\u0130NDE"},"content":{"rendered":"<p>\u00a0<\/p>\n<p>Korkar\u0131m felekte bir g\u00fcn <br \/> Bir bayram yeme\u011finde. <br \/> Anam, babam gibi karde\u015flerimde, <br \/> En g\u00fczel dalg\u0131nl\u0131\u011f\u0131nda \u00f6mr\u00fcn. <br \/> Beni gurbette san\u0131p <br \/> Ke\u015fke gelseydi bu bayram <br \/> Diyecekler. <br \/> Ve birdenbire y\u00fcrekler, <br \/> Ayn\u0131 ac\u0131yla yan\u0131p <br \/> Hepsinin g\u00f6zleri ya\u015faracak. <br \/> \u00d6ld\u00fc\u011f\u00fcm\u00fc hat\u0131rlayarak.<\/p>\n","protected":false},"excerpt":{"rendered":"<p>\u00a0 Korkar\u0131m felekte bir g\u00fcn Bir bayram yeme\u011finde. Anam, babam gibi karde\u015flerimde, En g\u00fczel dalg\u0131nl\u0131\u011f\u0131nda \u00f6mr\u00fcn. Beni gurbette san\u0131p Ke\u015fke gelseydi bu bayram Diyecekler. Ve birdenbire y\u00fcrekler, Ayn\u0131 ac\u0131yla yan\u0131p Hepsinin g\u00f6zleri ya\u015faracak. \u00d6ld\u00fc\u011f\u00fcm\u00fc hat\u0131rlayarak.<\/p>\n","protected":false},"author":1,"featured_media":0,"comment_status":"open","ping_status":"open","sticky":false,"template":"","format":"standard","meta":{"footnotes":""},"categories":[109],"tags":[],"class_list":{"0":"post-3243","1":"post","2":"type-post","3":"status-publish","4":"format-standard","6":"category-cahit-sitki-taranci"},"yoast_head":"<!-- This site is optimized with the Yoast SEO Premium plugin v24.9 (Yoast SEO v24.9) - https:\/\/yoast.com\/wordpress\/plugins\/seo\/ -->\n<title>B\u0130R BAYRAM YEME\u011e\u0130NDE - narteks.net<\/title>\n<meta name=\"robots\" content=\"index, follow, max-snippet:-1, max-image-preview:large, max-video-preview:-1\" \/>\n<link rel=\"canonical\" href=\"https:\/\/narteks.net\/index.php\/2009\/12\/26\/bir-bayram-yemeginde\/\" \/>\n<meta property=\"og:locale\" content=\"tr_TR\" \/>\n<meta property=\"og:type\" content=\"article\" \/>\n<meta property=\"og:title\" content=\"B\u0130R BAYRAM YEME\u011e\u0130NDE\" \/>\n<meta property=\"og:description\" content=\"\u00a0 Korkar\u0131m felekte bir g\u00fcn Bir bayram yeme\u011finde. Anam, babam gibi karde\u015flerimde, En g\u00fczel dalg\u0131nl\u0131\u011f\u0131nda \u00f6mr\u00fcn. Beni gurbette san\u0131p Ke\u015fke gelseydi bu bayram Diyecekler. Ve birdenbire y\u00fcrekler, Ayn\u0131 ac\u0131yla yan\u0131p Hepsinin g\u00f6zleri ya\u015faracak. \u00d6ld\u00fc\u011f\u00fcm\u00fc hat\u0131rlayarak.\" \/>\n<meta property=\"og:url\" content=\"https:\/\/narteks.net\/index.php\/2009\/12\/26\/bir-bayram-yemeginde\/\" \/>\n<meta property=\"og:site_name\" content=\"narteks.net\" \/>\n<meta property=\"article:published_time\" content=\"2009-12-26T07:51:51+00:00\" \/>\n<meta property=\"og:image\" content=\"https:\/\/narteks.net\/wp-content\/uploads\/narteks.png\" \/>\n\t<meta property=\"og:image:width\" content=\"300\" \/>\n\t<meta property=\"og:image:height\" content=\"90\" \/>\n\t<meta property=\"og:image:type\" content=\"image\/png\" \/>\n<meta name=\"author\" content=\"Tar\u0131k\" \/>\n<meta name=\"twitter:card\" content=\"summary_large_image\" \/>\n<meta name=\"twitter:creator\" content=\"@narteks\" \/>\n<meta name=\"twitter:site\" content=\"@narteks\" \/>\n<meta name=\"twitter:label1\" content=\"Yazan:\" \/>\n\t<meta name=\"twitter:data1\" content=\"Tar\u0131k\" \/>\n<script type=\"application\/ld+json\" class=\"yoast-schema-graph\">{\"@context\":\"https:\/\/schema.org\",\"@graph\":[{\"@type\":\"Article\",\"@id\":\"https:\/\/narteks.net\/index.php\/2009\/12\/26\/bir-bayram-yemeginde\/#article\",\"isPartOf\":{\"@id\":\"https:\/\/narteks.net\/index.php\/2009\/12\/26\/bir-bayram-yemeginde\/\"},\"author\":{\"name\":\"Tar\u0131k\",\"@id\":\"https:\/\/narteks.net\/#\/schema\/person\/61f37d9834294b72d31d274e7ed79bca\"},\"headline\":\"B\u0130R BAYRAM YEME\u011e\u0130NDE\",\"datePublished\":\"2009-12-26T07:51:51+00:00\",\"mainEntityOfPage\":{\"@id\":\"https:\/\/narteks.net\/index.php\/2009\/12\/26\/bir-bayram-yemeginde\/\"},\"wordCount\":56,\"commentCount\":0,\"publisher\":{\"@id\":\"https:\/\/narteks.net\/#organization\"},\"articleSection\":[\"Cahit S\u0131tk\u0131 TARANCI\"],\"inLanguage\":\"tr\",\"potentialAction\":[{\"@type\":\"CommentAction\",\"name\":\"Comment\",\"target\":[\"https:\/\/narteks.net\/index.php\/2009\/12\/26\/bir-bayram-yemeginde\/#respond\"]}]},{\"@type\":\"WebPage\",\"@id\":\"https:\/\/narteks.net\/index.php\/2009\/12\/26\/bir-bayram-yemeginde\/\",\"url\":\"https:\/\/narteks.net\/index.php\/2009\/12\/26\/bir-bayram-yemeginde\/\",\"name\":\"B\u0130R BAYRAM YEME\u011e\u0130NDE - narteks.net\",\"isPartOf\":{\"@id\":\"https:\/\/narteks.net\/#website\"},\"datePublished\":\"2009-12-26T07:51:51+00:00\",\"breadcrumb\":{\"@id\":\"https:\/\/narteks.net\/index.php\/2009\/12\/26\/bir-bayram-yemeginde\/#breadcrumb\"},\"inLanguage\":\"tr\",\"potentialAction\":[{\"@type\":\"ReadAction\",\"target\":[\"https:\/\/narteks.net\/index.php\/2009\/12\/26\/bir-bayram-yemeginde\/\"]}]},{\"@type\":\"BreadcrumbList\",\"@id\":\"https:\/\/narteks.net\/index.php\/2009\/12\/26\/bir-bayram-yemeginde\/#breadcrumb\",\"itemListElement\":[{\"@type\":\"ListItem\",\"position\":1,\"name\":\"Anasayfa\",\"item\":\"https:\/\/narteks.net\/\"},{\"@type\":\"ListItem\",\"position\":2,\"name\":\"B\u0130R BAYRAM YEME\u011e\u0130NDE\"}]},{\"@type\":\"WebSite\",\"@id\":\"https:\/\/narteks.net\/#website\",\"url\":\"https:\/\/narteks.net\/\",\"name\":\"narteks.net\",\"description\":\"K\u00fclt\u00fcr Sanat Edebiyat Felsefe\",\"publisher\":{\"@id\":\"https:\/\/narteks.net\/#organization\"},\"alternateName\":\"K\u00fclt\u00fcr Sanat Edebiyat Felsefe\",\"potentialAction\":[{\"@type\":\"SearchAction\",\"target\":{\"@type\":\"EntryPoint\",\"urlTemplate\":\"https:\/\/narteks.net\/?s={search_term_string}\"},\"query-input\":{\"@type\":\"PropertyValueSpecification\",\"valueRequired\":true,\"valueName\":\"search_term_string\"}}],\"inLanguage\":\"tr\"},{\"@type\":\"Organization\",\"@id\":\"https:\/\/narteks.net\/#organization\",\"name\":\"narteks.net\",\"url\":\"https:\/\/narteks.net\/\",\"logo\":{\"@type\":\"ImageObject\",\"inLanguage\":\"tr\",\"@id\":\"https:\/\/narteks.net\/#\/schema\/logo\/image\/\",\"url\":\"https:\/\/narteks.net\/wp-content\/uploads\/narteks.png\",\"contentUrl\":\"https:\/\/narteks.net\/wp-content\/uploads\/narteks.png\",\"width\":300,\"height\":90,\"caption\":\"narteks.net\"},\"image\":{\"@id\":\"https:\/\/narteks.net\/#\/schema\/logo\/image\/\"},\"sameAs\":[\"https:\/\/x.com\/narteks\",\"https:\/\/instagram.com\/narteksnet\"]},{\"@type\":\"Person\",\"@id\":\"https:\/\/narteks.net\/#\/schema\/person\/61f37d9834294b72d31d274e7ed79bca\",\"name\":\"Tar\u0131k\",\"image\":{\"@type\":\"ImageObject\",\"inLanguage\":\"tr\",\"@id\":\"https:\/\/narteks.net\/#\/schema\/person\/image\/\",\"url\":\"https:\/\/secure.gravatar.com\/avatar\/50865afb55632c4ae467e0af0930f6510aa2297d8014be502a55b14f3b7550cf?s=96&d=mm&r=g\",\"contentUrl\":\"https:\/\/secure.gravatar.com\/avatar\/50865afb55632c4ae467e0af0930f6510aa2297d8014be502a55b14f3b7550cf?s=96&d=mm&r=g\",\"caption\":\"Tar\u0131k\"},\"sameAs\":[\"http:\/\/narteks.net\"],\"url\":\"https:\/\/narteks.net\/index.php\/author\/narbak\/\"}]}<\/script>\n<!-- \/ Yoast SEO Premium plugin. -->","yoast_head_json":{"title":"B\u0130R BAYRAM YEME\u011e\u0130NDE - narteks.net","robots":{"index":"index","follow":"follow","max-snippet":"max-snippet:-1","max-image-preview":"max-image-preview:large","max-video-preview":"max-video-preview:-1"},"canonical":"https:\/\/narteks.net\/index.php\/2009\/12\/26\/bir-bayram-yemeginde\/","og_locale":"tr_TR","og_type":"article","og_title":"B\u0130R BAYRAM YEME\u011e\u0130NDE","og_description":"\u00a0 Korkar\u0131m felekte bir g\u00fcn Bir bayram yeme\u011finde. Anam, babam gibi karde\u015flerimde, En g\u00fczel dalg\u0131nl\u0131\u011f\u0131nda \u00f6mr\u00fcn. Beni gurbette san\u0131p Ke\u015fke gelseydi bu bayram Diyecekler. Ve birdenbire y\u00fcrekler, Ayn\u0131 ac\u0131yla yan\u0131p Hepsinin g\u00f6zleri ya\u015faracak. \u00d6ld\u00fc\u011f\u00fcm\u00fc hat\u0131rlayarak.","og_url":"https:\/\/narteks.net\/index.php\/2009\/12\/26\/bir-bayram-yemeginde\/","og_site_name":"narteks.net","article_published_time":"2009-12-26T07:51:51+00:00","og_image":[{"width":300,"height":90,"url":"https:\/\/narteks.net\/wp-content\/uploads\/narteks.png","type":"image\/png"}],"author":"Tar\u0131k","twitter_card":"summary_large_image","twitter_creator":"@narteks","twitter_site":"@narteks","twitter_misc":{"Yazan:":"Tar\u0131k"},"schema":{"@context":"https:\/\/schema.org","@graph":[{"@type":"Article","@id":"https:\/\/narteks.net\/index.php\/2009\/12\/26\/bir-bayram-yemeginde\/#article","isPartOf":{"@id":"https:\/\/narteks.net\/index.php\/2009\/12\/26\/bir-bayram-yemeginde\/"},"author":{"name":"Tar\u0131k","@id":"https:\/\/narteks.net\/#\/schema\/person\/61f37d9834294b72d31d274e7ed79bca"},"headline":"B\u0130R BAYRAM YEME\u011e\u0130NDE","datePublished":"2009-12-26T07:51:51+00:00","mainEntityOfPage":{"@id":"https:\/\/narteks.net\/index.php\/2009\/12\/26\/bir-bayram-yemeginde\/"},"wordCount":56,"commentCount":0,"publisher":{"@id":"https:\/\/narteks.net\/#organization"},"articleSection":["Cahit S\u0131tk\u0131 TARANCI"],"inLanguage":"tr","potentialAction":[{"@type":"CommentAction","name":"Comment","target":["https:\/\/narteks.net\/index.php\/2009\/12\/26\/bir-bayram-yemeginde\/#respond"]}]},{"@type":"WebPage","@id":"https:\/\/narteks.net\/index.php\/2009\/12\/26\/bir-bayram-yemeginde\/","url":"https:\/\/narteks.net\/index.php\/2009\/12\/26\/bir-bayram-yemeginde\/","name":"B\u0130R BAYRAM YEME\u011e\u0130NDE - narteks.net","isPartOf":{"@id":"https:\/\/narteks.net\/#website"},"datePublished":"2009-12-26T07:51:51+00:00","breadcrumb":{"@id":"https:\/\/narteks.net\/index.php\/2009\/12\/26\/bir-bayram-yemeginde\/#breadcrumb"},"inLanguage":"tr","potentialAction":[{"@type":"ReadAction","target":["https:\/\/narteks.net\/index.php\/2009\/12\/26\/bir-bayram-yemeginde\/"]}]},{"@type":"BreadcrumbList","@id":"https:\/\/narteks.net\/index.php\/2009\/12\/26\/bir-bayram-yemeginde\/#breadcrumb","itemListElement":[{"@type":"ListItem","position":1,"name":"Anasayfa","item":"https:\/\/narteks.net\/"},{"@type":"ListItem","position":2,"name":"B\u0130R BAYRAM YEME\u011e\u0130NDE"}]},{"@type":"WebSite","@id":"https:\/\/narteks.net\/#website","url":"https:\/\/narteks.net\/","name":"narteks.net","description":"K\u00fclt\u00fcr Sanat Edebiyat Felsefe","publisher":{"@id":"https:\/\/narteks.net\/#organization"},"alternateName":"K\u00fclt\u00fcr Sanat Edebiyat Felsefe","potentialAction":[{"@type":"SearchAction","target":{"@type":"EntryPoint","urlTemplate":"https:\/\/narteks.net\/?s={search_term_string}"},"query-input":{"@type":"PropertyValueSpecification","valueRequired":true,"valueName":"search_term_string"}}],"inLanguage":"tr"},{"@type":"Organization","@id":"https:\/\/narteks.net\/#organization","name":"narteks.net","url":"https:\/\/narteks.net\/","logo":{"@type":"ImageObject","inLanguage":"tr","@id":"https:\/\/narteks.net\/#\/schema\/logo\/image\/","url":"https:\/\/narteks.net\/wp-content\/uploads\/narteks.png","contentUrl":"https:\/\/narteks.net\/wp-content\/uploads\/narteks.png","width":300,"height":90,"caption":"narteks.net"},"image":{"@id":"https:\/\/narteks.net\/#\/schema\/logo\/image\/"},"sameAs":["https:\/\/x.com\/narteks","https:\/\/instagram.com\/narteksnet"]},{"@type":"Person","@id":"https:\/\/narteks.net\/#\/schema\/person\/61f37d9834294b72d31d274e7ed79bca","name":"Tar\u0131k","image":{"@type":"ImageObject","inLanguage":"tr","@id":"https:\/\/narteks.net\/#\/schema\/person\/image\/","url":"https:\/\/secure.gravatar.com\/avatar\/50865afb55632c4ae467e0af0930f6510aa2297d8014be502a55b14f3b7550cf?s=96&d=mm&r=g","contentUrl":"https:\/\/secure.gravatar.com\/avatar\/50865afb55632c4ae467e0af0930f6510aa2297d8014be502a55b14f3b7550cf?s=96&d=mm&r=g","caption":"Tar\u0131k"},"sameAs":["http:\/\/narteks.net"],"url":"https:\/\/narteks.net\/index.php\/author\/narbak\/"}]}},"_links":{"self":[{"href":"https:\/\/narteks.net\/index.php\/wp-json\/wp\/v2\/posts\/3243","targetHints":{"allow":["GET"]}}],"collection":[{"href":"https:\/\/narteks.net\/index.php\/wp-json\/wp\/v2\/posts"}],"about":[{"href":"https:\/\/narteks.net\/index.php\/wp-json\/wp\/v2\/types\/post"}],"author":[{"embeddable":true,"href":"https:\/\/narteks.net\/index.php\/wp-json\/wp\/v2\/users\/1"}],"replies":[{"embeddable":true,"href":"https:\/\/narteks.net\/index.php\/wp-json\/wp\/v2\/comments?post=3243"}],"version-history":[{"count":0,"href":"https:\/\/narteks.net\/index.php\/wp-json\/wp\/v2\/posts\/3243\/revisions"}],"wp:attachment":[{"href":"https:\/\/narteks.net\/index.php\/wp-json\/wp\/v2\/media?parent=3243"}],"wp:term":[{"taxonomy":"category","embeddable":true,"href":"https:\/\/narteks.net\/index.php\/wp-json\/wp\/v2\/categories?post=3243"},{"taxonomy":"post_tag","embeddable":true,"href":"https:\/\/narteks.net\/index.php\/wp-json\/wp\/v2\/tags?post=3243"}],"curies":[{"name":"wp","href":"https:\/\/api.w.org\/{rel}","templated":true}]}}