{"id":327,"date":"2009-03-02T14:02:01","date_gmt":"2009-03-02T11:02:01","guid":{"rendered":"http:\/\/localhost\/wordpress\/2009\/03\/02\/cok-sevdim-bir-zamanlar-seviyorum-yine-de\/"},"modified":"2009-03-02T14:02:01","modified_gmt":"2009-03-02T11:02:01","slug":"cok-sevdim-bir-zamanlar-seviyorum-yine-de","status":"publish","type":"post","link":"https:\/\/narteks.net\/index.php\/2009\/03\/02\/cok-sevdim-bir-zamanlar-seviyorum-yine-de\/","title":{"rendered":"\u00c7ok Sevdim Bir Zamanlar, Seviyorum Yine de"},"content":{"rendered":"<p>\u00a0<\/p>\n<p><span style=\"color: #000000;\">\u00c7ok sevdim bir zamanlar, seviyorum yine de<br \/>Al\u0131p ba\u015f\u0131m\u0131 gitmeyi yollar boyunca<br \/>Seyretmek bir bozk\u0131r ak\u015fam\u0131n\u0131 cam\u0131ndan bir otob\u00fcs\u00fcn<br \/>Masal \u015fehirlerini ge\u00e7erken h\u0131zla<\/p>\n<p>\u00c7ok sevdim bir zamanlar, seviyorum yine de<br \/>\u00dcrpertili, s\u0131ms\u0131cak tenini kad\u0131nlar\u0131n<br \/>Salmak serin sulara g\u00f6vdemi<br \/>D\u00fc\u015f\u00fcp gitmek ard\u0131na \u015fiirin ve a\u015fk\u0131n<\/p>\n<p>\u00c7ok sevdim bir zamanlar, seviyorum yine de<br \/>Varoldu\u011fumu d\u00fc\u015f\u00fcnmeyi, \u00fcrpererek&#8230;<br \/>Karanl\u0131k bir odada k\u00fc\u00e7\u00fck bir \u00e7ocuk gibi<br \/>Ya\u011fmurdan ve yaln\u0131zl\u0131ktan \u00fcrkek<\/p>\n<p>\u00c7ok sevdim birzamanlar, seviyorum yine de<br \/>D\u00fc\u015f\u00fcncemi geni\u015f ve sonsuz olanla birle\u015ftirmeyi<br \/>H\u0131r\u00e7\u0131n ve ele ge\u00e7mezce at\u0131lgan<br \/>Uysal ve usulcac\u0131k benim olan \u015feyi&#8230;<\/p>\n<p>\u00c7ok sevdim bir zamanlar, seviyorum yine de<br \/>Ve hep sevece\u011fim beynim ve tenim varoldukca bu d\u00fcnyada<br \/>P\u0131r\u0131l p\u0131r\u0131l olan\u0131, her zaman bir g\u00fcz dirili\u011finde<br \/>De\u011fi\u015fmez ve de\u011fi\u015fken olan\u0131 sonsuzca&#8230; <\/span><\/p>\n<p> <span>Ataol Behramo\u011flu<\/span><\/p>\n","protected":false},"excerpt":{"rendered":"<p>\u00a0 \u00c7ok sevdim bir zamanlar, seviyorum yine deAl\u0131p ba\u015f\u0131m\u0131 gitmeyi yollar boyuncaSeyretmek bir bozk\u0131r ak\u015fam\u0131n\u0131 cam\u0131ndan bir otob\u00fcs\u00fcnMasal \u015fehirlerini ge\u00e7erken h\u0131zla \u00c7ok sevdim bir zamanlar, seviyorum yine de\u00dcrpertili, s\u0131ms\u0131cak tenini kad\u0131nlar\u0131nSalmak serin sulara g\u00f6vdemiD\u00fc\u015f\u00fcp gitmek ard\u0131na \u015fiirin ve a\u015fk\u0131n \u00c7ok sevdim bir zamanlar, seviyorum yine deVaroldu\u011fumu d\u00fc\u015f\u00fcnmeyi, \u00fcrpererek&#8230;Karanl\u0131k bir odada k\u00fc\u00e7\u00fck bir \u00e7ocuk gibiYa\u011fmurdan ve [&hellip;]<\/p>\n","protected":false},"author":1,"featured_media":0,"comment_status":"open","ping_status":"open","sticky":false,"template":"","format":"standard","meta":{"footnotes":""},"categories":[10],"tags":[],"class_list":{"0":"post-327","1":"post","2":"type-post","3":"status-publish","4":"format-standard","6":"category-ataol-behramoglu"},"yoast_head":"<!-- This site is optimized with the Yoast SEO Premium plugin v24.9 (Yoast SEO v24.9) - https:\/\/yoast.com\/wordpress\/plugins\/seo\/ -->\n<title>\u00c7ok Sevdim Bir Zamanlar, Seviyorum Yine de - narteks.net<\/title>\n<meta name=\"robots\" content=\"index, follow, max-snippet:-1, max-image-preview:large, max-video-preview:-1\" \/>\n<link rel=\"canonical\" href=\"https:\/\/narteks.net\/index.php\/2009\/03\/02\/cok-sevdim-bir-zamanlar-seviyorum-yine-de\/\" \/>\n<meta property=\"og:locale\" content=\"tr_TR\" \/>\n<meta property=\"og:type\" content=\"article\" \/>\n<meta property=\"og:title\" content=\"\u00c7ok Sevdim Bir Zamanlar, Seviyorum Yine de\" \/>\n<meta property=\"og:description\" content=\"\u00a0 \u00c7ok sevdim bir zamanlar, seviyorum yine deAl\u0131p ba\u015f\u0131m\u0131 gitmeyi yollar boyuncaSeyretmek bir bozk\u0131r ak\u015fam\u0131n\u0131 cam\u0131ndan bir otob\u00fcs\u00fcnMasal \u015fehirlerini ge\u00e7erken h\u0131zla \u00c7ok sevdim bir zamanlar, seviyorum yine de\u00dcrpertili, s\u0131ms\u0131cak tenini kad\u0131nlar\u0131nSalmak serin sulara g\u00f6vdemiD\u00fc\u015f\u00fcp gitmek ard\u0131na \u015fiirin ve a\u015fk\u0131n \u00c7ok sevdim bir zamanlar, seviyorum yine deVaroldu\u011fumu d\u00fc\u015f\u00fcnmeyi, \u00fcrpererek&#8230;Karanl\u0131k bir odada k\u00fc\u00e7\u00fck bir \u00e7ocuk gibiYa\u011fmurdan ve [&hellip;]\" \/>\n<meta property=\"og:url\" content=\"https:\/\/narteks.net\/index.php\/2009\/03\/02\/cok-sevdim-bir-zamanlar-seviyorum-yine-de\/\" \/>\n<meta property=\"og:site_name\" content=\"narteks.net\" \/>\n<meta property=\"article:published_time\" content=\"2009-03-02T11:02:01+00:00\" \/>\n<meta property=\"og:image\" content=\"https:\/\/narteks.net\/wp-content\/uploads\/narteks.png\" \/>\n\t<meta property=\"og:image:width\" content=\"300\" \/>\n\t<meta property=\"og:image:height\" content=\"90\" \/>\n\t<meta property=\"og:image:type\" content=\"image\/png\" \/>\n<meta name=\"author\" content=\"Tar\u0131k\" \/>\n<meta name=\"twitter:card\" content=\"summary_large_image\" \/>\n<meta name=\"twitter:creator\" content=\"@narteks\" \/>\n<meta name=\"twitter:site\" content=\"@narteks\" \/>\n<meta name=\"twitter:label1\" content=\"Yazan:\" \/>\n\t<meta name=\"twitter:data1\" content=\"Tar\u0131k\" \/>\n\t<meta name=\"twitter:label2\" content=\"Tahmini okuma s\u00fcresi\" \/>\n\t<meta name=\"twitter:data2\" content=\"1 dakika\" \/>\n<script type=\"application\/ld+json\" class=\"yoast-schema-graph\">{\"@context\":\"https:\/\/schema.org\",\"@graph\":[{\"@type\":\"Article\",\"@id\":\"https:\/\/narteks.net\/index.php\/2009\/03\/02\/cok-sevdim-bir-zamanlar-seviyorum-yine-de\/#article\",\"isPartOf\":{\"@id\":\"https:\/\/narteks.net\/index.php\/2009\/03\/02\/cok-sevdim-bir-zamanlar-seviyorum-yine-de\/\"},\"author\":{\"name\":\"Tar\u0131k\",\"@id\":\"https:\/\/narteks.net\/#\/schema\/person\/61f37d9834294b72d31d274e7ed79bca\"},\"headline\":\"\u00c7ok Sevdim Bir Zamanlar, Seviyorum Yine de\",\"datePublished\":\"2009-03-02T11:02:01+00:00\",\"mainEntityOfPage\":{\"@id\":\"https:\/\/narteks.net\/index.php\/2009\/03\/02\/cok-sevdim-bir-zamanlar-seviyorum-yine-de\/\"},\"wordCount\":159,\"commentCount\":0,\"publisher\":{\"@id\":\"https:\/\/narteks.net\/#organization\"},\"articleSection\":[\"Ataol BEHRAMOGLU\"],\"inLanguage\":\"tr\",\"potentialAction\":[{\"@type\":\"CommentAction\",\"name\":\"Comment\",\"target\":[\"https:\/\/narteks.net\/index.php\/2009\/03\/02\/cok-sevdim-bir-zamanlar-seviyorum-yine-de\/#respond\"]}]},{\"@type\":\"WebPage\",\"@id\":\"https:\/\/narteks.net\/index.php\/2009\/03\/02\/cok-sevdim-bir-zamanlar-seviyorum-yine-de\/\",\"url\":\"https:\/\/narteks.net\/index.php\/2009\/03\/02\/cok-sevdim-bir-zamanlar-seviyorum-yine-de\/\",\"name\":\"\u00c7ok Sevdim Bir Zamanlar, Seviyorum Yine de - narteks.net\",\"isPartOf\":{\"@id\":\"https:\/\/narteks.net\/#website\"},\"datePublished\":\"2009-03-02T11:02:01+00:00\",\"breadcrumb\":{\"@id\":\"https:\/\/narteks.net\/index.php\/2009\/03\/02\/cok-sevdim-bir-zamanlar-seviyorum-yine-de\/#breadcrumb\"},\"inLanguage\":\"tr\",\"potentialAction\":[{\"@type\":\"ReadAction\",\"target\":[\"https:\/\/narteks.net\/index.php\/2009\/03\/02\/cok-sevdim-bir-zamanlar-seviyorum-yine-de\/\"]}]},{\"@type\":\"BreadcrumbList\",\"@id\":\"https:\/\/narteks.net\/index.php\/2009\/03\/02\/cok-sevdim-bir-zamanlar-seviyorum-yine-de\/#breadcrumb\",\"itemListElement\":[{\"@type\":\"ListItem\",\"position\":1,\"name\":\"Anasayfa\",\"item\":\"https:\/\/narteks.net\/\"},{\"@type\":\"ListItem\",\"position\":2,\"name\":\"\u00c7ok Sevdim Bir Zamanlar, Seviyorum Yine de\"}]},{\"@type\":\"WebSite\",\"@id\":\"https:\/\/narteks.net\/#website\",\"url\":\"https:\/\/narteks.net\/\",\"name\":\"narteks.net\",\"description\":\"K\u00fclt\u00fcr Sanat Edebiyat Felsefe\",\"publisher\":{\"@id\":\"https:\/\/narteks.net\/#organization\"},\"alternateName\":\"K\u00fclt\u00fcr Sanat Edebiyat Felsefe\",\"potentialAction\":[{\"@type\":\"SearchAction\",\"target\":{\"@type\":\"EntryPoint\",\"urlTemplate\":\"https:\/\/narteks.net\/?s={search_term_string}\"},\"query-input\":{\"@type\":\"PropertyValueSpecification\",\"valueRequired\":true,\"valueName\":\"search_term_string\"}}],\"inLanguage\":\"tr\"},{\"@type\":\"Organization\",\"@id\":\"https:\/\/narteks.net\/#organization\",\"name\":\"narteks.net\",\"url\":\"https:\/\/narteks.net\/\",\"logo\":{\"@type\":\"ImageObject\",\"inLanguage\":\"tr\",\"@id\":\"https:\/\/narteks.net\/#\/schema\/logo\/image\/\",\"url\":\"https:\/\/narteks.net\/wp-content\/uploads\/narteks.png\",\"contentUrl\":\"https:\/\/narteks.net\/wp-content\/uploads\/narteks.png\",\"width\":300,\"height\":90,\"caption\":\"narteks.net\"},\"image\":{\"@id\":\"https:\/\/narteks.net\/#\/schema\/logo\/image\/\"},\"sameAs\":[\"https:\/\/x.com\/narteks\",\"https:\/\/instagram.com\/narteksnet\"]},{\"@type\":\"Person\",\"@id\":\"https:\/\/narteks.net\/#\/schema\/person\/61f37d9834294b72d31d274e7ed79bca\",\"name\":\"Tar\u0131k\",\"image\":{\"@type\":\"ImageObject\",\"inLanguage\":\"tr\",\"@id\":\"https:\/\/narteks.net\/#\/schema\/person\/image\/\",\"url\":\"https:\/\/secure.gravatar.com\/avatar\/50865afb55632c4ae467e0af0930f6510aa2297d8014be502a55b14f3b7550cf?s=96&d=mm&r=g\",\"contentUrl\":\"https:\/\/secure.gravatar.com\/avatar\/50865afb55632c4ae467e0af0930f6510aa2297d8014be502a55b14f3b7550cf?s=96&d=mm&r=g\",\"caption\":\"Tar\u0131k\"},\"sameAs\":[\"http:\/\/narteks.net\"],\"url\":\"https:\/\/narteks.net\/index.php\/author\/narbak\/\"}]}<\/script>\n<!-- \/ Yoast SEO Premium plugin. -->","yoast_head_json":{"title":"\u00c7ok Sevdim Bir Zamanlar, Seviyorum Yine de - narteks.net","robots":{"index":"index","follow":"follow","max-snippet":"max-snippet:-1","max-image-preview":"max-image-preview:large","max-video-preview":"max-video-preview:-1"},"canonical":"https:\/\/narteks.net\/index.php\/2009\/03\/02\/cok-sevdim-bir-zamanlar-seviyorum-yine-de\/","og_locale":"tr_TR","og_type":"article","og_title":"\u00c7ok Sevdim Bir Zamanlar, Seviyorum Yine de","og_description":"\u00a0 \u00c7ok sevdim bir zamanlar, seviyorum yine deAl\u0131p ba\u015f\u0131m\u0131 gitmeyi yollar boyuncaSeyretmek bir bozk\u0131r ak\u015fam\u0131n\u0131 cam\u0131ndan bir otob\u00fcs\u00fcnMasal \u015fehirlerini ge\u00e7erken h\u0131zla \u00c7ok sevdim bir zamanlar, seviyorum yine de\u00dcrpertili, s\u0131ms\u0131cak tenini kad\u0131nlar\u0131nSalmak serin sulara g\u00f6vdemiD\u00fc\u015f\u00fcp gitmek ard\u0131na \u015fiirin ve a\u015fk\u0131n \u00c7ok sevdim bir zamanlar, seviyorum yine deVaroldu\u011fumu d\u00fc\u015f\u00fcnmeyi, \u00fcrpererek&#8230;Karanl\u0131k bir odada k\u00fc\u00e7\u00fck bir \u00e7ocuk gibiYa\u011fmurdan ve [&hellip;]","og_url":"https:\/\/narteks.net\/index.php\/2009\/03\/02\/cok-sevdim-bir-zamanlar-seviyorum-yine-de\/","og_site_name":"narteks.net","article_published_time":"2009-03-02T11:02:01+00:00","og_image":[{"width":300,"height":90,"url":"https:\/\/narteks.net\/wp-content\/uploads\/narteks.png","type":"image\/png"}],"author":"Tar\u0131k","twitter_card":"summary_large_image","twitter_creator":"@narteks","twitter_site":"@narteks","twitter_misc":{"Yazan:":"Tar\u0131k","Tahmini okuma s\u00fcresi":"1 dakika"},"schema":{"@context":"https:\/\/schema.org","@graph":[{"@type":"Article","@id":"https:\/\/narteks.net\/index.php\/2009\/03\/02\/cok-sevdim-bir-zamanlar-seviyorum-yine-de\/#article","isPartOf":{"@id":"https:\/\/narteks.net\/index.php\/2009\/03\/02\/cok-sevdim-bir-zamanlar-seviyorum-yine-de\/"},"author":{"name":"Tar\u0131k","@id":"https:\/\/narteks.net\/#\/schema\/person\/61f37d9834294b72d31d274e7ed79bca"},"headline":"\u00c7ok Sevdim Bir Zamanlar, Seviyorum Yine de","datePublished":"2009-03-02T11:02:01+00:00","mainEntityOfPage":{"@id":"https:\/\/narteks.net\/index.php\/2009\/03\/02\/cok-sevdim-bir-zamanlar-seviyorum-yine-de\/"},"wordCount":159,"commentCount":0,"publisher":{"@id":"https:\/\/narteks.net\/#organization"},"articleSection":["Ataol BEHRAMOGLU"],"inLanguage":"tr","potentialAction":[{"@type":"CommentAction","name":"Comment","target":["https:\/\/narteks.net\/index.php\/2009\/03\/02\/cok-sevdim-bir-zamanlar-seviyorum-yine-de\/#respond"]}]},{"@type":"WebPage","@id":"https:\/\/narteks.net\/index.php\/2009\/03\/02\/cok-sevdim-bir-zamanlar-seviyorum-yine-de\/","url":"https:\/\/narteks.net\/index.php\/2009\/03\/02\/cok-sevdim-bir-zamanlar-seviyorum-yine-de\/","name":"\u00c7ok Sevdim Bir Zamanlar, Seviyorum Yine de - narteks.net","isPartOf":{"@id":"https:\/\/narteks.net\/#website"},"datePublished":"2009-03-02T11:02:01+00:00","breadcrumb":{"@id":"https:\/\/narteks.net\/index.php\/2009\/03\/02\/cok-sevdim-bir-zamanlar-seviyorum-yine-de\/#breadcrumb"},"inLanguage":"tr","potentialAction":[{"@type":"ReadAction","target":["https:\/\/narteks.net\/index.php\/2009\/03\/02\/cok-sevdim-bir-zamanlar-seviyorum-yine-de\/"]}]},{"@type":"BreadcrumbList","@id":"https:\/\/narteks.net\/index.php\/2009\/03\/02\/cok-sevdim-bir-zamanlar-seviyorum-yine-de\/#breadcrumb","itemListElement":[{"@type":"ListItem","position":1,"name":"Anasayfa","item":"https:\/\/narteks.net\/"},{"@type":"ListItem","position":2,"name":"\u00c7ok Sevdim Bir Zamanlar, Seviyorum Yine de"}]},{"@type":"WebSite","@id":"https:\/\/narteks.net\/#website","url":"https:\/\/narteks.net\/","name":"narteks.net","description":"K\u00fclt\u00fcr Sanat Edebiyat Felsefe","publisher":{"@id":"https:\/\/narteks.net\/#organization"},"alternateName":"K\u00fclt\u00fcr Sanat Edebiyat Felsefe","potentialAction":[{"@type":"SearchAction","target":{"@type":"EntryPoint","urlTemplate":"https:\/\/narteks.net\/?s={search_term_string}"},"query-input":{"@type":"PropertyValueSpecification","valueRequired":true,"valueName":"search_term_string"}}],"inLanguage":"tr"},{"@type":"Organization","@id":"https:\/\/narteks.net\/#organization","name":"narteks.net","url":"https:\/\/narteks.net\/","logo":{"@type":"ImageObject","inLanguage":"tr","@id":"https:\/\/narteks.net\/#\/schema\/logo\/image\/","url":"https:\/\/narteks.net\/wp-content\/uploads\/narteks.png","contentUrl":"https:\/\/narteks.net\/wp-content\/uploads\/narteks.png","width":300,"height":90,"caption":"narteks.net"},"image":{"@id":"https:\/\/narteks.net\/#\/schema\/logo\/image\/"},"sameAs":["https:\/\/x.com\/narteks","https:\/\/instagram.com\/narteksnet"]},{"@type":"Person","@id":"https:\/\/narteks.net\/#\/schema\/person\/61f37d9834294b72d31d274e7ed79bca","name":"Tar\u0131k","image":{"@type":"ImageObject","inLanguage":"tr","@id":"https:\/\/narteks.net\/#\/schema\/person\/image\/","url":"https:\/\/secure.gravatar.com\/avatar\/50865afb55632c4ae467e0af0930f6510aa2297d8014be502a55b14f3b7550cf?s=96&d=mm&r=g","contentUrl":"https:\/\/secure.gravatar.com\/avatar\/50865afb55632c4ae467e0af0930f6510aa2297d8014be502a55b14f3b7550cf?s=96&d=mm&r=g","caption":"Tar\u0131k"},"sameAs":["http:\/\/narteks.net"],"url":"https:\/\/narteks.net\/index.php\/author\/narbak\/"}]}},"_links":{"self":[{"href":"https:\/\/narteks.net\/index.php\/wp-json\/wp\/v2\/posts\/327","targetHints":{"allow":["GET"]}}],"collection":[{"href":"https:\/\/narteks.net\/index.php\/wp-json\/wp\/v2\/posts"}],"about":[{"href":"https:\/\/narteks.net\/index.php\/wp-json\/wp\/v2\/types\/post"}],"author":[{"embeddable":true,"href":"https:\/\/narteks.net\/index.php\/wp-json\/wp\/v2\/users\/1"}],"replies":[{"embeddable":true,"href":"https:\/\/narteks.net\/index.php\/wp-json\/wp\/v2\/comments?post=327"}],"version-history":[{"count":0,"href":"https:\/\/narteks.net\/index.php\/wp-json\/wp\/v2\/posts\/327\/revisions"}],"wp:attachment":[{"href":"https:\/\/narteks.net\/index.php\/wp-json\/wp\/v2\/media?parent=327"}],"wp:term":[{"taxonomy":"category","embeddable":true,"href":"https:\/\/narteks.net\/index.php\/wp-json\/wp\/v2\/categories?post=327"},{"taxonomy":"post_tag","embeddable":true,"href":"https:\/\/narteks.net\/index.php\/wp-json\/wp\/v2\/tags?post=327"}],"curies":[{"name":"wp","href":"https:\/\/api.w.org\/{rel}","templated":true}]}}