{"id":331,"date":"2009-03-02T14:05:22","date_gmt":"2009-03-02T11:05:22","guid":{"rendered":"http:\/\/localhost\/wordpress\/2009\/03\/02\/yikilma-sakin\/"},"modified":"2009-03-02T14:05:22","modified_gmt":"2009-03-02T11:05:22","slug":"yikilma-sakin","status":"publish","type":"post","link":"https:\/\/narteks.net\/index.php\/2009\/03\/02\/yikilma-sakin\/","title":{"rendered":"Y\u0131k\u0131lma Sak\u0131n"},"content":{"rendered":"<p>\u00a0<\/p>\n<p><span style=\"color: #000000;\">K\u00f6t\u00fc \u015fey uzakta olmak<br \/>Dostlar\u0131ndan, sevdi\u011fin kad\u0131ndan<br \/>Yasaklanmak b\u00fct\u00fcn ya\u015fant\u0131lara<br \/>Seni tamamlayan, ar\u0131nd\u0131ran<br \/>Kapat\u0131ld\u0131\u011f\u0131n d\u00f6rt duvar aras\u0131nda<br \/>Sa\u011fl\u0131kl\u0131, gen\u00e7 bir adam olarak<\/p>\n<p>Neler gelmez ki insan\u0131n akl\u0131na<br \/>Sevin\u00e7li, \u00f6zg\u00fcr g\u00fcnlere dair<br \/>Kalm\u0131\u015ft\u0131r y\u00fczlerce y\u0131l uzakta<br \/>Onunla ilk kez \u00f6p\u00fc\u015ft\u00fc\u011f\u00fcn \u015fehir<br \/>Ac\u0131, zehir zemberek bir h\u00fcz\u00fcn<br \/>Kalbinden g\u0131rtla\u011f\u0131na do\u011fru y\u00fckselir<\/p>\n<p>G\u00f6r\u00fcyorsun i\u015fte k\u00fc\u00e7\u00fck adamlar\u0131<br \/>K\u00f6hnemi\u015f silahlar\u0131yla sald\u0131ran sana<br \/>Kimi tutsak d\u00fc\u015fm\u00fc\u015f kendi d\u00fcnyas\u0131na<br \/>Kimisi d\u00fcped\u00fcz halk d\u00fc\u015fman\u0131<br \/>Diren \u00f6yleyse, diren, y\u0131lma<br \/>Y\u00fcr\u00fct daha bir inatla kavgan\u0131<\/p>\n<p>Babeuf`u hat\u0131rla, Naz\u0131m Hikmet`i<br \/>Bir umut ate\u015fi gibi parlayan zindanlarda<br \/>Hat\u0131rla Danko`nun tutu\u015fan kalbini<br \/>Karanl\u0131klar\u0131 y\u0131rtmak arzusuyla<br \/>Ve fa\u015fizme kar\u015f\u0131, zulme, zorbal\u0131\u011fa<br \/>D\u00fc\u015f\u00fcn ac\u0131lar i\u00e7inde vuru\u015fan karde\u015fleri<\/p>\n<p>Elbette vard\u0131r bir diyece\u011fi, bir haberi<br \/>Bir ka\u00e7a\u011fa \u00e7ay sunan k\u00fcrt kad\u0131nlar\u0131n\u0131n<br \/>Da\u011flar dilsizdir yal\u00e7\u0131nd\u0131r<br \/>Ama g\u00fcn gelir bir diyece\u011fi olur onlar\u0131n da<br \/>Ve da\u011flar, i\u015fsiz tarlalar ba\u015flad\u0131 m\u0131 konu\u015fmaya<br \/>Susmazlar bir daha, s\u00f6z art\u0131k onlar\u0131nd\u0131r<\/p>\n<p>K\u00f6t\u00fc \u015fey uzakta olmak<br \/>Dostlar\u0131ndan, sevdi\u011fin kad\u0131ndan<br \/>Yasaklanmak b\u00fct\u00fcn ya\u015fant\u0131lara<br \/>Seni tamamlayan, ar\u0131nd\u0131ran<br \/>Ama bir devrimciyi hakl\u0131 k\u0131lan<br \/>Biraz da ac\u0131lard\u0131r unutma<\/p>\n<p>Y\u0131k\u0131lma sak\u0131n ge\u00e7erken g\u00fcnler<br \/>Yaralayarak gen\u00e7li\u011fini<br \/>Onurlu, g\u00fczel geleceklerin<br \/>Biziz habercileri d\u00fc\u015f\u00fcn ki<br \/>Ve halk\u0131n ba\u011fr\u0131nda bir inci gibi<br \/>B\u00fcy\u00fcy\u00fcp geli\u015fmektedir zafer. \t\t\t\t \t\t\t\t<br \/><\/span><br \/> <span>Ataol Behramo\u011flu<\/span><\/p>\n","protected":false},"excerpt":{"rendered":"<p>\u00a0 K\u00f6t\u00fc \u015fey uzakta olmakDostlar\u0131ndan, sevdi\u011fin kad\u0131ndanYasaklanmak b\u00fct\u00fcn ya\u015fant\u0131laraSeni tamamlayan, ar\u0131nd\u0131ranKapat\u0131ld\u0131\u011f\u0131n d\u00f6rt duvar aras\u0131ndaSa\u011fl\u0131kl\u0131, gen\u00e7 bir adam olarak Neler gelmez ki insan\u0131n akl\u0131naSevin\u00e7li, \u00f6zg\u00fcr g\u00fcnlere dairKalm\u0131\u015ft\u0131r y\u00fczlerce y\u0131l uzaktaOnunla ilk kez \u00f6p\u00fc\u015ft\u00fc\u011f\u00fcn \u015fehirAc\u0131, zehir zemberek bir h\u00fcz\u00fcnKalbinden g\u0131rtla\u011f\u0131na do\u011fru y\u00fckselir G\u00f6r\u00fcyorsun i\u015fte k\u00fc\u00e7\u00fck adamlar\u0131K\u00f6hnemi\u015f silahlar\u0131yla sald\u0131ran sanaKimi tutsak d\u00fc\u015fm\u00fc\u015f kendi d\u00fcnyas\u0131naKimisi d\u00fcped\u00fcz halk d\u00fc\u015fman\u0131Diren \u00f6yleyse, [&hellip;]<\/p>\n","protected":false},"author":1,"featured_media":0,"comment_status":"open","ping_status":"open","sticky":false,"template":"","format":"standard","meta":{"footnotes":""},"categories":[10],"tags":[],"class_list":{"0":"post-331","1":"post","2":"type-post","3":"status-publish","4":"format-standard","6":"category-ataol-behramoglu"},"yoast_head":"<!-- This site is optimized with the Yoast SEO Premium plugin v24.9 (Yoast SEO v24.9) - https:\/\/yoast.com\/wordpress\/plugins\/seo\/ -->\n<title>Y\u0131k\u0131lma Sak\u0131n - narteks.net<\/title>\n<meta name=\"robots\" content=\"index, follow, max-snippet:-1, max-image-preview:large, max-video-preview:-1\" \/>\n<link rel=\"canonical\" href=\"https:\/\/narteks.net\/index.php\/2009\/03\/02\/yikilma-sakin\/\" \/>\n<meta property=\"og:locale\" content=\"tr_TR\" \/>\n<meta property=\"og:type\" content=\"article\" \/>\n<meta property=\"og:title\" content=\"Y\u0131k\u0131lma Sak\u0131n\" \/>\n<meta property=\"og:description\" content=\"\u00a0 K\u00f6t\u00fc \u015fey uzakta olmakDostlar\u0131ndan, sevdi\u011fin kad\u0131ndanYasaklanmak b\u00fct\u00fcn ya\u015fant\u0131laraSeni tamamlayan, ar\u0131nd\u0131ranKapat\u0131ld\u0131\u011f\u0131n d\u00f6rt duvar aras\u0131ndaSa\u011fl\u0131kl\u0131, gen\u00e7 bir adam olarak Neler gelmez ki insan\u0131n akl\u0131naSevin\u00e7li, \u00f6zg\u00fcr g\u00fcnlere dairKalm\u0131\u015ft\u0131r y\u00fczlerce y\u0131l uzaktaOnunla ilk kez \u00f6p\u00fc\u015ft\u00fc\u011f\u00fcn \u015fehirAc\u0131, zehir zemberek bir h\u00fcz\u00fcnKalbinden g\u0131rtla\u011f\u0131na do\u011fru y\u00fckselir G\u00f6r\u00fcyorsun i\u015fte k\u00fc\u00e7\u00fck adamlar\u0131K\u00f6hnemi\u015f silahlar\u0131yla sald\u0131ran sanaKimi tutsak d\u00fc\u015fm\u00fc\u015f kendi d\u00fcnyas\u0131naKimisi d\u00fcped\u00fcz halk d\u00fc\u015fman\u0131Diren \u00f6yleyse, [&hellip;]\" \/>\n<meta property=\"og:url\" content=\"https:\/\/narteks.net\/index.php\/2009\/03\/02\/yikilma-sakin\/\" \/>\n<meta property=\"og:site_name\" content=\"narteks.net\" \/>\n<meta property=\"article:published_time\" content=\"2009-03-02T11:05:22+00:00\" \/>\n<meta property=\"og:image\" content=\"https:\/\/narteks.net\/wp-content\/uploads\/narteks.png\" \/>\n\t<meta property=\"og:image:width\" content=\"300\" \/>\n\t<meta property=\"og:image:height\" content=\"90\" \/>\n\t<meta property=\"og:image:type\" content=\"image\/png\" \/>\n<meta name=\"author\" content=\"Tar\u0131k\" \/>\n<meta name=\"twitter:card\" content=\"summary_large_image\" \/>\n<meta name=\"twitter:creator\" content=\"@narteks\" \/>\n<meta name=\"twitter:site\" content=\"@narteks\" \/>\n<meta name=\"twitter:label1\" content=\"Yazan:\" \/>\n\t<meta name=\"twitter:data1\" content=\"Tar\u0131k\" \/>\n\t<meta name=\"twitter:label2\" content=\"Tahmini okuma s\u00fcresi\" \/>\n\t<meta name=\"twitter:data2\" content=\"1 dakika\" \/>\n<script type=\"application\/ld+json\" class=\"yoast-schema-graph\">{\"@context\":\"https:\/\/schema.org\",\"@graph\":[{\"@type\":\"Article\",\"@id\":\"https:\/\/narteks.net\/index.php\/2009\/03\/02\/yikilma-sakin\/#article\",\"isPartOf\":{\"@id\":\"https:\/\/narteks.net\/index.php\/2009\/03\/02\/yikilma-sakin\/\"},\"author\":{\"name\":\"Tar\u0131k\",\"@id\":\"https:\/\/narteks.net\/#\/schema\/person\/61f37d9834294b72d31d274e7ed79bca\"},\"headline\":\"Y\u0131k\u0131lma Sak\u0131n\",\"datePublished\":\"2009-03-02T11:05:22+00:00\",\"mainEntityOfPage\":{\"@id\":\"https:\/\/narteks.net\/index.php\/2009\/03\/02\/yikilma-sakin\/\"},\"wordCount\":274,\"commentCount\":0,\"publisher\":{\"@id\":\"https:\/\/narteks.net\/#organization\"},\"articleSection\":[\"Ataol BEHRAMOGLU\"],\"inLanguage\":\"tr\",\"potentialAction\":[{\"@type\":\"CommentAction\",\"name\":\"Comment\",\"target\":[\"https:\/\/narteks.net\/index.php\/2009\/03\/02\/yikilma-sakin\/#respond\"]}]},{\"@type\":\"WebPage\",\"@id\":\"https:\/\/narteks.net\/index.php\/2009\/03\/02\/yikilma-sakin\/\",\"url\":\"https:\/\/narteks.net\/index.php\/2009\/03\/02\/yikilma-sakin\/\",\"name\":\"Y\u0131k\u0131lma Sak\u0131n - narteks.net\",\"isPartOf\":{\"@id\":\"https:\/\/narteks.net\/#website\"},\"datePublished\":\"2009-03-02T11:05:22+00:00\",\"breadcrumb\":{\"@id\":\"https:\/\/narteks.net\/index.php\/2009\/03\/02\/yikilma-sakin\/#breadcrumb\"},\"inLanguage\":\"tr\",\"potentialAction\":[{\"@type\":\"ReadAction\",\"target\":[\"https:\/\/narteks.net\/index.php\/2009\/03\/02\/yikilma-sakin\/\"]}]},{\"@type\":\"BreadcrumbList\",\"@id\":\"https:\/\/narteks.net\/index.php\/2009\/03\/02\/yikilma-sakin\/#breadcrumb\",\"itemListElement\":[{\"@type\":\"ListItem\",\"position\":1,\"name\":\"Anasayfa\",\"item\":\"https:\/\/narteks.net\/\"},{\"@type\":\"ListItem\",\"position\":2,\"name\":\"Y\u0131k\u0131lma Sak\u0131n\"}]},{\"@type\":\"WebSite\",\"@id\":\"https:\/\/narteks.net\/#website\",\"url\":\"https:\/\/narteks.net\/\",\"name\":\"narteks.net\",\"description\":\"K\u00fclt\u00fcr Sanat Edebiyat Felsefe\",\"publisher\":{\"@id\":\"https:\/\/narteks.net\/#organization\"},\"alternateName\":\"K\u00fclt\u00fcr Sanat Edebiyat Felsefe\",\"potentialAction\":[{\"@type\":\"SearchAction\",\"target\":{\"@type\":\"EntryPoint\",\"urlTemplate\":\"https:\/\/narteks.net\/?s={search_term_string}\"},\"query-input\":{\"@type\":\"PropertyValueSpecification\",\"valueRequired\":true,\"valueName\":\"search_term_string\"}}],\"inLanguage\":\"tr\"},{\"@type\":\"Organization\",\"@id\":\"https:\/\/narteks.net\/#organization\",\"name\":\"narteks.net\",\"url\":\"https:\/\/narteks.net\/\",\"logo\":{\"@type\":\"ImageObject\",\"inLanguage\":\"tr\",\"@id\":\"https:\/\/narteks.net\/#\/schema\/logo\/image\/\",\"url\":\"https:\/\/narteks.net\/wp-content\/uploads\/narteks.png\",\"contentUrl\":\"https:\/\/narteks.net\/wp-content\/uploads\/narteks.png\",\"width\":300,\"height\":90,\"caption\":\"narteks.net\"},\"image\":{\"@id\":\"https:\/\/narteks.net\/#\/schema\/logo\/image\/\"},\"sameAs\":[\"https:\/\/x.com\/narteks\",\"https:\/\/instagram.com\/narteksnet\"]},{\"@type\":\"Person\",\"@id\":\"https:\/\/narteks.net\/#\/schema\/person\/61f37d9834294b72d31d274e7ed79bca\",\"name\":\"Tar\u0131k\",\"image\":{\"@type\":\"ImageObject\",\"inLanguage\":\"tr\",\"@id\":\"https:\/\/narteks.net\/#\/schema\/person\/image\/\",\"url\":\"https:\/\/secure.gravatar.com\/avatar\/50865afb55632c4ae467e0af0930f6510aa2297d8014be502a55b14f3b7550cf?s=96&d=mm&r=g\",\"contentUrl\":\"https:\/\/secure.gravatar.com\/avatar\/50865afb55632c4ae467e0af0930f6510aa2297d8014be502a55b14f3b7550cf?s=96&d=mm&r=g\",\"caption\":\"Tar\u0131k\"},\"sameAs\":[\"http:\/\/narteks.net\"],\"url\":\"https:\/\/narteks.net\/index.php\/author\/narbak\/\"}]}<\/script>\n<!-- \/ Yoast SEO Premium plugin. -->","yoast_head_json":{"title":"Y\u0131k\u0131lma Sak\u0131n - narteks.net","robots":{"index":"index","follow":"follow","max-snippet":"max-snippet:-1","max-image-preview":"max-image-preview:large","max-video-preview":"max-video-preview:-1"},"canonical":"https:\/\/narteks.net\/index.php\/2009\/03\/02\/yikilma-sakin\/","og_locale":"tr_TR","og_type":"article","og_title":"Y\u0131k\u0131lma Sak\u0131n","og_description":"\u00a0 K\u00f6t\u00fc \u015fey uzakta olmakDostlar\u0131ndan, sevdi\u011fin kad\u0131ndanYasaklanmak b\u00fct\u00fcn ya\u015fant\u0131laraSeni tamamlayan, ar\u0131nd\u0131ranKapat\u0131ld\u0131\u011f\u0131n d\u00f6rt duvar aras\u0131ndaSa\u011fl\u0131kl\u0131, gen\u00e7 bir adam olarak Neler gelmez ki insan\u0131n akl\u0131naSevin\u00e7li, \u00f6zg\u00fcr g\u00fcnlere dairKalm\u0131\u015ft\u0131r y\u00fczlerce y\u0131l uzaktaOnunla ilk kez \u00f6p\u00fc\u015ft\u00fc\u011f\u00fcn \u015fehirAc\u0131, zehir zemberek bir h\u00fcz\u00fcnKalbinden g\u0131rtla\u011f\u0131na do\u011fru y\u00fckselir G\u00f6r\u00fcyorsun i\u015fte k\u00fc\u00e7\u00fck adamlar\u0131K\u00f6hnemi\u015f silahlar\u0131yla sald\u0131ran sanaKimi tutsak d\u00fc\u015fm\u00fc\u015f kendi d\u00fcnyas\u0131naKimisi d\u00fcped\u00fcz halk d\u00fc\u015fman\u0131Diren \u00f6yleyse, [&hellip;]","og_url":"https:\/\/narteks.net\/index.php\/2009\/03\/02\/yikilma-sakin\/","og_site_name":"narteks.net","article_published_time":"2009-03-02T11:05:22+00:00","og_image":[{"width":300,"height":90,"url":"https:\/\/narteks.net\/wp-content\/uploads\/narteks.png","type":"image\/png"}],"author":"Tar\u0131k","twitter_card":"summary_large_image","twitter_creator":"@narteks","twitter_site":"@narteks","twitter_misc":{"Yazan:":"Tar\u0131k","Tahmini okuma s\u00fcresi":"1 dakika"},"schema":{"@context":"https:\/\/schema.org","@graph":[{"@type":"Article","@id":"https:\/\/narteks.net\/index.php\/2009\/03\/02\/yikilma-sakin\/#article","isPartOf":{"@id":"https:\/\/narteks.net\/index.php\/2009\/03\/02\/yikilma-sakin\/"},"author":{"name":"Tar\u0131k","@id":"https:\/\/narteks.net\/#\/schema\/person\/61f37d9834294b72d31d274e7ed79bca"},"headline":"Y\u0131k\u0131lma Sak\u0131n","datePublished":"2009-03-02T11:05:22+00:00","mainEntityOfPage":{"@id":"https:\/\/narteks.net\/index.php\/2009\/03\/02\/yikilma-sakin\/"},"wordCount":274,"commentCount":0,"publisher":{"@id":"https:\/\/narteks.net\/#organization"},"articleSection":["Ataol BEHRAMOGLU"],"inLanguage":"tr","potentialAction":[{"@type":"CommentAction","name":"Comment","target":["https:\/\/narteks.net\/index.php\/2009\/03\/02\/yikilma-sakin\/#respond"]}]},{"@type":"WebPage","@id":"https:\/\/narteks.net\/index.php\/2009\/03\/02\/yikilma-sakin\/","url":"https:\/\/narteks.net\/index.php\/2009\/03\/02\/yikilma-sakin\/","name":"Y\u0131k\u0131lma Sak\u0131n - narteks.net","isPartOf":{"@id":"https:\/\/narteks.net\/#website"},"datePublished":"2009-03-02T11:05:22+00:00","breadcrumb":{"@id":"https:\/\/narteks.net\/index.php\/2009\/03\/02\/yikilma-sakin\/#breadcrumb"},"inLanguage":"tr","potentialAction":[{"@type":"ReadAction","target":["https:\/\/narteks.net\/index.php\/2009\/03\/02\/yikilma-sakin\/"]}]},{"@type":"BreadcrumbList","@id":"https:\/\/narteks.net\/index.php\/2009\/03\/02\/yikilma-sakin\/#breadcrumb","itemListElement":[{"@type":"ListItem","position":1,"name":"Anasayfa","item":"https:\/\/narteks.net\/"},{"@type":"ListItem","position":2,"name":"Y\u0131k\u0131lma Sak\u0131n"}]},{"@type":"WebSite","@id":"https:\/\/narteks.net\/#website","url":"https:\/\/narteks.net\/","name":"narteks.net","description":"K\u00fclt\u00fcr Sanat Edebiyat Felsefe","publisher":{"@id":"https:\/\/narteks.net\/#organization"},"alternateName":"K\u00fclt\u00fcr Sanat Edebiyat Felsefe","potentialAction":[{"@type":"SearchAction","target":{"@type":"EntryPoint","urlTemplate":"https:\/\/narteks.net\/?s={search_term_string}"},"query-input":{"@type":"PropertyValueSpecification","valueRequired":true,"valueName":"search_term_string"}}],"inLanguage":"tr"},{"@type":"Organization","@id":"https:\/\/narteks.net\/#organization","name":"narteks.net","url":"https:\/\/narteks.net\/","logo":{"@type":"ImageObject","inLanguage":"tr","@id":"https:\/\/narteks.net\/#\/schema\/logo\/image\/","url":"https:\/\/narteks.net\/wp-content\/uploads\/narteks.png","contentUrl":"https:\/\/narteks.net\/wp-content\/uploads\/narteks.png","width":300,"height":90,"caption":"narteks.net"},"image":{"@id":"https:\/\/narteks.net\/#\/schema\/logo\/image\/"},"sameAs":["https:\/\/x.com\/narteks","https:\/\/instagram.com\/narteksnet"]},{"@type":"Person","@id":"https:\/\/narteks.net\/#\/schema\/person\/61f37d9834294b72d31d274e7ed79bca","name":"Tar\u0131k","image":{"@type":"ImageObject","inLanguage":"tr","@id":"https:\/\/narteks.net\/#\/schema\/person\/image\/","url":"https:\/\/secure.gravatar.com\/avatar\/50865afb55632c4ae467e0af0930f6510aa2297d8014be502a55b14f3b7550cf?s=96&d=mm&r=g","contentUrl":"https:\/\/secure.gravatar.com\/avatar\/50865afb55632c4ae467e0af0930f6510aa2297d8014be502a55b14f3b7550cf?s=96&d=mm&r=g","caption":"Tar\u0131k"},"sameAs":["http:\/\/narteks.net"],"url":"https:\/\/narteks.net\/index.php\/author\/narbak\/"}]}},"_links":{"self":[{"href":"https:\/\/narteks.net\/index.php\/wp-json\/wp\/v2\/posts\/331","targetHints":{"allow":["GET"]}}],"collection":[{"href":"https:\/\/narteks.net\/index.php\/wp-json\/wp\/v2\/posts"}],"about":[{"href":"https:\/\/narteks.net\/index.php\/wp-json\/wp\/v2\/types\/post"}],"author":[{"embeddable":true,"href":"https:\/\/narteks.net\/index.php\/wp-json\/wp\/v2\/users\/1"}],"replies":[{"embeddable":true,"href":"https:\/\/narteks.net\/index.php\/wp-json\/wp\/v2\/comments?post=331"}],"version-history":[{"count":0,"href":"https:\/\/narteks.net\/index.php\/wp-json\/wp\/v2\/posts\/331\/revisions"}],"wp:attachment":[{"href":"https:\/\/narteks.net\/index.php\/wp-json\/wp\/v2\/media?parent=331"}],"wp:term":[{"taxonomy":"category","embeddable":true,"href":"https:\/\/narteks.net\/index.php\/wp-json\/wp\/v2\/categories?post=331"},{"taxonomy":"post_tag","embeddable":true,"href":"https:\/\/narteks.net\/index.php\/wp-json\/wp\/v2\/tags?post=331"}],"curies":[{"name":"wp","href":"https:\/\/api.w.org\/{rel}","templated":true}]}}