{"id":3317,"date":"2009-12-26T11:29:21","date_gmt":"2009-12-26T08:29:21","guid":{"rendered":"http:\/\/localhost\/wordpress\/2009\/12\/26\/yalan-dunya\/"},"modified":"2009-12-26T11:29:21","modified_gmt":"2009-12-26T08:29:21","slug":"yalan-dunya","status":"publish","type":"post","link":"https:\/\/narteks.net\/index.php\/2009\/12\/26\/yalan-dunya\/","title":{"rendered":"YALAN D\u00dcNYA"},"content":{"rendered":"<p>\u00a0<\/p>\n<p>\u0130lk g\u00fcnden al\u0131\u015ft\u0131\u011f\u0131m\u0131z emektar d\u00fcnya,<br \/> Anne y\u00fcz\u00fcnde dost y\u00fcz\u00fcnde evlat y\u00fcz\u00fcnde.<br \/> Her sabah yeniden ba\u015flayan \u015feye doymad\u0131k,<br \/> D\u00fc\u015f\u00fcm\u00fcz ger\u00e7e\u011fimiz ne varsa yery\u00fcz\u00fcnde.<\/p>\n<p> G\u00f6ky\u00fcz\u00fc belledik \u015fu \u00fcrperen mavili\u011fi,<br \/> Ba\u015f\u0131m\u0131z darda kal\u0131nca el a\u00e7t\u0131\u011f\u0131m\u0131z yer.<br \/> G\u00f6ky\u00fcz\u00fcd\u00fcr avutan ak\u0131ll\u0131y\u0131 deliyi,<br \/> G\u00f6ky\u00fcz\u00fcnde bulutlar u\u00e7urtmalar \u00fcmitler.<\/p>\n<p> Her mevsimiyle insan\u0131 ayr\u0131 ayr\u0131 saran,<br \/> Bunca g\u00fczelli\u011fi nas\u0131l koyup gidece\u011fiz.<br \/> Yaman \u00e7alacak o \u00e7almayas\u0131 saat yaman,<br \/> Ge\u00e7mi\u015f ola bir kez yumuldu mu g\u00f6zlerimiz.<\/p>\n","protected":false},"excerpt":{"rendered":"<p>\u00a0 \u0130lk g\u00fcnden al\u0131\u015ft\u0131\u011f\u0131m\u0131z emektar d\u00fcnya, Anne y\u00fcz\u00fcnde dost y\u00fcz\u00fcnde evlat y\u00fcz\u00fcnde. Her sabah yeniden ba\u015flayan \u015feye doymad\u0131k, D\u00fc\u015f\u00fcm\u00fcz ger\u00e7e\u011fimiz ne varsa yery\u00fcz\u00fcnde. G\u00f6ky\u00fcz\u00fc belledik \u015fu \u00fcrperen mavili\u011fi, Ba\u015f\u0131m\u0131z darda kal\u0131nca el a\u00e7t\u0131\u011f\u0131m\u0131z yer. G\u00f6ky\u00fcz\u00fcd\u00fcr avutan ak\u0131ll\u0131y\u0131 deliyi, G\u00f6ky\u00fcz\u00fcnde bulutlar u\u00e7urtmalar \u00fcmitler. Her mevsimiyle insan\u0131 ayr\u0131 ayr\u0131 saran, Bunca g\u00fczelli\u011fi nas\u0131l koyup gidece\u011fiz. Yaman \u00e7alacak [&hellip;]<\/p>\n","protected":false},"author":1,"featured_media":0,"comment_status":"open","ping_status":"open","sticky":false,"template":"","format":"standard","meta":{"footnotes":""},"categories":[109],"tags":[],"class_list":["post-3317","post","type-post","status-publish","format-standard","category-cahit-sitki-taranci"],"yoast_head":"<!-- This site is optimized with the Yoast SEO Premium plugin v24.9 (Yoast SEO v24.9) - https:\/\/yoast.com\/wordpress\/plugins\/seo\/ -->\n<title>YALAN D\u00dcNYA - narteks.net<\/title>\n<meta name=\"robots\" content=\"index, follow, max-snippet:-1, max-image-preview:large, max-video-preview:-1\" \/>\n<link rel=\"canonical\" href=\"https:\/\/narteks.net\/index.php\/2009\/12\/26\/yalan-dunya\/\" \/>\n<meta property=\"og:locale\" content=\"tr_TR\" \/>\n<meta property=\"og:type\" content=\"article\" \/>\n<meta property=\"og:title\" content=\"YALAN D\u00dcNYA\" \/>\n<meta property=\"og:description\" content=\"\u00a0 \u0130lk g\u00fcnden al\u0131\u015ft\u0131\u011f\u0131m\u0131z emektar d\u00fcnya, Anne y\u00fcz\u00fcnde dost y\u00fcz\u00fcnde evlat y\u00fcz\u00fcnde. Her sabah yeniden ba\u015flayan \u015feye doymad\u0131k, D\u00fc\u015f\u00fcm\u00fcz ger\u00e7e\u011fimiz ne varsa yery\u00fcz\u00fcnde. G\u00f6ky\u00fcz\u00fc belledik \u015fu \u00fcrperen mavili\u011fi, Ba\u015f\u0131m\u0131z darda kal\u0131nca el a\u00e7t\u0131\u011f\u0131m\u0131z yer. G\u00f6ky\u00fcz\u00fcd\u00fcr avutan ak\u0131ll\u0131y\u0131 deliyi, G\u00f6ky\u00fcz\u00fcnde bulutlar u\u00e7urtmalar \u00fcmitler. Her mevsimiyle insan\u0131 ayr\u0131 ayr\u0131 saran, Bunca g\u00fczelli\u011fi nas\u0131l koyup gidece\u011fiz. Yaman \u00e7alacak [&hellip;]\" \/>\n<meta property=\"og:url\" content=\"https:\/\/narteks.net\/index.php\/2009\/12\/26\/yalan-dunya\/\" \/>\n<meta property=\"og:site_name\" content=\"narteks.net\" \/>\n<meta property=\"article:published_time\" content=\"2009-12-26T08:29:21+00:00\" \/>\n<meta property=\"og:image\" content=\"https:\/\/narteks.net\/wp-content\/uploads\/narteks.png\" \/>\n\t<meta property=\"og:image:width\" content=\"300\" \/>\n\t<meta property=\"og:image:height\" content=\"90\" \/>\n\t<meta property=\"og:image:type\" content=\"image\/png\" \/>\n<meta name=\"author\" content=\"Tar\u0131k\" \/>\n<meta name=\"twitter:card\" content=\"summary_large_image\" \/>\n<meta name=\"twitter:creator\" content=\"@narteks\" \/>\n<meta name=\"twitter:site\" content=\"@narteks\" \/>\n<meta name=\"twitter:label1\" content=\"Yazan:\" \/>\n\t<meta name=\"twitter:data1\" content=\"Tar\u0131k\" \/>\n\t<meta name=\"twitter:label2\" content=\"Tahmini okuma s\u00fcresi\" \/>\n\t<meta name=\"twitter:data2\" content=\"1 dakika\" \/>\n<script type=\"application\/ld+json\" class=\"yoast-schema-graph\">{\"@context\":\"https:\/\/schema.org\",\"@graph\":[{\"@type\":\"Article\",\"@id\":\"https:\/\/narteks.net\/index.php\/2009\/12\/26\/yalan-dunya\/#article\",\"isPartOf\":{\"@id\":\"https:\/\/narteks.net\/index.php\/2009\/12\/26\/yalan-dunya\/\"},\"author\":{\"name\":\"Tar\u0131k\",\"@id\":\"https:\/\/narteks.net\/#\/schema\/person\/61f37d9834294b72d31d274e7ed79bca\"},\"headline\":\"YALAN D\u00dcNYA\",\"datePublished\":\"2009-12-26T08:29:21+00:00\",\"mainEntityOfPage\":{\"@id\":\"https:\/\/narteks.net\/index.php\/2009\/12\/26\/yalan-dunya\/\"},\"wordCount\":112,\"commentCount\":0,\"publisher\":{\"@id\":\"https:\/\/narteks.net\/#organization\"},\"articleSection\":[\"Cahit S\u0131tk\u0131 TARANCI\"],\"inLanguage\":\"tr\",\"potentialAction\":[{\"@type\":\"CommentAction\",\"name\":\"Comment\",\"target\":[\"https:\/\/narteks.net\/index.php\/2009\/12\/26\/yalan-dunya\/#respond\"]}]},{\"@type\":\"WebPage\",\"@id\":\"https:\/\/narteks.net\/index.php\/2009\/12\/26\/yalan-dunya\/\",\"url\":\"https:\/\/narteks.net\/index.php\/2009\/12\/26\/yalan-dunya\/\",\"name\":\"YALAN D\u00dcNYA - narteks.net\",\"isPartOf\":{\"@id\":\"https:\/\/narteks.net\/#website\"},\"datePublished\":\"2009-12-26T08:29:21+00:00\",\"breadcrumb\":{\"@id\":\"https:\/\/narteks.net\/index.php\/2009\/12\/26\/yalan-dunya\/#breadcrumb\"},\"inLanguage\":\"tr\",\"potentialAction\":[{\"@type\":\"ReadAction\",\"target\":[\"https:\/\/narteks.net\/index.php\/2009\/12\/26\/yalan-dunya\/\"]}]},{\"@type\":\"BreadcrumbList\",\"@id\":\"https:\/\/narteks.net\/index.php\/2009\/12\/26\/yalan-dunya\/#breadcrumb\",\"itemListElement\":[{\"@type\":\"ListItem\",\"position\":1,\"name\":\"Anasayfa\",\"item\":\"https:\/\/narteks.net\/\"},{\"@type\":\"ListItem\",\"position\":2,\"name\":\"YALAN D\u00dcNYA\"}]},{\"@type\":\"WebSite\",\"@id\":\"https:\/\/narteks.net\/#website\",\"url\":\"https:\/\/narteks.net\/\",\"name\":\"narteks.net\",\"description\":\"K\u00fclt\u00fcr Sanat Edebiyat Felsefe\",\"publisher\":{\"@id\":\"https:\/\/narteks.net\/#organization\"},\"alternateName\":\"K\u00fclt\u00fcr Sanat Edebiyat Felsefe\",\"potentialAction\":[{\"@type\":\"SearchAction\",\"target\":{\"@type\":\"EntryPoint\",\"urlTemplate\":\"https:\/\/narteks.net\/?s={search_term_string}\"},\"query-input\":{\"@type\":\"PropertyValueSpecification\",\"valueRequired\":true,\"valueName\":\"search_term_string\"}}],\"inLanguage\":\"tr\"},{\"@type\":\"Organization\",\"@id\":\"https:\/\/narteks.net\/#organization\",\"name\":\"narteks.net\",\"url\":\"https:\/\/narteks.net\/\",\"logo\":{\"@type\":\"ImageObject\",\"inLanguage\":\"tr\",\"@id\":\"https:\/\/narteks.net\/#\/schema\/logo\/image\/\",\"url\":\"https:\/\/narteks.net\/wp-content\/uploads\/narteks.png\",\"contentUrl\":\"https:\/\/narteks.net\/wp-content\/uploads\/narteks.png\",\"width\":300,\"height\":90,\"caption\":\"narteks.net\"},\"image\":{\"@id\":\"https:\/\/narteks.net\/#\/schema\/logo\/image\/\"},\"sameAs\":[\"https:\/\/x.com\/narteks\",\"https:\/\/instagram.com\/narteksnet\"]},{\"@type\":\"Person\",\"@id\":\"https:\/\/narteks.net\/#\/schema\/person\/61f37d9834294b72d31d274e7ed79bca\",\"name\":\"Tar\u0131k\",\"image\":{\"@type\":\"ImageObject\",\"inLanguage\":\"tr\",\"@id\":\"https:\/\/narteks.net\/#\/schema\/person\/image\/\",\"url\":\"https:\/\/secure.gravatar.com\/avatar\/50865afb55632c4ae467e0af0930f6510aa2297d8014be502a55b14f3b7550cf?s=96&d=mm&r=g\",\"contentUrl\":\"https:\/\/secure.gravatar.com\/avatar\/50865afb55632c4ae467e0af0930f6510aa2297d8014be502a55b14f3b7550cf?s=96&d=mm&r=g\",\"caption\":\"Tar\u0131k\"},\"sameAs\":[\"http:\/\/narteks.net\"],\"url\":\"https:\/\/narteks.net\/index.php\/author\/narbak\/\"}]}<\/script>\n<!-- \/ Yoast SEO Premium plugin. -->","yoast_head_json":{"title":"YALAN D\u00dcNYA - narteks.net","robots":{"index":"index","follow":"follow","max-snippet":"max-snippet:-1","max-image-preview":"max-image-preview:large","max-video-preview":"max-video-preview:-1"},"canonical":"https:\/\/narteks.net\/index.php\/2009\/12\/26\/yalan-dunya\/","og_locale":"tr_TR","og_type":"article","og_title":"YALAN D\u00dcNYA","og_description":"\u00a0 \u0130lk g\u00fcnden al\u0131\u015ft\u0131\u011f\u0131m\u0131z emektar d\u00fcnya, Anne y\u00fcz\u00fcnde dost y\u00fcz\u00fcnde evlat y\u00fcz\u00fcnde. Her sabah yeniden ba\u015flayan \u015feye doymad\u0131k, D\u00fc\u015f\u00fcm\u00fcz ger\u00e7e\u011fimiz ne varsa yery\u00fcz\u00fcnde. G\u00f6ky\u00fcz\u00fc belledik \u015fu \u00fcrperen mavili\u011fi, Ba\u015f\u0131m\u0131z darda kal\u0131nca el a\u00e7t\u0131\u011f\u0131m\u0131z yer. G\u00f6ky\u00fcz\u00fcd\u00fcr avutan ak\u0131ll\u0131y\u0131 deliyi, G\u00f6ky\u00fcz\u00fcnde bulutlar u\u00e7urtmalar \u00fcmitler. Her mevsimiyle insan\u0131 ayr\u0131 ayr\u0131 saran, Bunca g\u00fczelli\u011fi nas\u0131l koyup gidece\u011fiz. Yaman \u00e7alacak [&hellip;]","og_url":"https:\/\/narteks.net\/index.php\/2009\/12\/26\/yalan-dunya\/","og_site_name":"narteks.net","article_published_time":"2009-12-26T08:29:21+00:00","og_image":[{"width":300,"height":90,"url":"https:\/\/narteks.net\/wp-content\/uploads\/narteks.png","type":"image\/png"}],"author":"Tar\u0131k","twitter_card":"summary_large_image","twitter_creator":"@narteks","twitter_site":"@narteks","twitter_misc":{"Yazan:":"Tar\u0131k","Tahmini okuma s\u00fcresi":"1 dakika"},"schema":{"@context":"https:\/\/schema.org","@graph":[{"@type":"Article","@id":"https:\/\/narteks.net\/index.php\/2009\/12\/26\/yalan-dunya\/#article","isPartOf":{"@id":"https:\/\/narteks.net\/index.php\/2009\/12\/26\/yalan-dunya\/"},"author":{"name":"Tar\u0131k","@id":"https:\/\/narteks.net\/#\/schema\/person\/61f37d9834294b72d31d274e7ed79bca"},"headline":"YALAN D\u00dcNYA","datePublished":"2009-12-26T08:29:21+00:00","mainEntityOfPage":{"@id":"https:\/\/narteks.net\/index.php\/2009\/12\/26\/yalan-dunya\/"},"wordCount":112,"commentCount":0,"publisher":{"@id":"https:\/\/narteks.net\/#organization"},"articleSection":["Cahit S\u0131tk\u0131 TARANCI"],"inLanguage":"tr","potentialAction":[{"@type":"CommentAction","name":"Comment","target":["https:\/\/narteks.net\/index.php\/2009\/12\/26\/yalan-dunya\/#respond"]}]},{"@type":"WebPage","@id":"https:\/\/narteks.net\/index.php\/2009\/12\/26\/yalan-dunya\/","url":"https:\/\/narteks.net\/index.php\/2009\/12\/26\/yalan-dunya\/","name":"YALAN D\u00dcNYA - narteks.net","isPartOf":{"@id":"https:\/\/narteks.net\/#website"},"datePublished":"2009-12-26T08:29:21+00:00","breadcrumb":{"@id":"https:\/\/narteks.net\/index.php\/2009\/12\/26\/yalan-dunya\/#breadcrumb"},"inLanguage":"tr","potentialAction":[{"@type":"ReadAction","target":["https:\/\/narteks.net\/index.php\/2009\/12\/26\/yalan-dunya\/"]}]},{"@type":"BreadcrumbList","@id":"https:\/\/narteks.net\/index.php\/2009\/12\/26\/yalan-dunya\/#breadcrumb","itemListElement":[{"@type":"ListItem","position":1,"name":"Anasayfa","item":"https:\/\/narteks.net\/"},{"@type":"ListItem","position":2,"name":"YALAN D\u00dcNYA"}]},{"@type":"WebSite","@id":"https:\/\/narteks.net\/#website","url":"https:\/\/narteks.net\/","name":"narteks.net","description":"K\u00fclt\u00fcr Sanat Edebiyat Felsefe","publisher":{"@id":"https:\/\/narteks.net\/#organization"},"alternateName":"K\u00fclt\u00fcr Sanat Edebiyat Felsefe","potentialAction":[{"@type":"SearchAction","target":{"@type":"EntryPoint","urlTemplate":"https:\/\/narteks.net\/?s={search_term_string}"},"query-input":{"@type":"PropertyValueSpecification","valueRequired":true,"valueName":"search_term_string"}}],"inLanguage":"tr"},{"@type":"Organization","@id":"https:\/\/narteks.net\/#organization","name":"narteks.net","url":"https:\/\/narteks.net\/","logo":{"@type":"ImageObject","inLanguage":"tr","@id":"https:\/\/narteks.net\/#\/schema\/logo\/image\/","url":"https:\/\/narteks.net\/wp-content\/uploads\/narteks.png","contentUrl":"https:\/\/narteks.net\/wp-content\/uploads\/narteks.png","width":300,"height":90,"caption":"narteks.net"},"image":{"@id":"https:\/\/narteks.net\/#\/schema\/logo\/image\/"},"sameAs":["https:\/\/x.com\/narteks","https:\/\/instagram.com\/narteksnet"]},{"@type":"Person","@id":"https:\/\/narteks.net\/#\/schema\/person\/61f37d9834294b72d31d274e7ed79bca","name":"Tar\u0131k","image":{"@type":"ImageObject","inLanguage":"tr","@id":"https:\/\/narteks.net\/#\/schema\/person\/image\/","url":"https:\/\/secure.gravatar.com\/avatar\/50865afb55632c4ae467e0af0930f6510aa2297d8014be502a55b14f3b7550cf?s=96&d=mm&r=g","contentUrl":"https:\/\/secure.gravatar.com\/avatar\/50865afb55632c4ae467e0af0930f6510aa2297d8014be502a55b14f3b7550cf?s=96&d=mm&r=g","caption":"Tar\u0131k"},"sameAs":["http:\/\/narteks.net"],"url":"https:\/\/narteks.net\/index.php\/author\/narbak\/"}]}},"_links":{"self":[{"href":"https:\/\/narteks.net\/index.php\/wp-json\/wp\/v2\/posts\/3317","targetHints":{"allow":["GET"]}}],"collection":[{"href":"https:\/\/narteks.net\/index.php\/wp-json\/wp\/v2\/posts"}],"about":[{"href":"https:\/\/narteks.net\/index.php\/wp-json\/wp\/v2\/types\/post"}],"author":[{"embeddable":true,"href":"https:\/\/narteks.net\/index.php\/wp-json\/wp\/v2\/users\/1"}],"replies":[{"embeddable":true,"href":"https:\/\/narteks.net\/index.php\/wp-json\/wp\/v2\/comments?post=3317"}],"version-history":[{"count":0,"href":"https:\/\/narteks.net\/index.php\/wp-json\/wp\/v2\/posts\/3317\/revisions"}],"wp:attachment":[{"href":"https:\/\/narteks.net\/index.php\/wp-json\/wp\/v2\/media?parent=3317"}],"wp:term":[{"taxonomy":"category","embeddable":true,"href":"https:\/\/narteks.net\/index.php\/wp-json\/wp\/v2\/categories?post=3317"},{"taxonomy":"post_tag","embeddable":true,"href":"https:\/\/narteks.net\/index.php\/wp-json\/wp\/v2\/tags?post=3317"}],"curies":[{"name":"wp","href":"https:\/\/api.w.org\/{rel}","templated":true}]}}