{"id":3335,"date":"2009-12-26T12:28:17","date_gmt":"2009-12-26T09:28:17","guid":{"rendered":"http:\/\/localhost\/wordpress\/2009\/12\/26\/kaybolmus-kentin-eskicileri-metin-kemal-kahraman-kardesler-narteksnet-sayfalarinda\/"},"modified":"2009-12-26T12:28:17","modified_gmt":"2009-12-26T09:28:17","slug":"kaybolmus-kentin-eskicileri-metin-kemal-kahraman-kardesler-narteksnet-sayfalarinda","status":"publish","type":"post","link":"https:\/\/narteks.net\/index.php\/2009\/12\/26\/kaybolmus-kentin-eskicileri-metin-kemal-kahraman-kardesler-narteksnet-sayfalarinda\/","title":{"rendered":"Kaybolmu\u015f kentin eskicileri; Metin-Kemal KAHRAMAN karde\u015fler Narteks.net sayfalar\u0131nda"},"content":{"rendered":"<p><img loading=\"lazy\" decoding=\"async\" src=\"images\/stories\/mkk.jpg\" border=\"0\" width=\"155\" height=\"205\" style=\"float: left;\" \/><\/p>\n<p style=\"text-align: justify;\">Metin ve Kemal Kahraman Dersim&#8217;in P\u00fcl\u00fcm\u00fcr il\u00e7esine ba\u011fl\u0131 bir da\u011f k\u00f6y\u00fcnde d\u00fcnyaya geldi. Babalar\u0131n\u0131n Devlet Demiryollar\u0131&#8217;nda \u00e7al\u0131\u015fm\u0131\u015f olmas\u0131ndan dolay\u0131, \u00e7ocukluklar\u0131n\u0131n ilk y\u0131llar\u0131n\u0131 Erzincan&#8217;da ge\u00e7irdiler, ancak daha sonralar\u0131 ise yazlar\u0131 Dersim&#8217;de k\u00f6yde, k\u0131\u015flar\u0131 Erzincan&#8217;da olmak \u00fczere iki ayr\u0131 yerde ya\u015famlar\u0131n\u0131 s\u00fcrd\u00fcrd\u00fcler. Bu, onlara iki ayr\u0131 k\u00fclt\u00fcre de tan\u0131kl\u0131k etme imk\u00e2n\u0131 sa\u011flad\u0131. Bu y\u00fczden Erzincan&#8217;daki T\u00fcrk\u00e7eyi de, Dersim&#8217;de konu\u015fulan Zazacay\u0131 da kendi dilleri sayd\u0131lar ve ortaya koyduklar\u0131 \u00fcr\u00fcnlerde bu iki dili de kulland\u0131lar. \u0130lk, orta ve lise e\u011fitimlerini Erzincan&#8217;da tamamlad\u0131lar.<\/p>\n<p>Kemal Kahraman 1983 y\u0131l\u0131nda \u0130stanbul \u00dcniversitesi T\u00fcrk Dili ve Edebiyat\u0131 B\u00f6l\u00fcm\u00fc&#8217;ne girdi. Ancak 1984 y\u0131l\u0131nda bu okulu b\u0131rakarak, Ankara&#8217;da ODT\u00dc Felsefe B\u00f6l\u00fcm\u00fc&#8217;ne ba\u015flad\u0131. Metin Kahraman ise 1984 y\u0131l\u0131nda Marmara \u00dcniversitesi Bas\u0131n Yay\u0131n Y\u00fcksekokulu Radyo Televizyon B\u00f6l\u00fcm\u00fc&#8217;ne girdi. 1985 y\u0131l\u0131nda bu okulda okuyan birka\u00e7 arkada\u015f\u0131yla birlikte Grup Yorum&#8217;u kuranlar\u0131n aras\u0131nda yer ald\u0131. Ayn\u0131 y\u0131llarda Kemal de Ankara&#8217;da \u00e7e\u015fitli amat\u00f6r m\u00fczik gruplar\u0131nda yer ald\u0131.<\/p>\n<p>Grup Yorum&#8217;dan ayr\u0131ld\u0131ktan sonra, 1991 y\u0131l\u0131nda \u0130stanbul&#8217;da tekrar bir araya gelen Kahraman karde\u015fler, 1993&#8217;te iki y\u0131ll\u0131k \u00e7al\u0131\u015fmalar\u0131n\u0131n \u00fcr\u00fcn\u00fc olan ilk alb\u00fcmlerini ger\u00e7ekle\u015ftirdiler.<\/p>\n<div>\n<object width=\"480\" height=\"365\" data=\"http:\/\/www.dailymotion.com\/swf\/x5x43i&amp;related=0\" type=\"application\/x-shockwave-flash\"><param name=\"allowFullScreen\" value=\"true\" \/><param name=\"allowScriptAccess\" value=\"always\" \/><param name=\"src\" value=\"http:\/\/www.dailymotion.com\/swf\/x5x43i&amp;related=0\" \/><param name=\"allowfullscreen\" value=\"true\" \/><\/object><br \/>\n<br \/><strong><a href=\"http:\/\/www.dailymotion.com\/video\/x5x43i_metin-kemal-kahraman-deniz-koydum-a_music\">Metin Kemal Kahraman &#8211; Deniz Koydum Ad\u0131n\u0131<\/a><\/strong><br \/><em><a href=\"http:\/\/www.dailymotion.com\/tr\/channel\/music\"><br \/><\/a><\/em><\/div>\n<p style=\"text-align: justify;\">Daha sonra Kemal Kahraman e\u011fitim amac\u0131yla <abbr><span class=\"glossary-term\">Almanya<\/span><\/abbr>&#8216;ya yerle\u015fti. Metin Kahraman\u2019\u0131n da <abbr><span class=\"glossary-term\">zaman<\/span><\/abbr> <abbr><span class=\"glossary-term\">zaman<\/span><\/abbr> Almanya&#8217;ya gitmesiyle m\u00fczik \u00e7al\u0131\u015fmalar\u0131n\u0131 birlikte s\u00fcrd\u00fcrd\u00fcler. Kahraman karde\u015fler b\u00fcy\u00fck be\u011feni toplayan \u00e7al\u0131\u015fmalar\u0131n\u0131 profesyonel alb\u00fcmlerle farkl\u0131 zaman dilimlerinde dinleyicilerle bulu\u015fturdular ve \u00e7al\u0131\u015fmalar\u0131na devam etmektedirler.<\/p>\n<p style=\"text-align: justify;\">1990 y\u0131l\u0131ndan itibaren Dersim ve Erzincan y\u00f6relerinde derleme \u00e7al\u0131\u015fmalar\u0131 da yapan Metin-Kemal Kahraman, b\u00f6lgenin tarihi, s\u00f6zl\u00fc edebiyat\u0131, inan\u00e7lar\u0131, g\u00fcnl\u00fck ya\u015fam\u0131, gelenekleri, m\u00fczi\u011fi gibi \u00e7e\u015fitli konularda ara\u015ft\u0131rmalar yapt\u0131lar ve bu do\u011frultuda <abbr><span class=\"glossary-term\">belgesel<\/span><\/abbr> alb\u00fcmler haz\u0131rlad\u0131lar.<\/p>\n<p style=\"text-align: justify;\">S\u00f6zleri ve besteleri kendilerine ait olan eserler, ba\u015fka m\u00fczisyenler taraf\u0131ndan da seslendirildi. Her iki sanat\u00e7\u0131 da saz, cura ve gitar \u00e7almaktad\u0131r. Metin-Kemal Kahraman, Zazaca\u2019y\u0131 kullanarak, m\u00fczikte bu alanda nitelikli ve \u00f6nc\u00fc \u00e7al\u0131\u015fmalar yapt\u0131lar. Onlar\u0131n \u00e7al\u0131\u015fmalar\u0131ndan sonra, Zazacan\u0131n kullan\u0131ld\u0131\u011f\u0131 alb\u00fcmlerin say\u0131s\u0131nda bir art\u0131\u015f oldu. Onlardan \u00f6nce \u00e7o\u011funlukla Kurmanci leh\u00e7esiyle ortaya konulan eserler ula\u015ft\u0131r\u0131l\u0131yordu dinleyicilere.<\/p>\n<div>\n<object width=\"480\" height=\"365\" data=\"http:\/\/www.dailymotion.com\/swf\/x643yw&amp;related=0\" type=\"application\/x-shockwave-flash\"><param name=\"allowFullScreen\" value=\"true\" \/><param name=\"allowScriptAccess\" value=\"always\" \/><param name=\"src\" value=\"http:\/\/www.dailymotion.com\/swf\/x643yw&amp;related=0\" \/><param name=\"allowfullscreen\" value=\"true\" \/><\/object><br \/>\n<br \/><strong><a href=\"http:\/\/www.dailymotion.com\/video\/x643yw_metin-kemal-kahraman-dewrano_music\">Metin Kemal Kahraman &#8211; Dewrano<\/a><\/strong><br \/><em><a href=\"http:\/\/www.dailymotion.com\/tr\/channel\/music\"><br \/><\/a><\/em><\/div>\n<p style=\"text-align: justify;\">Metin-Kemal Kahraman, sadece Zazaca\u2019y\u0131 kullanmad\u0131lar m\u00fcziklerinde. \u0130\u00e7inde bulunduklar\u0131 d\u00fcnyay\u0131 alg\u0131lay\u0131\u015f \u015fekillerini, duygular\u0131n\u0131 ve d\u00fc\u015f\u00fcncelerini, T\u00fcrk\u00e7e\u2019deki \u00f6zg\u00fcn \u00f6rneklerle yans\u0131tma ba\u015far\u0131s\u0131na da ula\u015ft\u0131lar. Sanat\u00e7\u0131lar\u0131n ba\u015far\u0131s\u0131nda \u015fark\u0131lar\u0131n s\u00f6zlerini de, kendilerinin yazmas\u0131n\u0131n rol\u00fcn\u00fc unutmamak gerekiyor. \u0130kilinin ilk alb\u00fcmleri &#8220;Deniz Koydum Ad\u0131n\u0131&#8221;, ikinci alb\u00fcmleri, &#8220;Renklerde Ya\u015famak&#8221;, \u00fc\u00e7\u00fcnc\u00fc alb\u00fcmleri &#8220;Ya\u015fl\u0131lar Dersim T\u00fcrk\u00fcleri S\u00f6yl\u00fcyor&#8221;, sonra &#8220;Ferfecir&#8221;. 2009 Ekim ay\u0131nda ise son alb\u00fcmleri \u201c\u015eahmaran\u201d\u0131 dinleyebilece\u011fiz.<\/p>\n<p>\n<object width=\"400\" height=\"315\" data=\"http:\/\/www.humyo.com\/E\/10044311-281475119146274\/10044311-281475136583557\/10044311-281475119153222\/10044311-281475119155660\/10044311-281475119157926\/10044311-281475119162596\/10044311-281475119159540\/10044311-281475119164316\/10044311-281475119166912\/10044311-281475119168428\/10044311-281475119170460\/10044311-281475119171888\/10044311-281475119173602\/10044311-281475119177306\/10044311-281475119181190\/10044311-281475119183772\/10044311-281475119186000\/10044311-281475119188244\/10044311-281475119189298\" type=\"application\/x-shockwave-flash\"><param name=\"flashvars\" value=\"autostart=true&amp;imagestart=true&amp;displayheight=236\" \/><param name=\"src\" value=\"http:\/\/www.humyo.com\/E\/10044311-281475119146274\/10044311-281475136583557\/10044311-281475119153222\/10044311-281475119155660\/10044311-281475119157926\/10044311-281475119162596\/10044311-281475119159540\/10044311-281475119164316\/10044311-281475119166912\/10044311-281475119168428\/10044311-281475119170460\/10044311-281475119171888\/10044311-281475119173602\/10044311-281475119177306\/10044311-281475119181190\/10044311-281475119183772\/10044311-281475119186000\/10044311-281475119188244\/10044311-281475119189298\" \/><\/object><\/p>\n","protected":false},"excerpt":{"rendered":"<p>Metin ve Kemal Kahraman Dersim&#8217;in P\u00fcl\u00fcm\u00fcr il\u00e7esine ba\u011fl\u0131 bir da\u011f k\u00f6y\u00fcnde d\u00fcnyaya geldi. Babalar\u0131n\u0131n Devlet Demiryollar\u0131&#8217;nda \u00e7al\u0131\u015fm\u0131\u015f olmas\u0131ndan dolay\u0131, \u00e7ocukluklar\u0131n\u0131n ilk y\u0131llar\u0131n\u0131 Erzincan&#8217;da ge\u00e7irdiler, ancak daha sonralar\u0131 ise yazlar\u0131 Dersim&#8217;de k\u00f6yde, k\u0131\u015flar\u0131 Erzincan&#8217;da olmak \u00fczere iki ayr\u0131 yerde ya\u015famlar\u0131n\u0131 s\u00fcrd\u00fcrd\u00fcler. Bu, onlara iki ayr\u0131 k\u00fclt\u00fcre de tan\u0131kl\u0131k etme imk\u00e2n\u0131 sa\u011flad\u0131. Bu y\u00fczden Erzincan&#8217;daki T\u00fcrk\u00e7eyi de, [&hellip;]<\/p>\n","protected":false},"author":1,"featured_media":0,"comment_status":"open","ping_status":"open","sticky":false,"template":"","format":"standard","meta":{"footnotes":""},"categories":[100],"tags":[],"class_list":{"0":"post-3335","1":"post","2":"type-post","3":"status-publish","4":"format-standard","6":"category-muzisyenler"},"yoast_head":"<!-- This site is optimized with the Yoast SEO Premium plugin v24.9 (Yoast SEO v24.9) - https:\/\/yoast.com\/wordpress\/plugins\/seo\/ -->\n<title>Kaybolmu\u015f kentin eskicileri; Metin-Kemal KAHRAMAN karde\u015fler Narteks.net sayfalar\u0131nda - narteks.net<\/title>\n<meta name=\"robots\" content=\"index, follow, max-snippet:-1, max-image-preview:large, max-video-preview:-1\" \/>\n<link rel=\"canonical\" href=\"https:\/\/narteks.net\/index.php\/2009\/12\/26\/kaybolmus-kentin-eskicileri-metin-kemal-kahraman-kardesler-narteksnet-sayfalarinda\/\" \/>\n<meta property=\"og:locale\" content=\"tr_TR\" \/>\n<meta property=\"og:type\" content=\"article\" \/>\n<meta property=\"og:title\" content=\"Kaybolmu\u015f kentin eskicileri; Metin-Kemal KAHRAMAN karde\u015fler Narteks.net sayfalar\u0131nda\" \/>\n<meta property=\"og:description\" content=\"Metin ve Kemal Kahraman Dersim&#8217;in P\u00fcl\u00fcm\u00fcr il\u00e7esine ba\u011fl\u0131 bir da\u011f k\u00f6y\u00fcnde d\u00fcnyaya geldi. Babalar\u0131n\u0131n Devlet Demiryollar\u0131&#8217;nda \u00e7al\u0131\u015fm\u0131\u015f olmas\u0131ndan dolay\u0131, \u00e7ocukluklar\u0131n\u0131n ilk y\u0131llar\u0131n\u0131 Erzincan&#8217;da ge\u00e7irdiler, ancak daha sonralar\u0131 ise yazlar\u0131 Dersim&#8217;de k\u00f6yde, k\u0131\u015flar\u0131 Erzincan&#8217;da olmak \u00fczere iki ayr\u0131 yerde ya\u015famlar\u0131n\u0131 s\u00fcrd\u00fcrd\u00fcler. Bu, onlara iki ayr\u0131 k\u00fclt\u00fcre de tan\u0131kl\u0131k etme imk\u00e2n\u0131 sa\u011flad\u0131. Bu y\u00fczden Erzincan&#8217;daki T\u00fcrk\u00e7eyi de, [&hellip;]\" \/>\n<meta property=\"og:url\" content=\"https:\/\/narteks.net\/index.php\/2009\/12\/26\/kaybolmus-kentin-eskicileri-metin-kemal-kahraman-kardesler-narteksnet-sayfalarinda\/\" \/>\n<meta property=\"og:site_name\" content=\"narteks.net\" \/>\n<meta property=\"article:published_time\" content=\"2009-12-26T09:28:17+00:00\" \/>\n<meta property=\"og:image\" content=\"https:\/\/narteks.net\/wp-content\/uploads\/narteks.png\" \/>\n\t<meta property=\"og:image:width\" content=\"300\" \/>\n\t<meta property=\"og:image:height\" content=\"90\" \/>\n\t<meta property=\"og:image:type\" content=\"image\/png\" \/>\n<meta name=\"author\" content=\"Tar\u0131k\" \/>\n<meta name=\"twitter:card\" content=\"summary_large_image\" \/>\n<meta name=\"twitter:creator\" content=\"@narteks\" \/>\n<meta name=\"twitter:site\" content=\"@narteks\" \/>\n<meta name=\"twitter:label1\" content=\"Yazan:\" \/>\n\t<meta name=\"twitter:data1\" content=\"Tar\u0131k\" \/>\n\t<meta name=\"twitter:label2\" content=\"Tahmini okuma s\u00fcresi\" \/>\n\t<meta name=\"twitter:data2\" content=\"3 dakika\" \/>\n<script type=\"application\/ld+json\" class=\"yoast-schema-graph\">{\"@context\":\"https:\/\/schema.org\",\"@graph\":[{\"@type\":\"Article\",\"@id\":\"https:\/\/narteks.net\/index.php\/2009\/12\/26\/kaybolmus-kentin-eskicileri-metin-kemal-kahraman-kardesler-narteksnet-sayfalarinda\/#article\",\"isPartOf\":{\"@id\":\"https:\/\/narteks.net\/index.php\/2009\/12\/26\/kaybolmus-kentin-eskicileri-metin-kemal-kahraman-kardesler-narteksnet-sayfalarinda\/\"},\"author\":{\"name\":\"Tar\u0131k\",\"@id\":\"https:\/\/narteks.net\/#\/schema\/person\/61f37d9834294b72d31d274e7ed79bca\"},\"headline\":\"Kaybolmu\u015f kentin eskicileri; Metin-Kemal KAHRAMAN karde\u015fler Narteks.net sayfalar\u0131nda\",\"datePublished\":\"2009-12-26T09:28:17+00:00\",\"mainEntityOfPage\":{\"@id\":\"https:\/\/narteks.net\/index.php\/2009\/12\/26\/kaybolmus-kentin-eskicileri-metin-kemal-kahraman-kardesler-narteksnet-sayfalarinda\/\"},\"wordCount\":549,\"commentCount\":0,\"publisher\":{\"@id\":\"https:\/\/narteks.net\/#organization\"},\"articleSection\":[\"M\u00fczisyenler\"],\"inLanguage\":\"tr\",\"potentialAction\":[{\"@type\":\"CommentAction\",\"name\":\"Comment\",\"target\":[\"https:\/\/narteks.net\/index.php\/2009\/12\/26\/kaybolmus-kentin-eskicileri-metin-kemal-kahraman-kardesler-narteksnet-sayfalarinda\/#respond\"]}]},{\"@type\":\"WebPage\",\"@id\":\"https:\/\/narteks.net\/index.php\/2009\/12\/26\/kaybolmus-kentin-eskicileri-metin-kemal-kahraman-kardesler-narteksnet-sayfalarinda\/\",\"url\":\"https:\/\/narteks.net\/index.php\/2009\/12\/26\/kaybolmus-kentin-eskicileri-metin-kemal-kahraman-kardesler-narteksnet-sayfalarinda\/\",\"name\":\"Kaybolmu\u015f kentin eskicileri; Metin-Kemal KAHRAMAN karde\u015fler Narteks.net sayfalar\u0131nda - narteks.net\",\"isPartOf\":{\"@id\":\"https:\/\/narteks.net\/#website\"},\"datePublished\":\"2009-12-26T09:28:17+00:00\",\"breadcrumb\":{\"@id\":\"https:\/\/narteks.net\/index.php\/2009\/12\/26\/kaybolmus-kentin-eskicileri-metin-kemal-kahraman-kardesler-narteksnet-sayfalarinda\/#breadcrumb\"},\"inLanguage\":\"tr\",\"potentialAction\":[{\"@type\":\"ReadAction\",\"target\":[\"https:\/\/narteks.net\/index.php\/2009\/12\/26\/kaybolmus-kentin-eskicileri-metin-kemal-kahraman-kardesler-narteksnet-sayfalarinda\/\"]}]},{\"@type\":\"BreadcrumbList\",\"@id\":\"https:\/\/narteks.net\/index.php\/2009\/12\/26\/kaybolmus-kentin-eskicileri-metin-kemal-kahraman-kardesler-narteksnet-sayfalarinda\/#breadcrumb\",\"itemListElement\":[{\"@type\":\"ListItem\",\"position\":1,\"name\":\"Anasayfa\",\"item\":\"https:\/\/narteks.net\/\"},{\"@type\":\"ListItem\",\"position\":2,\"name\":\"Kaybolmu\u015f kentin eskicileri; Metin-Kemal KAHRAMAN karde\u015fler Narteks.net sayfalar\u0131nda\"}]},{\"@type\":\"WebSite\",\"@id\":\"https:\/\/narteks.net\/#website\",\"url\":\"https:\/\/narteks.net\/\",\"name\":\"narteks.net\",\"description\":\"K\u00fclt\u00fcr Sanat Edebiyat Felsefe\",\"publisher\":{\"@id\":\"https:\/\/narteks.net\/#organization\"},\"alternateName\":\"K\u00fclt\u00fcr Sanat Edebiyat Felsefe\",\"potentialAction\":[{\"@type\":\"SearchAction\",\"target\":{\"@type\":\"EntryPoint\",\"urlTemplate\":\"https:\/\/narteks.net\/?s={search_term_string}\"},\"query-input\":{\"@type\":\"PropertyValueSpecification\",\"valueRequired\":true,\"valueName\":\"search_term_string\"}}],\"inLanguage\":\"tr\"},{\"@type\":\"Organization\",\"@id\":\"https:\/\/narteks.net\/#organization\",\"name\":\"narteks.net\",\"url\":\"https:\/\/narteks.net\/\",\"logo\":{\"@type\":\"ImageObject\",\"inLanguage\":\"tr\",\"@id\":\"https:\/\/narteks.net\/#\/schema\/logo\/image\/\",\"url\":\"https:\/\/narteks.net\/wp-content\/uploads\/narteks.png\",\"contentUrl\":\"https:\/\/narteks.net\/wp-content\/uploads\/narteks.png\",\"width\":300,\"height\":90,\"caption\":\"narteks.net\"},\"image\":{\"@id\":\"https:\/\/narteks.net\/#\/schema\/logo\/image\/\"},\"sameAs\":[\"https:\/\/x.com\/narteks\",\"https:\/\/instagram.com\/narteksnet\"]},{\"@type\":\"Person\",\"@id\":\"https:\/\/narteks.net\/#\/schema\/person\/61f37d9834294b72d31d274e7ed79bca\",\"name\":\"Tar\u0131k\",\"image\":{\"@type\":\"ImageObject\",\"inLanguage\":\"tr\",\"@id\":\"https:\/\/narteks.net\/#\/schema\/person\/image\/\",\"url\":\"https:\/\/secure.gravatar.com\/avatar\/50865afb55632c4ae467e0af0930f6510aa2297d8014be502a55b14f3b7550cf?s=96&d=mm&r=g\",\"contentUrl\":\"https:\/\/secure.gravatar.com\/avatar\/50865afb55632c4ae467e0af0930f6510aa2297d8014be502a55b14f3b7550cf?s=96&d=mm&r=g\",\"caption\":\"Tar\u0131k\"},\"sameAs\":[\"http:\/\/narteks.net\"],\"url\":\"https:\/\/narteks.net\/index.php\/author\/narbak\/\"}]}<\/script>\n<!-- \/ Yoast SEO Premium plugin. -->","yoast_head_json":{"title":"Kaybolmu\u015f kentin eskicileri; Metin-Kemal KAHRAMAN karde\u015fler Narteks.net sayfalar\u0131nda - narteks.net","robots":{"index":"index","follow":"follow","max-snippet":"max-snippet:-1","max-image-preview":"max-image-preview:large","max-video-preview":"max-video-preview:-1"},"canonical":"https:\/\/narteks.net\/index.php\/2009\/12\/26\/kaybolmus-kentin-eskicileri-metin-kemal-kahraman-kardesler-narteksnet-sayfalarinda\/","og_locale":"tr_TR","og_type":"article","og_title":"Kaybolmu\u015f kentin eskicileri; Metin-Kemal KAHRAMAN karde\u015fler Narteks.net sayfalar\u0131nda","og_description":"Metin ve Kemal Kahraman Dersim&#8217;in P\u00fcl\u00fcm\u00fcr il\u00e7esine ba\u011fl\u0131 bir da\u011f k\u00f6y\u00fcnde d\u00fcnyaya geldi. Babalar\u0131n\u0131n Devlet Demiryollar\u0131&#8217;nda \u00e7al\u0131\u015fm\u0131\u015f olmas\u0131ndan dolay\u0131, \u00e7ocukluklar\u0131n\u0131n ilk y\u0131llar\u0131n\u0131 Erzincan&#8217;da ge\u00e7irdiler, ancak daha sonralar\u0131 ise yazlar\u0131 Dersim&#8217;de k\u00f6yde, k\u0131\u015flar\u0131 Erzincan&#8217;da olmak \u00fczere iki ayr\u0131 yerde ya\u015famlar\u0131n\u0131 s\u00fcrd\u00fcrd\u00fcler. Bu, onlara iki ayr\u0131 k\u00fclt\u00fcre de tan\u0131kl\u0131k etme imk\u00e2n\u0131 sa\u011flad\u0131. Bu y\u00fczden Erzincan&#8217;daki T\u00fcrk\u00e7eyi de, [&hellip;]","og_url":"https:\/\/narteks.net\/index.php\/2009\/12\/26\/kaybolmus-kentin-eskicileri-metin-kemal-kahraman-kardesler-narteksnet-sayfalarinda\/","og_site_name":"narteks.net","article_published_time":"2009-12-26T09:28:17+00:00","og_image":[{"width":300,"height":90,"url":"https:\/\/narteks.net\/wp-content\/uploads\/narteks.png","type":"image\/png"}],"author":"Tar\u0131k","twitter_card":"summary_large_image","twitter_creator":"@narteks","twitter_site":"@narteks","twitter_misc":{"Yazan:":"Tar\u0131k","Tahmini okuma s\u00fcresi":"3 dakika"},"schema":{"@context":"https:\/\/schema.org","@graph":[{"@type":"Article","@id":"https:\/\/narteks.net\/index.php\/2009\/12\/26\/kaybolmus-kentin-eskicileri-metin-kemal-kahraman-kardesler-narteksnet-sayfalarinda\/#article","isPartOf":{"@id":"https:\/\/narteks.net\/index.php\/2009\/12\/26\/kaybolmus-kentin-eskicileri-metin-kemal-kahraman-kardesler-narteksnet-sayfalarinda\/"},"author":{"name":"Tar\u0131k","@id":"https:\/\/narteks.net\/#\/schema\/person\/61f37d9834294b72d31d274e7ed79bca"},"headline":"Kaybolmu\u015f kentin eskicileri; Metin-Kemal KAHRAMAN karde\u015fler Narteks.net sayfalar\u0131nda","datePublished":"2009-12-26T09:28:17+00:00","mainEntityOfPage":{"@id":"https:\/\/narteks.net\/index.php\/2009\/12\/26\/kaybolmus-kentin-eskicileri-metin-kemal-kahraman-kardesler-narteksnet-sayfalarinda\/"},"wordCount":549,"commentCount":0,"publisher":{"@id":"https:\/\/narteks.net\/#organization"},"articleSection":["M\u00fczisyenler"],"inLanguage":"tr","potentialAction":[{"@type":"CommentAction","name":"Comment","target":["https:\/\/narteks.net\/index.php\/2009\/12\/26\/kaybolmus-kentin-eskicileri-metin-kemal-kahraman-kardesler-narteksnet-sayfalarinda\/#respond"]}]},{"@type":"WebPage","@id":"https:\/\/narteks.net\/index.php\/2009\/12\/26\/kaybolmus-kentin-eskicileri-metin-kemal-kahraman-kardesler-narteksnet-sayfalarinda\/","url":"https:\/\/narteks.net\/index.php\/2009\/12\/26\/kaybolmus-kentin-eskicileri-metin-kemal-kahraman-kardesler-narteksnet-sayfalarinda\/","name":"Kaybolmu\u015f kentin eskicileri; Metin-Kemal KAHRAMAN karde\u015fler Narteks.net sayfalar\u0131nda - narteks.net","isPartOf":{"@id":"https:\/\/narteks.net\/#website"},"datePublished":"2009-12-26T09:28:17+00:00","breadcrumb":{"@id":"https:\/\/narteks.net\/index.php\/2009\/12\/26\/kaybolmus-kentin-eskicileri-metin-kemal-kahraman-kardesler-narteksnet-sayfalarinda\/#breadcrumb"},"inLanguage":"tr","potentialAction":[{"@type":"ReadAction","target":["https:\/\/narteks.net\/index.php\/2009\/12\/26\/kaybolmus-kentin-eskicileri-metin-kemal-kahraman-kardesler-narteksnet-sayfalarinda\/"]}]},{"@type":"BreadcrumbList","@id":"https:\/\/narteks.net\/index.php\/2009\/12\/26\/kaybolmus-kentin-eskicileri-metin-kemal-kahraman-kardesler-narteksnet-sayfalarinda\/#breadcrumb","itemListElement":[{"@type":"ListItem","position":1,"name":"Anasayfa","item":"https:\/\/narteks.net\/"},{"@type":"ListItem","position":2,"name":"Kaybolmu\u015f kentin eskicileri; Metin-Kemal KAHRAMAN karde\u015fler Narteks.net sayfalar\u0131nda"}]},{"@type":"WebSite","@id":"https:\/\/narteks.net\/#website","url":"https:\/\/narteks.net\/","name":"narteks.net","description":"K\u00fclt\u00fcr Sanat Edebiyat Felsefe","publisher":{"@id":"https:\/\/narteks.net\/#organization"},"alternateName":"K\u00fclt\u00fcr Sanat Edebiyat Felsefe","potentialAction":[{"@type":"SearchAction","target":{"@type":"EntryPoint","urlTemplate":"https:\/\/narteks.net\/?s={search_term_string}"},"query-input":{"@type":"PropertyValueSpecification","valueRequired":true,"valueName":"search_term_string"}}],"inLanguage":"tr"},{"@type":"Organization","@id":"https:\/\/narteks.net\/#organization","name":"narteks.net","url":"https:\/\/narteks.net\/","logo":{"@type":"ImageObject","inLanguage":"tr","@id":"https:\/\/narteks.net\/#\/schema\/logo\/image\/","url":"https:\/\/narteks.net\/wp-content\/uploads\/narteks.png","contentUrl":"https:\/\/narteks.net\/wp-content\/uploads\/narteks.png","width":300,"height":90,"caption":"narteks.net"},"image":{"@id":"https:\/\/narteks.net\/#\/schema\/logo\/image\/"},"sameAs":["https:\/\/x.com\/narteks","https:\/\/instagram.com\/narteksnet"]},{"@type":"Person","@id":"https:\/\/narteks.net\/#\/schema\/person\/61f37d9834294b72d31d274e7ed79bca","name":"Tar\u0131k","image":{"@type":"ImageObject","inLanguage":"tr","@id":"https:\/\/narteks.net\/#\/schema\/person\/image\/","url":"https:\/\/secure.gravatar.com\/avatar\/50865afb55632c4ae467e0af0930f6510aa2297d8014be502a55b14f3b7550cf?s=96&d=mm&r=g","contentUrl":"https:\/\/secure.gravatar.com\/avatar\/50865afb55632c4ae467e0af0930f6510aa2297d8014be502a55b14f3b7550cf?s=96&d=mm&r=g","caption":"Tar\u0131k"},"sameAs":["http:\/\/narteks.net"],"url":"https:\/\/narteks.net\/index.php\/author\/narbak\/"}]}},"_links":{"self":[{"href":"https:\/\/narteks.net\/index.php\/wp-json\/wp\/v2\/posts\/3335","targetHints":{"allow":["GET"]}}],"collection":[{"href":"https:\/\/narteks.net\/index.php\/wp-json\/wp\/v2\/posts"}],"about":[{"href":"https:\/\/narteks.net\/index.php\/wp-json\/wp\/v2\/types\/post"}],"author":[{"embeddable":true,"href":"https:\/\/narteks.net\/index.php\/wp-json\/wp\/v2\/users\/1"}],"replies":[{"embeddable":true,"href":"https:\/\/narteks.net\/index.php\/wp-json\/wp\/v2\/comments?post=3335"}],"version-history":[{"count":0,"href":"https:\/\/narteks.net\/index.php\/wp-json\/wp\/v2\/posts\/3335\/revisions"}],"wp:attachment":[{"href":"https:\/\/narteks.net\/index.php\/wp-json\/wp\/v2\/media?parent=3335"}],"wp:term":[{"taxonomy":"category","embeddable":true,"href":"https:\/\/narteks.net\/index.php\/wp-json\/wp\/v2\/categories?post=3335"},{"taxonomy":"post_tag","embeddable":true,"href":"https:\/\/narteks.net\/index.php\/wp-json\/wp\/v2\/tags?post=3335"}],"curies":[{"name":"wp","href":"https:\/\/api.w.org\/{rel}","templated":true}]}}