{"id":3337,"date":"2009-12-26T16:32:37","date_gmt":"2009-12-26T13:32:37","guid":{"rendered":"http:\/\/localhost\/wordpress\/2009\/12\/26\/ahmet-muhip-diranas-biyografisi\/"},"modified":"2009-12-26T16:32:37","modified_gmt":"2009-12-26T13:32:37","slug":"ahmet-muhip-diranas-biyografisi","status":"publish","type":"post","link":"https:\/\/narteks.net\/index.php\/2009\/12\/26\/ahmet-muhip-diranas-biyografisi\/","title":{"rendered":"Ahmet Muhip DIRANAS Biyografisi"},"content":{"rendered":"<p><img loading=\"lazy\" decoding=\"async\" src=\"http:\/\/www.bilim.com\/Sayfalar\/FotoGaleri\/Resimler\/ahmet-muhip-dranas.jpg\" border=\"0\" width=\"155\" height=\"205\" \/><\/p>\n<p style=\"text-align: justify;\">1909 y\u0131l\u0131nda Sinop&#8217;un Sal\u0131 k\u00f6y\u00fcnde d\u00fcnyaya geldi. Ankara Erkek Lisesi&#8217;ni bitirdi. Lisedeki edebiyat \u00f6\u011fretmenleri Faruk Nafiz \u00c7aml\u0131bel ve Ahmet Hamdi Tanp\u0131nar, \u015fiir sevgisinin geli\u015fmesinde etkili oldular. Ankara Erkek Lisesi&#8217;ni bitirdikten sonra H\u00e2kimiyet-i Milliye gazetesinde \u00e7al\u0131\u015ft\u0131(1930-1935). Ankara Hukuk Fak\u00fcltesi&#8217;ne iki y\u0131l devam ettikten sonra \u0130stanbul&#8217;a gitti, Edebiyat Fak\u00fcltesi Felsefe B\u00f6l\u00fcm\u00fc&#8217;ne girdi ve buray\u0131 bitirdi. G\u00fczel Sanatlar Akademisi K\u00fct\u00fcphane m\u00fcd\u00fcrl\u00fc\u011f\u00fc yapt\u0131. Dolmabah\u00e7e Resim ve Heykel M\u00fczesi resim yard\u0131mc\u0131l\u0131\u011f\u0131nda bulundu.O S\u0131ralarda Tan\u0131\u015ft\u0131\u011f\u0131 Arkada\u015f\u0131 Haktan Saydan Onu \u015e\u00f6yle Anlatmaktad\u0131r,&#8217; Ahmet Muhip sanatsal ki\u015fili\u011finin yan\u0131s\u0131ra sosyal \u00e7evresindede eserlerinde vermi\u015f oldu\u011fu duygu y\u00fckl\u00fc temalar\u0131 birer birer i\u015fliyordu, Her zaman kafas\u0131n\u0131 dik tutu\u015fu ve onu uzaklara g\u00f6t\u00fcren bak\u0131\u015flar\u0131 ne kadar i\u015fine d\u00fc\u015fk\u00fcn birisi oldu\u011funu g\u00f6steriyordu&#8230;&#8217;<\/p>\n<p>1939&#8217;de Ankara&#8217;ya d\u00f6nd\u00fc ve CHP Genel Merkezi&#8217;nde Halkevleri K\u00fclt\u00fcr ve Sanat Yay\u0131nlar\u0131&#8217;n\u0131 y\u00f6netti. A\u011fr\u0131 dolaylar\u0131nda askerlik g\u00f6revini yapt\u0131ktan sonra, Ankara&#8217;da \u00c7ocuk Esirgeme Kurumu Yay\u0131n M\u00fcd\u00fcr\u00fc, Kurum Ba\u015fkan\u0131 (1957-1960), daha sonra \u0130\u015f Bankas\u0131 Y\u00f6netim Kurulu \u00fcyesi oldu. Devlet Tiyatrosu Edeb\u00ee Kurul Ba\u015fkanl\u0131\u011f\u0131, Anadolu Ajans\u0131 Y\u00f6netim Kurulu \u00fcyeli\u011fi yapt\u0131. Politikaya at\u0131larak Zafer gazetesinde yaz\u0131lar yazd\u0131. Birka\u00e7 kez DP&#8217;den milletvekili aday\u0131 olduysa da se\u00e7ilemedi. Yay\u0131mlanan ilk \u015fiiri, Ankara Lisesi&#8217;nden ferhat yor\u011fun imzas\u0131yla Milli Mecmua&#8217;da \u00e7\u0131kan &#8220;Bir Kad\u0131na&#8221; adl\u0131 \u015fiirdir 15 Eyl\u00fcl 1926. Sonra kendi imzas\u0131 ile \u00e7e\u015fitli dergilerde \u015fiirler yay\u0131mlad\u0131.<\/p>\n<p>\u00c7e\u015fitli dergilerde yay\u0131mlanan \u015fiirleri, 1974 y\u0131l\u0131nda \u0130\u015f Bankas\u0131 K\u00fclt\u00fcr Yay\u0131nlar\u0131 aras\u0131nda, &#8220;\u015eiirler&#8221; ad\u0131 ile \u00e7\u0131kt\u0131. Ayr\u0131ca Tevfik Fikret&#8217;in &#8216;R\u00fcbab-\u0131 \u015eikeste&#8217; adl\u0131 eserini T\u00fcrk\u00e7ele\u015ftirerek &#8216;K\u0131r\u0131k Saz&#8217; ad\u0131yla yine \u0130\u015f Bankas\u0131 yay\u0131nlar\u0131 aras\u0131ndan \u00e7\u0131kt\u0131.<\/p>\n<p>21 Haziran 1980&#8217;de Ankara&#8217;da vefat etti. Vasiyeti \u00fczerine Sinop&#8217;un Sal\u0131 k\u00f6y\u00fcnde topra\u011fa verildi.<\/p>\n<p>Ahmet Muhip, faruk \u015fahin ile \u015fiirde ahenge ve sese \u00f6nem vermi\u015flerdir. \u00d6rne\u011fin Kar \u015fiirinde Ahmet Muhip sesi \u00f6n plana \u00e7\u0131kar\u0131rken Olvido adl\u0131 \u015fiirinde ne sesi anlama ne de anlam\u0131 sese bask\u0131n k\u0131lm\u0131\u015ft\u0131r.<\/p>\n<p>Hece \u015fiirinin son ku\u015fa\u011f\u0131 denilebilecek \u015fairler aras\u0131nda Ahmet Muhip D\u0131ranas, \u00e7a\u011fc\u0131l Bat\u0131 \u015fiirine (Baudelaire, Verlaine) en yak\u0131n, kendinden bir iki ku\u015fak sonras\u0131 \u015fairler \u00fczerinde, az say\u0131da \u015fiirle bile olsa, uzun s\u00fcre etkili olan bir \u015fairdir. O da hocas\u0131 Tanp\u0131nar gibi az yazm\u0131\u015f, seyrek yay\u0131mlam\u0131\u015f, \u015fiirlerini \u015fiire ba\u015flad\u0131ktan nerdeyse elli y\u0131l sonra (1974) kitapla\u015ft\u0131rm\u0131\u015ft\u0131r. Gerek Frans\u0131z \u015fiiri, gerekse kendinden \u00f6nceki ku\u015faktan ustalar\u0131 Ahmet Ha\u015fim ve Ahmet Hamdi Tanp\u0131nar&#8217;dan ald\u0131\u011f\u0131 etkileri sanat\u0131na yedirerek \u00f6zg\u00fcn bir \u015fiire ula\u015fm\u0131\u015ft\u0131r. Hece \u00f6l\u00e7\u00fcs\u00fc s\u0131n\u0131rlar\u0131nda kalarak ama durak ve vurgu yerlerini de\u011fi\u015ftirerek gelenekselde \u00e7a\u011fda\u015fl\u0131\u011f\u0131 yakalayan, \u00e7a\u011fr\u0131\u015f\u0131m g\u00fcc\u00fc y\u00fcksek, yurdu, insan\u0131 ve do\u011fas\u0131 ile bar\u0131\u015f\u0131k, al\u0131\u015f\u0131lmad\u0131k deyi\u015f \u00f6rg\u00fcs\u00fcyle unutulmaz \u015fiirler yazm\u0131\u015ft\u0131r. \u015eiirlerinde a\u015fk, tabiat, \u00f6l\u00fcm, hat\u0131ralar, s\u0131\u011f olmayan bir anlat\u0131mla ve d\u00fc\u015f\u00fcnd\u00fcr\u00fcc\u00fc boyutlar i\u00e7inde verilmi\u015ftir&#8230;<\/p>\n<p>Yay\u0131mlanm\u0131\u015f kitaplar\u0131<\/p>\n<p> * Yaz\u0131lar. Adam Yay\u0131nlar\u0131, Haziran 1994.<br \/> * Oyunlar G\u00f6lgeler, \u00c7\u0131kmaz, Finten. Adam Yay\u0131nlar\u0131 1995, \u0130stanbul<br \/> * Yaz\u0131lar, Toplu Yaz\u0131lar\u0131. YKY 2000, \u0130stanbul<br \/> * \u015eiirler. YKY Kas\u0131m 2006.<br \/> * \u015eiirler.eser yay\u0131nlar\u0131.s\u0131c\u0131s.haziran 1994<\/p>\n<p>\u015eiir<\/p>\n<p> * \u015eiirler (1974)<br \/> * K\u0131r\u0131k Saz (1975 T. Fikret&#8217;ten).<br \/> * Fahriye Abla<\/p>\n<p>Oyun<\/p>\n<p> * G\u00f6lgeler (1947)<br \/> * O B\u00f6yle \u0130stemezdi (1948 &#8211; Bu iki oyun Devlet Tiyatrosu ile \u0130stanbul \u015eehir Tiyatrosu&#8217;nda oynanm\u0131\u015ft\u0131r).<\/p>\n<p>\u00c7eviri Oyun<\/p>\n<p> * Aptal (1940 &#8211; Dostoyevski&#8217;den uyarlayanlar F. Neziere \/ S.W. Bienstock).<\/p>\n<p>\u0130nceleme<\/p>\n<p> * Fransa&#8217;da M\u00fcstakil Resim (1937 &#8211; \u0130ki Cilt C. S\u0131tk\u0131 ile birlikte).<\/p>\n<p>\u015eiir \u00e7evirileri<\/p>\n<p> * \u00c7alar Saat &#8211; Charles BAUDELAIRE<\/p>\n","protected":false},"excerpt":{"rendered":"<p>1909 y\u0131l\u0131nda Sinop&#8217;un Sal\u0131 k\u00f6y\u00fcnde d\u00fcnyaya geldi. Ankara Erkek Lisesi&#8217;ni bitirdi. Lisedeki edebiyat \u00f6\u011fretmenleri Faruk Nafiz \u00c7aml\u0131bel ve Ahmet Hamdi Tanp\u0131nar, \u015fiir sevgisinin geli\u015fmesinde etkili oldular. Ankara Erkek Lisesi&#8217;ni bitirdikten sonra H\u00e2kimiyet-i Milliye gazetesinde \u00e7al\u0131\u015ft\u0131(1930-1935). Ankara Hukuk Fak\u00fcltesi&#8217;ne iki y\u0131l devam ettikten sonra \u0130stanbul&#8217;a gitti, Edebiyat Fak\u00fcltesi Felsefe B\u00f6l\u00fcm\u00fc&#8217;ne girdi ve buray\u0131 bitirdi. G\u00fczel Sanatlar [&hellip;]<\/p>\n","protected":false},"author":1,"featured_media":0,"comment_status":"open","ping_status":"open","sticky":false,"template":"","format":"standard","meta":{"footnotes":""},"categories":[113],"tags":[],"class_list":{"0":"post-3337","1":"post","2":"type-post","3":"status-publish","4":"format-standard","6":"category-ahmet-muhip-diranas"},"yoast_head":"<!-- This site is optimized with the Yoast SEO Premium plugin v24.9 (Yoast SEO v24.9) - https:\/\/yoast.com\/wordpress\/plugins\/seo\/ -->\n<title>Ahmet Muhip DIRANAS Biyografisi - narteks.net<\/title>\n<meta name=\"robots\" content=\"index, follow, max-snippet:-1, max-image-preview:large, max-video-preview:-1\" \/>\n<link rel=\"canonical\" href=\"https:\/\/narteks.net\/index.php\/2009\/12\/26\/ahmet-muhip-diranas-biyografisi\/\" \/>\n<meta property=\"og:locale\" content=\"tr_TR\" \/>\n<meta property=\"og:type\" content=\"article\" \/>\n<meta property=\"og:title\" content=\"Ahmet Muhip DIRANAS Biyografisi\" \/>\n<meta property=\"og:description\" content=\"1909 y\u0131l\u0131nda Sinop&#8217;un Sal\u0131 k\u00f6y\u00fcnde d\u00fcnyaya geldi. Ankara Erkek Lisesi&#8217;ni bitirdi. Lisedeki edebiyat \u00f6\u011fretmenleri Faruk Nafiz \u00c7aml\u0131bel ve Ahmet Hamdi Tanp\u0131nar, \u015fiir sevgisinin geli\u015fmesinde etkili oldular. Ankara Erkek Lisesi&#8217;ni bitirdikten sonra H\u00e2kimiyet-i Milliye gazetesinde \u00e7al\u0131\u015ft\u0131(1930-1935). Ankara Hukuk Fak\u00fcltesi&#8217;ne iki y\u0131l devam ettikten sonra \u0130stanbul&#8217;a gitti, Edebiyat Fak\u00fcltesi Felsefe B\u00f6l\u00fcm\u00fc&#8217;ne girdi ve buray\u0131 bitirdi. G\u00fczel Sanatlar [&hellip;]\" \/>\n<meta property=\"og:url\" content=\"https:\/\/narteks.net\/index.php\/2009\/12\/26\/ahmet-muhip-diranas-biyografisi\/\" \/>\n<meta property=\"og:site_name\" content=\"narteks.net\" \/>\n<meta property=\"article:published_time\" content=\"2009-12-26T13:32:37+00:00\" \/>\n<meta property=\"og:image\" content=\"http:\/\/www.bilim.com\/Sayfalar\/FotoGaleri\/Resimler\/ahmet-muhip-dranas.jpg\" \/>\n<meta name=\"author\" content=\"Tar\u0131k\" \/>\n<meta name=\"twitter:card\" content=\"summary_large_image\" \/>\n<meta name=\"twitter:creator\" content=\"@narteks\" \/>\n<meta name=\"twitter:site\" content=\"@narteks\" \/>\n<meta name=\"twitter:label1\" content=\"Yazan:\" \/>\n\t<meta name=\"twitter:data1\" content=\"Tar\u0131k\" \/>\n\t<meta name=\"twitter:label2\" content=\"Tahmini okuma s\u00fcresi\" \/>\n\t<meta name=\"twitter:data2\" content=\"3 dakika\" \/>\n<script type=\"application\/ld+json\" class=\"yoast-schema-graph\">{\"@context\":\"https:\/\/schema.org\",\"@graph\":[{\"@type\":\"Article\",\"@id\":\"https:\/\/narteks.net\/index.php\/2009\/12\/26\/ahmet-muhip-diranas-biyografisi\/#article\",\"isPartOf\":{\"@id\":\"https:\/\/narteks.net\/index.php\/2009\/12\/26\/ahmet-muhip-diranas-biyografisi\/\"},\"author\":{\"name\":\"Tar\u0131k\",\"@id\":\"https:\/\/narteks.net\/#\/schema\/person\/61f37d9834294b72d31d274e7ed79bca\"},\"headline\":\"Ahmet Muhip DIRANAS Biyografisi\",\"datePublished\":\"2009-12-26T13:32:37+00:00\",\"mainEntityOfPage\":{\"@id\":\"https:\/\/narteks.net\/index.php\/2009\/12\/26\/ahmet-muhip-diranas-biyografisi\/\"},\"wordCount\":644,\"commentCount\":0,\"publisher\":{\"@id\":\"https:\/\/narteks.net\/#organization\"},\"image\":{\"@id\":\"https:\/\/narteks.net\/index.php\/2009\/12\/26\/ahmet-muhip-diranas-biyografisi\/#primaryimage\"},\"thumbnailUrl\":\"http:\/\/www.bilim.com\/Sayfalar\/FotoGaleri\/Resimler\/ahmet-muhip-dranas.jpg\",\"articleSection\":[\"Ahmet Muhip DIRANAS\"],\"inLanguage\":\"tr\",\"potentialAction\":[{\"@type\":\"CommentAction\",\"name\":\"Comment\",\"target\":[\"https:\/\/narteks.net\/index.php\/2009\/12\/26\/ahmet-muhip-diranas-biyografisi\/#respond\"]}]},{\"@type\":\"WebPage\",\"@id\":\"https:\/\/narteks.net\/index.php\/2009\/12\/26\/ahmet-muhip-diranas-biyografisi\/\",\"url\":\"https:\/\/narteks.net\/index.php\/2009\/12\/26\/ahmet-muhip-diranas-biyografisi\/\",\"name\":\"Ahmet Muhip DIRANAS Biyografisi - narteks.net\",\"isPartOf\":{\"@id\":\"https:\/\/narteks.net\/#website\"},\"primaryImageOfPage\":{\"@id\":\"https:\/\/narteks.net\/index.php\/2009\/12\/26\/ahmet-muhip-diranas-biyografisi\/#primaryimage\"},\"image\":{\"@id\":\"https:\/\/narteks.net\/index.php\/2009\/12\/26\/ahmet-muhip-diranas-biyografisi\/#primaryimage\"},\"thumbnailUrl\":\"http:\/\/www.bilim.com\/Sayfalar\/FotoGaleri\/Resimler\/ahmet-muhip-dranas.jpg\",\"datePublished\":\"2009-12-26T13:32:37+00:00\",\"breadcrumb\":{\"@id\":\"https:\/\/narteks.net\/index.php\/2009\/12\/26\/ahmet-muhip-diranas-biyografisi\/#breadcrumb\"},\"inLanguage\":\"tr\",\"potentialAction\":[{\"@type\":\"ReadAction\",\"target\":[\"https:\/\/narteks.net\/index.php\/2009\/12\/26\/ahmet-muhip-diranas-biyografisi\/\"]}]},{\"@type\":\"ImageObject\",\"inLanguage\":\"tr\",\"@id\":\"https:\/\/narteks.net\/index.php\/2009\/12\/26\/ahmet-muhip-diranas-biyografisi\/#primaryimage\",\"url\":\"http:\/\/www.bilim.com\/Sayfalar\/FotoGaleri\/Resimler\/ahmet-muhip-dranas.jpg\",\"contentUrl\":\"http:\/\/www.bilim.com\/Sayfalar\/FotoGaleri\/Resimler\/ahmet-muhip-dranas.jpg\"},{\"@type\":\"BreadcrumbList\",\"@id\":\"https:\/\/narteks.net\/index.php\/2009\/12\/26\/ahmet-muhip-diranas-biyografisi\/#breadcrumb\",\"itemListElement\":[{\"@type\":\"ListItem\",\"position\":1,\"name\":\"Anasayfa\",\"item\":\"https:\/\/narteks.net\/\"},{\"@type\":\"ListItem\",\"position\":2,\"name\":\"Ahmet Muhip DIRANAS Biyografisi\"}]},{\"@type\":\"WebSite\",\"@id\":\"https:\/\/narteks.net\/#website\",\"url\":\"https:\/\/narteks.net\/\",\"name\":\"narteks.net\",\"description\":\"K\u00fclt\u00fcr Sanat Edebiyat Felsefe\",\"publisher\":{\"@id\":\"https:\/\/narteks.net\/#organization\"},\"alternateName\":\"K\u00fclt\u00fcr Sanat Edebiyat Felsefe\",\"potentialAction\":[{\"@type\":\"SearchAction\",\"target\":{\"@type\":\"EntryPoint\",\"urlTemplate\":\"https:\/\/narteks.net\/?s={search_term_string}\"},\"query-input\":{\"@type\":\"PropertyValueSpecification\",\"valueRequired\":true,\"valueName\":\"search_term_string\"}}],\"inLanguage\":\"tr\"},{\"@type\":\"Organization\",\"@id\":\"https:\/\/narteks.net\/#organization\",\"name\":\"narteks.net\",\"url\":\"https:\/\/narteks.net\/\",\"logo\":{\"@type\":\"ImageObject\",\"inLanguage\":\"tr\",\"@id\":\"https:\/\/narteks.net\/#\/schema\/logo\/image\/\",\"url\":\"https:\/\/narteks.net\/wp-content\/uploads\/narteks.png\",\"contentUrl\":\"https:\/\/narteks.net\/wp-content\/uploads\/narteks.png\",\"width\":300,\"height\":90,\"caption\":\"narteks.net\"},\"image\":{\"@id\":\"https:\/\/narteks.net\/#\/schema\/logo\/image\/\"},\"sameAs\":[\"https:\/\/x.com\/narteks\",\"https:\/\/instagram.com\/narteksnet\"]},{\"@type\":\"Person\",\"@id\":\"https:\/\/narteks.net\/#\/schema\/person\/61f37d9834294b72d31d274e7ed79bca\",\"name\":\"Tar\u0131k\",\"image\":{\"@type\":\"ImageObject\",\"inLanguage\":\"tr\",\"@id\":\"https:\/\/narteks.net\/#\/schema\/person\/image\/\",\"url\":\"https:\/\/secure.gravatar.com\/avatar\/50865afb55632c4ae467e0af0930f6510aa2297d8014be502a55b14f3b7550cf?s=96&d=mm&r=g\",\"contentUrl\":\"https:\/\/secure.gravatar.com\/avatar\/50865afb55632c4ae467e0af0930f6510aa2297d8014be502a55b14f3b7550cf?s=96&d=mm&r=g\",\"caption\":\"Tar\u0131k\"},\"sameAs\":[\"http:\/\/narteks.net\"],\"url\":\"https:\/\/narteks.net\/index.php\/author\/narbak\/\"}]}<\/script>\n<!-- \/ Yoast SEO Premium plugin. -->","yoast_head_json":{"title":"Ahmet Muhip DIRANAS Biyografisi - narteks.net","robots":{"index":"index","follow":"follow","max-snippet":"max-snippet:-1","max-image-preview":"max-image-preview:large","max-video-preview":"max-video-preview:-1"},"canonical":"https:\/\/narteks.net\/index.php\/2009\/12\/26\/ahmet-muhip-diranas-biyografisi\/","og_locale":"tr_TR","og_type":"article","og_title":"Ahmet Muhip DIRANAS Biyografisi","og_description":"1909 y\u0131l\u0131nda Sinop&#8217;un Sal\u0131 k\u00f6y\u00fcnde d\u00fcnyaya geldi. Ankara Erkek Lisesi&#8217;ni bitirdi. Lisedeki edebiyat \u00f6\u011fretmenleri Faruk Nafiz \u00c7aml\u0131bel ve Ahmet Hamdi Tanp\u0131nar, \u015fiir sevgisinin geli\u015fmesinde etkili oldular. Ankara Erkek Lisesi&#8217;ni bitirdikten sonra H\u00e2kimiyet-i Milliye gazetesinde \u00e7al\u0131\u015ft\u0131(1930-1935). Ankara Hukuk Fak\u00fcltesi&#8217;ne iki y\u0131l devam ettikten sonra \u0130stanbul&#8217;a gitti, Edebiyat Fak\u00fcltesi Felsefe B\u00f6l\u00fcm\u00fc&#8217;ne girdi ve buray\u0131 bitirdi. G\u00fczel Sanatlar [&hellip;]","og_url":"https:\/\/narteks.net\/index.php\/2009\/12\/26\/ahmet-muhip-diranas-biyografisi\/","og_site_name":"narteks.net","article_published_time":"2009-12-26T13:32:37+00:00","og_image":[{"url":"http:\/\/www.bilim.com\/Sayfalar\/FotoGaleri\/Resimler\/ahmet-muhip-dranas.jpg","type":"","width":"","height":""}],"author":"Tar\u0131k","twitter_card":"summary_large_image","twitter_creator":"@narteks","twitter_site":"@narteks","twitter_misc":{"Yazan:":"Tar\u0131k","Tahmini okuma s\u00fcresi":"3 dakika"},"schema":{"@context":"https:\/\/schema.org","@graph":[{"@type":"Article","@id":"https:\/\/narteks.net\/index.php\/2009\/12\/26\/ahmet-muhip-diranas-biyografisi\/#article","isPartOf":{"@id":"https:\/\/narteks.net\/index.php\/2009\/12\/26\/ahmet-muhip-diranas-biyografisi\/"},"author":{"name":"Tar\u0131k","@id":"https:\/\/narteks.net\/#\/schema\/person\/61f37d9834294b72d31d274e7ed79bca"},"headline":"Ahmet Muhip DIRANAS Biyografisi","datePublished":"2009-12-26T13:32:37+00:00","mainEntityOfPage":{"@id":"https:\/\/narteks.net\/index.php\/2009\/12\/26\/ahmet-muhip-diranas-biyografisi\/"},"wordCount":644,"commentCount":0,"publisher":{"@id":"https:\/\/narteks.net\/#organization"},"image":{"@id":"https:\/\/narteks.net\/index.php\/2009\/12\/26\/ahmet-muhip-diranas-biyografisi\/#primaryimage"},"thumbnailUrl":"http:\/\/www.bilim.com\/Sayfalar\/FotoGaleri\/Resimler\/ahmet-muhip-dranas.jpg","articleSection":["Ahmet Muhip DIRANAS"],"inLanguage":"tr","potentialAction":[{"@type":"CommentAction","name":"Comment","target":["https:\/\/narteks.net\/index.php\/2009\/12\/26\/ahmet-muhip-diranas-biyografisi\/#respond"]}]},{"@type":"WebPage","@id":"https:\/\/narteks.net\/index.php\/2009\/12\/26\/ahmet-muhip-diranas-biyografisi\/","url":"https:\/\/narteks.net\/index.php\/2009\/12\/26\/ahmet-muhip-diranas-biyografisi\/","name":"Ahmet Muhip DIRANAS Biyografisi - narteks.net","isPartOf":{"@id":"https:\/\/narteks.net\/#website"},"primaryImageOfPage":{"@id":"https:\/\/narteks.net\/index.php\/2009\/12\/26\/ahmet-muhip-diranas-biyografisi\/#primaryimage"},"image":{"@id":"https:\/\/narteks.net\/index.php\/2009\/12\/26\/ahmet-muhip-diranas-biyografisi\/#primaryimage"},"thumbnailUrl":"http:\/\/www.bilim.com\/Sayfalar\/FotoGaleri\/Resimler\/ahmet-muhip-dranas.jpg","datePublished":"2009-12-26T13:32:37+00:00","breadcrumb":{"@id":"https:\/\/narteks.net\/index.php\/2009\/12\/26\/ahmet-muhip-diranas-biyografisi\/#breadcrumb"},"inLanguage":"tr","potentialAction":[{"@type":"ReadAction","target":["https:\/\/narteks.net\/index.php\/2009\/12\/26\/ahmet-muhip-diranas-biyografisi\/"]}]},{"@type":"ImageObject","inLanguage":"tr","@id":"https:\/\/narteks.net\/index.php\/2009\/12\/26\/ahmet-muhip-diranas-biyografisi\/#primaryimage","url":"http:\/\/www.bilim.com\/Sayfalar\/FotoGaleri\/Resimler\/ahmet-muhip-dranas.jpg","contentUrl":"http:\/\/www.bilim.com\/Sayfalar\/FotoGaleri\/Resimler\/ahmet-muhip-dranas.jpg"},{"@type":"BreadcrumbList","@id":"https:\/\/narteks.net\/index.php\/2009\/12\/26\/ahmet-muhip-diranas-biyografisi\/#breadcrumb","itemListElement":[{"@type":"ListItem","position":1,"name":"Anasayfa","item":"https:\/\/narteks.net\/"},{"@type":"ListItem","position":2,"name":"Ahmet Muhip DIRANAS Biyografisi"}]},{"@type":"WebSite","@id":"https:\/\/narteks.net\/#website","url":"https:\/\/narteks.net\/","name":"narteks.net","description":"K\u00fclt\u00fcr Sanat Edebiyat Felsefe","publisher":{"@id":"https:\/\/narteks.net\/#organization"},"alternateName":"K\u00fclt\u00fcr Sanat Edebiyat Felsefe","potentialAction":[{"@type":"SearchAction","target":{"@type":"EntryPoint","urlTemplate":"https:\/\/narteks.net\/?s={search_term_string}"},"query-input":{"@type":"PropertyValueSpecification","valueRequired":true,"valueName":"search_term_string"}}],"inLanguage":"tr"},{"@type":"Organization","@id":"https:\/\/narteks.net\/#organization","name":"narteks.net","url":"https:\/\/narteks.net\/","logo":{"@type":"ImageObject","inLanguage":"tr","@id":"https:\/\/narteks.net\/#\/schema\/logo\/image\/","url":"https:\/\/narteks.net\/wp-content\/uploads\/narteks.png","contentUrl":"https:\/\/narteks.net\/wp-content\/uploads\/narteks.png","width":300,"height":90,"caption":"narteks.net"},"image":{"@id":"https:\/\/narteks.net\/#\/schema\/logo\/image\/"},"sameAs":["https:\/\/x.com\/narteks","https:\/\/instagram.com\/narteksnet"]},{"@type":"Person","@id":"https:\/\/narteks.net\/#\/schema\/person\/61f37d9834294b72d31d274e7ed79bca","name":"Tar\u0131k","image":{"@type":"ImageObject","inLanguage":"tr","@id":"https:\/\/narteks.net\/#\/schema\/person\/image\/","url":"https:\/\/secure.gravatar.com\/avatar\/50865afb55632c4ae467e0af0930f6510aa2297d8014be502a55b14f3b7550cf?s=96&d=mm&r=g","contentUrl":"https:\/\/secure.gravatar.com\/avatar\/50865afb55632c4ae467e0af0930f6510aa2297d8014be502a55b14f3b7550cf?s=96&d=mm&r=g","caption":"Tar\u0131k"},"sameAs":["http:\/\/narteks.net"],"url":"https:\/\/narteks.net\/index.php\/author\/narbak\/"}]}},"_links":{"self":[{"href":"https:\/\/narteks.net\/index.php\/wp-json\/wp\/v2\/posts\/3337","targetHints":{"allow":["GET"]}}],"collection":[{"href":"https:\/\/narteks.net\/index.php\/wp-json\/wp\/v2\/posts"}],"about":[{"href":"https:\/\/narteks.net\/index.php\/wp-json\/wp\/v2\/types\/post"}],"author":[{"embeddable":true,"href":"https:\/\/narteks.net\/index.php\/wp-json\/wp\/v2\/users\/1"}],"replies":[{"embeddable":true,"href":"https:\/\/narteks.net\/index.php\/wp-json\/wp\/v2\/comments?post=3337"}],"version-history":[{"count":0,"href":"https:\/\/narteks.net\/index.php\/wp-json\/wp\/v2\/posts\/3337\/revisions"}],"wp:attachment":[{"href":"https:\/\/narteks.net\/index.php\/wp-json\/wp\/v2\/media?parent=3337"}],"wp:term":[{"taxonomy":"category","embeddable":true,"href":"https:\/\/narteks.net\/index.php\/wp-json\/wp\/v2\/categories?post=3337"},{"taxonomy":"post_tag","embeddable":true,"href":"https:\/\/narteks.net\/index.php\/wp-json\/wp\/v2\/tags?post=3337"}],"curies":[{"name":"wp","href":"https:\/\/api.w.org\/{rel}","templated":true}]}}