{"id":3346,"date":"2009-12-26T16:41:18","date_gmt":"2009-12-26T13:41:18","guid":{"rendered":"http:\/\/localhost\/wordpress\/2009\/12\/26\/bahar-sarkisi\/"},"modified":"2009-12-26T16:41:18","modified_gmt":"2009-12-26T13:41:18","slug":"bahar-sarkisi","status":"publish","type":"post","link":"https:\/\/narteks.net\/index.php\/2009\/12\/26\/bahar-sarkisi\/","title":{"rendered":"BAHAR \u015eARKISI"},"content":{"rendered":"<p>\u00a0<\/p>\n<p>Titrek bir damlad\u0131r aksi sevincin <br \/> Y\u00fcz\u00fcn\u00fcn sararm\u0131\u015f yapraklar\u0131nda <br \/> Ne zaman kederden ta\u015farsa i\u00e7in <br \/> \u015eark\u0131lar ta\u015f\u0131rs\u0131n dudaklar\u0131nda. <br \/> \u0130\u015flerken h\u00fclyama sesten \u00f6rg\u00fcler <br \/> Bir \u00e7ini vazodan d\u00f6k\u00fclen g\u00fcller <br \/> Gibi h\u00fclyada fecirler g\u00fcler <br \/> Buru\u015fmu\u015f bir \u00e7i\u00e7ek parmaklar\u0131nda. <\/p>\n<p> G\u00f6zlerin kararan yollarda \u00fczg\u00fcn, <br \/> Ve bir zambak kadar beyazd\u0131 y\u00fcz\u00fcn; <br \/> S\u00fcz\u00fcl\u00fcp akasya dallar\u0131ndan g\u00fcn <br \/> Erir damla damla ayaklar\u0131nda. <\/p>\n<p> Sesin perde perde geni\u015fledik\u00e7e <br \/> Solan g\u00f6zlerinden ya\u011farken gece <br \/> S\u00fcr\u00fcr ete\u011fini silik ve ince <br \/> Bir g\u00f6lge bah\u00e7enin uzaklar\u0131nda. <\/p>\n<p> Sen b\u00f6yle kederden ta\u015ft\u0131\u011f\u0131n ak\u015fam <br \/> Derim duda\u011f\u0131nda \u015fark\u0131 ben olsam <br \/> G\u00f6zlerinde damla, i\u00e7inde gam <br \/> Eriyen renk olsam yanaklar\u0131nda<\/p>\n","protected":false},"excerpt":{"rendered":"<p>\u00a0 Titrek bir damlad\u0131r aksi sevincin Y\u00fcz\u00fcn\u00fcn sararm\u0131\u015f yapraklar\u0131nda Ne zaman kederden ta\u015farsa i\u00e7in \u015eark\u0131lar ta\u015f\u0131rs\u0131n dudaklar\u0131nda. \u0130\u015flerken h\u00fclyama sesten \u00f6rg\u00fcler Bir \u00e7ini vazodan d\u00f6k\u00fclen g\u00fcller Gibi h\u00fclyada fecirler g\u00fcler Buru\u015fmu\u015f bir \u00e7i\u00e7ek parmaklar\u0131nda. G\u00f6zlerin kararan yollarda \u00fczg\u00fcn, Ve bir zambak kadar beyazd\u0131 y\u00fcz\u00fcn; S\u00fcz\u00fcl\u00fcp akasya dallar\u0131ndan g\u00fcn Erir damla damla ayaklar\u0131nda. Sesin perde perde [&hellip;]<\/p>\n","protected":false},"author":1,"featured_media":0,"comment_status":"open","ping_status":"open","sticky":false,"template":"","format":"standard","meta":{"footnotes":""},"categories":[113],"tags":[],"class_list":{"0":"post-3346","1":"post","2":"type-post","3":"status-publish","4":"format-standard","6":"category-ahmet-muhip-diranas"},"yoast_head":"<!-- This site is optimized with the Yoast SEO Premium plugin v24.9 (Yoast SEO v24.9) - https:\/\/yoast.com\/wordpress\/plugins\/seo\/ -->\n<title>BAHAR \u015eARKISI - narteks.net<\/title>\n<meta name=\"robots\" content=\"index, follow, max-snippet:-1, max-image-preview:large, max-video-preview:-1\" \/>\n<link rel=\"canonical\" href=\"https:\/\/narteks.net\/index.php\/2009\/12\/26\/bahar-sarkisi\/\" \/>\n<meta property=\"og:locale\" content=\"tr_TR\" \/>\n<meta property=\"og:type\" content=\"article\" \/>\n<meta property=\"og:title\" content=\"BAHAR \u015eARKISI\" \/>\n<meta property=\"og:description\" content=\"\u00a0 Titrek bir damlad\u0131r aksi sevincin Y\u00fcz\u00fcn\u00fcn sararm\u0131\u015f yapraklar\u0131nda Ne zaman kederden ta\u015farsa i\u00e7in \u015eark\u0131lar ta\u015f\u0131rs\u0131n dudaklar\u0131nda. \u0130\u015flerken h\u00fclyama sesten \u00f6rg\u00fcler Bir \u00e7ini vazodan d\u00f6k\u00fclen g\u00fcller Gibi h\u00fclyada fecirler g\u00fcler Buru\u015fmu\u015f bir \u00e7i\u00e7ek parmaklar\u0131nda. G\u00f6zlerin kararan yollarda \u00fczg\u00fcn, Ve bir zambak kadar beyazd\u0131 y\u00fcz\u00fcn; S\u00fcz\u00fcl\u00fcp akasya dallar\u0131ndan g\u00fcn Erir damla damla ayaklar\u0131nda. Sesin perde perde [&hellip;]\" \/>\n<meta property=\"og:url\" content=\"https:\/\/narteks.net\/index.php\/2009\/12\/26\/bahar-sarkisi\/\" \/>\n<meta property=\"og:site_name\" content=\"narteks.net\" \/>\n<meta property=\"article:published_time\" content=\"2009-12-26T13:41:18+00:00\" \/>\n<meta property=\"og:image\" content=\"https:\/\/narteks.net\/wp-content\/uploads\/narteks.png\" \/>\n\t<meta property=\"og:image:width\" content=\"300\" \/>\n\t<meta property=\"og:image:height\" content=\"90\" \/>\n\t<meta property=\"og:image:type\" content=\"image\/png\" \/>\n<meta name=\"author\" content=\"Tar\u0131k\" \/>\n<meta name=\"twitter:card\" content=\"summary_large_image\" \/>\n<meta name=\"twitter:creator\" content=\"@narteks\" \/>\n<meta name=\"twitter:site\" content=\"@narteks\" \/>\n<meta name=\"twitter:label1\" content=\"Yazan:\" \/>\n\t<meta name=\"twitter:data1\" content=\"Tar\u0131k\" \/>\n\t<meta name=\"twitter:label2\" content=\"Tahmini okuma s\u00fcresi\" \/>\n\t<meta name=\"twitter:data2\" content=\"1 dakika\" \/>\n<script type=\"application\/ld+json\" class=\"yoast-schema-graph\">{\"@context\":\"https:\/\/schema.org\",\"@graph\":[{\"@type\":\"Article\",\"@id\":\"https:\/\/narteks.net\/index.php\/2009\/12\/26\/bahar-sarkisi\/#article\",\"isPartOf\":{\"@id\":\"https:\/\/narteks.net\/index.php\/2009\/12\/26\/bahar-sarkisi\/\"},\"author\":{\"name\":\"Tar\u0131k\",\"@id\":\"https:\/\/narteks.net\/#\/schema\/person\/61f37d9834294b72d31d274e7ed79bca\"},\"headline\":\"BAHAR \u015eARKISI\",\"datePublished\":\"2009-12-26T13:41:18+00:00\",\"mainEntityOfPage\":{\"@id\":\"https:\/\/narteks.net\/index.php\/2009\/12\/26\/bahar-sarkisi\/\"},\"wordCount\":137,\"commentCount\":0,\"publisher\":{\"@id\":\"https:\/\/narteks.net\/#organization\"},\"articleSection\":[\"Ahmet Muhip DIRANAS\"],\"inLanguage\":\"tr\",\"potentialAction\":[{\"@type\":\"CommentAction\",\"name\":\"Comment\",\"target\":[\"https:\/\/narteks.net\/index.php\/2009\/12\/26\/bahar-sarkisi\/#respond\"]}]},{\"@type\":\"WebPage\",\"@id\":\"https:\/\/narteks.net\/index.php\/2009\/12\/26\/bahar-sarkisi\/\",\"url\":\"https:\/\/narteks.net\/index.php\/2009\/12\/26\/bahar-sarkisi\/\",\"name\":\"BAHAR \u015eARKISI - narteks.net\",\"isPartOf\":{\"@id\":\"https:\/\/narteks.net\/#website\"},\"datePublished\":\"2009-12-26T13:41:18+00:00\",\"breadcrumb\":{\"@id\":\"https:\/\/narteks.net\/index.php\/2009\/12\/26\/bahar-sarkisi\/#breadcrumb\"},\"inLanguage\":\"tr\",\"potentialAction\":[{\"@type\":\"ReadAction\",\"target\":[\"https:\/\/narteks.net\/index.php\/2009\/12\/26\/bahar-sarkisi\/\"]}]},{\"@type\":\"BreadcrumbList\",\"@id\":\"https:\/\/narteks.net\/index.php\/2009\/12\/26\/bahar-sarkisi\/#breadcrumb\",\"itemListElement\":[{\"@type\":\"ListItem\",\"position\":1,\"name\":\"Anasayfa\",\"item\":\"https:\/\/narteks.net\/\"},{\"@type\":\"ListItem\",\"position\":2,\"name\":\"BAHAR \u015eARKISI\"}]},{\"@type\":\"WebSite\",\"@id\":\"https:\/\/narteks.net\/#website\",\"url\":\"https:\/\/narteks.net\/\",\"name\":\"narteks.net\",\"description\":\"K\u00fclt\u00fcr Sanat Edebiyat Felsefe\",\"publisher\":{\"@id\":\"https:\/\/narteks.net\/#organization\"},\"alternateName\":\"K\u00fclt\u00fcr Sanat Edebiyat Felsefe\",\"potentialAction\":[{\"@type\":\"SearchAction\",\"target\":{\"@type\":\"EntryPoint\",\"urlTemplate\":\"https:\/\/narteks.net\/?s={search_term_string}\"},\"query-input\":{\"@type\":\"PropertyValueSpecification\",\"valueRequired\":true,\"valueName\":\"search_term_string\"}}],\"inLanguage\":\"tr\"},{\"@type\":\"Organization\",\"@id\":\"https:\/\/narteks.net\/#organization\",\"name\":\"narteks.net\",\"url\":\"https:\/\/narteks.net\/\",\"logo\":{\"@type\":\"ImageObject\",\"inLanguage\":\"tr\",\"@id\":\"https:\/\/narteks.net\/#\/schema\/logo\/image\/\",\"url\":\"https:\/\/narteks.net\/wp-content\/uploads\/narteks.png\",\"contentUrl\":\"https:\/\/narteks.net\/wp-content\/uploads\/narteks.png\",\"width\":300,\"height\":90,\"caption\":\"narteks.net\"},\"image\":{\"@id\":\"https:\/\/narteks.net\/#\/schema\/logo\/image\/\"},\"sameAs\":[\"https:\/\/x.com\/narteks\",\"https:\/\/instagram.com\/narteksnet\"]},{\"@type\":\"Person\",\"@id\":\"https:\/\/narteks.net\/#\/schema\/person\/61f37d9834294b72d31d274e7ed79bca\",\"name\":\"Tar\u0131k\",\"image\":{\"@type\":\"ImageObject\",\"inLanguage\":\"tr\",\"@id\":\"https:\/\/narteks.net\/#\/schema\/person\/image\/\",\"url\":\"https:\/\/secure.gravatar.com\/avatar\/50865afb55632c4ae467e0af0930f6510aa2297d8014be502a55b14f3b7550cf?s=96&d=mm&r=g\",\"contentUrl\":\"https:\/\/secure.gravatar.com\/avatar\/50865afb55632c4ae467e0af0930f6510aa2297d8014be502a55b14f3b7550cf?s=96&d=mm&r=g\",\"caption\":\"Tar\u0131k\"},\"sameAs\":[\"http:\/\/narteks.net\"],\"url\":\"https:\/\/narteks.net\/index.php\/author\/narbak\/\"}]}<\/script>\n<!-- \/ Yoast SEO Premium plugin. -->","yoast_head_json":{"title":"BAHAR \u015eARKISI - narteks.net","robots":{"index":"index","follow":"follow","max-snippet":"max-snippet:-1","max-image-preview":"max-image-preview:large","max-video-preview":"max-video-preview:-1"},"canonical":"https:\/\/narteks.net\/index.php\/2009\/12\/26\/bahar-sarkisi\/","og_locale":"tr_TR","og_type":"article","og_title":"BAHAR \u015eARKISI","og_description":"\u00a0 Titrek bir damlad\u0131r aksi sevincin Y\u00fcz\u00fcn\u00fcn sararm\u0131\u015f yapraklar\u0131nda Ne zaman kederden ta\u015farsa i\u00e7in \u015eark\u0131lar ta\u015f\u0131rs\u0131n dudaklar\u0131nda. \u0130\u015flerken h\u00fclyama sesten \u00f6rg\u00fcler Bir \u00e7ini vazodan d\u00f6k\u00fclen g\u00fcller Gibi h\u00fclyada fecirler g\u00fcler Buru\u015fmu\u015f bir \u00e7i\u00e7ek parmaklar\u0131nda. G\u00f6zlerin kararan yollarda \u00fczg\u00fcn, Ve bir zambak kadar beyazd\u0131 y\u00fcz\u00fcn; S\u00fcz\u00fcl\u00fcp akasya dallar\u0131ndan g\u00fcn Erir damla damla ayaklar\u0131nda. Sesin perde perde [&hellip;]","og_url":"https:\/\/narteks.net\/index.php\/2009\/12\/26\/bahar-sarkisi\/","og_site_name":"narteks.net","article_published_time":"2009-12-26T13:41:18+00:00","og_image":[{"width":300,"height":90,"url":"https:\/\/narteks.net\/wp-content\/uploads\/narteks.png","type":"image\/png"}],"author":"Tar\u0131k","twitter_card":"summary_large_image","twitter_creator":"@narteks","twitter_site":"@narteks","twitter_misc":{"Yazan:":"Tar\u0131k","Tahmini okuma s\u00fcresi":"1 dakika"},"schema":{"@context":"https:\/\/schema.org","@graph":[{"@type":"Article","@id":"https:\/\/narteks.net\/index.php\/2009\/12\/26\/bahar-sarkisi\/#article","isPartOf":{"@id":"https:\/\/narteks.net\/index.php\/2009\/12\/26\/bahar-sarkisi\/"},"author":{"name":"Tar\u0131k","@id":"https:\/\/narteks.net\/#\/schema\/person\/61f37d9834294b72d31d274e7ed79bca"},"headline":"BAHAR \u015eARKISI","datePublished":"2009-12-26T13:41:18+00:00","mainEntityOfPage":{"@id":"https:\/\/narteks.net\/index.php\/2009\/12\/26\/bahar-sarkisi\/"},"wordCount":137,"commentCount":0,"publisher":{"@id":"https:\/\/narteks.net\/#organization"},"articleSection":["Ahmet Muhip DIRANAS"],"inLanguage":"tr","potentialAction":[{"@type":"CommentAction","name":"Comment","target":["https:\/\/narteks.net\/index.php\/2009\/12\/26\/bahar-sarkisi\/#respond"]}]},{"@type":"WebPage","@id":"https:\/\/narteks.net\/index.php\/2009\/12\/26\/bahar-sarkisi\/","url":"https:\/\/narteks.net\/index.php\/2009\/12\/26\/bahar-sarkisi\/","name":"BAHAR \u015eARKISI - narteks.net","isPartOf":{"@id":"https:\/\/narteks.net\/#website"},"datePublished":"2009-12-26T13:41:18+00:00","breadcrumb":{"@id":"https:\/\/narteks.net\/index.php\/2009\/12\/26\/bahar-sarkisi\/#breadcrumb"},"inLanguage":"tr","potentialAction":[{"@type":"ReadAction","target":["https:\/\/narteks.net\/index.php\/2009\/12\/26\/bahar-sarkisi\/"]}]},{"@type":"BreadcrumbList","@id":"https:\/\/narteks.net\/index.php\/2009\/12\/26\/bahar-sarkisi\/#breadcrumb","itemListElement":[{"@type":"ListItem","position":1,"name":"Anasayfa","item":"https:\/\/narteks.net\/"},{"@type":"ListItem","position":2,"name":"BAHAR \u015eARKISI"}]},{"@type":"WebSite","@id":"https:\/\/narteks.net\/#website","url":"https:\/\/narteks.net\/","name":"narteks.net","description":"K\u00fclt\u00fcr Sanat Edebiyat Felsefe","publisher":{"@id":"https:\/\/narteks.net\/#organization"},"alternateName":"K\u00fclt\u00fcr Sanat Edebiyat Felsefe","potentialAction":[{"@type":"SearchAction","target":{"@type":"EntryPoint","urlTemplate":"https:\/\/narteks.net\/?s={search_term_string}"},"query-input":{"@type":"PropertyValueSpecification","valueRequired":true,"valueName":"search_term_string"}}],"inLanguage":"tr"},{"@type":"Organization","@id":"https:\/\/narteks.net\/#organization","name":"narteks.net","url":"https:\/\/narteks.net\/","logo":{"@type":"ImageObject","inLanguage":"tr","@id":"https:\/\/narteks.net\/#\/schema\/logo\/image\/","url":"https:\/\/narteks.net\/wp-content\/uploads\/narteks.png","contentUrl":"https:\/\/narteks.net\/wp-content\/uploads\/narteks.png","width":300,"height":90,"caption":"narteks.net"},"image":{"@id":"https:\/\/narteks.net\/#\/schema\/logo\/image\/"},"sameAs":["https:\/\/x.com\/narteks","https:\/\/instagram.com\/narteksnet"]},{"@type":"Person","@id":"https:\/\/narteks.net\/#\/schema\/person\/61f37d9834294b72d31d274e7ed79bca","name":"Tar\u0131k","image":{"@type":"ImageObject","inLanguage":"tr","@id":"https:\/\/narteks.net\/#\/schema\/person\/image\/","url":"https:\/\/secure.gravatar.com\/avatar\/50865afb55632c4ae467e0af0930f6510aa2297d8014be502a55b14f3b7550cf?s=96&d=mm&r=g","contentUrl":"https:\/\/secure.gravatar.com\/avatar\/50865afb55632c4ae467e0af0930f6510aa2297d8014be502a55b14f3b7550cf?s=96&d=mm&r=g","caption":"Tar\u0131k"},"sameAs":["http:\/\/narteks.net"],"url":"https:\/\/narteks.net\/index.php\/author\/narbak\/"}]}},"_links":{"self":[{"href":"https:\/\/narteks.net\/index.php\/wp-json\/wp\/v2\/posts\/3346","targetHints":{"allow":["GET"]}}],"collection":[{"href":"https:\/\/narteks.net\/index.php\/wp-json\/wp\/v2\/posts"}],"about":[{"href":"https:\/\/narteks.net\/index.php\/wp-json\/wp\/v2\/types\/post"}],"author":[{"embeddable":true,"href":"https:\/\/narteks.net\/index.php\/wp-json\/wp\/v2\/users\/1"}],"replies":[{"embeddable":true,"href":"https:\/\/narteks.net\/index.php\/wp-json\/wp\/v2\/comments?post=3346"}],"version-history":[{"count":0,"href":"https:\/\/narteks.net\/index.php\/wp-json\/wp\/v2\/posts\/3346\/revisions"}],"wp:attachment":[{"href":"https:\/\/narteks.net\/index.php\/wp-json\/wp\/v2\/media?parent=3346"}],"wp:term":[{"taxonomy":"category","embeddable":true,"href":"https:\/\/narteks.net\/index.php\/wp-json\/wp\/v2\/categories?post=3346"},{"taxonomy":"post_tag","embeddable":true,"href":"https:\/\/narteks.net\/index.php\/wp-json\/wp\/v2\/tags?post=3346"}],"curies":[{"name":"wp","href":"https:\/\/api.w.org\/{rel}","templated":true}]}}