{"id":3351,"date":"2009-12-26T16:44:21","date_gmt":"2009-12-26T13:44:21","guid":{"rendered":"http:\/\/localhost\/wordpress\/2009\/12\/26\/daragaci\/"},"modified":"2009-12-26T16:44:21","modified_gmt":"2009-12-26T13:44:21","slug":"daragaci","status":"publish","type":"post","link":"https:\/\/narteks.net\/index.php\/2009\/12\/26\/daragaci\/","title":{"rendered":"DARA\u011eACI"},"content":{"rendered":"<p>\u00a0<\/p>\n<p>Ve g\u00fcnlerden bir g\u00fcn, bir sabah erken <br \/> Ku\u015fluk vaktinde, b\u00fclb\u00fcller \u00f6terken <br \/> Kentin meydan\u0131nda bir dara\u011fac\u0131. <br \/> Sallan\u0131yor bo\u015flukta bir yabanc\u0131. <br \/> Ge\u00e7iyor sabah\u0131n yolu aln\u0131ndan <br \/> Ve yal\u0131n ayaklar\u0131 bir gecede&#8230; <br \/> (Yeni yollar\u0131n\u0131 m\u0131 d\u00fc\u015f\u00fcnmede <br \/> Bu ayaklar? .. son dura\u011f\u0131na kadar <br \/> Ne uysal y\u00fcr\u00fcm\u00fc\u015ft\u00fcr bu ayaklar!) <\/p>\n<p> Esintili alanda \u00fc\u00e7 be\u015f adam; <br \/> Uykusuz y\u00fczleri donuk birer cam, <br \/> Bakadurmu\u015flar \u00f6yle&#8230; ve garibi, <br \/> Hepsi ayr\u0131 ayr\u0131 as\u0131lm\u0131\u015f gibi. <br \/> Ben de aralar\u0131nda \u00fc\u00e7 be\u015f adam; <br \/> Uzatsam elimi, aln\u0131n\u0131 tutsam, <br \/> Uyan, karde\u015fim! Desem, bu uykudan, <br \/> Y\u00fcz\u00fcn\u00fc kapard\u0131 hemen, korkudan. <\/p>\n<p> \u00c7ekilirken gece bat\u0131ya do\u011fru, <br \/> Konmu\u015f da bir \u00e7at\u0131ya karga ruhu <br \/> S\u00f6ylenip duruyordu: G\u00fcn do\u011fmada <br \/> Ben miyim bu? ben mi, bu ba\u015f bu eller, <br \/> Bu ayaklar? .. ya hani nerde yollar?\u00a0 <br \/> (Anlamam\u0131\u015f ne olup bitti\u011fini <br \/> Zavall\u0131 karga; at\u0131n yitti\u011fini. <br \/> Sadece bir g\u00f6\u011fe, bir yere bak\u0131p <br \/> \u00d6l\u00fcy\u00fc \u00f6l\u00fcye \u00e7eki\u015ftirir hep.) <br \/> Niye geldin bu \u00e7\u0131kmaza, be ayak? <br \/> Var m\u0131 beni bo\u015flay\u0131p, burda bar\u0131nmak? <br \/> Ben insano\u011flunun aynas\u0131 m\u0131y\u0131m? <br \/> \u015eu garip yolcunun ayn\u0131s\u0131 m\u0131y\u0131m? <br \/> Benzeten kim bana bu da\u011farc\u0131\u011f\u0131* <br \/> Orda sadece bir dara\u011fac\u0131 <br \/> Ve onda r\u00fczgarla sallanan bir dal! .. <br \/> Yaln\u0131z, beni d\u00fc\u015f\u00fcn\u00fcr gibi bir hal! <\/p>\n<p> Bir ya\u011fmur g\u00f6lc\u00fc\u011f\u00fc yerde ak\u015famdan, <br \/> \u0130\u00e7inde titrek bir yans\u0131 idamdan&#8230; <\/p>\n<p> Bu bi\u00e7im \u00fczre bitecekken gece, <br \/> Da\u011f\u0131lacakken art\u0131k seyirci de, <br \/> Birden, kargalarla doldu g\u00f6k y\u00fcz\u00fc. <br \/> T\u00fcm as\u0131lm\u0131\u015flar\u0131n ruhlar s\u00fcr\u00fcs\u00fc <br \/> Tamusal bir koroyla, di\u015fi erkek, <br \/> Al\u00e7alarak, y\u00fckselerek, d\u00f6nerek, <br \/> \u0130lenirlerdi ba\u011fr\u0131\u015fa \u00e7a\u011fr\u0131\u015fa <br \/> Hem as\u0131lana, hem asan nebba\u015fa: <\/p>\n<p> \u0130\u015fte \u00d6len, ama i\u015fte \u00d6ld\u00fcren, <br \/> \u0130\u015fte Bulan, ama i\u015fte Bulduran, <br \/> Filozof ve kurtar\u0131c\u0131, hem yalva\u00e7, <br \/> Hem do\u011frucu bir ruh ve de yalanc\u0131 <br \/> Ve siyasac\u0131 ve hakc\u0131 ve h\u0131rs\u0131z <br \/> Ve can \u00e7alan ve \u00f6v\u00fcngen ve ars\u0131z&#8230;<\/p>\n<p> G\u00fcn do\u011fmak \u00fczre, e\u015fya kabar\u0131yor, <br \/> Yery\u00fcz\u00fcn\u00fcn \u00e7at\u0131s\u0131 a\u011far\u0131yor; <br \/> Ac\u0131 bir g\u00fcn! Karga a\u011flan\u0131r durur, <br \/> Adam dara\u011fac\u0131nda sallan\u0131r durur..<\/p>\n","protected":false},"excerpt":{"rendered":"<p>\u00a0 Ve g\u00fcnlerden bir g\u00fcn, bir sabah erken Ku\u015fluk vaktinde, b\u00fclb\u00fcller \u00f6terken Kentin meydan\u0131nda bir dara\u011fac\u0131. Sallan\u0131yor bo\u015flukta bir yabanc\u0131. Ge\u00e7iyor sabah\u0131n yolu aln\u0131ndan Ve yal\u0131n ayaklar\u0131 bir gecede&#8230; (Yeni yollar\u0131n\u0131 m\u0131 d\u00fc\u015f\u00fcnmede Bu ayaklar? .. son dura\u011f\u0131na kadar Ne uysal y\u00fcr\u00fcm\u00fc\u015ft\u00fcr bu ayaklar!) Esintili alanda \u00fc\u00e7 be\u015f adam; Uykusuz y\u00fczleri donuk birer cam, Bakadurmu\u015flar [&hellip;]<\/p>\n","protected":false},"author":1,"featured_media":0,"comment_status":"open","ping_status":"open","sticky":false,"template":"","format":"standard","meta":{"footnotes":""},"categories":[113],"tags":[],"class_list":{"0":"post-3351","1":"post","2":"type-post","3":"status-publish","4":"format-standard","6":"category-ahmet-muhip-diranas"},"yoast_head":"<!-- This site is optimized with the Yoast SEO Premium plugin v24.9 (Yoast SEO v24.9) - https:\/\/yoast.com\/wordpress\/plugins\/seo\/ -->\n<title>DARA\u011eACI - narteks.net<\/title>\n<meta name=\"robots\" content=\"index, follow, max-snippet:-1, max-image-preview:large, max-video-preview:-1\" \/>\n<link rel=\"canonical\" href=\"https:\/\/narteks.net\/index.php\/2009\/12\/26\/daragaci\/\" \/>\n<meta property=\"og:locale\" content=\"tr_TR\" \/>\n<meta property=\"og:type\" content=\"article\" \/>\n<meta property=\"og:title\" content=\"DARA\u011eACI\" \/>\n<meta property=\"og:description\" content=\"\u00a0 Ve g\u00fcnlerden bir g\u00fcn, bir sabah erken Ku\u015fluk vaktinde, b\u00fclb\u00fcller \u00f6terken Kentin meydan\u0131nda bir dara\u011fac\u0131. Sallan\u0131yor bo\u015flukta bir yabanc\u0131. Ge\u00e7iyor sabah\u0131n yolu aln\u0131ndan Ve yal\u0131n ayaklar\u0131 bir gecede&#8230; (Yeni yollar\u0131n\u0131 m\u0131 d\u00fc\u015f\u00fcnmede Bu ayaklar? .. son dura\u011f\u0131na kadar Ne uysal y\u00fcr\u00fcm\u00fc\u015ft\u00fcr bu ayaklar!) Esintili alanda \u00fc\u00e7 be\u015f adam; Uykusuz y\u00fczleri donuk birer cam, Bakadurmu\u015flar [&hellip;]\" \/>\n<meta property=\"og:url\" content=\"https:\/\/narteks.net\/index.php\/2009\/12\/26\/daragaci\/\" \/>\n<meta property=\"og:site_name\" content=\"narteks.net\" \/>\n<meta property=\"article:published_time\" content=\"2009-12-26T13:44:21+00:00\" \/>\n<meta property=\"og:image\" content=\"https:\/\/narteks.net\/wp-content\/uploads\/narteks.png\" \/>\n\t<meta property=\"og:image:width\" content=\"300\" \/>\n\t<meta property=\"og:image:height\" content=\"90\" \/>\n\t<meta property=\"og:image:type\" content=\"image\/png\" \/>\n<meta name=\"author\" content=\"Tar\u0131k\" \/>\n<meta name=\"twitter:card\" content=\"summary_large_image\" \/>\n<meta name=\"twitter:creator\" content=\"@narteks\" \/>\n<meta name=\"twitter:site\" content=\"@narteks\" \/>\n<meta name=\"twitter:label1\" content=\"Yazan:\" \/>\n\t<meta name=\"twitter:data1\" content=\"Tar\u0131k\" \/>\n\t<meta name=\"twitter:label2\" content=\"Tahmini okuma s\u00fcresi\" \/>\n\t<meta name=\"twitter:data2\" content=\"2 dakika\" \/>\n<script type=\"application\/ld+json\" class=\"yoast-schema-graph\">{\"@context\":\"https:\/\/schema.org\",\"@graph\":[{\"@type\":\"Article\",\"@id\":\"https:\/\/narteks.net\/index.php\/2009\/12\/26\/daragaci\/#article\",\"isPartOf\":{\"@id\":\"https:\/\/narteks.net\/index.php\/2009\/12\/26\/daragaci\/\"},\"author\":{\"name\":\"Tar\u0131k\",\"@id\":\"https:\/\/narteks.net\/#\/schema\/person\/61f37d9834294b72d31d274e7ed79bca\"},\"headline\":\"DARA\u011eACI\",\"datePublished\":\"2009-12-26T13:44:21+00:00\",\"mainEntityOfPage\":{\"@id\":\"https:\/\/narteks.net\/index.php\/2009\/12\/26\/daragaci\/\"},\"wordCount\":372,\"commentCount\":0,\"publisher\":{\"@id\":\"https:\/\/narteks.net\/#organization\"},\"articleSection\":[\"Ahmet Muhip DIRANAS\"],\"inLanguage\":\"tr\",\"potentialAction\":[{\"@type\":\"CommentAction\",\"name\":\"Comment\",\"target\":[\"https:\/\/narteks.net\/index.php\/2009\/12\/26\/daragaci\/#respond\"]}]},{\"@type\":\"WebPage\",\"@id\":\"https:\/\/narteks.net\/index.php\/2009\/12\/26\/daragaci\/\",\"url\":\"https:\/\/narteks.net\/index.php\/2009\/12\/26\/daragaci\/\",\"name\":\"DARA\u011eACI - narteks.net\",\"isPartOf\":{\"@id\":\"https:\/\/narteks.net\/#website\"},\"datePublished\":\"2009-12-26T13:44:21+00:00\",\"breadcrumb\":{\"@id\":\"https:\/\/narteks.net\/index.php\/2009\/12\/26\/daragaci\/#breadcrumb\"},\"inLanguage\":\"tr\",\"potentialAction\":[{\"@type\":\"ReadAction\",\"target\":[\"https:\/\/narteks.net\/index.php\/2009\/12\/26\/daragaci\/\"]}]},{\"@type\":\"BreadcrumbList\",\"@id\":\"https:\/\/narteks.net\/index.php\/2009\/12\/26\/daragaci\/#breadcrumb\",\"itemListElement\":[{\"@type\":\"ListItem\",\"position\":1,\"name\":\"Anasayfa\",\"item\":\"https:\/\/narteks.net\/\"},{\"@type\":\"ListItem\",\"position\":2,\"name\":\"DARA\u011eACI\"}]},{\"@type\":\"WebSite\",\"@id\":\"https:\/\/narteks.net\/#website\",\"url\":\"https:\/\/narteks.net\/\",\"name\":\"narteks.net\",\"description\":\"K\u00fclt\u00fcr Sanat Edebiyat Felsefe\",\"publisher\":{\"@id\":\"https:\/\/narteks.net\/#organization\"},\"alternateName\":\"K\u00fclt\u00fcr Sanat Edebiyat Felsefe\",\"potentialAction\":[{\"@type\":\"SearchAction\",\"target\":{\"@type\":\"EntryPoint\",\"urlTemplate\":\"https:\/\/narteks.net\/?s={search_term_string}\"},\"query-input\":{\"@type\":\"PropertyValueSpecification\",\"valueRequired\":true,\"valueName\":\"search_term_string\"}}],\"inLanguage\":\"tr\"},{\"@type\":\"Organization\",\"@id\":\"https:\/\/narteks.net\/#organization\",\"name\":\"narteks.net\",\"url\":\"https:\/\/narteks.net\/\",\"logo\":{\"@type\":\"ImageObject\",\"inLanguage\":\"tr\",\"@id\":\"https:\/\/narteks.net\/#\/schema\/logo\/image\/\",\"url\":\"https:\/\/narteks.net\/wp-content\/uploads\/narteks.png\",\"contentUrl\":\"https:\/\/narteks.net\/wp-content\/uploads\/narteks.png\",\"width\":300,\"height\":90,\"caption\":\"narteks.net\"},\"image\":{\"@id\":\"https:\/\/narteks.net\/#\/schema\/logo\/image\/\"},\"sameAs\":[\"https:\/\/x.com\/narteks\",\"https:\/\/instagram.com\/narteksnet\"]},{\"@type\":\"Person\",\"@id\":\"https:\/\/narteks.net\/#\/schema\/person\/61f37d9834294b72d31d274e7ed79bca\",\"name\":\"Tar\u0131k\",\"image\":{\"@type\":\"ImageObject\",\"inLanguage\":\"tr\",\"@id\":\"https:\/\/narteks.net\/#\/schema\/person\/image\/\",\"url\":\"https:\/\/secure.gravatar.com\/avatar\/50865afb55632c4ae467e0af0930f6510aa2297d8014be502a55b14f3b7550cf?s=96&d=mm&r=g\",\"contentUrl\":\"https:\/\/secure.gravatar.com\/avatar\/50865afb55632c4ae467e0af0930f6510aa2297d8014be502a55b14f3b7550cf?s=96&d=mm&r=g\",\"caption\":\"Tar\u0131k\"},\"sameAs\":[\"http:\/\/narteks.net\"],\"url\":\"https:\/\/narteks.net\/index.php\/author\/narbak\/\"}]}<\/script>\n<!-- \/ Yoast SEO Premium plugin. -->","yoast_head_json":{"title":"DARA\u011eACI - narteks.net","robots":{"index":"index","follow":"follow","max-snippet":"max-snippet:-1","max-image-preview":"max-image-preview:large","max-video-preview":"max-video-preview:-1"},"canonical":"https:\/\/narteks.net\/index.php\/2009\/12\/26\/daragaci\/","og_locale":"tr_TR","og_type":"article","og_title":"DARA\u011eACI","og_description":"\u00a0 Ve g\u00fcnlerden bir g\u00fcn, bir sabah erken Ku\u015fluk vaktinde, b\u00fclb\u00fcller \u00f6terken Kentin meydan\u0131nda bir dara\u011fac\u0131. Sallan\u0131yor bo\u015flukta bir yabanc\u0131. Ge\u00e7iyor sabah\u0131n yolu aln\u0131ndan Ve yal\u0131n ayaklar\u0131 bir gecede&#8230; (Yeni yollar\u0131n\u0131 m\u0131 d\u00fc\u015f\u00fcnmede Bu ayaklar? .. son dura\u011f\u0131na kadar Ne uysal y\u00fcr\u00fcm\u00fc\u015ft\u00fcr bu ayaklar!) Esintili alanda \u00fc\u00e7 be\u015f adam; Uykusuz y\u00fczleri donuk birer cam, Bakadurmu\u015flar [&hellip;]","og_url":"https:\/\/narteks.net\/index.php\/2009\/12\/26\/daragaci\/","og_site_name":"narteks.net","article_published_time":"2009-12-26T13:44:21+00:00","og_image":[{"width":300,"height":90,"url":"https:\/\/narteks.net\/wp-content\/uploads\/narteks.png","type":"image\/png"}],"author":"Tar\u0131k","twitter_card":"summary_large_image","twitter_creator":"@narteks","twitter_site":"@narteks","twitter_misc":{"Yazan:":"Tar\u0131k","Tahmini okuma s\u00fcresi":"2 dakika"},"schema":{"@context":"https:\/\/schema.org","@graph":[{"@type":"Article","@id":"https:\/\/narteks.net\/index.php\/2009\/12\/26\/daragaci\/#article","isPartOf":{"@id":"https:\/\/narteks.net\/index.php\/2009\/12\/26\/daragaci\/"},"author":{"name":"Tar\u0131k","@id":"https:\/\/narteks.net\/#\/schema\/person\/61f37d9834294b72d31d274e7ed79bca"},"headline":"DARA\u011eACI","datePublished":"2009-12-26T13:44:21+00:00","mainEntityOfPage":{"@id":"https:\/\/narteks.net\/index.php\/2009\/12\/26\/daragaci\/"},"wordCount":372,"commentCount":0,"publisher":{"@id":"https:\/\/narteks.net\/#organization"},"articleSection":["Ahmet Muhip DIRANAS"],"inLanguage":"tr","potentialAction":[{"@type":"CommentAction","name":"Comment","target":["https:\/\/narteks.net\/index.php\/2009\/12\/26\/daragaci\/#respond"]}]},{"@type":"WebPage","@id":"https:\/\/narteks.net\/index.php\/2009\/12\/26\/daragaci\/","url":"https:\/\/narteks.net\/index.php\/2009\/12\/26\/daragaci\/","name":"DARA\u011eACI - narteks.net","isPartOf":{"@id":"https:\/\/narteks.net\/#website"},"datePublished":"2009-12-26T13:44:21+00:00","breadcrumb":{"@id":"https:\/\/narteks.net\/index.php\/2009\/12\/26\/daragaci\/#breadcrumb"},"inLanguage":"tr","potentialAction":[{"@type":"ReadAction","target":["https:\/\/narteks.net\/index.php\/2009\/12\/26\/daragaci\/"]}]},{"@type":"BreadcrumbList","@id":"https:\/\/narteks.net\/index.php\/2009\/12\/26\/daragaci\/#breadcrumb","itemListElement":[{"@type":"ListItem","position":1,"name":"Anasayfa","item":"https:\/\/narteks.net\/"},{"@type":"ListItem","position":2,"name":"DARA\u011eACI"}]},{"@type":"WebSite","@id":"https:\/\/narteks.net\/#website","url":"https:\/\/narteks.net\/","name":"narteks.net","description":"K\u00fclt\u00fcr Sanat Edebiyat Felsefe","publisher":{"@id":"https:\/\/narteks.net\/#organization"},"alternateName":"K\u00fclt\u00fcr Sanat Edebiyat Felsefe","potentialAction":[{"@type":"SearchAction","target":{"@type":"EntryPoint","urlTemplate":"https:\/\/narteks.net\/?s={search_term_string}"},"query-input":{"@type":"PropertyValueSpecification","valueRequired":true,"valueName":"search_term_string"}}],"inLanguage":"tr"},{"@type":"Organization","@id":"https:\/\/narteks.net\/#organization","name":"narteks.net","url":"https:\/\/narteks.net\/","logo":{"@type":"ImageObject","inLanguage":"tr","@id":"https:\/\/narteks.net\/#\/schema\/logo\/image\/","url":"https:\/\/narteks.net\/wp-content\/uploads\/narteks.png","contentUrl":"https:\/\/narteks.net\/wp-content\/uploads\/narteks.png","width":300,"height":90,"caption":"narteks.net"},"image":{"@id":"https:\/\/narteks.net\/#\/schema\/logo\/image\/"},"sameAs":["https:\/\/x.com\/narteks","https:\/\/instagram.com\/narteksnet"]},{"@type":"Person","@id":"https:\/\/narteks.net\/#\/schema\/person\/61f37d9834294b72d31d274e7ed79bca","name":"Tar\u0131k","image":{"@type":"ImageObject","inLanguage":"tr","@id":"https:\/\/narteks.net\/#\/schema\/person\/image\/","url":"https:\/\/secure.gravatar.com\/avatar\/50865afb55632c4ae467e0af0930f6510aa2297d8014be502a55b14f3b7550cf?s=96&d=mm&r=g","contentUrl":"https:\/\/secure.gravatar.com\/avatar\/50865afb55632c4ae467e0af0930f6510aa2297d8014be502a55b14f3b7550cf?s=96&d=mm&r=g","caption":"Tar\u0131k"},"sameAs":["http:\/\/narteks.net"],"url":"https:\/\/narteks.net\/index.php\/author\/narbak\/"}]}},"_links":{"self":[{"href":"https:\/\/narteks.net\/index.php\/wp-json\/wp\/v2\/posts\/3351","targetHints":{"allow":["GET"]}}],"collection":[{"href":"https:\/\/narteks.net\/index.php\/wp-json\/wp\/v2\/posts"}],"about":[{"href":"https:\/\/narteks.net\/index.php\/wp-json\/wp\/v2\/types\/post"}],"author":[{"embeddable":true,"href":"https:\/\/narteks.net\/index.php\/wp-json\/wp\/v2\/users\/1"}],"replies":[{"embeddable":true,"href":"https:\/\/narteks.net\/index.php\/wp-json\/wp\/v2\/comments?post=3351"}],"version-history":[{"count":0,"href":"https:\/\/narteks.net\/index.php\/wp-json\/wp\/v2\/posts\/3351\/revisions"}],"wp:attachment":[{"href":"https:\/\/narteks.net\/index.php\/wp-json\/wp\/v2\/media?parent=3351"}],"wp:term":[{"taxonomy":"category","embeddable":true,"href":"https:\/\/narteks.net\/index.php\/wp-json\/wp\/v2\/categories?post=3351"},{"taxonomy":"post_tag","embeddable":true,"href":"https:\/\/narteks.net\/index.php\/wp-json\/wp\/v2\/tags?post=3351"}],"curies":[{"name":"wp","href":"https:\/\/api.w.org\/{rel}","templated":true}]}}