{"id":3353,"date":"2009-12-26T16:46:11","date_gmt":"2009-12-26T13:46:11","guid":{"rendered":"http:\/\/localhost\/wordpress\/2009\/12\/26\/fahriye-abla\/"},"modified":"2009-12-26T16:46:11","modified_gmt":"2009-12-26T13:46:11","slug":"fahriye-abla","status":"publish","type":"post","link":"https:\/\/narteks.net\/index.php\/2009\/12\/26\/fahriye-abla\/","title":{"rendered":"FAHR\u0130YE ABLA"},"content":{"rendered":"<p>\u00a0<\/p>\n<p>Hava keskin bir k\u00f6m\u00fcr kokusuyla dolar <br \/> Kapan\u0131rd\u0131 daha g\u00fcn batmadan kap\u0131lar <br \/> Bu afyon ruhu gibi bayg\u0131n mahalleden <br \/> Hayalimde tek \u00e7izgi bir sen kalm\u0131\u015fs\u0131n sen! <br \/> H\u00fclyas\u0131ndaki geni\u015f ayd\u0131nl\u0131\u011fa g\u00fclen <br \/> G\u00f6zlerin , di\u015flerin ve akpak gerdan\u0131nla <br \/> Ne g\u00fczel kom\u015fumuzdun sen fahriye abla <\/p>\n<p> Eviniz kutu gibi k\u00fc\u00e7\u00fcc\u00fck bir evdi <br \/> Sarma\u015f\u0131klarla balkonu \u00f6rt\u00fck bir evdi <br \/> G\u00fcne\u015fin batmas\u0131na yak\u0131n saatlerde <br \/> Y\u0131kan\u0131rd\u0131 g\u00f6lgesi kuytu bir derede <br \/> Yaz k\u0131\u015f ye\u015fil bir saks\u0131 \u0131t\u0131r pencerede <br \/> Bah\u00e7ede akasyalar a\u00e7ard\u0131 baharla <br \/> Ne \u015firin kom\u015fumuzdun fahriye abla <\/p>\n<p> \u00d6nce upuzun sonra kesik sa\u00e7\u0131n vard\u0131 <br \/> Tenin bu\u011fdays\u0131 , boyun bir ba\u015fak kadard\u0131 <br \/> \u0130\u00e7ini g\u0131c\u0131klard\u0131 b\u00fct\u00fcn erkeklerin <br \/> Alt\u0131n bileziklerle dolu bileklerin <br \/> A\u00e7\u0131l\u0131rd\u0131 r\u00fczgarda k\u0131sa eteklerin <br \/> A\u00e7\u0131k sa\u00e7\u0131k \u015fark\u0131lar s\u00f6ylerdin en fazla <br \/> Ne \u00e7apk\u0131n kom\u015fumuzdun sen fahriye abla <\/p>\n<p> G\u00f6n\u00fcl verdin derlerdi o delikanl\u0131ya <br \/> En sonunda varm\u0131\u015fs\u0131n bir erzincanl\u0131ya <br \/> Bilmem \u015fimdi hala bu ilk kocandam\u0131s\u0131n <br \/> Hala da\u011flar\u0131 karl\u0131 erzincandam\u0131s\u0131n <br \/> B\u0131rak ge\u00e7mi\u015f g\u00fcnleri g\u00f6nl\u00fcm hat\u0131rlas\u0131n <br \/> Hat\u0131rada kalan \u015feyler de\u011fi\u015fmez zamanda <br \/> Ne vefal\u0131 kom\u015fumuzdun sen fahriye abla<\/p>\n","protected":false},"excerpt":{"rendered":"<p>\u00a0 Hava keskin bir k\u00f6m\u00fcr kokusuyla dolar Kapan\u0131rd\u0131 daha g\u00fcn batmadan kap\u0131lar Bu afyon ruhu gibi bayg\u0131n mahalleden Hayalimde tek \u00e7izgi bir sen kalm\u0131\u015fs\u0131n sen! H\u00fclyas\u0131ndaki geni\u015f ayd\u0131nl\u0131\u011fa g\u00fclen G\u00f6zlerin , di\u015flerin ve akpak gerdan\u0131nla Ne g\u00fczel kom\u015fumuzdun sen fahriye abla Eviniz kutu gibi k\u00fc\u00e7\u00fcc\u00fck bir evdi Sarma\u015f\u0131klarla balkonu \u00f6rt\u00fck bir evdi G\u00fcne\u015fin batmas\u0131na yak\u0131n [&hellip;]<\/p>\n","protected":false},"author":1,"featured_media":0,"comment_status":"open","ping_status":"open","sticky":false,"template":"","format":"standard","meta":{"footnotes":""},"categories":[113],"tags":[],"class_list":{"0":"post-3353","1":"post","2":"type-post","3":"status-publish","4":"format-standard","6":"category-ahmet-muhip-diranas"},"yoast_head":"<!-- This site is optimized with the Yoast SEO Premium plugin v24.9 (Yoast SEO v24.9) - https:\/\/yoast.com\/wordpress\/plugins\/seo\/ -->\n<title>FAHR\u0130YE ABLA - narteks.net<\/title>\n<meta name=\"robots\" content=\"index, follow, max-snippet:-1, max-image-preview:large, max-video-preview:-1\" \/>\n<link rel=\"canonical\" href=\"https:\/\/narteks.net\/index.php\/2009\/12\/26\/fahriye-abla\/\" \/>\n<meta property=\"og:locale\" content=\"tr_TR\" \/>\n<meta property=\"og:type\" content=\"article\" \/>\n<meta property=\"og:title\" content=\"FAHR\u0130YE ABLA\" \/>\n<meta property=\"og:description\" content=\"\u00a0 Hava keskin bir k\u00f6m\u00fcr kokusuyla dolar Kapan\u0131rd\u0131 daha g\u00fcn batmadan kap\u0131lar Bu afyon ruhu gibi bayg\u0131n mahalleden Hayalimde tek \u00e7izgi bir sen kalm\u0131\u015fs\u0131n sen! H\u00fclyas\u0131ndaki geni\u015f ayd\u0131nl\u0131\u011fa g\u00fclen G\u00f6zlerin , di\u015flerin ve akpak gerdan\u0131nla Ne g\u00fczel kom\u015fumuzdun sen fahriye abla Eviniz kutu gibi k\u00fc\u00e7\u00fcc\u00fck bir evdi Sarma\u015f\u0131klarla balkonu \u00f6rt\u00fck bir evdi G\u00fcne\u015fin batmas\u0131na yak\u0131n [&hellip;]\" \/>\n<meta property=\"og:url\" content=\"https:\/\/narteks.net\/index.php\/2009\/12\/26\/fahriye-abla\/\" \/>\n<meta property=\"og:site_name\" content=\"narteks.net\" \/>\n<meta property=\"article:published_time\" content=\"2009-12-26T13:46:11+00:00\" \/>\n<meta property=\"og:image\" content=\"https:\/\/narteks.net\/wp-content\/uploads\/narteks.png\" \/>\n\t<meta property=\"og:image:width\" content=\"300\" \/>\n\t<meta property=\"og:image:height\" content=\"90\" \/>\n\t<meta property=\"og:image:type\" content=\"image\/png\" \/>\n<meta name=\"author\" content=\"Tar\u0131k\" \/>\n<meta name=\"twitter:card\" content=\"summary_large_image\" \/>\n<meta name=\"twitter:creator\" content=\"@narteks\" \/>\n<meta name=\"twitter:site\" content=\"@narteks\" \/>\n<meta name=\"twitter:label1\" content=\"Yazan:\" \/>\n\t<meta name=\"twitter:data1\" content=\"Tar\u0131k\" \/>\n\t<meta name=\"twitter:label2\" content=\"Tahmini okuma s\u00fcresi\" \/>\n\t<meta name=\"twitter:data2\" content=\"1 dakika\" \/>\n<script type=\"application\/ld+json\" class=\"yoast-schema-graph\">{\"@context\":\"https:\/\/schema.org\",\"@graph\":[{\"@type\":\"Article\",\"@id\":\"https:\/\/narteks.net\/index.php\/2009\/12\/26\/fahriye-abla\/#article\",\"isPartOf\":{\"@id\":\"https:\/\/narteks.net\/index.php\/2009\/12\/26\/fahriye-abla\/\"},\"author\":{\"name\":\"Tar\u0131k\",\"@id\":\"https:\/\/narteks.net\/#\/schema\/person\/61f37d9834294b72d31d274e7ed79bca\"},\"headline\":\"FAHR\u0130YE ABLA\",\"datePublished\":\"2009-12-26T13:46:11+00:00\",\"mainEntityOfPage\":{\"@id\":\"https:\/\/narteks.net\/index.php\/2009\/12\/26\/fahriye-abla\/\"},\"wordCount\":224,\"commentCount\":0,\"publisher\":{\"@id\":\"https:\/\/narteks.net\/#organization\"},\"articleSection\":[\"Ahmet Muhip DIRANAS\"],\"inLanguage\":\"tr\",\"potentialAction\":[{\"@type\":\"CommentAction\",\"name\":\"Comment\",\"target\":[\"https:\/\/narteks.net\/index.php\/2009\/12\/26\/fahriye-abla\/#respond\"]}]},{\"@type\":\"WebPage\",\"@id\":\"https:\/\/narteks.net\/index.php\/2009\/12\/26\/fahriye-abla\/\",\"url\":\"https:\/\/narteks.net\/index.php\/2009\/12\/26\/fahriye-abla\/\",\"name\":\"FAHR\u0130YE ABLA - narteks.net\",\"isPartOf\":{\"@id\":\"https:\/\/narteks.net\/#website\"},\"datePublished\":\"2009-12-26T13:46:11+00:00\",\"breadcrumb\":{\"@id\":\"https:\/\/narteks.net\/index.php\/2009\/12\/26\/fahriye-abla\/#breadcrumb\"},\"inLanguage\":\"tr\",\"potentialAction\":[{\"@type\":\"ReadAction\",\"target\":[\"https:\/\/narteks.net\/index.php\/2009\/12\/26\/fahriye-abla\/\"]}]},{\"@type\":\"BreadcrumbList\",\"@id\":\"https:\/\/narteks.net\/index.php\/2009\/12\/26\/fahriye-abla\/#breadcrumb\",\"itemListElement\":[{\"@type\":\"ListItem\",\"position\":1,\"name\":\"Anasayfa\",\"item\":\"https:\/\/narteks.net\/\"},{\"@type\":\"ListItem\",\"position\":2,\"name\":\"FAHR\u0130YE ABLA\"}]},{\"@type\":\"WebSite\",\"@id\":\"https:\/\/narteks.net\/#website\",\"url\":\"https:\/\/narteks.net\/\",\"name\":\"narteks.net\",\"description\":\"K\u00fclt\u00fcr Sanat Edebiyat Felsefe\",\"publisher\":{\"@id\":\"https:\/\/narteks.net\/#organization\"},\"alternateName\":\"K\u00fclt\u00fcr Sanat Edebiyat Felsefe\",\"potentialAction\":[{\"@type\":\"SearchAction\",\"target\":{\"@type\":\"EntryPoint\",\"urlTemplate\":\"https:\/\/narteks.net\/?s={search_term_string}\"},\"query-input\":{\"@type\":\"PropertyValueSpecification\",\"valueRequired\":true,\"valueName\":\"search_term_string\"}}],\"inLanguage\":\"tr\"},{\"@type\":\"Organization\",\"@id\":\"https:\/\/narteks.net\/#organization\",\"name\":\"narteks.net\",\"url\":\"https:\/\/narteks.net\/\",\"logo\":{\"@type\":\"ImageObject\",\"inLanguage\":\"tr\",\"@id\":\"https:\/\/narteks.net\/#\/schema\/logo\/image\/\",\"url\":\"https:\/\/narteks.net\/wp-content\/uploads\/narteks.png\",\"contentUrl\":\"https:\/\/narteks.net\/wp-content\/uploads\/narteks.png\",\"width\":300,\"height\":90,\"caption\":\"narteks.net\"},\"image\":{\"@id\":\"https:\/\/narteks.net\/#\/schema\/logo\/image\/\"},\"sameAs\":[\"https:\/\/x.com\/narteks\",\"https:\/\/instagram.com\/narteksnet\"]},{\"@type\":\"Person\",\"@id\":\"https:\/\/narteks.net\/#\/schema\/person\/61f37d9834294b72d31d274e7ed79bca\",\"name\":\"Tar\u0131k\",\"image\":{\"@type\":\"ImageObject\",\"inLanguage\":\"tr\",\"@id\":\"https:\/\/narteks.net\/#\/schema\/person\/image\/\",\"url\":\"https:\/\/secure.gravatar.com\/avatar\/50865afb55632c4ae467e0af0930f6510aa2297d8014be502a55b14f3b7550cf?s=96&d=mm&r=g\",\"contentUrl\":\"https:\/\/secure.gravatar.com\/avatar\/50865afb55632c4ae467e0af0930f6510aa2297d8014be502a55b14f3b7550cf?s=96&d=mm&r=g\",\"caption\":\"Tar\u0131k\"},\"sameAs\":[\"http:\/\/narteks.net\"],\"url\":\"https:\/\/narteks.net\/index.php\/author\/narbak\/\"}]}<\/script>\n<!-- \/ Yoast SEO Premium plugin. -->","yoast_head_json":{"title":"FAHR\u0130YE ABLA - narteks.net","robots":{"index":"index","follow":"follow","max-snippet":"max-snippet:-1","max-image-preview":"max-image-preview:large","max-video-preview":"max-video-preview:-1"},"canonical":"https:\/\/narteks.net\/index.php\/2009\/12\/26\/fahriye-abla\/","og_locale":"tr_TR","og_type":"article","og_title":"FAHR\u0130YE ABLA","og_description":"\u00a0 Hava keskin bir k\u00f6m\u00fcr kokusuyla dolar Kapan\u0131rd\u0131 daha g\u00fcn batmadan kap\u0131lar Bu afyon ruhu gibi bayg\u0131n mahalleden Hayalimde tek \u00e7izgi bir sen kalm\u0131\u015fs\u0131n sen! H\u00fclyas\u0131ndaki geni\u015f ayd\u0131nl\u0131\u011fa g\u00fclen G\u00f6zlerin , di\u015flerin ve akpak gerdan\u0131nla Ne g\u00fczel kom\u015fumuzdun sen fahriye abla Eviniz kutu gibi k\u00fc\u00e7\u00fcc\u00fck bir evdi Sarma\u015f\u0131klarla balkonu \u00f6rt\u00fck bir evdi G\u00fcne\u015fin batmas\u0131na yak\u0131n [&hellip;]","og_url":"https:\/\/narteks.net\/index.php\/2009\/12\/26\/fahriye-abla\/","og_site_name":"narteks.net","article_published_time":"2009-12-26T13:46:11+00:00","og_image":[{"width":300,"height":90,"url":"https:\/\/narteks.net\/wp-content\/uploads\/narteks.png","type":"image\/png"}],"author":"Tar\u0131k","twitter_card":"summary_large_image","twitter_creator":"@narteks","twitter_site":"@narteks","twitter_misc":{"Yazan:":"Tar\u0131k","Tahmini okuma s\u00fcresi":"1 dakika"},"schema":{"@context":"https:\/\/schema.org","@graph":[{"@type":"Article","@id":"https:\/\/narteks.net\/index.php\/2009\/12\/26\/fahriye-abla\/#article","isPartOf":{"@id":"https:\/\/narteks.net\/index.php\/2009\/12\/26\/fahriye-abla\/"},"author":{"name":"Tar\u0131k","@id":"https:\/\/narteks.net\/#\/schema\/person\/61f37d9834294b72d31d274e7ed79bca"},"headline":"FAHR\u0130YE ABLA","datePublished":"2009-12-26T13:46:11+00:00","mainEntityOfPage":{"@id":"https:\/\/narteks.net\/index.php\/2009\/12\/26\/fahriye-abla\/"},"wordCount":224,"commentCount":0,"publisher":{"@id":"https:\/\/narteks.net\/#organization"},"articleSection":["Ahmet Muhip DIRANAS"],"inLanguage":"tr","potentialAction":[{"@type":"CommentAction","name":"Comment","target":["https:\/\/narteks.net\/index.php\/2009\/12\/26\/fahriye-abla\/#respond"]}]},{"@type":"WebPage","@id":"https:\/\/narteks.net\/index.php\/2009\/12\/26\/fahriye-abla\/","url":"https:\/\/narteks.net\/index.php\/2009\/12\/26\/fahriye-abla\/","name":"FAHR\u0130YE ABLA - narteks.net","isPartOf":{"@id":"https:\/\/narteks.net\/#website"},"datePublished":"2009-12-26T13:46:11+00:00","breadcrumb":{"@id":"https:\/\/narteks.net\/index.php\/2009\/12\/26\/fahriye-abla\/#breadcrumb"},"inLanguage":"tr","potentialAction":[{"@type":"ReadAction","target":["https:\/\/narteks.net\/index.php\/2009\/12\/26\/fahriye-abla\/"]}]},{"@type":"BreadcrumbList","@id":"https:\/\/narteks.net\/index.php\/2009\/12\/26\/fahriye-abla\/#breadcrumb","itemListElement":[{"@type":"ListItem","position":1,"name":"Anasayfa","item":"https:\/\/narteks.net\/"},{"@type":"ListItem","position":2,"name":"FAHR\u0130YE ABLA"}]},{"@type":"WebSite","@id":"https:\/\/narteks.net\/#website","url":"https:\/\/narteks.net\/","name":"narteks.net","description":"K\u00fclt\u00fcr Sanat Edebiyat Felsefe","publisher":{"@id":"https:\/\/narteks.net\/#organization"},"alternateName":"K\u00fclt\u00fcr Sanat Edebiyat Felsefe","potentialAction":[{"@type":"SearchAction","target":{"@type":"EntryPoint","urlTemplate":"https:\/\/narteks.net\/?s={search_term_string}"},"query-input":{"@type":"PropertyValueSpecification","valueRequired":true,"valueName":"search_term_string"}}],"inLanguage":"tr"},{"@type":"Organization","@id":"https:\/\/narteks.net\/#organization","name":"narteks.net","url":"https:\/\/narteks.net\/","logo":{"@type":"ImageObject","inLanguage":"tr","@id":"https:\/\/narteks.net\/#\/schema\/logo\/image\/","url":"https:\/\/narteks.net\/wp-content\/uploads\/narteks.png","contentUrl":"https:\/\/narteks.net\/wp-content\/uploads\/narteks.png","width":300,"height":90,"caption":"narteks.net"},"image":{"@id":"https:\/\/narteks.net\/#\/schema\/logo\/image\/"},"sameAs":["https:\/\/x.com\/narteks","https:\/\/instagram.com\/narteksnet"]},{"@type":"Person","@id":"https:\/\/narteks.net\/#\/schema\/person\/61f37d9834294b72d31d274e7ed79bca","name":"Tar\u0131k","image":{"@type":"ImageObject","inLanguage":"tr","@id":"https:\/\/narteks.net\/#\/schema\/person\/image\/","url":"https:\/\/secure.gravatar.com\/avatar\/50865afb55632c4ae467e0af0930f6510aa2297d8014be502a55b14f3b7550cf?s=96&d=mm&r=g","contentUrl":"https:\/\/secure.gravatar.com\/avatar\/50865afb55632c4ae467e0af0930f6510aa2297d8014be502a55b14f3b7550cf?s=96&d=mm&r=g","caption":"Tar\u0131k"},"sameAs":["http:\/\/narteks.net"],"url":"https:\/\/narteks.net\/index.php\/author\/narbak\/"}]}},"_links":{"self":[{"href":"https:\/\/narteks.net\/index.php\/wp-json\/wp\/v2\/posts\/3353","targetHints":{"allow":["GET"]}}],"collection":[{"href":"https:\/\/narteks.net\/index.php\/wp-json\/wp\/v2\/posts"}],"about":[{"href":"https:\/\/narteks.net\/index.php\/wp-json\/wp\/v2\/types\/post"}],"author":[{"embeddable":true,"href":"https:\/\/narteks.net\/index.php\/wp-json\/wp\/v2\/users\/1"}],"replies":[{"embeddable":true,"href":"https:\/\/narteks.net\/index.php\/wp-json\/wp\/v2\/comments?post=3353"}],"version-history":[{"count":0,"href":"https:\/\/narteks.net\/index.php\/wp-json\/wp\/v2\/posts\/3353\/revisions"}],"wp:attachment":[{"href":"https:\/\/narteks.net\/index.php\/wp-json\/wp\/v2\/media?parent=3353"}],"wp:term":[{"taxonomy":"category","embeddable":true,"href":"https:\/\/narteks.net\/index.php\/wp-json\/wp\/v2\/categories?post=3353"},{"taxonomy":"post_tag","embeddable":true,"href":"https:\/\/narteks.net\/index.php\/wp-json\/wp\/v2\/tags?post=3353"}],"curies":[{"name":"wp","href":"https:\/\/api.w.org\/{rel}","templated":true}]}}