{"id":3359,"date":"2009-12-26T16:50:23","date_gmt":"2009-12-26T13:50:23","guid":{"rendered":"http:\/\/localhost\/wordpress\/2009\/12\/26\/kar-2\/"},"modified":"2009-12-26T16:50:23","modified_gmt":"2009-12-26T13:50:23","slug":"kar-2","status":"publish","type":"post","link":"https:\/\/narteks.net\/index.php\/2009\/12\/26\/kar-2\/","title":{"rendered":"KAR"},"content":{"rendered":"<p>\u00a0<\/p>\n<p>Kard\u0131r ya\u011fan \u00fcst\u00fcm\u00fcze geceden,<br \/> Ya\u011fmurlu, karanl\u0131k bir d\u00fc\u015f\u00fcnceden,<br \/> Orman\u0131n u\u011fultusuyla birlikte<br \/> Ve d\u00f6rtnala d\u00fcmd\u00fcz bir mavilikte <br \/> Kar ya\u011f\u0131yor \u00fcst\u00fcm\u00fcze, inceden.<\/p>\n<p> Sesin nerde kald\u0131, her g\u00fcnk\u00fc sesin,<br \/> Unutulmu\u015f g\u00fczel \u015fark\u0131lar i\u00e7in<br \/> Bu kar gecesinde uzaktan, yoldan,<br \/> R\u00fczg\u00e2r gibi t\u00e2 eski Anadolu&#8217;dan<br \/> Sesin nerde kald\u0131? kar i\u00e7indesin!<\/p>\n<p> Ne sabaht\u0131r bu mavilik, ne ak\u015fam!<br \/> Uyand\u0131rmay\u0131n beni, uyanamam.<br \/> Kaybolmu\u015f sevdiklerimiz a\u015fk\u0131na,<br \/> Allah a\u015fk\u0131na, g\u00f6k, deniz a\u015fk\u0131na<br \/> Ya\u011fs\u0131n kar \u00fcst\u00fcm\u00fcze buram buram&#8230;<br \/> Bu\u011fuland\u0131k\u00e7a y\u00fcz\u00fc her aynan\u0131n<br \/> Beyaz dokusunda bu saf r\u00fcyan\u0131n<br \/> G\u00f6\u011fe uzan\u0131r &#8211; tek, tenha &#8211; bir kam\u0131\u015f<br \/> S\u0131rf unutmak i\u00e7in, unutmak ey k\u0131\u015f!<br \/> B\u00fcy\u00fck yaln\u0131zl\u0131\u011f\u0131n\u0131 d\u00fcnyan\u0131n.<\/p>\n","protected":false},"excerpt":{"rendered":"<p>\u00a0 Kard\u0131r ya\u011fan \u00fcst\u00fcm\u00fcze geceden, Ya\u011fmurlu, karanl\u0131k bir d\u00fc\u015f\u00fcnceden, Orman\u0131n u\u011fultusuyla birlikte Ve d\u00f6rtnala d\u00fcmd\u00fcz bir mavilikte Kar ya\u011f\u0131yor \u00fcst\u00fcm\u00fcze, inceden. Sesin nerde kald\u0131, her g\u00fcnk\u00fc sesin, Unutulmu\u015f g\u00fczel \u015fark\u0131lar i\u00e7in Bu kar gecesinde uzaktan, yoldan, R\u00fczg\u00e2r gibi t\u00e2 eski Anadolu&#8217;dan Sesin nerde kald\u0131? kar i\u00e7indesin! Ne sabaht\u0131r bu mavilik, ne ak\u015fam! Uyand\u0131rmay\u0131n beni, uyanamam. [&hellip;]<\/p>\n","protected":false},"author":1,"featured_media":0,"comment_status":"open","ping_status":"open","sticky":false,"template":"","format":"standard","meta":{"footnotes":""},"categories":[113],"tags":[],"class_list":{"0":"post-3359","1":"post","2":"type-post","3":"status-publish","4":"format-standard","6":"category-ahmet-muhip-diranas"},"yoast_head":"<!-- This site is optimized with the Yoast SEO Premium plugin v24.9 (Yoast SEO v24.9) - https:\/\/yoast.com\/wordpress\/plugins\/seo\/ -->\n<title>KAR - narteks.net<\/title>\n<meta name=\"robots\" content=\"index, follow, max-snippet:-1, max-image-preview:large, max-video-preview:-1\" \/>\n<link rel=\"canonical\" href=\"https:\/\/narteks.net\/index.php\/2009\/12\/26\/kar-2\/\" \/>\n<meta property=\"og:locale\" content=\"tr_TR\" \/>\n<meta property=\"og:type\" content=\"article\" \/>\n<meta property=\"og:title\" content=\"KAR\" \/>\n<meta property=\"og:description\" content=\"\u00a0 Kard\u0131r ya\u011fan \u00fcst\u00fcm\u00fcze geceden, Ya\u011fmurlu, karanl\u0131k bir d\u00fc\u015f\u00fcnceden, Orman\u0131n u\u011fultusuyla birlikte Ve d\u00f6rtnala d\u00fcmd\u00fcz bir mavilikte Kar ya\u011f\u0131yor \u00fcst\u00fcm\u00fcze, inceden. Sesin nerde kald\u0131, her g\u00fcnk\u00fc sesin, Unutulmu\u015f g\u00fczel \u015fark\u0131lar i\u00e7in Bu kar gecesinde uzaktan, yoldan, R\u00fczg\u00e2r gibi t\u00e2 eski Anadolu&#8217;dan Sesin nerde kald\u0131? kar i\u00e7indesin! Ne sabaht\u0131r bu mavilik, ne ak\u015fam! Uyand\u0131rmay\u0131n beni, uyanamam. [&hellip;]\" \/>\n<meta property=\"og:url\" content=\"https:\/\/narteks.net\/index.php\/2009\/12\/26\/kar-2\/\" \/>\n<meta property=\"og:site_name\" content=\"narteks.net\" \/>\n<meta property=\"article:published_time\" content=\"2009-12-26T13:50:23+00:00\" \/>\n<meta property=\"og:image\" content=\"https:\/\/narteks.net\/wp-content\/uploads\/narteks.png\" \/>\n\t<meta property=\"og:image:width\" content=\"300\" \/>\n\t<meta property=\"og:image:height\" content=\"90\" \/>\n\t<meta property=\"og:image:type\" content=\"image\/png\" \/>\n<meta name=\"author\" content=\"Tar\u0131k\" \/>\n<meta name=\"twitter:card\" content=\"summary_large_image\" \/>\n<meta name=\"twitter:creator\" content=\"@narteks\" \/>\n<meta name=\"twitter:site\" content=\"@narteks\" \/>\n<meta name=\"twitter:label1\" content=\"Yazan:\" \/>\n\t<meta name=\"twitter:data1\" content=\"Tar\u0131k\" \/>\n\t<meta name=\"twitter:label2\" content=\"Tahmini okuma s\u00fcresi\" \/>\n\t<meta name=\"twitter:data2\" content=\"1 dakika\" \/>\n<script type=\"application\/ld+json\" class=\"yoast-schema-graph\">{\"@context\":\"https:\/\/schema.org\",\"@graph\":[{\"@type\":\"Article\",\"@id\":\"https:\/\/narteks.net\/index.php\/2009\/12\/26\/kar-2\/#article\",\"isPartOf\":{\"@id\":\"https:\/\/narteks.net\/index.php\/2009\/12\/26\/kar-2\/\"},\"author\":{\"name\":\"Tar\u0131k\",\"@id\":\"https:\/\/narteks.net\/#\/schema\/person\/61f37d9834294b72d31d274e7ed79bca\"},\"headline\":\"KAR\",\"datePublished\":\"2009-12-26T13:50:23+00:00\",\"mainEntityOfPage\":{\"@id\":\"https:\/\/narteks.net\/index.php\/2009\/12\/26\/kar-2\/\"},\"wordCount\":148,\"commentCount\":0,\"publisher\":{\"@id\":\"https:\/\/narteks.net\/#organization\"},\"articleSection\":[\"Ahmet Muhip DIRANAS\"],\"inLanguage\":\"tr\",\"potentialAction\":[{\"@type\":\"CommentAction\",\"name\":\"Comment\",\"target\":[\"https:\/\/narteks.net\/index.php\/2009\/12\/26\/kar-2\/#respond\"]}]},{\"@type\":\"WebPage\",\"@id\":\"https:\/\/narteks.net\/index.php\/2009\/12\/26\/kar-2\/\",\"url\":\"https:\/\/narteks.net\/index.php\/2009\/12\/26\/kar-2\/\",\"name\":\"KAR - narteks.net\",\"isPartOf\":{\"@id\":\"https:\/\/narteks.net\/#website\"},\"datePublished\":\"2009-12-26T13:50:23+00:00\",\"breadcrumb\":{\"@id\":\"https:\/\/narteks.net\/index.php\/2009\/12\/26\/kar-2\/#breadcrumb\"},\"inLanguage\":\"tr\",\"potentialAction\":[{\"@type\":\"ReadAction\",\"target\":[\"https:\/\/narteks.net\/index.php\/2009\/12\/26\/kar-2\/\"]}]},{\"@type\":\"BreadcrumbList\",\"@id\":\"https:\/\/narteks.net\/index.php\/2009\/12\/26\/kar-2\/#breadcrumb\",\"itemListElement\":[{\"@type\":\"ListItem\",\"position\":1,\"name\":\"Anasayfa\",\"item\":\"https:\/\/narteks.net\/\"},{\"@type\":\"ListItem\",\"position\":2,\"name\":\"KAR\"}]},{\"@type\":\"WebSite\",\"@id\":\"https:\/\/narteks.net\/#website\",\"url\":\"https:\/\/narteks.net\/\",\"name\":\"narteks.net\",\"description\":\"K\u00fclt\u00fcr Sanat Edebiyat Felsefe\",\"publisher\":{\"@id\":\"https:\/\/narteks.net\/#organization\"},\"alternateName\":\"K\u00fclt\u00fcr Sanat Edebiyat Felsefe\",\"potentialAction\":[{\"@type\":\"SearchAction\",\"target\":{\"@type\":\"EntryPoint\",\"urlTemplate\":\"https:\/\/narteks.net\/?s={search_term_string}\"},\"query-input\":{\"@type\":\"PropertyValueSpecification\",\"valueRequired\":true,\"valueName\":\"search_term_string\"}}],\"inLanguage\":\"tr\"},{\"@type\":\"Organization\",\"@id\":\"https:\/\/narteks.net\/#organization\",\"name\":\"narteks.net\",\"url\":\"https:\/\/narteks.net\/\",\"logo\":{\"@type\":\"ImageObject\",\"inLanguage\":\"tr\",\"@id\":\"https:\/\/narteks.net\/#\/schema\/logo\/image\/\",\"url\":\"https:\/\/narteks.net\/wp-content\/uploads\/narteks.png\",\"contentUrl\":\"https:\/\/narteks.net\/wp-content\/uploads\/narteks.png\",\"width\":300,\"height\":90,\"caption\":\"narteks.net\"},\"image\":{\"@id\":\"https:\/\/narteks.net\/#\/schema\/logo\/image\/\"},\"sameAs\":[\"https:\/\/x.com\/narteks\",\"https:\/\/instagram.com\/narteksnet\"]},{\"@type\":\"Person\",\"@id\":\"https:\/\/narteks.net\/#\/schema\/person\/61f37d9834294b72d31d274e7ed79bca\",\"name\":\"Tar\u0131k\",\"image\":{\"@type\":\"ImageObject\",\"inLanguage\":\"tr\",\"@id\":\"https:\/\/narteks.net\/#\/schema\/person\/image\/\",\"url\":\"https:\/\/secure.gravatar.com\/avatar\/50865afb55632c4ae467e0af0930f6510aa2297d8014be502a55b14f3b7550cf?s=96&d=mm&r=g\",\"contentUrl\":\"https:\/\/secure.gravatar.com\/avatar\/50865afb55632c4ae467e0af0930f6510aa2297d8014be502a55b14f3b7550cf?s=96&d=mm&r=g\",\"caption\":\"Tar\u0131k\"},\"sameAs\":[\"http:\/\/narteks.net\"],\"url\":\"https:\/\/narteks.net\/index.php\/author\/narbak\/\"}]}<\/script>\n<!-- \/ Yoast SEO Premium plugin. -->","yoast_head_json":{"title":"KAR - narteks.net","robots":{"index":"index","follow":"follow","max-snippet":"max-snippet:-1","max-image-preview":"max-image-preview:large","max-video-preview":"max-video-preview:-1"},"canonical":"https:\/\/narteks.net\/index.php\/2009\/12\/26\/kar-2\/","og_locale":"tr_TR","og_type":"article","og_title":"KAR","og_description":"\u00a0 Kard\u0131r ya\u011fan \u00fcst\u00fcm\u00fcze geceden, Ya\u011fmurlu, karanl\u0131k bir d\u00fc\u015f\u00fcnceden, Orman\u0131n u\u011fultusuyla birlikte Ve d\u00f6rtnala d\u00fcmd\u00fcz bir mavilikte Kar ya\u011f\u0131yor \u00fcst\u00fcm\u00fcze, inceden. Sesin nerde kald\u0131, her g\u00fcnk\u00fc sesin, Unutulmu\u015f g\u00fczel \u015fark\u0131lar i\u00e7in Bu kar gecesinde uzaktan, yoldan, R\u00fczg\u00e2r gibi t\u00e2 eski Anadolu&#8217;dan Sesin nerde kald\u0131? kar i\u00e7indesin! Ne sabaht\u0131r bu mavilik, ne ak\u015fam! Uyand\u0131rmay\u0131n beni, uyanamam. [&hellip;]","og_url":"https:\/\/narteks.net\/index.php\/2009\/12\/26\/kar-2\/","og_site_name":"narteks.net","article_published_time":"2009-12-26T13:50:23+00:00","og_image":[{"width":300,"height":90,"url":"https:\/\/narteks.net\/wp-content\/uploads\/narteks.png","type":"image\/png"}],"author":"Tar\u0131k","twitter_card":"summary_large_image","twitter_creator":"@narteks","twitter_site":"@narteks","twitter_misc":{"Yazan:":"Tar\u0131k","Tahmini okuma s\u00fcresi":"1 dakika"},"schema":{"@context":"https:\/\/schema.org","@graph":[{"@type":"Article","@id":"https:\/\/narteks.net\/index.php\/2009\/12\/26\/kar-2\/#article","isPartOf":{"@id":"https:\/\/narteks.net\/index.php\/2009\/12\/26\/kar-2\/"},"author":{"name":"Tar\u0131k","@id":"https:\/\/narteks.net\/#\/schema\/person\/61f37d9834294b72d31d274e7ed79bca"},"headline":"KAR","datePublished":"2009-12-26T13:50:23+00:00","mainEntityOfPage":{"@id":"https:\/\/narteks.net\/index.php\/2009\/12\/26\/kar-2\/"},"wordCount":148,"commentCount":0,"publisher":{"@id":"https:\/\/narteks.net\/#organization"},"articleSection":["Ahmet Muhip DIRANAS"],"inLanguage":"tr","potentialAction":[{"@type":"CommentAction","name":"Comment","target":["https:\/\/narteks.net\/index.php\/2009\/12\/26\/kar-2\/#respond"]}]},{"@type":"WebPage","@id":"https:\/\/narteks.net\/index.php\/2009\/12\/26\/kar-2\/","url":"https:\/\/narteks.net\/index.php\/2009\/12\/26\/kar-2\/","name":"KAR - narteks.net","isPartOf":{"@id":"https:\/\/narteks.net\/#website"},"datePublished":"2009-12-26T13:50:23+00:00","breadcrumb":{"@id":"https:\/\/narteks.net\/index.php\/2009\/12\/26\/kar-2\/#breadcrumb"},"inLanguage":"tr","potentialAction":[{"@type":"ReadAction","target":["https:\/\/narteks.net\/index.php\/2009\/12\/26\/kar-2\/"]}]},{"@type":"BreadcrumbList","@id":"https:\/\/narteks.net\/index.php\/2009\/12\/26\/kar-2\/#breadcrumb","itemListElement":[{"@type":"ListItem","position":1,"name":"Anasayfa","item":"https:\/\/narteks.net\/"},{"@type":"ListItem","position":2,"name":"KAR"}]},{"@type":"WebSite","@id":"https:\/\/narteks.net\/#website","url":"https:\/\/narteks.net\/","name":"narteks.net","description":"K\u00fclt\u00fcr Sanat Edebiyat Felsefe","publisher":{"@id":"https:\/\/narteks.net\/#organization"},"alternateName":"K\u00fclt\u00fcr Sanat Edebiyat Felsefe","potentialAction":[{"@type":"SearchAction","target":{"@type":"EntryPoint","urlTemplate":"https:\/\/narteks.net\/?s={search_term_string}"},"query-input":{"@type":"PropertyValueSpecification","valueRequired":true,"valueName":"search_term_string"}}],"inLanguage":"tr"},{"@type":"Organization","@id":"https:\/\/narteks.net\/#organization","name":"narteks.net","url":"https:\/\/narteks.net\/","logo":{"@type":"ImageObject","inLanguage":"tr","@id":"https:\/\/narteks.net\/#\/schema\/logo\/image\/","url":"https:\/\/narteks.net\/wp-content\/uploads\/narteks.png","contentUrl":"https:\/\/narteks.net\/wp-content\/uploads\/narteks.png","width":300,"height":90,"caption":"narteks.net"},"image":{"@id":"https:\/\/narteks.net\/#\/schema\/logo\/image\/"},"sameAs":["https:\/\/x.com\/narteks","https:\/\/instagram.com\/narteksnet"]},{"@type":"Person","@id":"https:\/\/narteks.net\/#\/schema\/person\/61f37d9834294b72d31d274e7ed79bca","name":"Tar\u0131k","image":{"@type":"ImageObject","inLanguage":"tr","@id":"https:\/\/narteks.net\/#\/schema\/person\/image\/","url":"https:\/\/secure.gravatar.com\/avatar\/50865afb55632c4ae467e0af0930f6510aa2297d8014be502a55b14f3b7550cf?s=96&d=mm&r=g","contentUrl":"https:\/\/secure.gravatar.com\/avatar\/50865afb55632c4ae467e0af0930f6510aa2297d8014be502a55b14f3b7550cf?s=96&d=mm&r=g","caption":"Tar\u0131k"},"sameAs":["http:\/\/narteks.net"],"url":"https:\/\/narteks.net\/index.php\/author\/narbak\/"}]}},"_links":{"self":[{"href":"https:\/\/narteks.net\/index.php\/wp-json\/wp\/v2\/posts\/3359","targetHints":{"allow":["GET"]}}],"collection":[{"href":"https:\/\/narteks.net\/index.php\/wp-json\/wp\/v2\/posts"}],"about":[{"href":"https:\/\/narteks.net\/index.php\/wp-json\/wp\/v2\/types\/post"}],"author":[{"embeddable":true,"href":"https:\/\/narteks.net\/index.php\/wp-json\/wp\/v2\/users\/1"}],"replies":[{"embeddable":true,"href":"https:\/\/narteks.net\/index.php\/wp-json\/wp\/v2\/comments?post=3359"}],"version-history":[{"count":0,"href":"https:\/\/narteks.net\/index.php\/wp-json\/wp\/v2\/posts\/3359\/revisions"}],"wp:attachment":[{"href":"https:\/\/narteks.net\/index.php\/wp-json\/wp\/v2\/media?parent=3359"}],"wp:term":[{"taxonomy":"category","embeddable":true,"href":"https:\/\/narteks.net\/index.php\/wp-json\/wp\/v2\/categories?post=3359"},{"taxonomy":"post_tag","embeddable":true,"href":"https:\/\/narteks.net\/index.php\/wp-json\/wp\/v2\/tags?post=3359"}],"curies":[{"name":"wp","href":"https:\/\/api.w.org\/{rel}","templated":true}]}}