{"id":3364,"date":"2009-12-26T16:52:40","date_gmt":"2009-12-26T13:52:40","guid":{"rendered":"http:\/\/localhost\/wordpress\/2009\/12\/26\/parkta-serenad\/"},"modified":"2009-12-26T16:52:40","modified_gmt":"2009-12-26T13:52:40","slug":"parkta-serenad","status":"publish","type":"post","link":"https:\/\/narteks.net\/index.php\/2009\/12\/26\/parkta-serenad\/","title":{"rendered":"PARKTA SERENAD"},"content":{"rendered":"<p>\u00a0<\/p>\n<p>\u0130stek ve a\u015fk onlar\u0131 kavram\u0131\u015f sa\u00e7lar\u0131ndan <br \/> S\u00fcr\u00fckl\u00fcyordu. G\u00f6k mordu; <br \/> Ay\u0131\u015f\u0131\u011f\u0131 ihtiyar \u00e7\u0131nar a\u011fa\u00e7lar\u0131ndan <br \/> Y\u00fczlerine d\u00fc\u015f\u00fcyordu. <\/p>\n<p> F\u0131s\u0131l f\u0131s\u0131l binlerce dudakt\u0131 yapraklar\u0131 <br \/> Dalc\u0131klar\u0131n kuytularda; <br \/> Onlar\u0131n da kopmu\u015f birer yaprak, dudaklar\u0131 <br \/> Ak\u0131p gidiyor sularda. <\/p>\n<p> S\u00fcr\u00fckleniyordu a\u015fk\u0131n sesine do\u011fru; <br \/> A\u015fk\u0131n \u00e7a\u011fr\u0131s\u0131 tez, keskin. <br \/> Bir ate\u015f yan\u0131yordu Sibiryalar\u0131nda bu <br \/> I\u015f\u0131ks\u0131z serserilerin: <\/p>\n<p> &#8211; \u0130\u00e7imi g\u0131c\u0131kl\u0131yor bu \u0131hlamur kokusu <br \/> Bu \u0131hlamur kokusu, ah! <br \/> Ya g\u00f6r\u00fcnmez g\u00fcllerin kokular\u0131! .. &#8211; Hep pusu <br \/> Hep pusu bana, kah kah kah&#8230; <\/p>\n<p> &#8211; Bir kedi sever gibi ok\u015fas\u0131n istiyorum <br \/> Parmaklar\u0131n sa\u00e7lar\u0131m\u0131. <br \/> Bu gece b\u00fct\u00fcn \u00f6mr\u00fcm ya\u015fas\u0131n istiyorum <br \/> Doyur b\u00fct\u00fcn a\u00e7lar\u0131m\u0131! <\/p>\n<p> Birle\u015felim bu gece tek bir g\u00f6\u011f\u00fcste atan <br \/> Kalbinde bin sevi\u015fmenin. <br \/> \u0130\u00e7sem \u015fu damlayan ay\u0131\u015f\u0131\u011f\u0131n\u0131 dallardan <br \/> Ak s\u00fcd\u00fc sanki memenin. <\/p>\n<p> \u00d6lsek bile ne \u00e7\u0131kar! tek b\u00f6yle sarma\u015f dola\u015f <br \/> \u015eurac\u0131kta sabah sabah <br \/> Birbirinde ba\u015flam\u0131\u015f, birbirinde t\u00fckenmi\u015f <br \/> \u0130ki \u00f6l\u00fcc\u00fck&#8230; &#8211; Kah kah kah&#8230; <\/p>\n<p> Erkek susam\u0131\u015f y\u0131lan gibi sokulgan, k\u0131vrak <br \/> Uzan\u0131yor g\u00f6zlerine; <br \/> Bir \u015fey bo\u015fal\u0131yor l\u0131k l\u0131k l\u0131k, kad\u0131nda s\u0131cak <br \/> Bir kan gibi ta derine.<\/p>\n","protected":false},"excerpt":{"rendered":"<p>\u00a0 \u0130stek ve a\u015fk onlar\u0131 kavram\u0131\u015f sa\u00e7lar\u0131ndan S\u00fcr\u00fckl\u00fcyordu. G\u00f6k mordu; Ay\u0131\u015f\u0131\u011f\u0131 ihtiyar \u00e7\u0131nar a\u011fa\u00e7lar\u0131ndan Y\u00fczlerine d\u00fc\u015f\u00fcyordu. F\u0131s\u0131l f\u0131s\u0131l binlerce dudakt\u0131 yapraklar\u0131 Dalc\u0131klar\u0131n kuytularda; Onlar\u0131n da kopmu\u015f birer yaprak, dudaklar\u0131 Ak\u0131p gidiyor sularda. S\u00fcr\u00fckleniyordu a\u015fk\u0131n sesine do\u011fru; A\u015fk\u0131n \u00e7a\u011fr\u0131s\u0131 tez, keskin. Bir ate\u015f yan\u0131yordu Sibiryalar\u0131nda bu I\u015f\u0131ks\u0131z serserilerin: &#8211; \u0130\u00e7imi g\u0131c\u0131kl\u0131yor bu \u0131hlamur kokusu Bu \u0131hlamur [&hellip;]<\/p>\n","protected":false},"author":1,"featured_media":0,"comment_status":"open","ping_status":"open","sticky":false,"template":"","format":"standard","meta":{"footnotes":""},"categories":[113],"tags":[],"class_list":{"0":"post-3364","1":"post","2":"type-post","3":"status-publish","4":"format-standard","6":"category-ahmet-muhip-diranas"},"yoast_head":"<!-- This site is optimized with the Yoast SEO Premium plugin v24.9 (Yoast SEO v24.9) - https:\/\/yoast.com\/wordpress\/plugins\/seo\/ -->\n<title>PARKTA SERENAD - narteks.net<\/title>\n<meta name=\"robots\" content=\"index, follow, max-snippet:-1, max-image-preview:large, max-video-preview:-1\" \/>\n<link rel=\"canonical\" href=\"https:\/\/narteks.net\/index.php\/2009\/12\/26\/parkta-serenad\/\" \/>\n<meta property=\"og:locale\" content=\"tr_TR\" \/>\n<meta property=\"og:type\" content=\"article\" \/>\n<meta property=\"og:title\" content=\"PARKTA SERENAD\" \/>\n<meta property=\"og:description\" content=\"\u00a0 \u0130stek ve a\u015fk onlar\u0131 kavram\u0131\u015f sa\u00e7lar\u0131ndan S\u00fcr\u00fckl\u00fcyordu. G\u00f6k mordu; Ay\u0131\u015f\u0131\u011f\u0131 ihtiyar \u00e7\u0131nar a\u011fa\u00e7lar\u0131ndan Y\u00fczlerine d\u00fc\u015f\u00fcyordu. F\u0131s\u0131l f\u0131s\u0131l binlerce dudakt\u0131 yapraklar\u0131 Dalc\u0131klar\u0131n kuytularda; Onlar\u0131n da kopmu\u015f birer yaprak, dudaklar\u0131 Ak\u0131p gidiyor sularda. S\u00fcr\u00fckleniyordu a\u015fk\u0131n sesine do\u011fru; A\u015fk\u0131n \u00e7a\u011fr\u0131s\u0131 tez, keskin. Bir ate\u015f yan\u0131yordu Sibiryalar\u0131nda bu I\u015f\u0131ks\u0131z serserilerin: &#8211; \u0130\u00e7imi g\u0131c\u0131kl\u0131yor bu \u0131hlamur kokusu Bu \u0131hlamur [&hellip;]\" \/>\n<meta property=\"og:url\" content=\"https:\/\/narteks.net\/index.php\/2009\/12\/26\/parkta-serenad\/\" \/>\n<meta property=\"og:site_name\" content=\"narteks.net\" \/>\n<meta property=\"article:published_time\" content=\"2009-12-26T13:52:40+00:00\" \/>\n<meta property=\"og:image\" content=\"https:\/\/narteks.net\/wp-content\/uploads\/narteks.png\" \/>\n\t<meta property=\"og:image:width\" content=\"300\" \/>\n\t<meta property=\"og:image:height\" content=\"90\" \/>\n\t<meta property=\"og:image:type\" content=\"image\/png\" \/>\n<meta name=\"author\" content=\"Tar\u0131k\" \/>\n<meta name=\"twitter:card\" content=\"summary_large_image\" \/>\n<meta name=\"twitter:creator\" content=\"@narteks\" \/>\n<meta name=\"twitter:site\" content=\"@narteks\" \/>\n<meta name=\"twitter:label1\" content=\"Yazan:\" \/>\n\t<meta name=\"twitter:data1\" content=\"Tar\u0131k\" \/>\n\t<meta name=\"twitter:label2\" content=\"Tahmini okuma s\u00fcresi\" \/>\n\t<meta name=\"twitter:data2\" content=\"1 dakika\" \/>\n<script type=\"application\/ld+json\" class=\"yoast-schema-graph\">{\"@context\":\"https:\/\/schema.org\",\"@graph\":[{\"@type\":\"Article\",\"@id\":\"https:\/\/narteks.net\/index.php\/2009\/12\/26\/parkta-serenad\/#article\",\"isPartOf\":{\"@id\":\"https:\/\/narteks.net\/index.php\/2009\/12\/26\/parkta-serenad\/\"},\"author\":{\"name\":\"Tar\u0131k\",\"@id\":\"https:\/\/narteks.net\/#\/schema\/person\/61f37d9834294b72d31d274e7ed79bca\"},\"headline\":\"PARKTA SERENAD\",\"datePublished\":\"2009-12-26T13:52:40+00:00\",\"mainEntityOfPage\":{\"@id\":\"https:\/\/narteks.net\/index.php\/2009\/12\/26\/parkta-serenad\/\"},\"wordCount\":225,\"commentCount\":0,\"publisher\":{\"@id\":\"https:\/\/narteks.net\/#organization\"},\"articleSection\":[\"Ahmet Muhip DIRANAS\"],\"inLanguage\":\"tr\",\"potentialAction\":[{\"@type\":\"CommentAction\",\"name\":\"Comment\",\"target\":[\"https:\/\/narteks.net\/index.php\/2009\/12\/26\/parkta-serenad\/#respond\"]}]},{\"@type\":\"WebPage\",\"@id\":\"https:\/\/narteks.net\/index.php\/2009\/12\/26\/parkta-serenad\/\",\"url\":\"https:\/\/narteks.net\/index.php\/2009\/12\/26\/parkta-serenad\/\",\"name\":\"PARKTA SERENAD - narteks.net\",\"isPartOf\":{\"@id\":\"https:\/\/narteks.net\/#website\"},\"datePublished\":\"2009-12-26T13:52:40+00:00\",\"breadcrumb\":{\"@id\":\"https:\/\/narteks.net\/index.php\/2009\/12\/26\/parkta-serenad\/#breadcrumb\"},\"inLanguage\":\"tr\",\"potentialAction\":[{\"@type\":\"ReadAction\",\"target\":[\"https:\/\/narteks.net\/index.php\/2009\/12\/26\/parkta-serenad\/\"]}]},{\"@type\":\"BreadcrumbList\",\"@id\":\"https:\/\/narteks.net\/index.php\/2009\/12\/26\/parkta-serenad\/#breadcrumb\",\"itemListElement\":[{\"@type\":\"ListItem\",\"position\":1,\"name\":\"Anasayfa\",\"item\":\"https:\/\/narteks.net\/\"},{\"@type\":\"ListItem\",\"position\":2,\"name\":\"PARKTA SERENAD\"}]},{\"@type\":\"WebSite\",\"@id\":\"https:\/\/narteks.net\/#website\",\"url\":\"https:\/\/narteks.net\/\",\"name\":\"narteks.net\",\"description\":\"K\u00fclt\u00fcr Sanat Edebiyat Felsefe\",\"publisher\":{\"@id\":\"https:\/\/narteks.net\/#organization\"},\"alternateName\":\"K\u00fclt\u00fcr Sanat Edebiyat Felsefe\",\"potentialAction\":[{\"@type\":\"SearchAction\",\"target\":{\"@type\":\"EntryPoint\",\"urlTemplate\":\"https:\/\/narteks.net\/?s={search_term_string}\"},\"query-input\":{\"@type\":\"PropertyValueSpecification\",\"valueRequired\":true,\"valueName\":\"search_term_string\"}}],\"inLanguage\":\"tr\"},{\"@type\":\"Organization\",\"@id\":\"https:\/\/narteks.net\/#organization\",\"name\":\"narteks.net\",\"url\":\"https:\/\/narteks.net\/\",\"logo\":{\"@type\":\"ImageObject\",\"inLanguage\":\"tr\",\"@id\":\"https:\/\/narteks.net\/#\/schema\/logo\/image\/\",\"url\":\"https:\/\/narteks.net\/wp-content\/uploads\/narteks.png\",\"contentUrl\":\"https:\/\/narteks.net\/wp-content\/uploads\/narteks.png\",\"width\":300,\"height\":90,\"caption\":\"narteks.net\"},\"image\":{\"@id\":\"https:\/\/narteks.net\/#\/schema\/logo\/image\/\"},\"sameAs\":[\"https:\/\/x.com\/narteks\",\"https:\/\/instagram.com\/narteksnet\"]},{\"@type\":\"Person\",\"@id\":\"https:\/\/narteks.net\/#\/schema\/person\/61f37d9834294b72d31d274e7ed79bca\",\"name\":\"Tar\u0131k\",\"image\":{\"@type\":\"ImageObject\",\"inLanguage\":\"tr\",\"@id\":\"https:\/\/narteks.net\/#\/schema\/person\/image\/\",\"url\":\"https:\/\/secure.gravatar.com\/avatar\/50865afb55632c4ae467e0af0930f6510aa2297d8014be502a55b14f3b7550cf?s=96&d=mm&r=g\",\"contentUrl\":\"https:\/\/secure.gravatar.com\/avatar\/50865afb55632c4ae467e0af0930f6510aa2297d8014be502a55b14f3b7550cf?s=96&d=mm&r=g\",\"caption\":\"Tar\u0131k\"},\"sameAs\":[\"http:\/\/narteks.net\"],\"url\":\"https:\/\/narteks.net\/index.php\/author\/narbak\/\"}]}<\/script>\n<!-- \/ Yoast SEO Premium plugin. -->","yoast_head_json":{"title":"PARKTA SERENAD - narteks.net","robots":{"index":"index","follow":"follow","max-snippet":"max-snippet:-1","max-image-preview":"max-image-preview:large","max-video-preview":"max-video-preview:-1"},"canonical":"https:\/\/narteks.net\/index.php\/2009\/12\/26\/parkta-serenad\/","og_locale":"tr_TR","og_type":"article","og_title":"PARKTA SERENAD","og_description":"\u00a0 \u0130stek ve a\u015fk onlar\u0131 kavram\u0131\u015f sa\u00e7lar\u0131ndan S\u00fcr\u00fckl\u00fcyordu. G\u00f6k mordu; Ay\u0131\u015f\u0131\u011f\u0131 ihtiyar \u00e7\u0131nar a\u011fa\u00e7lar\u0131ndan Y\u00fczlerine d\u00fc\u015f\u00fcyordu. F\u0131s\u0131l f\u0131s\u0131l binlerce dudakt\u0131 yapraklar\u0131 Dalc\u0131klar\u0131n kuytularda; Onlar\u0131n da kopmu\u015f birer yaprak, dudaklar\u0131 Ak\u0131p gidiyor sularda. S\u00fcr\u00fckleniyordu a\u015fk\u0131n sesine do\u011fru; A\u015fk\u0131n \u00e7a\u011fr\u0131s\u0131 tez, keskin. Bir ate\u015f yan\u0131yordu Sibiryalar\u0131nda bu I\u015f\u0131ks\u0131z serserilerin: &#8211; \u0130\u00e7imi g\u0131c\u0131kl\u0131yor bu \u0131hlamur kokusu Bu \u0131hlamur [&hellip;]","og_url":"https:\/\/narteks.net\/index.php\/2009\/12\/26\/parkta-serenad\/","og_site_name":"narteks.net","article_published_time":"2009-12-26T13:52:40+00:00","og_image":[{"width":300,"height":90,"url":"https:\/\/narteks.net\/wp-content\/uploads\/narteks.png","type":"image\/png"}],"author":"Tar\u0131k","twitter_card":"summary_large_image","twitter_creator":"@narteks","twitter_site":"@narteks","twitter_misc":{"Yazan:":"Tar\u0131k","Tahmini okuma s\u00fcresi":"1 dakika"},"schema":{"@context":"https:\/\/schema.org","@graph":[{"@type":"Article","@id":"https:\/\/narteks.net\/index.php\/2009\/12\/26\/parkta-serenad\/#article","isPartOf":{"@id":"https:\/\/narteks.net\/index.php\/2009\/12\/26\/parkta-serenad\/"},"author":{"name":"Tar\u0131k","@id":"https:\/\/narteks.net\/#\/schema\/person\/61f37d9834294b72d31d274e7ed79bca"},"headline":"PARKTA SERENAD","datePublished":"2009-12-26T13:52:40+00:00","mainEntityOfPage":{"@id":"https:\/\/narteks.net\/index.php\/2009\/12\/26\/parkta-serenad\/"},"wordCount":225,"commentCount":0,"publisher":{"@id":"https:\/\/narteks.net\/#organization"},"articleSection":["Ahmet Muhip DIRANAS"],"inLanguage":"tr","potentialAction":[{"@type":"CommentAction","name":"Comment","target":["https:\/\/narteks.net\/index.php\/2009\/12\/26\/parkta-serenad\/#respond"]}]},{"@type":"WebPage","@id":"https:\/\/narteks.net\/index.php\/2009\/12\/26\/parkta-serenad\/","url":"https:\/\/narteks.net\/index.php\/2009\/12\/26\/parkta-serenad\/","name":"PARKTA SERENAD - narteks.net","isPartOf":{"@id":"https:\/\/narteks.net\/#website"},"datePublished":"2009-12-26T13:52:40+00:00","breadcrumb":{"@id":"https:\/\/narteks.net\/index.php\/2009\/12\/26\/parkta-serenad\/#breadcrumb"},"inLanguage":"tr","potentialAction":[{"@type":"ReadAction","target":["https:\/\/narteks.net\/index.php\/2009\/12\/26\/parkta-serenad\/"]}]},{"@type":"BreadcrumbList","@id":"https:\/\/narteks.net\/index.php\/2009\/12\/26\/parkta-serenad\/#breadcrumb","itemListElement":[{"@type":"ListItem","position":1,"name":"Anasayfa","item":"https:\/\/narteks.net\/"},{"@type":"ListItem","position":2,"name":"PARKTA SERENAD"}]},{"@type":"WebSite","@id":"https:\/\/narteks.net\/#website","url":"https:\/\/narteks.net\/","name":"narteks.net","description":"K\u00fclt\u00fcr Sanat Edebiyat Felsefe","publisher":{"@id":"https:\/\/narteks.net\/#organization"},"alternateName":"K\u00fclt\u00fcr Sanat Edebiyat Felsefe","potentialAction":[{"@type":"SearchAction","target":{"@type":"EntryPoint","urlTemplate":"https:\/\/narteks.net\/?s={search_term_string}"},"query-input":{"@type":"PropertyValueSpecification","valueRequired":true,"valueName":"search_term_string"}}],"inLanguage":"tr"},{"@type":"Organization","@id":"https:\/\/narteks.net\/#organization","name":"narteks.net","url":"https:\/\/narteks.net\/","logo":{"@type":"ImageObject","inLanguage":"tr","@id":"https:\/\/narteks.net\/#\/schema\/logo\/image\/","url":"https:\/\/narteks.net\/wp-content\/uploads\/narteks.png","contentUrl":"https:\/\/narteks.net\/wp-content\/uploads\/narteks.png","width":300,"height":90,"caption":"narteks.net"},"image":{"@id":"https:\/\/narteks.net\/#\/schema\/logo\/image\/"},"sameAs":["https:\/\/x.com\/narteks","https:\/\/instagram.com\/narteksnet"]},{"@type":"Person","@id":"https:\/\/narteks.net\/#\/schema\/person\/61f37d9834294b72d31d274e7ed79bca","name":"Tar\u0131k","image":{"@type":"ImageObject","inLanguage":"tr","@id":"https:\/\/narteks.net\/#\/schema\/person\/image\/","url":"https:\/\/secure.gravatar.com\/avatar\/50865afb55632c4ae467e0af0930f6510aa2297d8014be502a55b14f3b7550cf?s=96&d=mm&r=g","contentUrl":"https:\/\/secure.gravatar.com\/avatar\/50865afb55632c4ae467e0af0930f6510aa2297d8014be502a55b14f3b7550cf?s=96&d=mm&r=g","caption":"Tar\u0131k"},"sameAs":["http:\/\/narteks.net"],"url":"https:\/\/narteks.net\/index.php\/author\/narbak\/"}]}},"_links":{"self":[{"href":"https:\/\/narteks.net\/index.php\/wp-json\/wp\/v2\/posts\/3364","targetHints":{"allow":["GET"]}}],"collection":[{"href":"https:\/\/narteks.net\/index.php\/wp-json\/wp\/v2\/posts"}],"about":[{"href":"https:\/\/narteks.net\/index.php\/wp-json\/wp\/v2\/types\/post"}],"author":[{"embeddable":true,"href":"https:\/\/narteks.net\/index.php\/wp-json\/wp\/v2\/users\/1"}],"replies":[{"embeddable":true,"href":"https:\/\/narteks.net\/index.php\/wp-json\/wp\/v2\/comments?post=3364"}],"version-history":[{"count":0,"href":"https:\/\/narteks.net\/index.php\/wp-json\/wp\/v2\/posts\/3364\/revisions"}],"wp:attachment":[{"href":"https:\/\/narteks.net\/index.php\/wp-json\/wp\/v2\/media?parent=3364"}],"wp:term":[{"taxonomy":"category","embeddable":true,"href":"https:\/\/narteks.net\/index.php\/wp-json\/wp\/v2\/categories?post=3364"},{"taxonomy":"post_tag","embeddable":true,"href":"https:\/\/narteks.net\/index.php\/wp-json\/wp\/v2\/tags?post=3364"}],"curies":[{"name":"wp","href":"https:\/\/api.w.org\/{rel}","templated":true}]}}