{"id":337,"date":"2009-03-02T14:11:31","date_gmt":"2009-03-02T11:11:31","guid":{"rendered":"http:\/\/localhost\/wordpress\/2009\/03\/02\/beni-bir-yaza-gomdulerdi-bir-zaman\/"},"modified":"2009-03-02T14:11:31","modified_gmt":"2009-03-02T11:11:31","slug":"beni-bir-yaza-gomdulerdi-bir-zaman","status":"publish","type":"post","link":"https:\/\/narteks.net\/index.php\/2009\/03\/02\/beni-bir-yaza-gomdulerdi-bir-zaman\/","title":{"rendered":"Beni Bir Yaza G\u00f6md\u00fclerdi Bir Zaman"},"content":{"rendered":"<p>\u00a0<\/p>\n<p><span style=\"color: #000000;\">Beni bir yaza g\u00f6md\u00fclerdi bir zaman<br \/>Her yer olabilecek bir kuytulukta<br \/>Bir kad\u0131n vard\u0131 bir balkonda<br \/>Sesinde yaral\u0131 bir g\u00fcl olan<\/p>\n<p>Hayat ve mevsimler ayn\u0131 \u015feydi<br \/>Uyku kadar derin bir suda bo\u011fulurken<br \/>\u0130lkbahar kekeleyerek geldi<br \/>K\u0131r\u0131k \u00e7ocuk g\u00fcl\u00fc\u015flerinden<\/p>\n<p>Deniz orac\u0131ktayd\u0131 ve bu\u011fusu<br \/>Eriyorken havada sesler<br \/>Her\u015feyin bir b\u00fcy\u00fc olu\u015fturdu\u011fu<br \/>Gizemli kokular ve g\u00fcl\u00fc\u015fler<\/p>\n<p>Beni bir yaza g\u00f6md\u00fclerdi bir zaman<br \/>Annem olan bir sessizlikte<br \/>Belki de onun kalbidir a\u00e7an<br \/>Derin bir g\u00fcl\u00fcn i\u00e7inde <\/span><\/p>\n<p> <span>Ataol Behramo\u011flu<\/span><\/p>\n","protected":false},"excerpt":{"rendered":"<p>\u00a0 Beni bir yaza g\u00f6md\u00fclerdi bir zamanHer yer olabilecek bir kuytuluktaBir kad\u0131n vard\u0131 bir balkondaSesinde yaral\u0131 bir g\u00fcl olan Hayat ve mevsimler ayn\u0131 \u015feydiUyku kadar derin bir suda bo\u011fulurken\u0130lkbahar kekeleyerek geldiK\u0131r\u0131k \u00e7ocuk g\u00fcl\u00fc\u015flerinden Deniz orac\u0131ktayd\u0131 ve bu\u011fusuEriyorken havada seslerHer\u015feyin bir b\u00fcy\u00fc olu\u015fturdu\u011fuGizemli kokular ve g\u00fcl\u00fc\u015fler Beni bir yaza g\u00f6md\u00fclerdi bir zamanAnnem olan bir sessizlikteBelki de [&hellip;]<\/p>\n","protected":false},"author":1,"featured_media":0,"comment_status":"open","ping_status":"open","sticky":false,"template":"","format":"standard","meta":{"footnotes":""},"categories":[10],"tags":[],"class_list":{"0":"post-337","1":"post","2":"type-post","3":"status-publish","4":"format-standard","6":"category-ataol-behramoglu"},"yoast_head":"<!-- This site is optimized with the Yoast SEO Premium plugin v24.9 (Yoast SEO v24.9) - https:\/\/yoast.com\/wordpress\/plugins\/seo\/ -->\n<title>Beni Bir Yaza G\u00f6md\u00fclerdi Bir Zaman - narteks.net<\/title>\n<meta name=\"robots\" content=\"index, follow, max-snippet:-1, max-image-preview:large, max-video-preview:-1\" \/>\n<link rel=\"canonical\" href=\"https:\/\/narteks.net\/index.php\/2009\/03\/02\/beni-bir-yaza-gomdulerdi-bir-zaman\/\" \/>\n<meta property=\"og:locale\" content=\"tr_TR\" \/>\n<meta property=\"og:type\" content=\"article\" \/>\n<meta property=\"og:title\" content=\"Beni Bir Yaza G\u00f6md\u00fclerdi Bir Zaman\" \/>\n<meta property=\"og:description\" content=\"\u00a0 Beni bir yaza g\u00f6md\u00fclerdi bir zamanHer yer olabilecek bir kuytuluktaBir kad\u0131n vard\u0131 bir balkondaSesinde yaral\u0131 bir g\u00fcl olan Hayat ve mevsimler ayn\u0131 \u015feydiUyku kadar derin bir suda bo\u011fulurken\u0130lkbahar kekeleyerek geldiK\u0131r\u0131k \u00e7ocuk g\u00fcl\u00fc\u015flerinden Deniz orac\u0131ktayd\u0131 ve bu\u011fusuEriyorken havada seslerHer\u015feyin bir b\u00fcy\u00fc olu\u015fturdu\u011fuGizemli kokular ve g\u00fcl\u00fc\u015fler Beni bir yaza g\u00f6md\u00fclerdi bir zamanAnnem olan bir sessizlikteBelki de [&hellip;]\" \/>\n<meta property=\"og:url\" content=\"https:\/\/narteks.net\/index.php\/2009\/03\/02\/beni-bir-yaza-gomdulerdi-bir-zaman\/\" \/>\n<meta property=\"og:site_name\" content=\"narteks.net\" \/>\n<meta property=\"article:published_time\" content=\"2009-03-02T11:11:31+00:00\" \/>\n<meta property=\"og:image\" content=\"https:\/\/narteks.net\/wp-content\/uploads\/narteks.png\" \/>\n\t<meta property=\"og:image:width\" content=\"300\" \/>\n\t<meta property=\"og:image:height\" content=\"90\" \/>\n\t<meta property=\"og:image:type\" content=\"image\/png\" \/>\n<meta name=\"author\" content=\"Tar\u0131k\" \/>\n<meta name=\"twitter:card\" content=\"summary_large_image\" \/>\n<meta name=\"twitter:creator\" content=\"@narteks\" \/>\n<meta name=\"twitter:site\" content=\"@narteks\" \/>\n<meta name=\"twitter:label1\" content=\"Yazan:\" \/>\n\t<meta name=\"twitter:data1\" content=\"Tar\u0131k\" \/>\n<script type=\"application\/ld+json\" class=\"yoast-schema-graph\">{\"@context\":\"https:\/\/schema.org\",\"@graph\":[{\"@type\":\"Article\",\"@id\":\"https:\/\/narteks.net\/index.php\/2009\/03\/02\/beni-bir-yaza-gomdulerdi-bir-zaman\/#article\",\"isPartOf\":{\"@id\":\"https:\/\/narteks.net\/index.php\/2009\/03\/02\/beni-bir-yaza-gomdulerdi-bir-zaman\/\"},\"author\":{\"name\":\"Tar\u0131k\",\"@id\":\"https:\/\/narteks.net\/#\/schema\/person\/61f37d9834294b72d31d274e7ed79bca\"},\"headline\":\"Beni Bir Yaza G\u00f6md\u00fclerdi Bir Zaman\",\"datePublished\":\"2009-03-02T11:11:31+00:00\",\"mainEntityOfPage\":{\"@id\":\"https:\/\/narteks.net\/index.php\/2009\/03\/02\/beni-bir-yaza-gomdulerdi-bir-zaman\/\"},\"wordCount\":95,\"commentCount\":0,\"publisher\":{\"@id\":\"https:\/\/narteks.net\/#organization\"},\"articleSection\":[\"Ataol BEHRAMOGLU\"],\"inLanguage\":\"tr\",\"potentialAction\":[{\"@type\":\"CommentAction\",\"name\":\"Comment\",\"target\":[\"https:\/\/narteks.net\/index.php\/2009\/03\/02\/beni-bir-yaza-gomdulerdi-bir-zaman\/#respond\"]}]},{\"@type\":\"WebPage\",\"@id\":\"https:\/\/narteks.net\/index.php\/2009\/03\/02\/beni-bir-yaza-gomdulerdi-bir-zaman\/\",\"url\":\"https:\/\/narteks.net\/index.php\/2009\/03\/02\/beni-bir-yaza-gomdulerdi-bir-zaman\/\",\"name\":\"Beni Bir Yaza G\u00f6md\u00fclerdi Bir Zaman - narteks.net\",\"isPartOf\":{\"@id\":\"https:\/\/narteks.net\/#website\"},\"datePublished\":\"2009-03-02T11:11:31+00:00\",\"breadcrumb\":{\"@id\":\"https:\/\/narteks.net\/index.php\/2009\/03\/02\/beni-bir-yaza-gomdulerdi-bir-zaman\/#breadcrumb\"},\"inLanguage\":\"tr\",\"potentialAction\":[{\"@type\":\"ReadAction\",\"target\":[\"https:\/\/narteks.net\/index.php\/2009\/03\/02\/beni-bir-yaza-gomdulerdi-bir-zaman\/\"]}]},{\"@type\":\"BreadcrumbList\",\"@id\":\"https:\/\/narteks.net\/index.php\/2009\/03\/02\/beni-bir-yaza-gomdulerdi-bir-zaman\/#breadcrumb\",\"itemListElement\":[{\"@type\":\"ListItem\",\"position\":1,\"name\":\"Anasayfa\",\"item\":\"https:\/\/narteks.net\/\"},{\"@type\":\"ListItem\",\"position\":2,\"name\":\"Beni Bir Yaza G\u00f6md\u00fclerdi Bir Zaman\"}]},{\"@type\":\"WebSite\",\"@id\":\"https:\/\/narteks.net\/#website\",\"url\":\"https:\/\/narteks.net\/\",\"name\":\"narteks.net\",\"description\":\"K\u00fclt\u00fcr Sanat Edebiyat Felsefe\",\"publisher\":{\"@id\":\"https:\/\/narteks.net\/#organization\"},\"alternateName\":\"K\u00fclt\u00fcr Sanat Edebiyat Felsefe\",\"potentialAction\":[{\"@type\":\"SearchAction\",\"target\":{\"@type\":\"EntryPoint\",\"urlTemplate\":\"https:\/\/narteks.net\/?s={search_term_string}\"},\"query-input\":{\"@type\":\"PropertyValueSpecification\",\"valueRequired\":true,\"valueName\":\"search_term_string\"}}],\"inLanguage\":\"tr\"},{\"@type\":\"Organization\",\"@id\":\"https:\/\/narteks.net\/#organization\",\"name\":\"narteks.net\",\"url\":\"https:\/\/narteks.net\/\",\"logo\":{\"@type\":\"ImageObject\",\"inLanguage\":\"tr\",\"@id\":\"https:\/\/narteks.net\/#\/schema\/logo\/image\/\",\"url\":\"https:\/\/narteks.net\/wp-content\/uploads\/narteks.png\",\"contentUrl\":\"https:\/\/narteks.net\/wp-content\/uploads\/narteks.png\",\"width\":300,\"height\":90,\"caption\":\"narteks.net\"},\"image\":{\"@id\":\"https:\/\/narteks.net\/#\/schema\/logo\/image\/\"},\"sameAs\":[\"https:\/\/x.com\/narteks\",\"https:\/\/instagram.com\/narteksnet\"]},{\"@type\":\"Person\",\"@id\":\"https:\/\/narteks.net\/#\/schema\/person\/61f37d9834294b72d31d274e7ed79bca\",\"name\":\"Tar\u0131k\",\"image\":{\"@type\":\"ImageObject\",\"inLanguage\":\"tr\",\"@id\":\"https:\/\/narteks.net\/#\/schema\/person\/image\/\",\"url\":\"https:\/\/secure.gravatar.com\/avatar\/50865afb55632c4ae467e0af0930f6510aa2297d8014be502a55b14f3b7550cf?s=96&d=mm&r=g\",\"contentUrl\":\"https:\/\/secure.gravatar.com\/avatar\/50865afb55632c4ae467e0af0930f6510aa2297d8014be502a55b14f3b7550cf?s=96&d=mm&r=g\",\"caption\":\"Tar\u0131k\"},\"sameAs\":[\"http:\/\/narteks.net\"],\"url\":\"https:\/\/narteks.net\/index.php\/author\/narbak\/\"}]}<\/script>\n<!-- \/ Yoast SEO Premium plugin. -->","yoast_head_json":{"title":"Beni Bir Yaza G\u00f6md\u00fclerdi Bir Zaman - narteks.net","robots":{"index":"index","follow":"follow","max-snippet":"max-snippet:-1","max-image-preview":"max-image-preview:large","max-video-preview":"max-video-preview:-1"},"canonical":"https:\/\/narteks.net\/index.php\/2009\/03\/02\/beni-bir-yaza-gomdulerdi-bir-zaman\/","og_locale":"tr_TR","og_type":"article","og_title":"Beni Bir Yaza G\u00f6md\u00fclerdi Bir Zaman","og_description":"\u00a0 Beni bir yaza g\u00f6md\u00fclerdi bir zamanHer yer olabilecek bir kuytuluktaBir kad\u0131n vard\u0131 bir balkondaSesinde yaral\u0131 bir g\u00fcl olan Hayat ve mevsimler ayn\u0131 \u015feydiUyku kadar derin bir suda bo\u011fulurken\u0130lkbahar kekeleyerek geldiK\u0131r\u0131k \u00e7ocuk g\u00fcl\u00fc\u015flerinden Deniz orac\u0131ktayd\u0131 ve bu\u011fusuEriyorken havada seslerHer\u015feyin bir b\u00fcy\u00fc olu\u015fturdu\u011fuGizemli kokular ve g\u00fcl\u00fc\u015fler Beni bir yaza g\u00f6md\u00fclerdi bir zamanAnnem olan bir sessizlikteBelki de [&hellip;]","og_url":"https:\/\/narteks.net\/index.php\/2009\/03\/02\/beni-bir-yaza-gomdulerdi-bir-zaman\/","og_site_name":"narteks.net","article_published_time":"2009-03-02T11:11:31+00:00","og_image":[{"width":300,"height":90,"url":"https:\/\/narteks.net\/wp-content\/uploads\/narteks.png","type":"image\/png"}],"author":"Tar\u0131k","twitter_card":"summary_large_image","twitter_creator":"@narteks","twitter_site":"@narteks","twitter_misc":{"Yazan:":"Tar\u0131k"},"schema":{"@context":"https:\/\/schema.org","@graph":[{"@type":"Article","@id":"https:\/\/narteks.net\/index.php\/2009\/03\/02\/beni-bir-yaza-gomdulerdi-bir-zaman\/#article","isPartOf":{"@id":"https:\/\/narteks.net\/index.php\/2009\/03\/02\/beni-bir-yaza-gomdulerdi-bir-zaman\/"},"author":{"name":"Tar\u0131k","@id":"https:\/\/narteks.net\/#\/schema\/person\/61f37d9834294b72d31d274e7ed79bca"},"headline":"Beni Bir Yaza G\u00f6md\u00fclerdi Bir Zaman","datePublished":"2009-03-02T11:11:31+00:00","mainEntityOfPage":{"@id":"https:\/\/narteks.net\/index.php\/2009\/03\/02\/beni-bir-yaza-gomdulerdi-bir-zaman\/"},"wordCount":95,"commentCount":0,"publisher":{"@id":"https:\/\/narteks.net\/#organization"},"articleSection":["Ataol BEHRAMOGLU"],"inLanguage":"tr","potentialAction":[{"@type":"CommentAction","name":"Comment","target":["https:\/\/narteks.net\/index.php\/2009\/03\/02\/beni-bir-yaza-gomdulerdi-bir-zaman\/#respond"]}]},{"@type":"WebPage","@id":"https:\/\/narteks.net\/index.php\/2009\/03\/02\/beni-bir-yaza-gomdulerdi-bir-zaman\/","url":"https:\/\/narteks.net\/index.php\/2009\/03\/02\/beni-bir-yaza-gomdulerdi-bir-zaman\/","name":"Beni Bir Yaza G\u00f6md\u00fclerdi Bir Zaman - narteks.net","isPartOf":{"@id":"https:\/\/narteks.net\/#website"},"datePublished":"2009-03-02T11:11:31+00:00","breadcrumb":{"@id":"https:\/\/narteks.net\/index.php\/2009\/03\/02\/beni-bir-yaza-gomdulerdi-bir-zaman\/#breadcrumb"},"inLanguage":"tr","potentialAction":[{"@type":"ReadAction","target":["https:\/\/narteks.net\/index.php\/2009\/03\/02\/beni-bir-yaza-gomdulerdi-bir-zaman\/"]}]},{"@type":"BreadcrumbList","@id":"https:\/\/narteks.net\/index.php\/2009\/03\/02\/beni-bir-yaza-gomdulerdi-bir-zaman\/#breadcrumb","itemListElement":[{"@type":"ListItem","position":1,"name":"Anasayfa","item":"https:\/\/narteks.net\/"},{"@type":"ListItem","position":2,"name":"Beni Bir Yaza G\u00f6md\u00fclerdi Bir Zaman"}]},{"@type":"WebSite","@id":"https:\/\/narteks.net\/#website","url":"https:\/\/narteks.net\/","name":"narteks.net","description":"K\u00fclt\u00fcr Sanat Edebiyat Felsefe","publisher":{"@id":"https:\/\/narteks.net\/#organization"},"alternateName":"K\u00fclt\u00fcr Sanat Edebiyat Felsefe","potentialAction":[{"@type":"SearchAction","target":{"@type":"EntryPoint","urlTemplate":"https:\/\/narteks.net\/?s={search_term_string}"},"query-input":{"@type":"PropertyValueSpecification","valueRequired":true,"valueName":"search_term_string"}}],"inLanguage":"tr"},{"@type":"Organization","@id":"https:\/\/narteks.net\/#organization","name":"narteks.net","url":"https:\/\/narteks.net\/","logo":{"@type":"ImageObject","inLanguage":"tr","@id":"https:\/\/narteks.net\/#\/schema\/logo\/image\/","url":"https:\/\/narteks.net\/wp-content\/uploads\/narteks.png","contentUrl":"https:\/\/narteks.net\/wp-content\/uploads\/narteks.png","width":300,"height":90,"caption":"narteks.net"},"image":{"@id":"https:\/\/narteks.net\/#\/schema\/logo\/image\/"},"sameAs":["https:\/\/x.com\/narteks","https:\/\/instagram.com\/narteksnet"]},{"@type":"Person","@id":"https:\/\/narteks.net\/#\/schema\/person\/61f37d9834294b72d31d274e7ed79bca","name":"Tar\u0131k","image":{"@type":"ImageObject","inLanguage":"tr","@id":"https:\/\/narteks.net\/#\/schema\/person\/image\/","url":"https:\/\/secure.gravatar.com\/avatar\/50865afb55632c4ae467e0af0930f6510aa2297d8014be502a55b14f3b7550cf?s=96&d=mm&r=g","contentUrl":"https:\/\/secure.gravatar.com\/avatar\/50865afb55632c4ae467e0af0930f6510aa2297d8014be502a55b14f3b7550cf?s=96&d=mm&r=g","caption":"Tar\u0131k"},"sameAs":["http:\/\/narteks.net"],"url":"https:\/\/narteks.net\/index.php\/author\/narbak\/"}]}},"_links":{"self":[{"href":"https:\/\/narteks.net\/index.php\/wp-json\/wp\/v2\/posts\/337","targetHints":{"allow":["GET"]}}],"collection":[{"href":"https:\/\/narteks.net\/index.php\/wp-json\/wp\/v2\/posts"}],"about":[{"href":"https:\/\/narteks.net\/index.php\/wp-json\/wp\/v2\/types\/post"}],"author":[{"embeddable":true,"href":"https:\/\/narteks.net\/index.php\/wp-json\/wp\/v2\/users\/1"}],"replies":[{"embeddable":true,"href":"https:\/\/narteks.net\/index.php\/wp-json\/wp\/v2\/comments?post=337"}],"version-history":[{"count":0,"href":"https:\/\/narteks.net\/index.php\/wp-json\/wp\/v2\/posts\/337\/revisions"}],"wp:attachment":[{"href":"https:\/\/narteks.net\/index.php\/wp-json\/wp\/v2\/media?parent=337"}],"wp:term":[{"taxonomy":"category","embeddable":true,"href":"https:\/\/narteks.net\/index.php\/wp-json\/wp\/v2\/categories?post=337"},{"taxonomy":"post_tag","embeddable":true,"href":"https:\/\/narteks.net\/index.php\/wp-json\/wp\/v2\/tags?post=337"}],"curies":[{"name":"wp","href":"https:\/\/api.w.org\/{rel}","templated":true}]}}