{"id":3383,"date":"2009-12-26T17:06:07","date_gmt":"2009-12-26T14:06:07","guid":{"rendered":"http:\/\/localhost\/wordpress\/2009\/12\/26\/agri\/"},"modified":"2009-12-26T17:06:07","modified_gmt":"2009-12-26T14:06:07","slug":"agri","status":"publish","type":"post","link":"https:\/\/narteks.net\/index.php\/2009\/12\/26\/agri\/","title":{"rendered":"A\u011eRI"},"content":{"rendered":"<p>\u00a0<\/p>\n<p>Vard\u0131m ete\u011fine,secdeye kapand\u0131m;<br \/>Ko\u015fup bir koluna s\u0131ms\u0131k\u0131 aband\u0131m.<br \/>Karl\u0131 ba\u015f\u0131n y\u00fcce dedikleyin y\u00fcce,<br \/>S\u00fck\u00fbn i\u00e7indeki heybetin g\u00f6nl\u00fcmce.<br \/>Devce yap\u0131nda ilk rahatl\u0131\u011f\u0131 duydum.<br \/>\u015eifas\u0131 m\u0131 ne ki ruha bu ilk yudum<br \/>Hay\u00e2l arkas\u0131nda bo\u015f \u00e7\u0131rp\u0131n\u0131\u015flar\u0131n<br \/>Sen uygun bir vakti gelince r\u00fczg\u00e2r\u0131n<br \/>Sonsuzlu\u011fa do\u011fru kalkacak sihirli<br \/>Bir gemisin g\u00f6klerde demirli<br \/>Ve ben r\u0131ht\u0131m\u0131nda bekleyen tek yolcu&#8230;<br \/>D\u00fc\u015f\u00fcncemizin en haks\u0131z, en korkuncu;<br \/>A\u00e7an o a\u011fulu \u00e7i\u00e7ek delilikte,<br \/>Gir s\u0131r mezara cesetle birlikte,<br \/>\u015e\u00fcphe; o bin \u00e7e\u015fit \u00e7ilenin yemi\u015fi,<br \/>Y\u0131lan a\u011fz\u0131ndaki elma&#8230; Ey, ate\u015fi<br \/>En derin yerinde gizli gizli yanan!<\/p>\n<p>Seyrediyor ruhum kar balkonlar\u0131ndan<br \/>\u0130nsan\u0131n g\u00f6resi olmaz manzaray\u0131<br \/>Ve akl\u0131n o u\u00e7suz bucaks\u0131z saray\u0131<br \/>Y\u0131k\u0131l\u0131yor&#8230; Duygu bir kartal h\u0131z\u0131yla<br \/>F\u0131rl\u0131yor engine sevin\u00e7 avaz\u0131yla<br \/>Bulutlar ne g\u00fczel bulutlard\u0131r onlar,<br \/>Hep \u00f6yle ba\u015f\u0131m\u0131n \u00fcst\u00fcnde dursunlar<br \/>Menek\u015fe rengi, kan rengi, toprak rengi&#8230;<br \/>As\u0131l\u0131 kals\u0131n hep bu ya\u011fmur hevengi.<br \/>D\u00fcnyay\u0131 saran bu gece ne gecedir,<br \/>Y\u0131ld\u0131zlardan ya\u011fan \u0131\u015f\u0131k ne incedir!<br \/>Yans\u0131n o y\u0131ld\u0131zlar, bitinceye kadar<br \/>En derin uykular, en tatl\u0131 uykular.<\/p>\n<p>Ey, g\u00f6kperdelere \u015fahlanan tanr\u0131sal!<br \/>Eteklerindeyiz i\u015fte. Ve bir masal<br \/>\u0130\u00e7inden gelmi\u015fiz sana, atl\u0131 yaya,<br \/>Att\u0131\u011f\u0131m\u0131z okta k\u0131smeti bulmaya.<br \/>Yitik, peri\u015fand\u0131r elbet bencileyin<br \/>Pi\u015fmanl\u0131\u011f\u0131n \u0131rgat olup geceleyin<br \/>G\u00fcnle baht\u0131n \u00e7a\u011fr\u0131s\u0131na ko\u015fan ki\u015fi.<br \/>Ah, i\u00e7 s\u0131k\u0131nt\u0131s\u0131! sen ettin bu i\u015fi.<br \/>Zevk, o yosma kad\u0131n eski bir bah\u00e7ede<br \/>Ayak\u00fcst\u00fc g\u00fcnah i\u015flenen gecede<br \/>Bir susuzluk kadehi sunmu\u015ftu bana:<br \/>Y\u00fcz\u00fcm\u00fc maskesiz g\u00f6steren ilk ayna.<br \/>Yel als\u0131n g\u00f6t\u00fcrs\u00fcn b\u00fct\u00fcn o ge\u00e7mi\u015fi,<br \/>B\u00fcy\u00fcl\u00fc kadehin zehrinden i\u00e7mi\u015fi<br \/>Serin yalan\u0131nda kand\u0131rmaz her p\u0131nar.<br \/>Dindirir miydi ki en tatl\u0131 r\u00fczg\u00e2rlar<br \/>Bende gizli gizli ba\u015flam\u0131\u015f a\u011fr\u0131y\u0131:<br \/>Bu, r\u00fczg\u00e2r ve gemi u\u011framaz bir k\u0131y\u0131<br \/>Ya da bir teknede a\u00e7\u0131lm\u0131\u015f bir delik;<br \/>Hangi pencereye ko\u015farsan ahretlik<br \/>Bir g\u00f6ky\u00fcz\u00fc, siyah, g\u00fcne\u015ften habersiz,<br \/>Her ad\u0131m att\u0131\u011f\u0131n yeri basan bir sis.<br \/>Hangi yana baksam onu g\u00f6r\u00fcyorum:<br \/>\u0130nanc\u0131n kayd\u0131\u011f\u0131 bir dipsiz u\u00e7urum;<br \/>G\u00fcnah kap\u0131lar\u0131n\u0131n araland\u0131\u011f\u0131,<br \/>Tanr\u0131lar\u0131n bile avaraland\u0131\u011f\u0131<br \/>\u015ea\u015fk\u0131n, \u00e7aresiz bir insan kaderince.<br \/>G\u00fcne\u015f! g\u00fcne\u015f! g\u00fcne\u015f! ey, \u00f6l\u00fcms\u00fcz ece!<br \/>Sana tap\u0131nanlar karde\u015fimdi benim;<br \/>G\u00fcne\u015f! g\u00fcne\u015f! ben sana do\u011fru gelenim,<br \/>Kucakla beni, tanr\u0131\u00e7a, sev, sar beni,<br \/>En y\u0131rt\u0131c\u0131, en a\u00e7 hayvanlar\u0131n ini<br \/>\u0130\u00e7imin g\u00f6z g\u00f6rmez ma\u011faralar\u0131ma gir<br \/>Senin girmedi\u011fin yerde haset, kibir<br \/>Dert, kin, yalan, \u00f6l\u00fcm, korku ve i\u015fkence,<br \/>\u00c7akal seslerinden \u00f6r\u00fclm\u00fc\u015f bir gece,<br \/>Tene\u015fir ba\u015f\u0131nda oyna\u015fan \u00e7irkinler<br \/>Engerek d\u00fc\u011f\u00fcm\u00fc do\u011furan gelinler,<br \/>Zina \u015f\u00f6leninde beynin n\u00f6bet n\u00f6bet<br \/>Cehennem halay\u0131 \u00e7eken bin iskelet<br \/>Ve yaprak indiren a\u011fa\u00e7lar baharda&#8230;<br \/>Senin ba\u011f\u0131\u015f\u0131ndan yoksun kucaklarda<br \/>\u00c7ocuklar kertenkeleyle bir bi\u00e7imde.<br \/>A\u011fr\u0131&#8217;ya e\u015f bir da\u011f olsayd\u0131 i\u00e7imde<br \/>\u0130lkin \u015fu g\u00f6nl\u00fcme do\u011fard\u0131n her sabah,<br \/>Daha her yer geceyken sarard\u0131n, g\u00fcmrah<br \/>Sar\u0131 sa\u00e7lar\u0131nla benim varl\u0131\u011f\u0131m\u0131,<br \/>Kendimde ta\u015f\u0131rd\u0131m kendi tapt\u0131\u011f\u0131m\u0131&#8230;<br \/>A\u011fr\u0131&#8217;ya e\u015f y\u00fcce bir da\u011f yok i\u00e7imde<br \/>Ne kadar c\u00fcceyim dert ve sevincimde!<br \/>Kaplam\u0131\u015f g\u00f6z\u00fcm\u00fcn g\u00f6rd\u00fc\u011f\u00fc her ufku<br \/>Umutsuz, zifiri bir gece, bir korku.<\/p>\n<p>Ah, yaz\u0131k ki b\u00fct\u00fcn insanl\u0131k g\u00fcne\u015fsiz.<br \/>Ey ate\u015f, nas\u0131l da seni yitirmi\u015fiz!<br \/>Bu yaln\u0131z inilti esen manzaradan<br \/>Bir \u00e7aresiz ay&#8217;d\u0131r sallanan aradan;<br \/>I\u015f\u0131k tuttu\u011fu her \u015fey bir taze yara.<br \/>Onmaz bu gece. B\u0131rak karanl\u0131klara!<br \/>Can yi\u011fitli\u011fi yitirmi\u015f, kalp a\u015fk\u0131<br \/>\u0130leni\u015flerinden insan\u0131n bir \u015fark\u0131<br \/>Tutmu\u015f d\u00f6rt yan\u0131, bir \u00e7irkin a\u011f\u0131t, eski&#8230;<br \/>Ah g\u00fc\u00e7 de de\u011fildi bahtiyarl\u0131k belki;<br \/>\u00dcst\u00fcm\u00fczde deniz gibi bir g\u00f6ky\u00fcz\u00fc<br \/>Alt\u0131nda her kalbe esenlik pay\u0131 var;<br \/>Bizimdir, yelken a\u00e7m\u0131\u015f giden bulutlar,<br \/>Vurup aln\u0131m\u0131za serin g\u00f6lgesini,<br \/>Bizimdir bu koku, bu renk dolu sini<br \/>\u00dcst\u00fcnde seslerle \u0131\u015f\u0131klar kama\u015fan;<br \/>Bizimdir bu zafer, bu beste ve bu \u015fan.<br \/>\u015eu ayd\u0131n, ferah ve rahat g\u00f6k alt\u0131nda<br \/>Her kazazedenin m\u00fcjdesi bir ada,<br \/>Her g\u00fcl\u00fc\u015fe ayna bir g\u00f6lek kenar\u0131;<br \/>Kopar\u0131rken elin taze meyvalar\u0131<br \/>\u00d6yle kolayd\u0131 ki ya\u015f\u0131yorum demek;<br \/>Sofram\u0131za konmu\u015f bu doyulmaz yemek<br \/>Ni\u00e7in bir zehirli ka\u015f\u0131kla yenmede?<br \/>A\u011fr\u0131! ba\u015f\u0131na boz bulutlar inmede.<br \/>Ne ki bu cendere, ne ki bu sonsuzluk,<br \/>Kim bu vurulmu\u015f yatan, ova boyunca,<br \/>Bir kan \u00e7e\u015fmesine a\u00e7\u0131k durup avcu?<br \/>\u00c7ile pazar\u0131nda cana pey s\u00fcr\u00fcm\u00fc<br \/>\u00c7\u00f6zmek mi istemi\u015f o \u00e7etin d\u00fc\u011f\u00fcm\u00fc?<br \/>Korkun\u00e7 bir ezgide \u00e7atlayan bu kam\u0131\u015f<br \/>Yitirdi\u011fimiz bir cennet mi aram\u0131\u015f,<br \/>\u00d6l\u00fcms\u00fcz bar\u0131\u015fa g\u00fclen \u015fafaklar\u0131,<br \/>Lezzet ve esenlik t\u00fcten ocaklar\u0131,<br \/>\u00d6mre \u00f6p\u00fc\u015f tad\u0131yle uyand\u0131\u011f\u0131m\u0131z,<br \/>Tanr\u0131sal bir \u00e7\u0131ra gibi yand\u0131\u011f\u0131m\u0131z?..<br \/>&#8211; Da\u011f! senin yand\u0131\u011f\u0131n gibi bir vakitler-<br \/>Vuran bir toz par\u00e7as\u0131 de\u011filse e\u011fer<br \/>K\u00fc\u00e7\u00fck g\u00f6vdesine budur giren \u00f6l\u00fcm,<br \/>Onun y\u00fcz\u00fcn\u00fc bizden \u00e7eviren \u00f6l\u00fcm&#8230;<\/p>\n<p>Sen ey, oyununu en g\u00fczel oynayan!<br \/>Hangi k\u0131v\u0131lc\u0131mla f\u0131\u015fk\u0131rtt\u0131n ruhundan<br \/>Bir g\u00fcn s\u00f6nd\u00fcrd\u00fc\u011f\u00fcm\u00fcz kutsal ate\u015fi?<br \/>Ey sen! \u00f6l\u00fcmden \u00e7ok hayat\u0131n karde\u015fi<br \/>Dirilttin nas\u0131l bir mucizeyle tekrar<br \/>Her \u015feyi, dostluktan d\u00fc\u015fmanl\u0131\u011fa kadar<br \/>Ve geri getirdin o s\u00fcrg\u00fcnlerini?<br \/>Nerde buldun tekrar eski g\u00fcnlerini<br \/>Zamanlar i\u00e7inde yitmi\u015f karde\u015flerin<br \/>Ve en g\u00fczelini s\u00f6nm\u00fc\u015f ate\u015flerin,<br \/>Kalbimin o kadar sevdi\u011fi o g\u00fcl\u00fc,<br \/>\u00d6l\u00fcm \u00f6tesinin mutlu tahayy\u00fcl\u00fc<br \/>Evrensel c\u00fcmb\u00fc\u015f\u00fc, ya\u015fama \u015fevkini,<br \/>Bizden gidenlerin bir g\u00fcn en yak\u0131n\u0131<br \/>\u00dcmidi ve \u015fafak kanatl\u0131 ne\u015feyi,<br \/>O a\u015fk\u0131, o tad\u0131, o g\u00fcl\u00fcmsemeyi?..<br \/>Ey bo\u015f gecelerin dad\u0131 ay\u0131\u015f\u0131\u011f\u0131!<br \/>Salla, salla h\u00fcz\u00fcn uyuyan be\u015fi\u011fi<br \/>S\u00f6\u011f\u00fctlerin nazl\u0131 dallar\u0131 i\u00e7inden<br \/>Ki o alt\u0131n saman yollar\u0131 i\u00e7inden<br \/>Bir sabah\u0131 \u00f6zleyen \u015fu taze kad\u0131n<br \/>Yats\u0131n ba\u015fyast\u0131\u011f\u0131na an\u0131lar\u0131n\u0131n;<\/p>\n<p>Bir makine sesiyle i\u015fleyen kalbi<br \/>Al\u0131p gezdirsin onu bir gemi gibi<br \/>D\u00fc\u015flerinin durgun, mavi denizinde.<br \/>Beni de hep kendi kendimin izinde<br \/>Fenerinle yolumu ayd\u0131nlatarak<br \/>Bar\u0131\u015f \u00e7e\u015fmesini aramaya b\u0131rak,<br \/>Budur ya\u015fad\u0131\u011f\u0131n s\u00fcrece g\u00f6revin;<br \/>Gecelerin birinde, solgun alevin<br \/>G\u00fcne yenilmeye ba\u015flad\u0131\u011f\u0131 zaman<br \/>\u00dcst\u00fcne ba\u015f\u0131m\u0131n d\u00fc\u015ft\u00fc\u011f\u00fc kitaptan<br \/>Eser Mevl\u00e2n\u00e2&#8217;n\u0131n \u00fcfledi\u011fi r\u00fczg\u00e2r&#8230;<br \/>\u0130\u015fte, gam t\u00fcrk\u00fcs\u00fc s\u00f6yleyen kam\u0131\u015flar<br \/>R\u00fczg\u00e2r\u0131ndan g\u00f6rd\u00fc\u011f\u00fcm ova boyunca.<br \/>Bu bir d\u00fc\u015ft\u00fcr belki, insan uyan\u0131nca,<br \/>G\u00f6zlerinde kal\u0131r serab\u0131 bir \u00f6m\u00fcr,<br \/>Her \u015fey bu \u0131\u015f\u0131lt\u0131 ard\u0131ndan g\u00f6r\u00fcn\u00fcr<br \/>O insana; sevmek, ya\u015famak ve \u00f6l\u00fcm.<br \/>Seni uykuya \u00e7ekip g\u00f6t\u00fcren elim<br \/>Kad\u0131n\u0131m, ay\u0131\u015f\u0131\u011f\u0131 i\u00e7inden \u015fu anda<br \/>Aldan\u0131\u015f diye ne varsa bir insanda<br \/>O daldan tutuyor&#8230;B\u00f6yledir bu. Kader<br \/>Kavu\u015fur sabaha en uzun geceler<br \/>Ve serin durur her avunu\u015f testisi.<\/p>\n<p>R\u00fczg\u00e2rlar ba\u015flad\u0131. Sonsuzluk gemisi<br \/>\u00d6n\u00fcnde k\u00f6p\u00fcr\u00fcp \u015fahlanmada engin;<br \/>Yolcusu oldu\u011fun nihayetsizli\u011fin<br \/>Bir ucu Allah&#8217;ta ve sende bir ucu.<br \/>Ba\u015fl\u0131yor ser\u00fcvenlerin en korkuncu:<br \/>G\u00f6ky\u00fcz\u00fcne do\u011fru y\u00fcr\u00fcyen yery\u00fcz\u00fc,<br \/>Bar\u0131\u015ft\u0131ran s\u0131n\u0131r geceyle g\u00fcnd\u00fcz\u00fc;<br \/>Ey sonuca do\u011fru ilku\u00e7tan gelen Da\u011f!<br \/>G\u00f6\u011f\u00fc perde perde delip y\u00fckselen Da\u011f!<\/p>\n","protected":false},"excerpt":{"rendered":"<p>\u00a0 Vard\u0131m ete\u011fine,secdeye kapand\u0131m;Ko\u015fup bir koluna s\u0131ms\u0131k\u0131 aband\u0131m.Karl\u0131 ba\u015f\u0131n y\u00fcce dedikleyin y\u00fcce,S\u00fck\u00fbn i\u00e7indeki heybetin g\u00f6nl\u00fcmce.Devce yap\u0131nda ilk rahatl\u0131\u011f\u0131 duydum.\u015eifas\u0131 m\u0131 ne ki ruha bu ilk yudumHay\u00e2l arkas\u0131nda bo\u015f \u00e7\u0131rp\u0131n\u0131\u015flar\u0131nSen uygun bir vakti gelince r\u00fczg\u00e2r\u0131nSonsuzlu\u011fa do\u011fru kalkacak sihirliBir gemisin g\u00f6klerde demirliVe ben r\u0131ht\u0131m\u0131nda bekleyen tek yolcu&#8230;D\u00fc\u015f\u00fcncemizin en haks\u0131z, en korkuncu;A\u00e7an o a\u011fulu \u00e7i\u00e7ek delilikte,Gir s\u0131r mezara [&hellip;]<\/p>\n","protected":false},"author":1,"featured_media":0,"comment_status":"open","ping_status":"open","sticky":false,"template":"","format":"standard","meta":{"footnotes":""},"categories":[113],"tags":[],"class_list":{"0":"post-3383","1":"post","2":"type-post","3":"status-publish","4":"format-standard","6":"category-ahmet-muhip-diranas"},"yoast_head":"<!-- This site is optimized with the Yoast SEO Premium plugin v24.9 (Yoast SEO v24.9) - https:\/\/yoast.com\/wordpress\/plugins\/seo\/ -->\n<title>A\u011eRI - narteks.net<\/title>\n<meta name=\"robots\" content=\"index, follow, max-snippet:-1, max-image-preview:large, max-video-preview:-1\" \/>\n<link rel=\"canonical\" href=\"https:\/\/narteks.net\/index.php\/2009\/12\/26\/agri\/\" \/>\n<meta property=\"og:locale\" content=\"tr_TR\" \/>\n<meta property=\"og:type\" content=\"article\" \/>\n<meta property=\"og:title\" content=\"A\u011eRI\" \/>\n<meta property=\"og:description\" content=\"\u00a0 Vard\u0131m ete\u011fine,secdeye kapand\u0131m;Ko\u015fup bir koluna s\u0131ms\u0131k\u0131 aband\u0131m.Karl\u0131 ba\u015f\u0131n y\u00fcce dedikleyin y\u00fcce,S\u00fck\u00fbn i\u00e7indeki heybetin g\u00f6nl\u00fcmce.Devce yap\u0131nda ilk rahatl\u0131\u011f\u0131 duydum.\u015eifas\u0131 m\u0131 ne ki ruha bu ilk yudumHay\u00e2l arkas\u0131nda bo\u015f \u00e7\u0131rp\u0131n\u0131\u015flar\u0131nSen uygun bir vakti gelince r\u00fczg\u00e2r\u0131nSonsuzlu\u011fa do\u011fru kalkacak sihirliBir gemisin g\u00f6klerde demirliVe ben r\u0131ht\u0131m\u0131nda bekleyen tek yolcu&#8230;D\u00fc\u015f\u00fcncemizin en haks\u0131z, en korkuncu;A\u00e7an o a\u011fulu \u00e7i\u00e7ek delilikte,Gir s\u0131r mezara [&hellip;]\" \/>\n<meta property=\"og:url\" content=\"https:\/\/narteks.net\/index.php\/2009\/12\/26\/agri\/\" \/>\n<meta property=\"og:site_name\" content=\"narteks.net\" \/>\n<meta property=\"article:published_time\" content=\"2009-12-26T14:06:07+00:00\" \/>\n<meta property=\"og:image\" content=\"https:\/\/narteks.net\/wp-content\/uploads\/narteks.png\" \/>\n\t<meta property=\"og:image:width\" content=\"300\" \/>\n\t<meta property=\"og:image:height\" content=\"90\" \/>\n\t<meta property=\"og:image:type\" content=\"image\/png\" \/>\n<meta name=\"author\" content=\"Tar\u0131k\" \/>\n<meta name=\"twitter:card\" content=\"summary_large_image\" \/>\n<meta name=\"twitter:creator\" content=\"@narteks\" \/>\n<meta name=\"twitter:site\" content=\"@narteks\" \/>\n<meta name=\"twitter:label1\" content=\"Yazan:\" \/>\n\t<meta name=\"twitter:data1\" content=\"Tar\u0131k\" \/>\n\t<meta name=\"twitter:label2\" content=\"Tahmini okuma s\u00fcresi\" \/>\n\t<meta name=\"twitter:data2\" content=\"6 dakika\" \/>\n<script type=\"application\/ld+json\" class=\"yoast-schema-graph\">{\"@context\":\"https:\/\/schema.org\",\"@graph\":[{\"@type\":\"Article\",\"@id\":\"https:\/\/narteks.net\/index.php\/2009\/12\/26\/agri\/#article\",\"isPartOf\":{\"@id\":\"https:\/\/narteks.net\/index.php\/2009\/12\/26\/agri\/\"},\"author\":{\"name\":\"Tar\u0131k\",\"@id\":\"https:\/\/narteks.net\/#\/schema\/person\/61f37d9834294b72d31d274e7ed79bca\"},\"headline\":\"A\u011eRI\",\"datePublished\":\"2009-12-26T14:06:07+00:00\",\"mainEntityOfPage\":{\"@id\":\"https:\/\/narteks.net\/index.php\/2009\/12\/26\/agri\/\"},\"wordCount\":1266,\"commentCount\":0,\"publisher\":{\"@id\":\"https:\/\/narteks.net\/#organization\"},\"articleSection\":[\"Ahmet Muhip DIRANAS\"],\"inLanguage\":\"tr\",\"potentialAction\":[{\"@type\":\"CommentAction\",\"name\":\"Comment\",\"target\":[\"https:\/\/narteks.net\/index.php\/2009\/12\/26\/agri\/#respond\"]}]},{\"@type\":\"WebPage\",\"@id\":\"https:\/\/narteks.net\/index.php\/2009\/12\/26\/agri\/\",\"url\":\"https:\/\/narteks.net\/index.php\/2009\/12\/26\/agri\/\",\"name\":\"A\u011eRI - narteks.net\",\"isPartOf\":{\"@id\":\"https:\/\/narteks.net\/#website\"},\"datePublished\":\"2009-12-26T14:06:07+00:00\",\"breadcrumb\":{\"@id\":\"https:\/\/narteks.net\/index.php\/2009\/12\/26\/agri\/#breadcrumb\"},\"inLanguage\":\"tr\",\"potentialAction\":[{\"@type\":\"ReadAction\",\"target\":[\"https:\/\/narteks.net\/index.php\/2009\/12\/26\/agri\/\"]}]},{\"@type\":\"BreadcrumbList\",\"@id\":\"https:\/\/narteks.net\/index.php\/2009\/12\/26\/agri\/#breadcrumb\",\"itemListElement\":[{\"@type\":\"ListItem\",\"position\":1,\"name\":\"Anasayfa\",\"item\":\"https:\/\/narteks.net\/\"},{\"@type\":\"ListItem\",\"position\":2,\"name\":\"A\u011eRI\"}]},{\"@type\":\"WebSite\",\"@id\":\"https:\/\/narteks.net\/#website\",\"url\":\"https:\/\/narteks.net\/\",\"name\":\"narteks.net\",\"description\":\"K\u00fclt\u00fcr Sanat Edebiyat Felsefe\",\"publisher\":{\"@id\":\"https:\/\/narteks.net\/#organization\"},\"alternateName\":\"K\u00fclt\u00fcr Sanat Edebiyat Felsefe\",\"potentialAction\":[{\"@type\":\"SearchAction\",\"target\":{\"@type\":\"EntryPoint\",\"urlTemplate\":\"https:\/\/narteks.net\/?s={search_term_string}\"},\"query-input\":{\"@type\":\"PropertyValueSpecification\",\"valueRequired\":true,\"valueName\":\"search_term_string\"}}],\"inLanguage\":\"tr\"},{\"@type\":\"Organization\",\"@id\":\"https:\/\/narteks.net\/#organization\",\"name\":\"narteks.net\",\"url\":\"https:\/\/narteks.net\/\",\"logo\":{\"@type\":\"ImageObject\",\"inLanguage\":\"tr\",\"@id\":\"https:\/\/narteks.net\/#\/schema\/logo\/image\/\",\"url\":\"https:\/\/narteks.net\/wp-content\/uploads\/narteks.png\",\"contentUrl\":\"https:\/\/narteks.net\/wp-content\/uploads\/narteks.png\",\"width\":300,\"height\":90,\"caption\":\"narteks.net\"},\"image\":{\"@id\":\"https:\/\/narteks.net\/#\/schema\/logo\/image\/\"},\"sameAs\":[\"https:\/\/x.com\/narteks\",\"https:\/\/instagram.com\/narteksnet\"]},{\"@type\":\"Person\",\"@id\":\"https:\/\/narteks.net\/#\/schema\/person\/61f37d9834294b72d31d274e7ed79bca\",\"name\":\"Tar\u0131k\",\"image\":{\"@type\":\"ImageObject\",\"inLanguage\":\"tr\",\"@id\":\"https:\/\/narteks.net\/#\/schema\/person\/image\/\",\"url\":\"https:\/\/secure.gravatar.com\/avatar\/50865afb55632c4ae467e0af0930f6510aa2297d8014be502a55b14f3b7550cf?s=96&d=mm&r=g\",\"contentUrl\":\"https:\/\/secure.gravatar.com\/avatar\/50865afb55632c4ae467e0af0930f6510aa2297d8014be502a55b14f3b7550cf?s=96&d=mm&r=g\",\"caption\":\"Tar\u0131k\"},\"sameAs\":[\"http:\/\/narteks.net\"],\"url\":\"https:\/\/narteks.net\/index.php\/author\/narbak\/\"}]}<\/script>\n<!-- \/ Yoast SEO Premium plugin. -->","yoast_head_json":{"title":"A\u011eRI - narteks.net","robots":{"index":"index","follow":"follow","max-snippet":"max-snippet:-1","max-image-preview":"max-image-preview:large","max-video-preview":"max-video-preview:-1"},"canonical":"https:\/\/narteks.net\/index.php\/2009\/12\/26\/agri\/","og_locale":"tr_TR","og_type":"article","og_title":"A\u011eRI","og_description":"\u00a0 Vard\u0131m ete\u011fine,secdeye kapand\u0131m;Ko\u015fup bir koluna s\u0131ms\u0131k\u0131 aband\u0131m.Karl\u0131 ba\u015f\u0131n y\u00fcce dedikleyin y\u00fcce,S\u00fck\u00fbn i\u00e7indeki heybetin g\u00f6nl\u00fcmce.Devce yap\u0131nda ilk rahatl\u0131\u011f\u0131 duydum.\u015eifas\u0131 m\u0131 ne ki ruha bu ilk yudumHay\u00e2l arkas\u0131nda bo\u015f \u00e7\u0131rp\u0131n\u0131\u015flar\u0131nSen uygun bir vakti gelince r\u00fczg\u00e2r\u0131nSonsuzlu\u011fa do\u011fru kalkacak sihirliBir gemisin g\u00f6klerde demirliVe ben r\u0131ht\u0131m\u0131nda bekleyen tek yolcu&#8230;D\u00fc\u015f\u00fcncemizin en haks\u0131z, en korkuncu;A\u00e7an o a\u011fulu \u00e7i\u00e7ek delilikte,Gir s\u0131r mezara [&hellip;]","og_url":"https:\/\/narteks.net\/index.php\/2009\/12\/26\/agri\/","og_site_name":"narteks.net","article_published_time":"2009-12-26T14:06:07+00:00","og_image":[{"width":300,"height":90,"url":"https:\/\/narteks.net\/wp-content\/uploads\/narteks.png","type":"image\/png"}],"author":"Tar\u0131k","twitter_card":"summary_large_image","twitter_creator":"@narteks","twitter_site":"@narteks","twitter_misc":{"Yazan:":"Tar\u0131k","Tahmini okuma s\u00fcresi":"6 dakika"},"schema":{"@context":"https:\/\/schema.org","@graph":[{"@type":"Article","@id":"https:\/\/narteks.net\/index.php\/2009\/12\/26\/agri\/#article","isPartOf":{"@id":"https:\/\/narteks.net\/index.php\/2009\/12\/26\/agri\/"},"author":{"name":"Tar\u0131k","@id":"https:\/\/narteks.net\/#\/schema\/person\/61f37d9834294b72d31d274e7ed79bca"},"headline":"A\u011eRI","datePublished":"2009-12-26T14:06:07+00:00","mainEntityOfPage":{"@id":"https:\/\/narteks.net\/index.php\/2009\/12\/26\/agri\/"},"wordCount":1266,"commentCount":0,"publisher":{"@id":"https:\/\/narteks.net\/#organization"},"articleSection":["Ahmet Muhip DIRANAS"],"inLanguage":"tr","potentialAction":[{"@type":"CommentAction","name":"Comment","target":["https:\/\/narteks.net\/index.php\/2009\/12\/26\/agri\/#respond"]}]},{"@type":"WebPage","@id":"https:\/\/narteks.net\/index.php\/2009\/12\/26\/agri\/","url":"https:\/\/narteks.net\/index.php\/2009\/12\/26\/agri\/","name":"A\u011eRI - narteks.net","isPartOf":{"@id":"https:\/\/narteks.net\/#website"},"datePublished":"2009-12-26T14:06:07+00:00","breadcrumb":{"@id":"https:\/\/narteks.net\/index.php\/2009\/12\/26\/agri\/#breadcrumb"},"inLanguage":"tr","potentialAction":[{"@type":"ReadAction","target":["https:\/\/narteks.net\/index.php\/2009\/12\/26\/agri\/"]}]},{"@type":"BreadcrumbList","@id":"https:\/\/narteks.net\/index.php\/2009\/12\/26\/agri\/#breadcrumb","itemListElement":[{"@type":"ListItem","position":1,"name":"Anasayfa","item":"https:\/\/narteks.net\/"},{"@type":"ListItem","position":2,"name":"A\u011eRI"}]},{"@type":"WebSite","@id":"https:\/\/narteks.net\/#website","url":"https:\/\/narteks.net\/","name":"narteks.net","description":"K\u00fclt\u00fcr Sanat Edebiyat Felsefe","publisher":{"@id":"https:\/\/narteks.net\/#organization"},"alternateName":"K\u00fclt\u00fcr Sanat Edebiyat Felsefe","potentialAction":[{"@type":"SearchAction","target":{"@type":"EntryPoint","urlTemplate":"https:\/\/narteks.net\/?s={search_term_string}"},"query-input":{"@type":"PropertyValueSpecification","valueRequired":true,"valueName":"search_term_string"}}],"inLanguage":"tr"},{"@type":"Organization","@id":"https:\/\/narteks.net\/#organization","name":"narteks.net","url":"https:\/\/narteks.net\/","logo":{"@type":"ImageObject","inLanguage":"tr","@id":"https:\/\/narteks.net\/#\/schema\/logo\/image\/","url":"https:\/\/narteks.net\/wp-content\/uploads\/narteks.png","contentUrl":"https:\/\/narteks.net\/wp-content\/uploads\/narteks.png","width":300,"height":90,"caption":"narteks.net"},"image":{"@id":"https:\/\/narteks.net\/#\/schema\/logo\/image\/"},"sameAs":["https:\/\/x.com\/narteks","https:\/\/instagram.com\/narteksnet"]},{"@type":"Person","@id":"https:\/\/narteks.net\/#\/schema\/person\/61f37d9834294b72d31d274e7ed79bca","name":"Tar\u0131k","image":{"@type":"ImageObject","inLanguage":"tr","@id":"https:\/\/narteks.net\/#\/schema\/person\/image\/","url":"https:\/\/secure.gravatar.com\/avatar\/50865afb55632c4ae467e0af0930f6510aa2297d8014be502a55b14f3b7550cf?s=96&d=mm&r=g","contentUrl":"https:\/\/secure.gravatar.com\/avatar\/50865afb55632c4ae467e0af0930f6510aa2297d8014be502a55b14f3b7550cf?s=96&d=mm&r=g","caption":"Tar\u0131k"},"sameAs":["http:\/\/narteks.net"],"url":"https:\/\/narteks.net\/index.php\/author\/narbak\/"}]}},"_links":{"self":[{"href":"https:\/\/narteks.net\/index.php\/wp-json\/wp\/v2\/posts\/3383","targetHints":{"allow":["GET"]}}],"collection":[{"href":"https:\/\/narteks.net\/index.php\/wp-json\/wp\/v2\/posts"}],"about":[{"href":"https:\/\/narteks.net\/index.php\/wp-json\/wp\/v2\/types\/post"}],"author":[{"embeddable":true,"href":"https:\/\/narteks.net\/index.php\/wp-json\/wp\/v2\/users\/1"}],"replies":[{"embeddable":true,"href":"https:\/\/narteks.net\/index.php\/wp-json\/wp\/v2\/comments?post=3383"}],"version-history":[{"count":0,"href":"https:\/\/narteks.net\/index.php\/wp-json\/wp\/v2\/posts\/3383\/revisions"}],"wp:attachment":[{"href":"https:\/\/narteks.net\/index.php\/wp-json\/wp\/v2\/media?parent=3383"}],"wp:term":[{"taxonomy":"category","embeddable":true,"href":"https:\/\/narteks.net\/index.php\/wp-json\/wp\/v2\/categories?post=3383"},{"taxonomy":"post_tag","embeddable":true,"href":"https:\/\/narteks.net\/index.php\/wp-json\/wp\/v2\/tags?post=3383"}],"curies":[{"name":"wp","href":"https:\/\/api.w.org\/{rel}","templated":true}]}}