{"id":3386,"date":"2009-12-27T15:51:26","date_gmt":"2009-12-27T12:51:26","guid":{"rendered":"http:\/\/localhost\/wordpress\/2009\/12\/27\/tolga-candar-ezgileriyle-narteksnet-sayfalarinda\/"},"modified":"2009-12-27T15:51:26","modified_gmt":"2009-12-27T12:51:26","slug":"tolga-candar-ezgileriyle-narteksnet-sayfalarinda","status":"publish","type":"post","link":"https:\/\/narteks.net\/index.php\/2009\/12\/27\/tolga-candar-ezgileriyle-narteksnet-sayfalarinda\/","title":{"rendered":"Tolga \u00c7andar ezgileriyle Narteks.net sayfalar\u0131nda"},"content":{"rendered":"<p><img loading=\"lazy\" decoding=\"async\" src=\"images\/stories\/cengizcandar.jpg\" border=\"0\" width=\"155\" height=\"205\" style=\"float: left;\" \/><\/p>\n<p style=\"text-align: justify;\"><strong> <\/strong><\/p>\n<p style=\"text-align: justify;\">Tolga  \u00c7ANDAR 1959 y\u0131l\u0131nda Mu\u011fla\u2019n\u0131n Milas il\u00e7esinde do\u011fdu. \u0130lk, orta ve lise  \u00f6\u011frenimini Milas\u2019ta tamamlad\u0131ktan sonra Ankara\u2019ya, Orta Do\u011fu Teknik  \u00dcniversitesi\u2019ne gitti. ODT\u00dc M\u00fchendislik Fak\u00fcltesi \u0130n\u015faat B\u00f6l\u00fcm\u00fc\u2019nde \u00f6\u011frenim  g\u00f6ren \u00c7andar, tiyatro \u00e7al\u0131\u015fmalar\u0131 i\u00e7in ODT\u00dc Oyuncular\u0131\u2019na, halk m\u00fczi\u011fi  \u00e7al\u0131\u015fmalar\u0131 i\u00e7in de T\u00fcrk Halk Bilimleri Toplulu\u011fu\u2019na devam etti.\u00dcniversitenin \u00fc\u00e7\u00fcnc\u00fc s\u0131n\u0131f\u0131nda iken, \u00fc\u00e7 arkada\u015f\u0131 ile birlikte  kurduklar\u0131 \u00c7A\u011eDA\u015e T\u00dcRK\u00dc toplulu\u011fu ad\u0131 alt\u0131nda ilk alb\u00fcmleri olan&#8221;Bekle Beni&#8221;yi  yapt\u0131lar. Bu alb\u00fcm ayn\u0131 zamanda Tolga \u00c7ANDAR\u2019\u0131n profesyonel m\u00fczik ya\u015fam\u0131na ad\u0131m  atmas\u0131na zemin haz\u0131rlar.Bekle Beni alb\u00fcm\u00fcnde oldu\u011fu gibi, yine Eftal K\u00fc\u00e7\u00fck ve Tolga  \u00c7andar bestelerinden olu\u015fan &#8220;Delikanl\u0131ya&#8221; adl\u0131 bir alb\u00fcm daha yapan topluluk,  da\u011f\u0131l\u0131r. Bunun \u00fczerine \u00c7andar m\u00fczik yolculu\u011funa yaln\u0131z devam eder.<\/p>\n<p style=\"text-align: justify;\"><img loading=\"lazy\" decoding=\"async\" src=\"http:\/\/www.tolgacandar.com\/images\/blank.gif\" border=\"0\" width=\"10\" height=\"1\" \/>Bir yandan beste \u00e7al\u0131\u015fmalar\u0131na devam eden \u00c7andar, di\u011fer  yandan da &#8220;T\u00fcrk\u00fcleri Ege\u2019nin&#8221; adl\u0131 bir alb\u00fcm haz\u0131rlar. Bu alb\u00fcm\u00fcn g\u00f6rd\u00fc\u011f\u00fc yo\u011fun  ilgi, Tolga \u00c7andar\u2019\u0131n m\u00fczik yolculu\u011funda izleyece\u011fi yolu da belirlemi\u015f olur.<\/p>\n<p style=\"text-align: justify;\"><img loading=\"lazy\" decoding=\"async\" src=\"http:\/\/www.tolgacandar.com\/images\/blank.gif\" border=\"0\" width=\"10\" height=\"1\" \/>M\u00fczik \u00e7al\u0131\u015fmalar\u0131n\u0131n yan\u0131 s\u0131ra \u00e7e\u015fitli dergilerde yaz\u0131lar da  yazan \u00c7andar, Felsefe, sosyoloji, siyaset bilimi konular\u0131na ilgi duymaktad\u0131r.<\/p>\n<p style=\"text-align: justify;\"><img loading=\"lazy\" decoding=\"async\" src=\"http:\/\/www.tolgacandar.com\/images\/blank.gif\" border=\"0\" width=\"10\" height=\"1\" \/>\u00c7andar\u2019\u0131n en b\u00fcy\u00fck tutkular\u0131ndan birisi de havac\u0131l\u0131kt\u0131r. 1977  y\u0131l\u0131nda ODT\u00dc dokuz ay s\u00fcrecek olan boykot s\u00fcrecine girince, okulun gelece\u011fi  konusundaki belirsizlik ortam\u0131nda \u00c7andar, Hava Harp Okulu s\u0131navlar\u0131na girer.  S\u0131navlar\u0131 ba\u015far\u0131yla tamamlar ve \u0130zmir Cumaovas\u0131 meydan\u0131nda (bug\u00fcnk\u00fc Adnan  Menderes havaalan\u0131) T-41 u\u00e7a\u011f\u0131 ile e\u011fitim u\u00e7u\u015flar\u0131na kat\u0131l\u0131r, ancak u\u00e7u\u015flar\u0131  tamamlamadan, sekizinci sorti sonunda kamptan ayr\u0131l\u0131r ve ODT\u00dc\u2019ye geri d\u00f6ner,  ancak i\u00e7indeki u\u00e7ma iste\u011fi hi\u00e7bir zaman yok olmaz.<\/p>\n<p style=\"text-align: justify;\"><img loading=\"lazy\" decoding=\"async\" src=\"http:\/\/www.tolgacandar.com\/images\/blank.gif\" border=\"0\" width=\"10\" height=\"1\" \/>\u00c7a\u011fda\u015f T\u00fcrk\u00fc toplulu\u011fu ile yapt\u0131klar\u0131 &#8220;Bekle Beni&#8221; ve  &#8220;Delikanl\u0131ya&#8221; adl\u0131 alb\u00fcmlerden sonra \u00c7andar, s\u0131ras\u0131yla &#8220;T\u00fcrk\u00fcleri Ege\u2019nin&#8221;,  &#8220;Harman&#8221;, &#8220;T\u00fcrk\u00fcden \u015eark\u0131ya&#8221;, &#8220;Sen T\u00fcrk\u00fclerdesin&#8221;, &#8220;Kar Yang\u0131n\u0131&#8221;, &#8220;T\u00fcrk\u00fcleri  Ege\u2019nin 2&#8221;, &#8220;Sular Gibi&#8221;, &#8220;\u2019T\u00fcrk\u00fcleri Ege\u2019nin 3&#8221; ve soprano Seza K\u0131rg\u0131z ile  birlikte seslendirdikleri &#8220;A\u015fikar&#8221; adl\u0131 alb\u00fcmlere imza att\u0131.<\/p>\n<p style=\"text-align: justify;\"><img loading=\"lazy\" decoding=\"async\" src=\"http:\/\/www.tolgacandar.com\/images\/blank.gif\" border=\"0\" width=\"10\" height=\"1\" \/>Belgesel film m\u00fczikleri ve tiyatro m\u00fczikleri de yapan \u00c7andar evlidir ve 8  ya\u015f\u0131nda Karya ad\u0131nda bir o\u011flu vard\u0131r.<\/p>\n<p style=\"text-align: justify;\">\u00a0<\/p>\n<p style=\"text-align: justify;\"><span style=\"font-size: x-small;\"><strong>\u00c7a\u011fda\u015f T\u00fcrk\u00fc<\/strong><\/span><\/p>\n<p style=\"text-align: justify;\"><img loading=\"lazy\" decoding=\"async\" src=\"http:\/\/www.tolgacandar.com\/images\/blank.gif\" border=\"0\" width=\"10\" height=\"1\" \/>1980 askeri harekat\u0131n\u0131n ard\u0131ndan, \u00fcniversiteler derin bir  sessizli\u011fe g\u00f6m\u00fcld\u00fc. Entelekt\u00fcel ya\u015fama y\u00f6n veren beyinler bask\u0131 alt\u0131na al\u0131nd\u0131.  Sanat, edebiyat ve bilim \u00e7evrelerinin toplumla ba\u011fla\u015f\u0131mlar\u0131 kesildi. Sanat\u0131  sanat yapan en \u00f6nemli \u015feylerden biri olan \u00f6zg\u00fcrl\u00fck ortam\u0131 yok edildi. Ayd\u0131nlar  cezaevlerine kapat\u0131ld\u0131lar. D\u0131\u015far\u0131da kalanlar ise korku i\u00e7indeydiler. \u0130nsanlar  birbirlerine selam dahi vermeye \u00e7ekiniyorlard\u0131.<\/p>\n<p style=\"text-align: justify;\"><img loading=\"lazy\" decoding=\"async\" src=\"http:\/\/www.tolgacandar.com\/images\/blank.gif\" border=\"0\" width=\"10\" height=\"1\" \/>B\u00f6yle bir ortamda, ayn\u0131 \u00fcniversitede okumakta olan Eftal  K\u00fc\u00e7\u00fck\u2019\u00fcn giri\u015fimiyle \u00c7a\u011fda\u015f T\u00fcrk\u00fc toplulu\u011funu kurduk. Gitar, kemen\u00e7e ve  besteleriyle Eftal K\u00fc\u00e7\u00fck, solist, ba\u011flama ve besteleriyle Tolga \u00c7andar, piyanist  Bahad\u0131r Suda ve bas gitarc\u0131 Erkan Oban\u2019dan olu\u015fan toplulukla iki alb\u00fcm  haz\u0131rlad\u0131k. \u201dBekle Beni\u201d ve \u201cDelikanl\u0131ya\u201d adl\u0131 bu alb\u00fcmler tamamen kendi  bestelerimizden olu\u015fmaktad\u0131r.<\/p>\n<p style=\"text-align: justify;\"><img loading=\"lazy\" decoding=\"async\" src=\"http:\/\/www.tolgacandar.com\/images\/blank.gif\" border=\"0\" width=\"10\" height=\"1\" \/>Bizimkiyle ayn\u0131 siyasal kaderi payla\u015fan \u00fclkelerin  m\u00fczisyenlerinin, y\u00fcz y\u00fcze kald\u0131klar\u0131 yoz-yabanc\u0131 k\u00fclt\u00fcr bombard\u0131man\u0131na kar\u015f\u0131  geli\u015ftirdikleri bir ak\u0131m olan \u201cNew Song Movement\u201d ak\u0131m\u0131ndan esinlenerek ad\u0131m\u0131z\u0131  \u201c\u00c7a\u011fda\u015f T\u00fcrk\u00fc\u201d koyduk. \u00c7\u00fcnk\u00fc, bizde onlar gibi kendi geleneksel m\u00fczik  birikimimizden hareketle ve \u00e7a\u011fda\u015f m\u00fczik standartlar\u0131n\u0131 birlikte kullanarak,  bug\u00fcn\u00fcn t\u00fcrk\u00fcs\u00fcn\u00fc yaratmay\u0131 ama\u00e7l\u0131yorduk. Alternatif siyasal projeleri olanlar\u0131n  alternatif sanatsal projeleri de olmal\u0131d\u0131r. Aksi taktirde yar\u0131m bir proje  olmaktan \u00f6te gidemez. Bu ama\u00e7la olu\u015fmu\u015f olan \u00c7a\u011fda\u015f T\u00fcrk\u00fc projesi bug\u00fcnde  s\u00fcrmektedir.<\/p>\n<p style=\"text-align: justify;\"><img loading=\"lazy\" decoding=\"async\" src=\"http:\/\/www.tolgacandar.com\/images\/blank.gif\" border=\"0\" width=\"10\" height=\"1\" \/>Grubumuz fiziksel olarak da\u011f\u0131lm\u0131\u015f olabilir ancak proje durmaz; s\u00fcrer.<\/p>\n<p style=\"text-align: justify;\"><img loading=\"lazy\" decoding=\"async\" src=\"http:\/\/www.tolgacandar.com\/images\/blank.gif\" border=\"0\" width=\"10\" height=\"1\" \/> \u201cBekle Beni\u201d ve \u201cDelikanl\u0131ya\u201d adl\u0131 alb\u00fcmlerimiz, Kalan M\u00fczik firmas\u0131  taraf\u0131ndan tek CD olarak dinleyiciye sunulmu\u015ftur.<\/p>\n<p>\n<object width=\"400\" height=\"315\"><param name=\"movie\" value=\"http:\/\/www.humyo.com\/E\/10044311-281475140241451\/10044311-281475140194895\/10044311-281475140195807\/10044311-281475140220941\/10044311-281475140198919\/10044311-281475140200695\/10044311-281475140202961\/10044311-281475140205307\/10044311-281475140207783\/10044311-281475140209785\/10044311-281475140211497\/10044311-281475140239701\/10044311-281475140227265\/10044311-281475140229735\/10044311-281475140231495\/10044311-281475140244085\/10044311-281475140233867\/10044311-281475140237915\/10044311-281475140214857\/10044311-281475140217903\" \/><param name=\"flashvars\" value=\"autostart=true&amp;imagestart=true&amp;displayheight=236\" \/><embed type=\"application\/x-shockwave-flash\" width=\"400\" height=\"315\" src=\"http:\/\/www.humyo.com\/E\/10044311-281475140241451\/10044311-281475140194895\/10044311-281475140195807\/10044311-281475140220941\/10044311-281475140198919\/10044311-281475140200695\/10044311-281475140202961\/10044311-281475140205307\/10044311-281475140207783\/10044311-281475140209785\/10044311-281475140211497\/10044311-281475140239701\/10044311-281475140227265\/10044311-281475140229735\/10044311-281475140231495\/10044311-281475140244085\/10044311-281475140233867\/10044311-281475140237915\/10044311-281475140214857\/10044311-281475140217903\" flashvars=\"autostart=true&amp;imagestart=true&amp;displayheight=236\"><\/embed><\/object><\/p>\n","protected":false},"excerpt":{"rendered":"<p>Tolga \u00c7ANDAR 1959 y\u0131l\u0131nda Mu\u011fla\u2019n\u0131n Milas il\u00e7esinde do\u011fdu. \u0130lk, orta ve lise \u00f6\u011frenimini Milas\u2019ta tamamlad\u0131ktan sonra Ankara\u2019ya, Orta Do\u011fu Teknik \u00dcniversitesi\u2019ne gitti. ODT\u00dc M\u00fchendislik Fak\u00fcltesi \u0130n\u015faat B\u00f6l\u00fcm\u00fc\u2019nde \u00f6\u011frenim g\u00f6ren \u00c7andar, tiyatro \u00e7al\u0131\u015fmalar\u0131 i\u00e7in ODT\u00dc Oyuncular\u0131\u2019na, halk m\u00fczi\u011fi \u00e7al\u0131\u015fmalar\u0131 i\u00e7in de T\u00fcrk Halk Bilimleri Toplulu\u011fu\u2019na devam etti.\u00dcniversitenin \u00fc\u00e7\u00fcnc\u00fc s\u0131n\u0131f\u0131nda iken, \u00fc\u00e7 arkada\u015f\u0131 ile birlikte kurduklar\u0131 \u00c7A\u011eDA\u015e [&hellip;]<\/p>\n","protected":false},"author":1,"featured_media":0,"comment_status":"open","ping_status":"open","sticky":false,"template":"","format":"standard","meta":{"footnotes":""},"categories":[100],"tags":[],"class_list":{"0":"post-3386","1":"post","2":"type-post","3":"status-publish","4":"format-standard","6":"category-muzisyenler"},"yoast_head":"<!-- This site is optimized with the Yoast SEO Premium plugin v24.9 (Yoast SEO v24.9) - https:\/\/yoast.com\/wordpress\/plugins\/seo\/ -->\n<title>Tolga \u00c7andar ezgileriyle Narteks.net sayfalar\u0131nda - narteks.net<\/title>\n<meta name=\"robots\" content=\"index, follow, max-snippet:-1, max-image-preview:large, max-video-preview:-1\" \/>\n<link rel=\"canonical\" href=\"https:\/\/narteks.net\/index.php\/2009\/12\/27\/tolga-candar-ezgileriyle-narteksnet-sayfalarinda\/\" \/>\n<meta property=\"og:locale\" content=\"tr_TR\" \/>\n<meta property=\"og:type\" content=\"article\" \/>\n<meta property=\"og:title\" content=\"Tolga \u00c7andar ezgileriyle Narteks.net sayfalar\u0131nda\" \/>\n<meta property=\"og:description\" content=\"Tolga \u00c7ANDAR 1959 y\u0131l\u0131nda Mu\u011fla\u2019n\u0131n Milas il\u00e7esinde do\u011fdu. \u0130lk, orta ve lise \u00f6\u011frenimini Milas\u2019ta tamamlad\u0131ktan sonra Ankara\u2019ya, Orta Do\u011fu Teknik \u00dcniversitesi\u2019ne gitti. ODT\u00dc M\u00fchendislik Fak\u00fcltesi \u0130n\u015faat B\u00f6l\u00fcm\u00fc\u2019nde \u00f6\u011frenim g\u00f6ren \u00c7andar, tiyatro \u00e7al\u0131\u015fmalar\u0131 i\u00e7in ODT\u00dc Oyuncular\u0131\u2019na, halk m\u00fczi\u011fi \u00e7al\u0131\u015fmalar\u0131 i\u00e7in de T\u00fcrk Halk Bilimleri Toplulu\u011fu\u2019na devam etti.\u00dcniversitenin \u00fc\u00e7\u00fcnc\u00fc s\u0131n\u0131f\u0131nda iken, \u00fc\u00e7 arkada\u015f\u0131 ile birlikte kurduklar\u0131 \u00c7A\u011eDA\u015e [&hellip;]\" \/>\n<meta property=\"og:url\" content=\"https:\/\/narteks.net\/index.php\/2009\/12\/27\/tolga-candar-ezgileriyle-narteksnet-sayfalarinda\/\" \/>\n<meta property=\"og:site_name\" content=\"narteks.net\" \/>\n<meta property=\"article:published_time\" content=\"2009-12-27T12:51:26+00:00\" \/>\n<meta property=\"og:image\" content=\"http:\/\/www.tolgacandar.com\/images\/blank.gif\" \/>\n<meta name=\"author\" content=\"Tar\u0131k\" \/>\n<meta name=\"twitter:card\" content=\"summary_large_image\" \/>\n<meta name=\"twitter:creator\" content=\"@narteks\" \/>\n<meta name=\"twitter:site\" content=\"@narteks\" \/>\n<meta name=\"twitter:label1\" content=\"Yazan:\" \/>\n\t<meta name=\"twitter:data1\" content=\"Tar\u0131k\" \/>\n\t<meta name=\"twitter:label2\" content=\"Tahmini okuma s\u00fcresi\" \/>\n\t<meta name=\"twitter:data2\" content=\"4 dakika\" \/>\n<script type=\"application\/ld+json\" class=\"yoast-schema-graph\">{\"@context\":\"https:\/\/schema.org\",\"@graph\":[{\"@type\":\"Article\",\"@id\":\"https:\/\/narteks.net\/index.php\/2009\/12\/27\/tolga-candar-ezgileriyle-narteksnet-sayfalarinda\/#article\",\"isPartOf\":{\"@id\":\"https:\/\/narteks.net\/index.php\/2009\/12\/27\/tolga-candar-ezgileriyle-narteksnet-sayfalarinda\/\"},\"author\":{\"name\":\"Tar\u0131k\",\"@id\":\"https:\/\/narteks.net\/#\/schema\/person\/61f37d9834294b72d31d274e7ed79bca\"},\"headline\":\"Tolga \u00c7andar ezgileriyle Narteks.net sayfalar\u0131nda\",\"datePublished\":\"2009-12-27T12:51:26+00:00\",\"mainEntityOfPage\":{\"@id\":\"https:\/\/narteks.net\/index.php\/2009\/12\/27\/tolga-candar-ezgileriyle-narteksnet-sayfalarinda\/\"},\"wordCount\":722,\"commentCount\":0,\"publisher\":{\"@id\":\"https:\/\/narteks.net\/#organization\"},\"image\":{\"@id\":\"https:\/\/narteks.net\/index.php\/2009\/12\/27\/tolga-candar-ezgileriyle-narteksnet-sayfalarinda\/#primaryimage\"},\"thumbnailUrl\":\"http:\/\/www.tolgacandar.com\/images\/blank.gif\",\"articleSection\":[\"M\u00fczisyenler\"],\"inLanguage\":\"tr\",\"potentialAction\":[{\"@type\":\"CommentAction\",\"name\":\"Comment\",\"target\":[\"https:\/\/narteks.net\/index.php\/2009\/12\/27\/tolga-candar-ezgileriyle-narteksnet-sayfalarinda\/#respond\"]}]},{\"@type\":\"WebPage\",\"@id\":\"https:\/\/narteks.net\/index.php\/2009\/12\/27\/tolga-candar-ezgileriyle-narteksnet-sayfalarinda\/\",\"url\":\"https:\/\/narteks.net\/index.php\/2009\/12\/27\/tolga-candar-ezgileriyle-narteksnet-sayfalarinda\/\",\"name\":\"Tolga \u00c7andar ezgileriyle Narteks.net sayfalar\u0131nda - narteks.net\",\"isPartOf\":{\"@id\":\"https:\/\/narteks.net\/#website\"},\"primaryImageOfPage\":{\"@id\":\"https:\/\/narteks.net\/index.php\/2009\/12\/27\/tolga-candar-ezgileriyle-narteksnet-sayfalarinda\/#primaryimage\"},\"image\":{\"@id\":\"https:\/\/narteks.net\/index.php\/2009\/12\/27\/tolga-candar-ezgileriyle-narteksnet-sayfalarinda\/#primaryimage\"},\"thumbnailUrl\":\"http:\/\/www.tolgacandar.com\/images\/blank.gif\",\"datePublished\":\"2009-12-27T12:51:26+00:00\",\"breadcrumb\":{\"@id\":\"https:\/\/narteks.net\/index.php\/2009\/12\/27\/tolga-candar-ezgileriyle-narteksnet-sayfalarinda\/#breadcrumb\"},\"inLanguage\":\"tr\",\"potentialAction\":[{\"@type\":\"ReadAction\",\"target\":[\"https:\/\/narteks.net\/index.php\/2009\/12\/27\/tolga-candar-ezgileriyle-narteksnet-sayfalarinda\/\"]}]},{\"@type\":\"ImageObject\",\"inLanguage\":\"tr\",\"@id\":\"https:\/\/narteks.net\/index.php\/2009\/12\/27\/tolga-candar-ezgileriyle-narteksnet-sayfalarinda\/#primaryimage\",\"url\":\"http:\/\/www.tolgacandar.com\/images\/blank.gif\",\"contentUrl\":\"http:\/\/www.tolgacandar.com\/images\/blank.gif\"},{\"@type\":\"BreadcrumbList\",\"@id\":\"https:\/\/narteks.net\/index.php\/2009\/12\/27\/tolga-candar-ezgileriyle-narteksnet-sayfalarinda\/#breadcrumb\",\"itemListElement\":[{\"@type\":\"ListItem\",\"position\":1,\"name\":\"Anasayfa\",\"item\":\"https:\/\/narteks.net\/\"},{\"@type\":\"ListItem\",\"position\":2,\"name\":\"Tolga \u00c7andar ezgileriyle Narteks.net sayfalar\u0131nda\"}]},{\"@type\":\"WebSite\",\"@id\":\"https:\/\/narteks.net\/#website\",\"url\":\"https:\/\/narteks.net\/\",\"name\":\"narteks.net\",\"description\":\"K\u00fclt\u00fcr Sanat Edebiyat Felsefe\",\"publisher\":{\"@id\":\"https:\/\/narteks.net\/#organization\"},\"alternateName\":\"K\u00fclt\u00fcr Sanat Edebiyat Felsefe\",\"potentialAction\":[{\"@type\":\"SearchAction\",\"target\":{\"@type\":\"EntryPoint\",\"urlTemplate\":\"https:\/\/narteks.net\/?s={search_term_string}\"},\"query-input\":{\"@type\":\"PropertyValueSpecification\",\"valueRequired\":true,\"valueName\":\"search_term_string\"}}],\"inLanguage\":\"tr\"},{\"@type\":\"Organization\",\"@id\":\"https:\/\/narteks.net\/#organization\",\"name\":\"narteks.net\",\"url\":\"https:\/\/narteks.net\/\",\"logo\":{\"@type\":\"ImageObject\",\"inLanguage\":\"tr\",\"@id\":\"https:\/\/narteks.net\/#\/schema\/logo\/image\/\",\"url\":\"https:\/\/narteks.net\/wp-content\/uploads\/narteks.png\",\"contentUrl\":\"https:\/\/narteks.net\/wp-content\/uploads\/narteks.png\",\"width\":300,\"height\":90,\"caption\":\"narteks.net\"},\"image\":{\"@id\":\"https:\/\/narteks.net\/#\/schema\/logo\/image\/\"},\"sameAs\":[\"https:\/\/x.com\/narteks\",\"https:\/\/instagram.com\/narteksnet\"]},{\"@type\":\"Person\",\"@id\":\"https:\/\/narteks.net\/#\/schema\/person\/61f37d9834294b72d31d274e7ed79bca\",\"name\":\"Tar\u0131k\",\"image\":{\"@type\":\"ImageObject\",\"inLanguage\":\"tr\",\"@id\":\"https:\/\/narteks.net\/#\/schema\/person\/image\/\",\"url\":\"https:\/\/secure.gravatar.com\/avatar\/50865afb55632c4ae467e0af0930f6510aa2297d8014be502a55b14f3b7550cf?s=96&d=mm&r=g\",\"contentUrl\":\"https:\/\/secure.gravatar.com\/avatar\/50865afb55632c4ae467e0af0930f6510aa2297d8014be502a55b14f3b7550cf?s=96&d=mm&r=g\",\"caption\":\"Tar\u0131k\"},\"sameAs\":[\"http:\/\/narteks.net\"],\"url\":\"https:\/\/narteks.net\/index.php\/author\/narbak\/\"}]}<\/script>\n<!-- \/ Yoast SEO Premium plugin. -->","yoast_head_json":{"title":"Tolga \u00c7andar ezgileriyle Narteks.net sayfalar\u0131nda - narteks.net","robots":{"index":"index","follow":"follow","max-snippet":"max-snippet:-1","max-image-preview":"max-image-preview:large","max-video-preview":"max-video-preview:-1"},"canonical":"https:\/\/narteks.net\/index.php\/2009\/12\/27\/tolga-candar-ezgileriyle-narteksnet-sayfalarinda\/","og_locale":"tr_TR","og_type":"article","og_title":"Tolga \u00c7andar ezgileriyle Narteks.net sayfalar\u0131nda","og_description":"Tolga \u00c7ANDAR 1959 y\u0131l\u0131nda Mu\u011fla\u2019n\u0131n Milas il\u00e7esinde do\u011fdu. \u0130lk, orta ve lise \u00f6\u011frenimini Milas\u2019ta tamamlad\u0131ktan sonra Ankara\u2019ya, Orta Do\u011fu Teknik \u00dcniversitesi\u2019ne gitti. ODT\u00dc M\u00fchendislik Fak\u00fcltesi \u0130n\u015faat B\u00f6l\u00fcm\u00fc\u2019nde \u00f6\u011frenim g\u00f6ren \u00c7andar, tiyatro \u00e7al\u0131\u015fmalar\u0131 i\u00e7in ODT\u00dc Oyuncular\u0131\u2019na, halk m\u00fczi\u011fi \u00e7al\u0131\u015fmalar\u0131 i\u00e7in de T\u00fcrk Halk Bilimleri Toplulu\u011fu\u2019na devam etti.\u00dcniversitenin \u00fc\u00e7\u00fcnc\u00fc s\u0131n\u0131f\u0131nda iken, \u00fc\u00e7 arkada\u015f\u0131 ile birlikte kurduklar\u0131 \u00c7A\u011eDA\u015e [&hellip;]","og_url":"https:\/\/narteks.net\/index.php\/2009\/12\/27\/tolga-candar-ezgileriyle-narteksnet-sayfalarinda\/","og_site_name":"narteks.net","article_published_time":"2009-12-27T12:51:26+00:00","og_image":[{"url":"http:\/\/www.tolgacandar.com\/images\/blank.gif","type":"","width":"","height":""}],"author":"Tar\u0131k","twitter_card":"summary_large_image","twitter_creator":"@narteks","twitter_site":"@narteks","twitter_misc":{"Yazan:":"Tar\u0131k","Tahmini okuma s\u00fcresi":"4 dakika"},"schema":{"@context":"https:\/\/schema.org","@graph":[{"@type":"Article","@id":"https:\/\/narteks.net\/index.php\/2009\/12\/27\/tolga-candar-ezgileriyle-narteksnet-sayfalarinda\/#article","isPartOf":{"@id":"https:\/\/narteks.net\/index.php\/2009\/12\/27\/tolga-candar-ezgileriyle-narteksnet-sayfalarinda\/"},"author":{"name":"Tar\u0131k","@id":"https:\/\/narteks.net\/#\/schema\/person\/61f37d9834294b72d31d274e7ed79bca"},"headline":"Tolga \u00c7andar ezgileriyle Narteks.net sayfalar\u0131nda","datePublished":"2009-12-27T12:51:26+00:00","mainEntityOfPage":{"@id":"https:\/\/narteks.net\/index.php\/2009\/12\/27\/tolga-candar-ezgileriyle-narteksnet-sayfalarinda\/"},"wordCount":722,"commentCount":0,"publisher":{"@id":"https:\/\/narteks.net\/#organization"},"image":{"@id":"https:\/\/narteks.net\/index.php\/2009\/12\/27\/tolga-candar-ezgileriyle-narteksnet-sayfalarinda\/#primaryimage"},"thumbnailUrl":"http:\/\/www.tolgacandar.com\/images\/blank.gif","articleSection":["M\u00fczisyenler"],"inLanguage":"tr","potentialAction":[{"@type":"CommentAction","name":"Comment","target":["https:\/\/narteks.net\/index.php\/2009\/12\/27\/tolga-candar-ezgileriyle-narteksnet-sayfalarinda\/#respond"]}]},{"@type":"WebPage","@id":"https:\/\/narteks.net\/index.php\/2009\/12\/27\/tolga-candar-ezgileriyle-narteksnet-sayfalarinda\/","url":"https:\/\/narteks.net\/index.php\/2009\/12\/27\/tolga-candar-ezgileriyle-narteksnet-sayfalarinda\/","name":"Tolga \u00c7andar ezgileriyle Narteks.net sayfalar\u0131nda - narteks.net","isPartOf":{"@id":"https:\/\/narteks.net\/#website"},"primaryImageOfPage":{"@id":"https:\/\/narteks.net\/index.php\/2009\/12\/27\/tolga-candar-ezgileriyle-narteksnet-sayfalarinda\/#primaryimage"},"image":{"@id":"https:\/\/narteks.net\/index.php\/2009\/12\/27\/tolga-candar-ezgileriyle-narteksnet-sayfalarinda\/#primaryimage"},"thumbnailUrl":"http:\/\/www.tolgacandar.com\/images\/blank.gif","datePublished":"2009-12-27T12:51:26+00:00","breadcrumb":{"@id":"https:\/\/narteks.net\/index.php\/2009\/12\/27\/tolga-candar-ezgileriyle-narteksnet-sayfalarinda\/#breadcrumb"},"inLanguage":"tr","potentialAction":[{"@type":"ReadAction","target":["https:\/\/narteks.net\/index.php\/2009\/12\/27\/tolga-candar-ezgileriyle-narteksnet-sayfalarinda\/"]}]},{"@type":"ImageObject","inLanguage":"tr","@id":"https:\/\/narteks.net\/index.php\/2009\/12\/27\/tolga-candar-ezgileriyle-narteksnet-sayfalarinda\/#primaryimage","url":"http:\/\/www.tolgacandar.com\/images\/blank.gif","contentUrl":"http:\/\/www.tolgacandar.com\/images\/blank.gif"},{"@type":"BreadcrumbList","@id":"https:\/\/narteks.net\/index.php\/2009\/12\/27\/tolga-candar-ezgileriyle-narteksnet-sayfalarinda\/#breadcrumb","itemListElement":[{"@type":"ListItem","position":1,"name":"Anasayfa","item":"https:\/\/narteks.net\/"},{"@type":"ListItem","position":2,"name":"Tolga \u00c7andar ezgileriyle Narteks.net sayfalar\u0131nda"}]},{"@type":"WebSite","@id":"https:\/\/narteks.net\/#website","url":"https:\/\/narteks.net\/","name":"narteks.net","description":"K\u00fclt\u00fcr Sanat Edebiyat Felsefe","publisher":{"@id":"https:\/\/narteks.net\/#organization"},"alternateName":"K\u00fclt\u00fcr Sanat Edebiyat Felsefe","potentialAction":[{"@type":"SearchAction","target":{"@type":"EntryPoint","urlTemplate":"https:\/\/narteks.net\/?s={search_term_string}"},"query-input":{"@type":"PropertyValueSpecification","valueRequired":true,"valueName":"search_term_string"}}],"inLanguage":"tr"},{"@type":"Organization","@id":"https:\/\/narteks.net\/#organization","name":"narteks.net","url":"https:\/\/narteks.net\/","logo":{"@type":"ImageObject","inLanguage":"tr","@id":"https:\/\/narteks.net\/#\/schema\/logo\/image\/","url":"https:\/\/narteks.net\/wp-content\/uploads\/narteks.png","contentUrl":"https:\/\/narteks.net\/wp-content\/uploads\/narteks.png","width":300,"height":90,"caption":"narteks.net"},"image":{"@id":"https:\/\/narteks.net\/#\/schema\/logo\/image\/"},"sameAs":["https:\/\/x.com\/narteks","https:\/\/instagram.com\/narteksnet"]},{"@type":"Person","@id":"https:\/\/narteks.net\/#\/schema\/person\/61f37d9834294b72d31d274e7ed79bca","name":"Tar\u0131k","image":{"@type":"ImageObject","inLanguage":"tr","@id":"https:\/\/narteks.net\/#\/schema\/person\/image\/","url":"https:\/\/secure.gravatar.com\/avatar\/50865afb55632c4ae467e0af0930f6510aa2297d8014be502a55b14f3b7550cf?s=96&d=mm&r=g","contentUrl":"https:\/\/secure.gravatar.com\/avatar\/50865afb55632c4ae467e0af0930f6510aa2297d8014be502a55b14f3b7550cf?s=96&d=mm&r=g","caption":"Tar\u0131k"},"sameAs":["http:\/\/narteks.net"],"url":"https:\/\/narteks.net\/index.php\/author\/narbak\/"}]}},"_links":{"self":[{"href":"https:\/\/narteks.net\/index.php\/wp-json\/wp\/v2\/posts\/3386","targetHints":{"allow":["GET"]}}],"collection":[{"href":"https:\/\/narteks.net\/index.php\/wp-json\/wp\/v2\/posts"}],"about":[{"href":"https:\/\/narteks.net\/index.php\/wp-json\/wp\/v2\/types\/post"}],"author":[{"embeddable":true,"href":"https:\/\/narteks.net\/index.php\/wp-json\/wp\/v2\/users\/1"}],"replies":[{"embeddable":true,"href":"https:\/\/narteks.net\/index.php\/wp-json\/wp\/v2\/comments?post=3386"}],"version-history":[{"count":0,"href":"https:\/\/narteks.net\/index.php\/wp-json\/wp\/v2\/posts\/3386\/revisions"}],"wp:attachment":[{"href":"https:\/\/narteks.net\/index.php\/wp-json\/wp\/v2\/media?parent=3386"}],"wp:term":[{"taxonomy":"category","embeddable":true,"href":"https:\/\/narteks.net\/index.php\/wp-json\/wp\/v2\/categories?post=3386"},{"taxonomy":"post_tag","embeddable":true,"href":"https:\/\/narteks.net\/index.php\/wp-json\/wp\/v2\/tags?post=3386"}],"curies":[{"name":"wp","href":"https:\/\/api.w.org\/{rel}","templated":true}]}}