{"id":3389,"date":"2009-12-27T23:51:43","date_gmt":"2009-12-27T20:51:43","guid":{"rendered":"http:\/\/localhost\/wordpress\/2009\/12\/27\/kuru-dal\/"},"modified":"2009-12-27T23:51:43","modified_gmt":"2009-12-27T20:51:43","slug":"kuru-dal","status":"publish","type":"post","link":"https:\/\/narteks.net\/index.php\/2009\/12\/27\/kuru-dal\/","title":{"rendered":"KURU DAL"},"content":{"rendered":"<p>\u00a0<\/p>\n<p>erhan \u015fim\u015fek\u2019e<br \/>Ben b\u00f6yle kald\u0131m: bir ev, bir i\u015f, bir sokak<br \/>s\u00fcrekli gidi\u015f geli\u015flere kald\u0131m \u201cmerhaba\u201dlara<br \/>\u00f6yle so\u011fuk \u00f6yle varl\u0131\u011f\u0131ndan habersiz<br \/>ili\u015fkilere kald\u0131m nemlenir umuduyla<\/p>\n<p>kuru ekmek. Yemek, d\u00f6k\u00fclen. Masada<br \/>g\u00fcnlerce kalan su \u00e7imlenen bardak.<br \/>\u015eu tozlanan kitapl\u0131k bu s\u00fcreksizlikte<br \/>\u00e7\u00fcr\u00fcyen pencere. Orada paslanan ka\u015f\u0131k<\/p>\n<p>\u00d6yle bak\u0131ms\u0131z \u00f6yle da\u011f\u0131n\u0131k \u00f6yle<br \/>yar\u0131l\u0131yor yat\u0131nca yar\u0131l\u0131yor bu yatak<br \/>karanl\u0131\u011fa a\u00e7\u0131l\u0131yor \u00f6yle bir derinli\u011fe,<br \/>\u00e7atl\u0131yor soluk solu\u011fa \u00e7ald\u0131\u011f\u0131m kap\u0131lar<\/p>\n<p>a\u00e7\u0131l\u0131nca bir i\u015fg\u00fcn\u00fc oluyor bir masa<br \/>orada beni bekliyor bir kalem bir dosya.<br \/>Bir \u015feyler yaz\u0131lmay\u0131 bekliyor s\u00fcrekli<br \/>idarecinin g\u00f6zleri. Ah! bu yarasa<\/p>\n<p>Sokaksa r\u00fczgar \u00f6n\u00fcnde kalan k\u00fcf<br \/>savrulan bo\u015flukta. kollar\u0131m, nerede?<br \/>Sa\u011fanak, sonras\u0131 a\u00e7an g\u00fcne\u015f, \u00f6yle ki<br \/>bir kuru dal g\u00f6zlerimin oyu\u011fundaki&#8230;<\/p>\n<p>(Hayaline Firar Edemeyenlerin Afsunu\u2019ndan)<\/p>\n","protected":false},"excerpt":{"rendered":"<p>\u00a0 erhan \u015fim\u015fek\u2019eBen b\u00f6yle kald\u0131m: bir ev, bir i\u015f, bir sokaks\u00fcrekli gidi\u015f geli\u015flere kald\u0131m \u201cmerhaba\u201dlara\u00f6yle so\u011fuk \u00f6yle varl\u0131\u011f\u0131ndan habersizili\u015fkilere kald\u0131m nemlenir umuduyla kuru ekmek. Yemek, d\u00f6k\u00fclen. Masadag\u00fcnlerce kalan su \u00e7imlenen bardak.\u015eu tozlanan kitapl\u0131k bu s\u00fcreksizlikte\u00e7\u00fcr\u00fcyen pencere. Orada paslanan ka\u015f\u0131k \u00d6yle bak\u0131ms\u0131z \u00f6yle da\u011f\u0131n\u0131k \u00f6yleyar\u0131l\u0131yor yat\u0131nca yar\u0131l\u0131yor bu yatakkaranl\u0131\u011fa a\u00e7\u0131l\u0131yor \u00f6yle bir derinli\u011fe,\u00e7atl\u0131yor soluk solu\u011fa \u00e7ald\u0131\u011f\u0131m [&hellip;]<\/p>\n","protected":false},"author":1,"featured_media":0,"comment_status":"open","ping_status":"open","sticky":false,"template":"","format":"standard","meta":{"footnotes":""},"categories":[118],"tags":[],"class_list":{"0":"post-3389","1":"post","2":"type-post","3":"status-publish","4":"format-standard","6":"category-yucel-kayiran"},"yoast_head":"<!-- This site is optimized with the Yoast SEO Premium plugin v24.9 (Yoast SEO v24.9) - https:\/\/yoast.com\/wordpress\/plugins\/seo\/ -->\n<title>KURU DAL - narteks.net<\/title>\n<meta name=\"robots\" content=\"index, follow, max-snippet:-1, max-image-preview:large, max-video-preview:-1\" \/>\n<link rel=\"canonical\" href=\"https:\/\/narteks.net\/index.php\/2009\/12\/27\/kuru-dal\/\" \/>\n<meta property=\"og:locale\" content=\"tr_TR\" \/>\n<meta property=\"og:type\" content=\"article\" \/>\n<meta property=\"og:title\" content=\"KURU DAL\" \/>\n<meta property=\"og:description\" content=\"\u00a0 erhan \u015fim\u015fek\u2019eBen b\u00f6yle kald\u0131m: bir ev, bir i\u015f, bir sokaks\u00fcrekli gidi\u015f geli\u015flere kald\u0131m \u201cmerhaba\u201dlara\u00f6yle so\u011fuk \u00f6yle varl\u0131\u011f\u0131ndan habersizili\u015fkilere kald\u0131m nemlenir umuduyla kuru ekmek. Yemek, d\u00f6k\u00fclen. Masadag\u00fcnlerce kalan su \u00e7imlenen bardak.\u015eu tozlanan kitapl\u0131k bu s\u00fcreksizlikte\u00e7\u00fcr\u00fcyen pencere. Orada paslanan ka\u015f\u0131k \u00d6yle bak\u0131ms\u0131z \u00f6yle da\u011f\u0131n\u0131k \u00f6yleyar\u0131l\u0131yor yat\u0131nca yar\u0131l\u0131yor bu yatakkaranl\u0131\u011fa a\u00e7\u0131l\u0131yor \u00f6yle bir derinli\u011fe,\u00e7atl\u0131yor soluk solu\u011fa \u00e7ald\u0131\u011f\u0131m [&hellip;]\" \/>\n<meta property=\"og:url\" content=\"https:\/\/narteks.net\/index.php\/2009\/12\/27\/kuru-dal\/\" \/>\n<meta property=\"og:site_name\" content=\"narteks.net\" \/>\n<meta property=\"article:published_time\" content=\"2009-12-27T20:51:43+00:00\" \/>\n<meta property=\"og:image\" content=\"https:\/\/narteks.net\/wp-content\/uploads\/narteks.png\" \/>\n\t<meta property=\"og:image:width\" content=\"300\" \/>\n\t<meta property=\"og:image:height\" content=\"90\" \/>\n\t<meta property=\"og:image:type\" content=\"image\/png\" \/>\n<meta name=\"author\" content=\"Tar\u0131k\" \/>\n<meta name=\"twitter:card\" content=\"summary_large_image\" \/>\n<meta name=\"twitter:creator\" content=\"@narteks\" \/>\n<meta name=\"twitter:site\" content=\"@narteks\" \/>\n<meta name=\"twitter:label1\" content=\"Yazan:\" \/>\n\t<meta name=\"twitter:data1\" content=\"Tar\u0131k\" \/>\n\t<meta name=\"twitter:label2\" content=\"Tahmini okuma s\u00fcresi\" \/>\n\t<meta name=\"twitter:data2\" content=\"1 dakika\" \/>\n<script type=\"application\/ld+json\" class=\"yoast-schema-graph\">{\"@context\":\"https:\/\/schema.org\",\"@graph\":[{\"@type\":\"Article\",\"@id\":\"https:\/\/narteks.net\/index.php\/2009\/12\/27\/kuru-dal\/#article\",\"isPartOf\":{\"@id\":\"https:\/\/narteks.net\/index.php\/2009\/12\/27\/kuru-dal\/\"},\"author\":{\"name\":\"Tar\u0131k\",\"@id\":\"https:\/\/narteks.net\/#\/schema\/person\/61f37d9834294b72d31d274e7ed79bca\"},\"headline\":\"KURU DAL\",\"datePublished\":\"2009-12-27T20:51:43+00:00\",\"mainEntityOfPage\":{\"@id\":\"https:\/\/narteks.net\/index.php\/2009\/12\/27\/kuru-dal\/\"},\"wordCount\":158,\"commentCount\":0,\"publisher\":{\"@id\":\"https:\/\/narteks.net\/#organization\"},\"articleSection\":[\"Y\u00fccel KAYIRAN\"],\"inLanguage\":\"tr\",\"potentialAction\":[{\"@type\":\"CommentAction\",\"name\":\"Comment\",\"target\":[\"https:\/\/narteks.net\/index.php\/2009\/12\/27\/kuru-dal\/#respond\"]}]},{\"@type\":\"WebPage\",\"@id\":\"https:\/\/narteks.net\/index.php\/2009\/12\/27\/kuru-dal\/\",\"url\":\"https:\/\/narteks.net\/index.php\/2009\/12\/27\/kuru-dal\/\",\"name\":\"KURU DAL - narteks.net\",\"isPartOf\":{\"@id\":\"https:\/\/narteks.net\/#website\"},\"datePublished\":\"2009-12-27T20:51:43+00:00\",\"breadcrumb\":{\"@id\":\"https:\/\/narteks.net\/index.php\/2009\/12\/27\/kuru-dal\/#breadcrumb\"},\"inLanguage\":\"tr\",\"potentialAction\":[{\"@type\":\"ReadAction\",\"target\":[\"https:\/\/narteks.net\/index.php\/2009\/12\/27\/kuru-dal\/\"]}]},{\"@type\":\"BreadcrumbList\",\"@id\":\"https:\/\/narteks.net\/index.php\/2009\/12\/27\/kuru-dal\/#breadcrumb\",\"itemListElement\":[{\"@type\":\"ListItem\",\"position\":1,\"name\":\"Anasayfa\",\"item\":\"https:\/\/narteks.net\/\"},{\"@type\":\"ListItem\",\"position\":2,\"name\":\"KURU DAL\"}]},{\"@type\":\"WebSite\",\"@id\":\"https:\/\/narteks.net\/#website\",\"url\":\"https:\/\/narteks.net\/\",\"name\":\"narteks.net\",\"description\":\"K\u00fclt\u00fcr Sanat Edebiyat Felsefe\",\"publisher\":{\"@id\":\"https:\/\/narteks.net\/#organization\"},\"alternateName\":\"K\u00fclt\u00fcr Sanat Edebiyat Felsefe\",\"potentialAction\":[{\"@type\":\"SearchAction\",\"target\":{\"@type\":\"EntryPoint\",\"urlTemplate\":\"https:\/\/narteks.net\/?s={search_term_string}\"},\"query-input\":{\"@type\":\"PropertyValueSpecification\",\"valueRequired\":true,\"valueName\":\"search_term_string\"}}],\"inLanguage\":\"tr\"},{\"@type\":\"Organization\",\"@id\":\"https:\/\/narteks.net\/#organization\",\"name\":\"narteks.net\",\"url\":\"https:\/\/narteks.net\/\",\"logo\":{\"@type\":\"ImageObject\",\"inLanguage\":\"tr\",\"@id\":\"https:\/\/narteks.net\/#\/schema\/logo\/image\/\",\"url\":\"https:\/\/narteks.net\/wp-content\/uploads\/narteks.png\",\"contentUrl\":\"https:\/\/narteks.net\/wp-content\/uploads\/narteks.png\",\"width\":300,\"height\":90,\"caption\":\"narteks.net\"},\"image\":{\"@id\":\"https:\/\/narteks.net\/#\/schema\/logo\/image\/\"},\"sameAs\":[\"https:\/\/x.com\/narteks\",\"https:\/\/instagram.com\/narteksnet\"]},{\"@type\":\"Person\",\"@id\":\"https:\/\/narteks.net\/#\/schema\/person\/61f37d9834294b72d31d274e7ed79bca\",\"name\":\"Tar\u0131k\",\"image\":{\"@type\":\"ImageObject\",\"inLanguage\":\"tr\",\"@id\":\"https:\/\/narteks.net\/#\/schema\/person\/image\/\",\"url\":\"https:\/\/secure.gravatar.com\/avatar\/50865afb55632c4ae467e0af0930f6510aa2297d8014be502a55b14f3b7550cf?s=96&d=mm&r=g\",\"contentUrl\":\"https:\/\/secure.gravatar.com\/avatar\/50865afb55632c4ae467e0af0930f6510aa2297d8014be502a55b14f3b7550cf?s=96&d=mm&r=g\",\"caption\":\"Tar\u0131k\"},\"sameAs\":[\"http:\/\/narteks.net\"],\"url\":\"https:\/\/narteks.net\/index.php\/author\/narbak\/\"}]}<\/script>\n<!-- \/ Yoast SEO Premium plugin. -->","yoast_head_json":{"title":"KURU DAL - narteks.net","robots":{"index":"index","follow":"follow","max-snippet":"max-snippet:-1","max-image-preview":"max-image-preview:large","max-video-preview":"max-video-preview:-1"},"canonical":"https:\/\/narteks.net\/index.php\/2009\/12\/27\/kuru-dal\/","og_locale":"tr_TR","og_type":"article","og_title":"KURU DAL","og_description":"\u00a0 erhan \u015fim\u015fek\u2019eBen b\u00f6yle kald\u0131m: bir ev, bir i\u015f, bir sokaks\u00fcrekli gidi\u015f geli\u015flere kald\u0131m \u201cmerhaba\u201dlara\u00f6yle so\u011fuk \u00f6yle varl\u0131\u011f\u0131ndan habersizili\u015fkilere kald\u0131m nemlenir umuduyla kuru ekmek. Yemek, d\u00f6k\u00fclen. Masadag\u00fcnlerce kalan su \u00e7imlenen bardak.\u015eu tozlanan kitapl\u0131k bu s\u00fcreksizlikte\u00e7\u00fcr\u00fcyen pencere. Orada paslanan ka\u015f\u0131k \u00d6yle bak\u0131ms\u0131z \u00f6yle da\u011f\u0131n\u0131k \u00f6yleyar\u0131l\u0131yor yat\u0131nca yar\u0131l\u0131yor bu yatakkaranl\u0131\u011fa a\u00e7\u0131l\u0131yor \u00f6yle bir derinli\u011fe,\u00e7atl\u0131yor soluk solu\u011fa \u00e7ald\u0131\u011f\u0131m [&hellip;]","og_url":"https:\/\/narteks.net\/index.php\/2009\/12\/27\/kuru-dal\/","og_site_name":"narteks.net","article_published_time":"2009-12-27T20:51:43+00:00","og_image":[{"width":300,"height":90,"url":"https:\/\/narteks.net\/wp-content\/uploads\/narteks.png","type":"image\/png"}],"author":"Tar\u0131k","twitter_card":"summary_large_image","twitter_creator":"@narteks","twitter_site":"@narteks","twitter_misc":{"Yazan:":"Tar\u0131k","Tahmini okuma s\u00fcresi":"1 dakika"},"schema":{"@context":"https:\/\/schema.org","@graph":[{"@type":"Article","@id":"https:\/\/narteks.net\/index.php\/2009\/12\/27\/kuru-dal\/#article","isPartOf":{"@id":"https:\/\/narteks.net\/index.php\/2009\/12\/27\/kuru-dal\/"},"author":{"name":"Tar\u0131k","@id":"https:\/\/narteks.net\/#\/schema\/person\/61f37d9834294b72d31d274e7ed79bca"},"headline":"KURU DAL","datePublished":"2009-12-27T20:51:43+00:00","mainEntityOfPage":{"@id":"https:\/\/narteks.net\/index.php\/2009\/12\/27\/kuru-dal\/"},"wordCount":158,"commentCount":0,"publisher":{"@id":"https:\/\/narteks.net\/#organization"},"articleSection":["Y\u00fccel KAYIRAN"],"inLanguage":"tr","potentialAction":[{"@type":"CommentAction","name":"Comment","target":["https:\/\/narteks.net\/index.php\/2009\/12\/27\/kuru-dal\/#respond"]}]},{"@type":"WebPage","@id":"https:\/\/narteks.net\/index.php\/2009\/12\/27\/kuru-dal\/","url":"https:\/\/narteks.net\/index.php\/2009\/12\/27\/kuru-dal\/","name":"KURU DAL - narteks.net","isPartOf":{"@id":"https:\/\/narteks.net\/#website"},"datePublished":"2009-12-27T20:51:43+00:00","breadcrumb":{"@id":"https:\/\/narteks.net\/index.php\/2009\/12\/27\/kuru-dal\/#breadcrumb"},"inLanguage":"tr","potentialAction":[{"@type":"ReadAction","target":["https:\/\/narteks.net\/index.php\/2009\/12\/27\/kuru-dal\/"]}]},{"@type":"BreadcrumbList","@id":"https:\/\/narteks.net\/index.php\/2009\/12\/27\/kuru-dal\/#breadcrumb","itemListElement":[{"@type":"ListItem","position":1,"name":"Anasayfa","item":"https:\/\/narteks.net\/"},{"@type":"ListItem","position":2,"name":"KURU DAL"}]},{"@type":"WebSite","@id":"https:\/\/narteks.net\/#website","url":"https:\/\/narteks.net\/","name":"narteks.net","description":"K\u00fclt\u00fcr Sanat Edebiyat Felsefe","publisher":{"@id":"https:\/\/narteks.net\/#organization"},"alternateName":"K\u00fclt\u00fcr Sanat Edebiyat Felsefe","potentialAction":[{"@type":"SearchAction","target":{"@type":"EntryPoint","urlTemplate":"https:\/\/narteks.net\/?s={search_term_string}"},"query-input":{"@type":"PropertyValueSpecification","valueRequired":true,"valueName":"search_term_string"}}],"inLanguage":"tr"},{"@type":"Organization","@id":"https:\/\/narteks.net\/#organization","name":"narteks.net","url":"https:\/\/narteks.net\/","logo":{"@type":"ImageObject","inLanguage":"tr","@id":"https:\/\/narteks.net\/#\/schema\/logo\/image\/","url":"https:\/\/narteks.net\/wp-content\/uploads\/narteks.png","contentUrl":"https:\/\/narteks.net\/wp-content\/uploads\/narteks.png","width":300,"height":90,"caption":"narteks.net"},"image":{"@id":"https:\/\/narteks.net\/#\/schema\/logo\/image\/"},"sameAs":["https:\/\/x.com\/narteks","https:\/\/instagram.com\/narteksnet"]},{"@type":"Person","@id":"https:\/\/narteks.net\/#\/schema\/person\/61f37d9834294b72d31d274e7ed79bca","name":"Tar\u0131k","image":{"@type":"ImageObject","inLanguage":"tr","@id":"https:\/\/narteks.net\/#\/schema\/person\/image\/","url":"https:\/\/secure.gravatar.com\/avatar\/50865afb55632c4ae467e0af0930f6510aa2297d8014be502a55b14f3b7550cf?s=96&d=mm&r=g","contentUrl":"https:\/\/secure.gravatar.com\/avatar\/50865afb55632c4ae467e0af0930f6510aa2297d8014be502a55b14f3b7550cf?s=96&d=mm&r=g","caption":"Tar\u0131k"},"sameAs":["http:\/\/narteks.net"],"url":"https:\/\/narteks.net\/index.php\/author\/narbak\/"}]}},"_links":{"self":[{"href":"https:\/\/narteks.net\/index.php\/wp-json\/wp\/v2\/posts\/3389","targetHints":{"allow":["GET"]}}],"collection":[{"href":"https:\/\/narteks.net\/index.php\/wp-json\/wp\/v2\/posts"}],"about":[{"href":"https:\/\/narteks.net\/index.php\/wp-json\/wp\/v2\/types\/post"}],"author":[{"embeddable":true,"href":"https:\/\/narteks.net\/index.php\/wp-json\/wp\/v2\/users\/1"}],"replies":[{"embeddable":true,"href":"https:\/\/narteks.net\/index.php\/wp-json\/wp\/v2\/comments?post=3389"}],"version-history":[{"count":0,"href":"https:\/\/narteks.net\/index.php\/wp-json\/wp\/v2\/posts\/3389\/revisions"}],"wp:attachment":[{"href":"https:\/\/narteks.net\/index.php\/wp-json\/wp\/v2\/media?parent=3389"}],"wp:term":[{"taxonomy":"category","embeddable":true,"href":"https:\/\/narteks.net\/index.php\/wp-json\/wp\/v2\/categories?post=3389"},{"taxonomy":"post_tag","embeddable":true,"href":"https:\/\/narteks.net\/index.php\/wp-json\/wp\/v2\/tags?post=3389"}],"curies":[{"name":"wp","href":"https:\/\/api.w.org\/{rel}","templated":true}]}}