{"id":3390,"date":"2009-12-27T23:53:08","date_gmt":"2009-12-27T20:53:08","guid":{"rendered":"http:\/\/localhost\/wordpress\/2009\/12\/27\/nar\/"},"modified":"2009-12-27T23:53:08","modified_gmt":"2009-12-27T20:53:08","slug":"nar","status":"publish","type":"post","link":"https:\/\/narteks.net\/index.php\/2009\/12\/27\/nar\/","title":{"rendered":"NAR"},"content":{"rendered":"<p>\u00a0<\/p>\n<p><em> Aleaddin Aksoy\u2019a<\/em><br \/> 1.<br \/>Ali R\u0131za day\u0131 \u00f6ld\u00fc<br \/>g\u00f6md\u00fcler onu!<br \/>Enver abi \u00f6ld\u00fc<br \/>g\u00f6md\u00fcler onu!<br \/>Nahide ile Sehernaz<br \/>Hikmet ile Yusuf!<br \/>iki karde\u015f birbirine benzer<br \/>biz benzeyemedik birbirimize!<br \/>Nazif ile Mustafa<br \/>Osman ile Mevl\u00fct<br \/>Ahmet ile Sekine<br \/>\u00f6l\u00fcr k\u00fc\u00e7\u00fckleri b\u00fcy\u00fcklerinden \u00f6nce<br \/>Kahir \u00f6lmez<br \/>a\u015fkta murad\u0131n\u0131 almayan<br \/>uzun \u00f6m\u00fcr g\u00f6rmez!<\/p>\n<p>B\u00fcnyamin uzaklara gitti<br \/>\u00dcmmet abi demir \u00e7elik fabrikas\u0131nda \u00e7al\u0131\u015fmaya<br \/>askerde \u015fof\u00f6rm\u00fc\u015f Alaaddin abi<br \/>s\u00fcrekli t\u00fct\u00fcn i\u00e7erdi<br \/>ince k\u0131y\u0131m, sar\u0131 <br \/>koltuk de\u011fnekleriyle y\u00fcr\u00fcrken \u00f6yle<br \/>\u00f6yle dura dura<br \/>insan hayallerine benzemez!<\/p>\n<p>a\u015fk\u0131 yitiren yara benzer<br \/>kalbi nara benzer<br \/>Raif i\u00e7e d\u00f6n\u00fck <br \/>Naci ona benzer<br \/>Servet h\u00fcz\u00fcn sesli<br \/>Y\u00fccel ona benzer<br \/>Hasene \u00e7ekik g\u00f6zl\u00fc<br \/>Keder ona benzer<br \/>insan \u00e7ocu\u011funa benzemez<br \/>kalbindeki nara benzer! <\/p>\n<p>Yemliha kime benzer<br \/>Tebernu\u015f kime, <br \/>Ku\u015fku kime <br \/>ka\u00e7\u0131rd\u0131\u011f\u0131 f\u0131rsatlar\u0131 an\u0131msad\u0131k\u00e7a<br \/>insan g\u00f6lgesine benzer<br \/>kelime kelimeye benzemez<br \/>\u015fair anlatt\u0131\u011f\u0131na benzer<br \/>devrilmi\u015f cip<br \/>g\u00fcn \u0131\u015f\u0131\u011f\u0131 panik halinde<br \/>yanm\u0131\u015f bir bacak <br \/>yirmi iki ya\u015f\u0131nda<br \/>-Baca\u011f\u0131m\u0131 kesmeyin! Baca\u011f\u0131m\u0131 kesmeyin!<br \/>nar\u0131n ad\u0131 neydi unuttum!<br \/>kalbini unutan neye benzer?<\/p>\n<p>2.<br \/>bah\u00e7ede \u00e7ekilmi\u015f bir foto\u011fraf\u0131 vard\u0131 bende<br \/>\u00e7i\u00e7ekli basmadan bir elbise, \u00fczerinde<br \/>day\u0131m\u0131n k\u0131z\u0131 yan\u0131nda durmu\u015f<br \/>bize utanmay\u0131 \u00f6\u011frettikleri ya\u015fta<\/p>\n<p>eliyle dudaklar\u0131n\u0131 gizler<br \/>\u015fimdi iki \u00e7ocu\u011fu var, kendine benzemez<br \/>insan buharla\u015ft\u0131\u011f\u0131 yere benzer<br \/>d\u00f6k\u00fcld\u00fc\u011f\u00fc yere benzemez!<\/p>\n<p>ikindi vaktiydi soka\u011fa \u00e7\u0131kt\u0131m<br \/>bakkala u\u011frad\u0131m, evlerin \u00f6n\u00fcnden ge\u00e7tim<br \/>k\u0131rm\u0131z\u0131 bir \u015ferit halinde<br \/>d\u00fc\u015fen yapra\u011f\u0131n yerine ge\u00e7tim<\/p>\n<p>buluttu&#8230; g\u00fcne\u015fti&#8230; serinli\u011fi severdim<br \/>kurumu\u015ftur, eldir, g\u00f6lgeye benzer<br \/>insan hayallerine benzemez<br \/>yerinden oynam\u0131\u015f nara benzer!<\/p>\n<p>ad\u0131m neydi, unuttum, kime benzer?<br \/>k\u0131y\u0131s\u0131nda k\u00f6p\u00fcklendi\u011fi yara benzer <br \/>nemlidir, g\u00fcn bulunmaz h\u00fcz\u00fcn sesliye <br \/>dal\u0131n\u0131 yitiren k\u0131z\u0131l yapra\u011fa benzer<\/p>\n<p>\u0131ss\u0131zl\u0131kt\u0131, yorgunluk sessizli\u011fe benzer<br \/>gidece\u011fim yer yok, haf\u0131za neye benzer<br \/>Alaaddin Abi \u00f6lm\u00fc\u015f! G\u00fcnbat\u0131m\u0131\u2026\u00a0\u00a0\u00a0 <br \/>mektup yok! telefonla aranmaya benzer<\/p>\n<p>(Beni Hi\u00e7 G\u00f6remezsin\u2019den)<\/p>\n","protected":false},"excerpt":{"rendered":"<p>\u00a0 Aleaddin Aksoy\u2019a 1.Ali R\u0131za day\u0131 \u00f6ld\u00fcg\u00f6md\u00fcler onu!Enver abi \u00f6ld\u00fcg\u00f6md\u00fcler onu!Nahide ile SehernazHikmet ile Yusuf!iki karde\u015f birbirine benzerbiz benzeyemedik birbirimize!Nazif ile MustafaOsman ile Mevl\u00fctAhmet ile Sekine\u00f6l\u00fcr k\u00fc\u00e7\u00fckleri b\u00fcy\u00fcklerinden \u00f6nceKahir \u00f6lmeza\u015fkta murad\u0131n\u0131 almayanuzun \u00f6m\u00fcr g\u00f6rmez! B\u00fcnyamin uzaklara gitti\u00dcmmet abi demir \u00e7elik fabrikas\u0131nda \u00e7al\u0131\u015fmayaaskerde \u015fof\u00f6rm\u00fc\u015f Alaaddin abis\u00fcrekli t\u00fct\u00fcn i\u00e7erdiince k\u0131y\u0131m, sar\u0131 koltuk de\u011fnekleriyle y\u00fcr\u00fcrken \u00f6yle\u00f6yle dura durainsan [&hellip;]<\/p>\n","protected":false},"author":1,"featured_media":0,"comment_status":"open","ping_status":"open","sticky":false,"template":"","format":"standard","meta":{"footnotes":""},"categories":[118],"tags":[],"class_list":{"0":"post-3390","1":"post","2":"type-post","3":"status-publish","4":"format-standard","6":"category-yucel-kayiran"},"yoast_head":"<!-- This site is optimized with the Yoast SEO Premium plugin v24.9 (Yoast SEO v24.9) - https:\/\/yoast.com\/wordpress\/plugins\/seo\/ -->\n<title>NAR - narteks.net<\/title>\n<meta name=\"robots\" content=\"index, follow, max-snippet:-1, max-image-preview:large, max-video-preview:-1\" \/>\n<link rel=\"canonical\" href=\"https:\/\/narteks.net\/index.php\/2009\/12\/27\/nar\/\" \/>\n<meta property=\"og:locale\" content=\"tr_TR\" \/>\n<meta property=\"og:type\" content=\"article\" \/>\n<meta property=\"og:title\" content=\"NAR\" \/>\n<meta property=\"og:description\" content=\"\u00a0 Aleaddin Aksoy\u2019a 1.Ali R\u0131za day\u0131 \u00f6ld\u00fcg\u00f6md\u00fcler onu!Enver abi \u00f6ld\u00fcg\u00f6md\u00fcler onu!Nahide ile SehernazHikmet ile Yusuf!iki karde\u015f birbirine benzerbiz benzeyemedik birbirimize!Nazif ile MustafaOsman ile Mevl\u00fctAhmet ile Sekine\u00f6l\u00fcr k\u00fc\u00e7\u00fckleri b\u00fcy\u00fcklerinden \u00f6nceKahir \u00f6lmeza\u015fkta murad\u0131n\u0131 almayanuzun \u00f6m\u00fcr g\u00f6rmez! B\u00fcnyamin uzaklara gitti\u00dcmmet abi demir \u00e7elik fabrikas\u0131nda \u00e7al\u0131\u015fmayaaskerde \u015fof\u00f6rm\u00fc\u015f Alaaddin abis\u00fcrekli t\u00fct\u00fcn i\u00e7erdiince k\u0131y\u0131m, sar\u0131 koltuk de\u011fnekleriyle y\u00fcr\u00fcrken \u00f6yle\u00f6yle dura durainsan [&hellip;]\" \/>\n<meta property=\"og:url\" content=\"https:\/\/narteks.net\/index.php\/2009\/12\/27\/nar\/\" \/>\n<meta property=\"og:site_name\" content=\"narteks.net\" \/>\n<meta property=\"article:published_time\" content=\"2009-12-27T20:53:08+00:00\" \/>\n<meta property=\"og:image\" content=\"https:\/\/narteks.net\/wp-content\/uploads\/narteks.png\" \/>\n\t<meta property=\"og:image:width\" content=\"300\" \/>\n\t<meta property=\"og:image:height\" content=\"90\" \/>\n\t<meta property=\"og:image:type\" content=\"image\/png\" \/>\n<meta name=\"author\" content=\"Tar\u0131k\" \/>\n<meta name=\"twitter:card\" content=\"summary_large_image\" \/>\n<meta name=\"twitter:creator\" content=\"@narteks\" \/>\n<meta name=\"twitter:site\" content=\"@narteks\" \/>\n<meta name=\"twitter:label1\" content=\"Yazan:\" \/>\n\t<meta name=\"twitter:data1\" content=\"Tar\u0131k\" \/>\n\t<meta name=\"twitter:label2\" content=\"Tahmini okuma s\u00fcresi\" \/>\n\t<meta name=\"twitter:data2\" content=\"2 dakika\" \/>\n<script type=\"application\/ld+json\" class=\"yoast-schema-graph\">{\"@context\":\"https:\/\/schema.org\",\"@graph\":[{\"@type\":\"Article\",\"@id\":\"https:\/\/narteks.net\/index.php\/2009\/12\/27\/nar\/#article\",\"isPartOf\":{\"@id\":\"https:\/\/narteks.net\/index.php\/2009\/12\/27\/nar\/\"},\"author\":{\"name\":\"Tar\u0131k\",\"@id\":\"https:\/\/narteks.net\/#\/schema\/person\/61f37d9834294b72d31d274e7ed79bca\"},\"headline\":\"NAR\",\"datePublished\":\"2009-12-27T20:53:08+00:00\",\"mainEntityOfPage\":{\"@id\":\"https:\/\/narteks.net\/index.php\/2009\/12\/27\/nar\/\"},\"wordCount\":324,\"commentCount\":0,\"publisher\":{\"@id\":\"https:\/\/narteks.net\/#organization\"},\"articleSection\":[\"Y\u00fccel KAYIRAN\"],\"inLanguage\":\"tr\",\"potentialAction\":[{\"@type\":\"CommentAction\",\"name\":\"Comment\",\"target\":[\"https:\/\/narteks.net\/index.php\/2009\/12\/27\/nar\/#respond\"]}]},{\"@type\":\"WebPage\",\"@id\":\"https:\/\/narteks.net\/index.php\/2009\/12\/27\/nar\/\",\"url\":\"https:\/\/narteks.net\/index.php\/2009\/12\/27\/nar\/\",\"name\":\"NAR - narteks.net\",\"isPartOf\":{\"@id\":\"https:\/\/narteks.net\/#website\"},\"datePublished\":\"2009-12-27T20:53:08+00:00\",\"breadcrumb\":{\"@id\":\"https:\/\/narteks.net\/index.php\/2009\/12\/27\/nar\/#breadcrumb\"},\"inLanguage\":\"tr\",\"potentialAction\":[{\"@type\":\"ReadAction\",\"target\":[\"https:\/\/narteks.net\/index.php\/2009\/12\/27\/nar\/\"]}]},{\"@type\":\"BreadcrumbList\",\"@id\":\"https:\/\/narteks.net\/index.php\/2009\/12\/27\/nar\/#breadcrumb\",\"itemListElement\":[{\"@type\":\"ListItem\",\"position\":1,\"name\":\"Anasayfa\",\"item\":\"https:\/\/narteks.net\/\"},{\"@type\":\"ListItem\",\"position\":2,\"name\":\"NAR\"}]},{\"@type\":\"WebSite\",\"@id\":\"https:\/\/narteks.net\/#website\",\"url\":\"https:\/\/narteks.net\/\",\"name\":\"narteks.net\",\"description\":\"K\u00fclt\u00fcr Sanat Edebiyat Felsefe\",\"publisher\":{\"@id\":\"https:\/\/narteks.net\/#organization\"},\"alternateName\":\"K\u00fclt\u00fcr Sanat Edebiyat Felsefe\",\"potentialAction\":[{\"@type\":\"SearchAction\",\"target\":{\"@type\":\"EntryPoint\",\"urlTemplate\":\"https:\/\/narteks.net\/?s={search_term_string}\"},\"query-input\":{\"@type\":\"PropertyValueSpecification\",\"valueRequired\":true,\"valueName\":\"search_term_string\"}}],\"inLanguage\":\"tr\"},{\"@type\":\"Organization\",\"@id\":\"https:\/\/narteks.net\/#organization\",\"name\":\"narteks.net\",\"url\":\"https:\/\/narteks.net\/\",\"logo\":{\"@type\":\"ImageObject\",\"inLanguage\":\"tr\",\"@id\":\"https:\/\/narteks.net\/#\/schema\/logo\/image\/\",\"url\":\"https:\/\/narteks.net\/wp-content\/uploads\/narteks.png\",\"contentUrl\":\"https:\/\/narteks.net\/wp-content\/uploads\/narteks.png\",\"width\":300,\"height\":90,\"caption\":\"narteks.net\"},\"image\":{\"@id\":\"https:\/\/narteks.net\/#\/schema\/logo\/image\/\"},\"sameAs\":[\"https:\/\/x.com\/narteks\",\"https:\/\/instagram.com\/narteksnet\"]},{\"@type\":\"Person\",\"@id\":\"https:\/\/narteks.net\/#\/schema\/person\/61f37d9834294b72d31d274e7ed79bca\",\"name\":\"Tar\u0131k\",\"image\":{\"@type\":\"ImageObject\",\"inLanguage\":\"tr\",\"@id\":\"https:\/\/narteks.net\/#\/schema\/person\/image\/\",\"url\":\"https:\/\/secure.gravatar.com\/avatar\/50865afb55632c4ae467e0af0930f6510aa2297d8014be502a55b14f3b7550cf?s=96&d=mm&r=g\",\"contentUrl\":\"https:\/\/secure.gravatar.com\/avatar\/50865afb55632c4ae467e0af0930f6510aa2297d8014be502a55b14f3b7550cf?s=96&d=mm&r=g\",\"caption\":\"Tar\u0131k\"},\"sameAs\":[\"http:\/\/narteks.net\"],\"url\":\"https:\/\/narteks.net\/index.php\/author\/narbak\/\"}]}<\/script>\n<!-- \/ Yoast SEO Premium plugin. -->","yoast_head_json":{"title":"NAR - narteks.net","robots":{"index":"index","follow":"follow","max-snippet":"max-snippet:-1","max-image-preview":"max-image-preview:large","max-video-preview":"max-video-preview:-1"},"canonical":"https:\/\/narteks.net\/index.php\/2009\/12\/27\/nar\/","og_locale":"tr_TR","og_type":"article","og_title":"NAR","og_description":"\u00a0 Aleaddin Aksoy\u2019a 1.Ali R\u0131za day\u0131 \u00f6ld\u00fcg\u00f6md\u00fcler onu!Enver abi \u00f6ld\u00fcg\u00f6md\u00fcler onu!Nahide ile SehernazHikmet ile Yusuf!iki karde\u015f birbirine benzerbiz benzeyemedik birbirimize!Nazif ile MustafaOsman ile Mevl\u00fctAhmet ile Sekine\u00f6l\u00fcr k\u00fc\u00e7\u00fckleri b\u00fcy\u00fcklerinden \u00f6nceKahir \u00f6lmeza\u015fkta murad\u0131n\u0131 almayanuzun \u00f6m\u00fcr g\u00f6rmez! B\u00fcnyamin uzaklara gitti\u00dcmmet abi demir \u00e7elik fabrikas\u0131nda \u00e7al\u0131\u015fmayaaskerde \u015fof\u00f6rm\u00fc\u015f Alaaddin abis\u00fcrekli t\u00fct\u00fcn i\u00e7erdiince k\u0131y\u0131m, sar\u0131 koltuk de\u011fnekleriyle y\u00fcr\u00fcrken \u00f6yle\u00f6yle dura durainsan [&hellip;]","og_url":"https:\/\/narteks.net\/index.php\/2009\/12\/27\/nar\/","og_site_name":"narteks.net","article_published_time":"2009-12-27T20:53:08+00:00","og_image":[{"width":300,"height":90,"url":"https:\/\/narteks.net\/wp-content\/uploads\/narteks.png","type":"image\/png"}],"author":"Tar\u0131k","twitter_card":"summary_large_image","twitter_creator":"@narteks","twitter_site":"@narteks","twitter_misc":{"Yazan:":"Tar\u0131k","Tahmini okuma s\u00fcresi":"2 dakika"},"schema":{"@context":"https:\/\/schema.org","@graph":[{"@type":"Article","@id":"https:\/\/narteks.net\/index.php\/2009\/12\/27\/nar\/#article","isPartOf":{"@id":"https:\/\/narteks.net\/index.php\/2009\/12\/27\/nar\/"},"author":{"name":"Tar\u0131k","@id":"https:\/\/narteks.net\/#\/schema\/person\/61f37d9834294b72d31d274e7ed79bca"},"headline":"NAR","datePublished":"2009-12-27T20:53:08+00:00","mainEntityOfPage":{"@id":"https:\/\/narteks.net\/index.php\/2009\/12\/27\/nar\/"},"wordCount":324,"commentCount":0,"publisher":{"@id":"https:\/\/narteks.net\/#organization"},"articleSection":["Y\u00fccel KAYIRAN"],"inLanguage":"tr","potentialAction":[{"@type":"CommentAction","name":"Comment","target":["https:\/\/narteks.net\/index.php\/2009\/12\/27\/nar\/#respond"]}]},{"@type":"WebPage","@id":"https:\/\/narteks.net\/index.php\/2009\/12\/27\/nar\/","url":"https:\/\/narteks.net\/index.php\/2009\/12\/27\/nar\/","name":"NAR - narteks.net","isPartOf":{"@id":"https:\/\/narteks.net\/#website"},"datePublished":"2009-12-27T20:53:08+00:00","breadcrumb":{"@id":"https:\/\/narteks.net\/index.php\/2009\/12\/27\/nar\/#breadcrumb"},"inLanguage":"tr","potentialAction":[{"@type":"ReadAction","target":["https:\/\/narteks.net\/index.php\/2009\/12\/27\/nar\/"]}]},{"@type":"BreadcrumbList","@id":"https:\/\/narteks.net\/index.php\/2009\/12\/27\/nar\/#breadcrumb","itemListElement":[{"@type":"ListItem","position":1,"name":"Anasayfa","item":"https:\/\/narteks.net\/"},{"@type":"ListItem","position":2,"name":"NAR"}]},{"@type":"WebSite","@id":"https:\/\/narteks.net\/#website","url":"https:\/\/narteks.net\/","name":"narteks.net","description":"K\u00fclt\u00fcr Sanat Edebiyat Felsefe","publisher":{"@id":"https:\/\/narteks.net\/#organization"},"alternateName":"K\u00fclt\u00fcr Sanat Edebiyat Felsefe","potentialAction":[{"@type":"SearchAction","target":{"@type":"EntryPoint","urlTemplate":"https:\/\/narteks.net\/?s={search_term_string}"},"query-input":{"@type":"PropertyValueSpecification","valueRequired":true,"valueName":"search_term_string"}}],"inLanguage":"tr"},{"@type":"Organization","@id":"https:\/\/narteks.net\/#organization","name":"narteks.net","url":"https:\/\/narteks.net\/","logo":{"@type":"ImageObject","inLanguage":"tr","@id":"https:\/\/narteks.net\/#\/schema\/logo\/image\/","url":"https:\/\/narteks.net\/wp-content\/uploads\/narteks.png","contentUrl":"https:\/\/narteks.net\/wp-content\/uploads\/narteks.png","width":300,"height":90,"caption":"narteks.net"},"image":{"@id":"https:\/\/narteks.net\/#\/schema\/logo\/image\/"},"sameAs":["https:\/\/x.com\/narteks","https:\/\/instagram.com\/narteksnet"]},{"@type":"Person","@id":"https:\/\/narteks.net\/#\/schema\/person\/61f37d9834294b72d31d274e7ed79bca","name":"Tar\u0131k","image":{"@type":"ImageObject","inLanguage":"tr","@id":"https:\/\/narteks.net\/#\/schema\/person\/image\/","url":"https:\/\/secure.gravatar.com\/avatar\/50865afb55632c4ae467e0af0930f6510aa2297d8014be502a55b14f3b7550cf?s=96&d=mm&r=g","contentUrl":"https:\/\/secure.gravatar.com\/avatar\/50865afb55632c4ae467e0af0930f6510aa2297d8014be502a55b14f3b7550cf?s=96&d=mm&r=g","caption":"Tar\u0131k"},"sameAs":["http:\/\/narteks.net"],"url":"https:\/\/narteks.net\/index.php\/author\/narbak\/"}]}},"_links":{"self":[{"href":"https:\/\/narteks.net\/index.php\/wp-json\/wp\/v2\/posts\/3390","targetHints":{"allow":["GET"]}}],"collection":[{"href":"https:\/\/narteks.net\/index.php\/wp-json\/wp\/v2\/posts"}],"about":[{"href":"https:\/\/narteks.net\/index.php\/wp-json\/wp\/v2\/types\/post"}],"author":[{"embeddable":true,"href":"https:\/\/narteks.net\/index.php\/wp-json\/wp\/v2\/users\/1"}],"replies":[{"embeddable":true,"href":"https:\/\/narteks.net\/index.php\/wp-json\/wp\/v2\/comments?post=3390"}],"version-history":[{"count":0,"href":"https:\/\/narteks.net\/index.php\/wp-json\/wp\/v2\/posts\/3390\/revisions"}],"wp:attachment":[{"href":"https:\/\/narteks.net\/index.php\/wp-json\/wp\/v2\/media?parent=3390"}],"wp:term":[{"taxonomy":"category","embeddable":true,"href":"https:\/\/narteks.net\/index.php\/wp-json\/wp\/v2\/categories?post=3390"},{"taxonomy":"post_tag","embeddable":true,"href":"https:\/\/narteks.net\/index.php\/wp-json\/wp\/v2\/tags?post=3390"}],"curies":[{"name":"wp","href":"https:\/\/api.w.org\/{rel}","templated":true}]}}