{"id":3392,"date":"2009-12-27T23:55:41","date_gmt":"2009-12-27T20:55:41","guid":{"rendered":"http:\/\/localhost\/wordpress\/2009\/12\/27\/civa\/"},"modified":"2009-12-27T23:55:41","modified_gmt":"2009-12-27T20:55:41","slug":"civa","status":"publish","type":"post","link":"https:\/\/narteks.net\/index.php\/2009\/12\/27\/civa\/","title":{"rendered":"CIVA"},"content":{"rendered":"<p>\u00a0<\/p>\n<p>muslukta su var, akar.. biliyorum<br \/>kalemde m\u00fcrekkep.. yazar<br \/>benim akl\u0131mda ne var ki Necati<br \/>ak\u015fam c\u00fcmle c\u00fcmle iniyor kalbime<\/p>\n<p>doyumsuz her ben bir rakip \u00f6tekine<br \/>ceza g\u00fcn\u00fcn\u00fcn sahibi gibi g\u00fclerler<br \/>sonra dolan\u0131rlar etraf\u0131mda Necati<br \/>ama neden ge\u00e7 vard\u0131m ben bunun fark\u0131na<\/p>\n<p>bulutlar yer arar ya\u011fmak i\u00e7in kendine<br \/>kime yakla\u015ft\u0131ysam dinmedi i\u00e7imdeki f\u0131rt\u0131na<br \/>ancak uzakla\u015farak katland\u0131m insanlara Necati<br \/>ama kalbim akt\u0131 hep neden esrara<\/p>\n<p>k\u00f6peklerin halinde bir tuhafl\u0131k var<br \/>bak\u0131yorlar \u00f6yle ald\u0131rmadan g\u00fclenlerin ya\u015fam\u0131na<br \/>bakt\u0131k\u00e7a daha \u00e7ok ku\u015fkulan\u0131yorum ben Necati<br \/>ama neden k\u00f6p\u00fcklendi akl\u0131m hep b\u00f6yle kendine d\u00f6ne d\u00f6ne<\/p>\n<p>Bu c\u0131vay\u0131 kim koydu kalbimize Necati!<\/p>\n<p>(\u00c7alg\u0131n\u2019dan)<\/p>\n","protected":false},"excerpt":{"rendered":"<p>\u00a0 muslukta su var, akar.. biliyorumkalemde m\u00fcrekkep.. yazarbenim akl\u0131mda ne var ki Necatiak\u015fam c\u00fcmle c\u00fcmle iniyor kalbime doyumsuz her ben bir rakip \u00f6tekineceza g\u00fcn\u00fcn\u00fcn sahibi gibi g\u00fclerlersonra dolan\u0131rlar etraf\u0131mda Necatiama neden ge\u00e7 vard\u0131m ben bunun fark\u0131na bulutlar yer arar ya\u011fmak i\u00e7in kendinekime yakla\u015ft\u0131ysam dinmedi i\u00e7imdeki f\u0131rt\u0131naancak uzakla\u015farak katland\u0131m insanlara Necatiama kalbim akt\u0131 hep neden esrara [&hellip;]<\/p>\n","protected":false},"author":1,"featured_media":0,"comment_status":"open","ping_status":"open","sticky":false,"template":"","format":"standard","meta":{"footnotes":""},"categories":[118],"tags":[],"class_list":{"0":"post-3392","1":"post","2":"type-post","3":"status-publish","4":"format-standard","6":"category-yucel-kayiran"},"yoast_head":"<!-- This site is optimized with the Yoast SEO Premium plugin v24.9 (Yoast SEO v24.9) - https:\/\/yoast.com\/wordpress\/plugins\/seo\/ -->\n<title>CIVA - narteks.net<\/title>\n<meta name=\"robots\" content=\"index, follow, max-snippet:-1, max-image-preview:large, max-video-preview:-1\" \/>\n<link rel=\"canonical\" href=\"https:\/\/narteks.net\/index.php\/2009\/12\/27\/civa\/\" \/>\n<meta property=\"og:locale\" content=\"tr_TR\" \/>\n<meta property=\"og:type\" content=\"article\" \/>\n<meta property=\"og:title\" content=\"CIVA\" \/>\n<meta property=\"og:description\" content=\"\u00a0 muslukta su var, akar.. biliyorumkalemde m\u00fcrekkep.. yazarbenim akl\u0131mda ne var ki Necatiak\u015fam c\u00fcmle c\u00fcmle iniyor kalbime doyumsuz her ben bir rakip \u00f6tekineceza g\u00fcn\u00fcn\u00fcn sahibi gibi g\u00fclerlersonra dolan\u0131rlar etraf\u0131mda Necatiama neden ge\u00e7 vard\u0131m ben bunun fark\u0131na bulutlar yer arar ya\u011fmak i\u00e7in kendinekime yakla\u015ft\u0131ysam dinmedi i\u00e7imdeki f\u0131rt\u0131naancak uzakla\u015farak katland\u0131m insanlara Necatiama kalbim akt\u0131 hep neden esrara [&hellip;]\" \/>\n<meta property=\"og:url\" content=\"https:\/\/narteks.net\/index.php\/2009\/12\/27\/civa\/\" \/>\n<meta property=\"og:site_name\" content=\"narteks.net\" \/>\n<meta property=\"article:published_time\" content=\"2009-12-27T20:55:41+00:00\" \/>\n<meta property=\"og:image\" content=\"https:\/\/narteks.net\/wp-content\/uploads\/narteks.png\" \/>\n\t<meta property=\"og:image:width\" content=\"300\" \/>\n\t<meta property=\"og:image:height\" content=\"90\" \/>\n\t<meta property=\"og:image:type\" content=\"image\/png\" \/>\n<meta name=\"author\" content=\"Tar\u0131k\" \/>\n<meta name=\"twitter:card\" content=\"summary_large_image\" \/>\n<meta name=\"twitter:creator\" content=\"@narteks\" \/>\n<meta name=\"twitter:site\" content=\"@narteks\" \/>\n<meta name=\"twitter:label1\" content=\"Yazan:\" \/>\n\t<meta name=\"twitter:data1\" content=\"Tar\u0131k\" \/>\n\t<meta name=\"twitter:label2\" content=\"Tahmini okuma s\u00fcresi\" \/>\n\t<meta name=\"twitter:data2\" content=\"1 dakika\" \/>\n<script type=\"application\/ld+json\" class=\"yoast-schema-graph\">{\"@context\":\"https:\/\/schema.org\",\"@graph\":[{\"@type\":\"Article\",\"@id\":\"https:\/\/narteks.net\/index.php\/2009\/12\/27\/civa\/#article\",\"isPartOf\":{\"@id\":\"https:\/\/narteks.net\/index.php\/2009\/12\/27\/civa\/\"},\"author\":{\"name\":\"Tar\u0131k\",\"@id\":\"https:\/\/narteks.net\/#\/schema\/person\/61f37d9834294b72d31d274e7ed79bca\"},\"headline\":\"CIVA\",\"datePublished\":\"2009-12-27T20:55:41+00:00\",\"mainEntityOfPage\":{\"@id\":\"https:\/\/narteks.net\/index.php\/2009\/12\/27\/civa\/\"},\"wordCount\":126,\"commentCount\":0,\"publisher\":{\"@id\":\"https:\/\/narteks.net\/#organization\"},\"articleSection\":[\"Y\u00fccel KAYIRAN\"],\"inLanguage\":\"tr\",\"potentialAction\":[{\"@type\":\"CommentAction\",\"name\":\"Comment\",\"target\":[\"https:\/\/narteks.net\/index.php\/2009\/12\/27\/civa\/#respond\"]}]},{\"@type\":\"WebPage\",\"@id\":\"https:\/\/narteks.net\/index.php\/2009\/12\/27\/civa\/\",\"url\":\"https:\/\/narteks.net\/index.php\/2009\/12\/27\/civa\/\",\"name\":\"CIVA - narteks.net\",\"isPartOf\":{\"@id\":\"https:\/\/narteks.net\/#website\"},\"datePublished\":\"2009-12-27T20:55:41+00:00\",\"breadcrumb\":{\"@id\":\"https:\/\/narteks.net\/index.php\/2009\/12\/27\/civa\/#breadcrumb\"},\"inLanguage\":\"tr\",\"potentialAction\":[{\"@type\":\"ReadAction\",\"target\":[\"https:\/\/narteks.net\/index.php\/2009\/12\/27\/civa\/\"]}]},{\"@type\":\"BreadcrumbList\",\"@id\":\"https:\/\/narteks.net\/index.php\/2009\/12\/27\/civa\/#breadcrumb\",\"itemListElement\":[{\"@type\":\"ListItem\",\"position\":1,\"name\":\"Anasayfa\",\"item\":\"https:\/\/narteks.net\/\"},{\"@type\":\"ListItem\",\"position\":2,\"name\":\"CIVA\"}]},{\"@type\":\"WebSite\",\"@id\":\"https:\/\/narteks.net\/#website\",\"url\":\"https:\/\/narteks.net\/\",\"name\":\"narteks.net\",\"description\":\"K\u00fclt\u00fcr Sanat Edebiyat Felsefe\",\"publisher\":{\"@id\":\"https:\/\/narteks.net\/#organization\"},\"alternateName\":\"K\u00fclt\u00fcr Sanat Edebiyat Felsefe\",\"potentialAction\":[{\"@type\":\"SearchAction\",\"target\":{\"@type\":\"EntryPoint\",\"urlTemplate\":\"https:\/\/narteks.net\/?s={search_term_string}\"},\"query-input\":{\"@type\":\"PropertyValueSpecification\",\"valueRequired\":true,\"valueName\":\"search_term_string\"}}],\"inLanguage\":\"tr\"},{\"@type\":\"Organization\",\"@id\":\"https:\/\/narteks.net\/#organization\",\"name\":\"narteks.net\",\"url\":\"https:\/\/narteks.net\/\",\"logo\":{\"@type\":\"ImageObject\",\"inLanguage\":\"tr\",\"@id\":\"https:\/\/narteks.net\/#\/schema\/logo\/image\/\",\"url\":\"https:\/\/narteks.net\/wp-content\/uploads\/narteks.png\",\"contentUrl\":\"https:\/\/narteks.net\/wp-content\/uploads\/narteks.png\",\"width\":300,\"height\":90,\"caption\":\"narteks.net\"},\"image\":{\"@id\":\"https:\/\/narteks.net\/#\/schema\/logo\/image\/\"},\"sameAs\":[\"https:\/\/x.com\/narteks\",\"https:\/\/instagram.com\/narteksnet\"]},{\"@type\":\"Person\",\"@id\":\"https:\/\/narteks.net\/#\/schema\/person\/61f37d9834294b72d31d274e7ed79bca\",\"name\":\"Tar\u0131k\",\"image\":{\"@type\":\"ImageObject\",\"inLanguage\":\"tr\",\"@id\":\"https:\/\/narteks.net\/#\/schema\/person\/image\/\",\"url\":\"https:\/\/secure.gravatar.com\/avatar\/50865afb55632c4ae467e0af0930f6510aa2297d8014be502a55b14f3b7550cf?s=96&d=mm&r=g\",\"contentUrl\":\"https:\/\/secure.gravatar.com\/avatar\/50865afb55632c4ae467e0af0930f6510aa2297d8014be502a55b14f3b7550cf?s=96&d=mm&r=g\",\"caption\":\"Tar\u0131k\"},\"sameAs\":[\"http:\/\/narteks.net\"],\"url\":\"https:\/\/narteks.net\/index.php\/author\/narbak\/\"}]}<\/script>\n<!-- \/ Yoast SEO Premium plugin. -->","yoast_head_json":{"title":"CIVA - narteks.net","robots":{"index":"index","follow":"follow","max-snippet":"max-snippet:-1","max-image-preview":"max-image-preview:large","max-video-preview":"max-video-preview:-1"},"canonical":"https:\/\/narteks.net\/index.php\/2009\/12\/27\/civa\/","og_locale":"tr_TR","og_type":"article","og_title":"CIVA","og_description":"\u00a0 muslukta su var, akar.. biliyorumkalemde m\u00fcrekkep.. yazarbenim akl\u0131mda ne var ki Necatiak\u015fam c\u00fcmle c\u00fcmle iniyor kalbime doyumsuz her ben bir rakip \u00f6tekineceza g\u00fcn\u00fcn\u00fcn sahibi gibi g\u00fclerlersonra dolan\u0131rlar etraf\u0131mda Necatiama neden ge\u00e7 vard\u0131m ben bunun fark\u0131na bulutlar yer arar ya\u011fmak i\u00e7in kendinekime yakla\u015ft\u0131ysam dinmedi i\u00e7imdeki f\u0131rt\u0131naancak uzakla\u015farak katland\u0131m insanlara Necatiama kalbim akt\u0131 hep neden esrara [&hellip;]","og_url":"https:\/\/narteks.net\/index.php\/2009\/12\/27\/civa\/","og_site_name":"narteks.net","article_published_time":"2009-12-27T20:55:41+00:00","og_image":[{"width":300,"height":90,"url":"https:\/\/narteks.net\/wp-content\/uploads\/narteks.png","type":"image\/png"}],"author":"Tar\u0131k","twitter_card":"summary_large_image","twitter_creator":"@narteks","twitter_site":"@narteks","twitter_misc":{"Yazan:":"Tar\u0131k","Tahmini okuma s\u00fcresi":"1 dakika"},"schema":{"@context":"https:\/\/schema.org","@graph":[{"@type":"Article","@id":"https:\/\/narteks.net\/index.php\/2009\/12\/27\/civa\/#article","isPartOf":{"@id":"https:\/\/narteks.net\/index.php\/2009\/12\/27\/civa\/"},"author":{"name":"Tar\u0131k","@id":"https:\/\/narteks.net\/#\/schema\/person\/61f37d9834294b72d31d274e7ed79bca"},"headline":"CIVA","datePublished":"2009-12-27T20:55:41+00:00","mainEntityOfPage":{"@id":"https:\/\/narteks.net\/index.php\/2009\/12\/27\/civa\/"},"wordCount":126,"commentCount":0,"publisher":{"@id":"https:\/\/narteks.net\/#organization"},"articleSection":["Y\u00fccel KAYIRAN"],"inLanguage":"tr","potentialAction":[{"@type":"CommentAction","name":"Comment","target":["https:\/\/narteks.net\/index.php\/2009\/12\/27\/civa\/#respond"]}]},{"@type":"WebPage","@id":"https:\/\/narteks.net\/index.php\/2009\/12\/27\/civa\/","url":"https:\/\/narteks.net\/index.php\/2009\/12\/27\/civa\/","name":"CIVA - narteks.net","isPartOf":{"@id":"https:\/\/narteks.net\/#website"},"datePublished":"2009-12-27T20:55:41+00:00","breadcrumb":{"@id":"https:\/\/narteks.net\/index.php\/2009\/12\/27\/civa\/#breadcrumb"},"inLanguage":"tr","potentialAction":[{"@type":"ReadAction","target":["https:\/\/narteks.net\/index.php\/2009\/12\/27\/civa\/"]}]},{"@type":"BreadcrumbList","@id":"https:\/\/narteks.net\/index.php\/2009\/12\/27\/civa\/#breadcrumb","itemListElement":[{"@type":"ListItem","position":1,"name":"Anasayfa","item":"https:\/\/narteks.net\/"},{"@type":"ListItem","position":2,"name":"CIVA"}]},{"@type":"WebSite","@id":"https:\/\/narteks.net\/#website","url":"https:\/\/narteks.net\/","name":"narteks.net","description":"K\u00fclt\u00fcr Sanat Edebiyat Felsefe","publisher":{"@id":"https:\/\/narteks.net\/#organization"},"alternateName":"K\u00fclt\u00fcr Sanat Edebiyat Felsefe","potentialAction":[{"@type":"SearchAction","target":{"@type":"EntryPoint","urlTemplate":"https:\/\/narteks.net\/?s={search_term_string}"},"query-input":{"@type":"PropertyValueSpecification","valueRequired":true,"valueName":"search_term_string"}}],"inLanguage":"tr"},{"@type":"Organization","@id":"https:\/\/narteks.net\/#organization","name":"narteks.net","url":"https:\/\/narteks.net\/","logo":{"@type":"ImageObject","inLanguage":"tr","@id":"https:\/\/narteks.net\/#\/schema\/logo\/image\/","url":"https:\/\/narteks.net\/wp-content\/uploads\/narteks.png","contentUrl":"https:\/\/narteks.net\/wp-content\/uploads\/narteks.png","width":300,"height":90,"caption":"narteks.net"},"image":{"@id":"https:\/\/narteks.net\/#\/schema\/logo\/image\/"},"sameAs":["https:\/\/x.com\/narteks","https:\/\/instagram.com\/narteksnet"]},{"@type":"Person","@id":"https:\/\/narteks.net\/#\/schema\/person\/61f37d9834294b72d31d274e7ed79bca","name":"Tar\u0131k","image":{"@type":"ImageObject","inLanguage":"tr","@id":"https:\/\/narteks.net\/#\/schema\/person\/image\/","url":"https:\/\/secure.gravatar.com\/avatar\/50865afb55632c4ae467e0af0930f6510aa2297d8014be502a55b14f3b7550cf?s=96&d=mm&r=g","contentUrl":"https:\/\/secure.gravatar.com\/avatar\/50865afb55632c4ae467e0af0930f6510aa2297d8014be502a55b14f3b7550cf?s=96&d=mm&r=g","caption":"Tar\u0131k"},"sameAs":["http:\/\/narteks.net"],"url":"https:\/\/narteks.net\/index.php\/author\/narbak\/"}]}},"_links":{"self":[{"href":"https:\/\/narteks.net\/index.php\/wp-json\/wp\/v2\/posts\/3392","targetHints":{"allow":["GET"]}}],"collection":[{"href":"https:\/\/narteks.net\/index.php\/wp-json\/wp\/v2\/posts"}],"about":[{"href":"https:\/\/narteks.net\/index.php\/wp-json\/wp\/v2\/types\/post"}],"author":[{"embeddable":true,"href":"https:\/\/narteks.net\/index.php\/wp-json\/wp\/v2\/users\/1"}],"replies":[{"embeddable":true,"href":"https:\/\/narteks.net\/index.php\/wp-json\/wp\/v2\/comments?post=3392"}],"version-history":[{"count":0,"href":"https:\/\/narteks.net\/index.php\/wp-json\/wp\/v2\/posts\/3392\/revisions"}],"wp:attachment":[{"href":"https:\/\/narteks.net\/index.php\/wp-json\/wp\/v2\/media?parent=3392"}],"wp:term":[{"taxonomy":"category","embeddable":true,"href":"https:\/\/narteks.net\/index.php\/wp-json\/wp\/v2\/categories?post=3392"},{"taxonomy":"post_tag","embeddable":true,"href":"https:\/\/narteks.net\/index.php\/wp-json\/wp\/v2\/tags?post=3392"}],"curies":[{"name":"wp","href":"https:\/\/api.w.org\/{rel}","templated":true}]}}