{"id":3393,"date":"2009-12-27T23:56:29","date_gmt":"2009-12-27T20:56:29","guid":{"rendered":"http:\/\/localhost\/wordpress\/2009\/12\/27\/eyvah\/"},"modified":"2009-12-27T23:56:29","modified_gmt":"2009-12-27T20:56:29","slug":"eyvah","status":"publish","type":"post","link":"https:\/\/narteks.net\/index.php\/2009\/12\/27\/eyvah\/","title":{"rendered":"EYVAH!"},"content":{"rendered":"<p>\u00a0<\/p>\n<p>Sonra d\u00fcnyaya d\u00f6nd\u00fcm;kredi kartlar\u0131ma,zaman a\u015f\u0131m\u0131 faizini,icra memurunun <br \/>insaf\u0131na kalm\u0131\u015f itibar\u0131ma, elektrik faturas\u0131 kuyru\u011funa, d\u00fcnyada \u00f6denmesi<br \/>gereken bor\u00e7lar\u0131ma, d\u00f6nd\u00fcm, muh\u00e2neti muhannet edinmi\u015f dostlar\u0131ma, kalpleri<br \/>m\u00fch\u00fcrlenmi\u015flere <\/p>\n<p>Sonra d\u00fcnyaya d\u00f6nd\u00fcm; hat\u0131rlamadan olma g\u00f6zya\u015f\u0131na, geceden ba\u015fka \u00e7a\u011f yok,<br \/>biliyorum,yerinden \u00e7\u0131kan tekrar d\u00f6nemez yerine,bulamam\u0131\u015f\u0131n yazg\u0131s\u0131d\u0131r keder,<br \/>b\u00f6yle \u00e7izilirmi\u015f kavis insan\u0131n y\u00fcz\u00fcne,d\u00f6nd\u00fcm,ah! \u0130ddias\u0131n\u0131 yitirmi\u015fin bak\u0131\u015f\u0131na <\/p>\n<p>Odam g\u00f6zlerimdeki kederle rutubetli,uyku kokumu yitirmi\u015f yatak,perde olmu\u015f<br \/>toz e\u015fyadaki parmak izime,yaln\u0131zl\u0131\u011f\u0131n bedeli yok,mutfakta m\u0131 dururdu kirli tabak<br \/>su muslukta,d\u00f6nd\u00fcm ah!,olana olmu\u015fa,giderken geride b\u0131rakt\u0131\u011f\u0131m kaybolu\u015fa,<\/p>\n<p>Sonra d\u00fcnyaya d\u00f6nd\u00fcm;kendimle nas\u0131l ba\u015f ederim kipine,ey ummak fiili,sudaki <br \/>\u00e7ilve \u00e7ukuru,kalbimdeki s\u00fcveyd\u00e2; vazge\u00e7sem kim kal\u0131r bo\u015flukta;g\u00fcnahs\u0131zl\u0131kt\u0131<br \/>terki terk etti\u011fim yer,ben d\u00f6nerken g\u00f6\u011fs\u00fcmde kalay\u0131n\u0131 yitirmi\u015f bak\u0131ra <\/p>\n<p>Sonra d\u00fcnyaya d\u00f6nd\u00fcm; oru\u00e7suz yakaland\u0131\u011f\u0131m iftar vaktine;muharrem ay\u0131n\u0131n ilk<br \/>on g\u00fcn\u00fcne, yak\u0131\u015fm\u0131yor \u015fan pay g\u00f6nderilmeyen mutfa\u011fa,seher vaktindeki ezan <br \/>sesine,parmaklar\u0131m yoklu\u011fu\u00a0 yoklamakla peri\u015fan,ey zeminsiz yol! d\u00f6nd\u00fcm, ah!,<br \/>ay\u015f-\u00ee dehr\u00fbza<\/p>\n<p>D\u00f6nd\u00fcm! d\u00f6ne d\u00f6ne kendime d\u00f6nemeden d\u00f6nd\u00fc\u011f\u00fcm yere d\u00f6nd\u00fcm!<\/p>\n<p> (Varl\u0131k, 1165)<\/p>\n","protected":false},"excerpt":{"rendered":"<p>\u00a0 Sonra d\u00fcnyaya d\u00f6nd\u00fcm;kredi kartlar\u0131ma,zaman a\u015f\u0131m\u0131 faizini,icra memurunun insaf\u0131na kalm\u0131\u015f itibar\u0131ma, elektrik faturas\u0131 kuyru\u011funa, d\u00fcnyada \u00f6denmesigereken bor\u00e7lar\u0131ma, d\u00f6nd\u00fcm, muh\u00e2neti muhannet edinmi\u015f dostlar\u0131ma, kalplerim\u00fch\u00fcrlenmi\u015flere Sonra d\u00fcnyaya d\u00f6nd\u00fcm; hat\u0131rlamadan olma g\u00f6zya\u015f\u0131na, geceden ba\u015fka \u00e7a\u011f yok,biliyorum,yerinden \u00e7\u0131kan tekrar d\u00f6nemez yerine,bulamam\u0131\u015f\u0131n yazg\u0131s\u0131d\u0131r keder,b\u00f6yle \u00e7izilirmi\u015f kavis insan\u0131n y\u00fcz\u00fcne,d\u00f6nd\u00fcm,ah! \u0130ddias\u0131n\u0131 yitirmi\u015fin bak\u0131\u015f\u0131na Odam g\u00f6zlerimdeki kederle rutubetli,uyku kokumu yitirmi\u015f yatak,perde olmu\u015ftoz e\u015fyadaki [&hellip;]<\/p>\n","protected":false},"author":1,"featured_media":0,"comment_status":"open","ping_status":"open","sticky":false,"template":"","format":"standard","meta":{"footnotes":""},"categories":[118],"tags":[],"class_list":{"0":"post-3393","1":"post","2":"type-post","3":"status-publish","4":"format-standard","6":"category-yucel-kayiran"},"yoast_head":"<!-- This site is optimized with the Yoast SEO Premium plugin v24.9 (Yoast SEO v24.9) - https:\/\/yoast.com\/wordpress\/plugins\/seo\/ -->\n<title>EYVAH! - narteks.net<\/title>\n<meta name=\"robots\" content=\"index, follow, max-snippet:-1, max-image-preview:large, max-video-preview:-1\" \/>\n<link rel=\"canonical\" href=\"https:\/\/narteks.net\/index.php\/2009\/12\/27\/eyvah\/\" \/>\n<meta property=\"og:locale\" content=\"tr_TR\" \/>\n<meta property=\"og:type\" content=\"article\" \/>\n<meta property=\"og:title\" content=\"EYVAH!\" \/>\n<meta property=\"og:description\" content=\"\u00a0 Sonra d\u00fcnyaya d\u00f6nd\u00fcm;kredi kartlar\u0131ma,zaman a\u015f\u0131m\u0131 faizini,icra memurunun insaf\u0131na kalm\u0131\u015f itibar\u0131ma, elektrik faturas\u0131 kuyru\u011funa, d\u00fcnyada \u00f6denmesigereken bor\u00e7lar\u0131ma, d\u00f6nd\u00fcm, muh\u00e2neti muhannet edinmi\u015f dostlar\u0131ma, kalplerim\u00fch\u00fcrlenmi\u015flere Sonra d\u00fcnyaya d\u00f6nd\u00fcm; hat\u0131rlamadan olma g\u00f6zya\u015f\u0131na, geceden ba\u015fka \u00e7a\u011f yok,biliyorum,yerinden \u00e7\u0131kan tekrar d\u00f6nemez yerine,bulamam\u0131\u015f\u0131n yazg\u0131s\u0131d\u0131r keder,b\u00f6yle \u00e7izilirmi\u015f kavis insan\u0131n y\u00fcz\u00fcne,d\u00f6nd\u00fcm,ah! \u0130ddias\u0131n\u0131 yitirmi\u015fin bak\u0131\u015f\u0131na Odam g\u00f6zlerimdeki kederle rutubetli,uyku kokumu yitirmi\u015f yatak,perde olmu\u015ftoz e\u015fyadaki [&hellip;]\" \/>\n<meta property=\"og:url\" content=\"https:\/\/narteks.net\/index.php\/2009\/12\/27\/eyvah\/\" \/>\n<meta property=\"og:site_name\" content=\"narteks.net\" \/>\n<meta property=\"article:published_time\" content=\"2009-12-27T20:56:29+00:00\" \/>\n<meta property=\"og:image\" content=\"https:\/\/narteks.net\/wp-content\/uploads\/narteks.png\" \/>\n\t<meta property=\"og:image:width\" content=\"300\" \/>\n\t<meta property=\"og:image:height\" content=\"90\" \/>\n\t<meta property=\"og:image:type\" content=\"image\/png\" \/>\n<meta name=\"author\" content=\"Tar\u0131k\" \/>\n<meta name=\"twitter:card\" content=\"summary_large_image\" \/>\n<meta name=\"twitter:creator\" content=\"@narteks\" \/>\n<meta name=\"twitter:site\" content=\"@narteks\" \/>\n<meta name=\"twitter:label1\" content=\"Yazan:\" \/>\n\t<meta name=\"twitter:data1\" content=\"Tar\u0131k\" \/>\n\t<meta name=\"twitter:label2\" content=\"Tahmini okuma s\u00fcresi\" \/>\n\t<meta name=\"twitter:data2\" content=\"1 dakika\" \/>\n<script type=\"application\/ld+json\" class=\"yoast-schema-graph\">{\"@context\":\"https:\/\/schema.org\",\"@graph\":[{\"@type\":\"Article\",\"@id\":\"https:\/\/narteks.net\/index.php\/2009\/12\/27\/eyvah\/#article\",\"isPartOf\":{\"@id\":\"https:\/\/narteks.net\/index.php\/2009\/12\/27\/eyvah\/\"},\"author\":{\"name\":\"Tar\u0131k\",\"@id\":\"https:\/\/narteks.net\/#\/schema\/person\/61f37d9834294b72d31d274e7ed79bca\"},\"headline\":\"EYVAH!\",\"datePublished\":\"2009-12-27T20:56:29+00:00\",\"mainEntityOfPage\":{\"@id\":\"https:\/\/narteks.net\/index.php\/2009\/12\/27\/eyvah\/\"},\"wordCount\":253,\"commentCount\":0,\"publisher\":{\"@id\":\"https:\/\/narteks.net\/#organization\"},\"articleSection\":[\"Y\u00fccel KAYIRAN\"],\"inLanguage\":\"tr\",\"potentialAction\":[{\"@type\":\"CommentAction\",\"name\":\"Comment\",\"target\":[\"https:\/\/narteks.net\/index.php\/2009\/12\/27\/eyvah\/#respond\"]}]},{\"@type\":\"WebPage\",\"@id\":\"https:\/\/narteks.net\/index.php\/2009\/12\/27\/eyvah\/\",\"url\":\"https:\/\/narteks.net\/index.php\/2009\/12\/27\/eyvah\/\",\"name\":\"EYVAH! - narteks.net\",\"isPartOf\":{\"@id\":\"https:\/\/narteks.net\/#website\"},\"datePublished\":\"2009-12-27T20:56:29+00:00\",\"breadcrumb\":{\"@id\":\"https:\/\/narteks.net\/index.php\/2009\/12\/27\/eyvah\/#breadcrumb\"},\"inLanguage\":\"tr\",\"potentialAction\":[{\"@type\":\"ReadAction\",\"target\":[\"https:\/\/narteks.net\/index.php\/2009\/12\/27\/eyvah\/\"]}]},{\"@type\":\"BreadcrumbList\",\"@id\":\"https:\/\/narteks.net\/index.php\/2009\/12\/27\/eyvah\/#breadcrumb\",\"itemListElement\":[{\"@type\":\"ListItem\",\"position\":1,\"name\":\"Anasayfa\",\"item\":\"https:\/\/narteks.net\/\"},{\"@type\":\"ListItem\",\"position\":2,\"name\":\"EYVAH!\"}]},{\"@type\":\"WebSite\",\"@id\":\"https:\/\/narteks.net\/#website\",\"url\":\"https:\/\/narteks.net\/\",\"name\":\"narteks.net\",\"description\":\"K\u00fclt\u00fcr Sanat Edebiyat Felsefe\",\"publisher\":{\"@id\":\"https:\/\/narteks.net\/#organization\"},\"alternateName\":\"K\u00fclt\u00fcr Sanat Edebiyat Felsefe\",\"potentialAction\":[{\"@type\":\"SearchAction\",\"target\":{\"@type\":\"EntryPoint\",\"urlTemplate\":\"https:\/\/narteks.net\/?s={search_term_string}\"},\"query-input\":{\"@type\":\"PropertyValueSpecification\",\"valueRequired\":true,\"valueName\":\"search_term_string\"}}],\"inLanguage\":\"tr\"},{\"@type\":\"Organization\",\"@id\":\"https:\/\/narteks.net\/#organization\",\"name\":\"narteks.net\",\"url\":\"https:\/\/narteks.net\/\",\"logo\":{\"@type\":\"ImageObject\",\"inLanguage\":\"tr\",\"@id\":\"https:\/\/narteks.net\/#\/schema\/logo\/image\/\",\"url\":\"https:\/\/narteks.net\/wp-content\/uploads\/narteks.png\",\"contentUrl\":\"https:\/\/narteks.net\/wp-content\/uploads\/narteks.png\",\"width\":300,\"height\":90,\"caption\":\"narteks.net\"},\"image\":{\"@id\":\"https:\/\/narteks.net\/#\/schema\/logo\/image\/\"},\"sameAs\":[\"https:\/\/x.com\/narteks\",\"https:\/\/instagram.com\/narteksnet\"]},{\"@type\":\"Person\",\"@id\":\"https:\/\/narteks.net\/#\/schema\/person\/61f37d9834294b72d31d274e7ed79bca\",\"name\":\"Tar\u0131k\",\"image\":{\"@type\":\"ImageObject\",\"inLanguage\":\"tr\",\"@id\":\"https:\/\/narteks.net\/#\/schema\/person\/image\/\",\"url\":\"https:\/\/secure.gravatar.com\/avatar\/50865afb55632c4ae467e0af0930f6510aa2297d8014be502a55b14f3b7550cf?s=96&d=mm&r=g\",\"contentUrl\":\"https:\/\/secure.gravatar.com\/avatar\/50865afb55632c4ae467e0af0930f6510aa2297d8014be502a55b14f3b7550cf?s=96&d=mm&r=g\",\"caption\":\"Tar\u0131k\"},\"sameAs\":[\"http:\/\/narteks.net\"],\"url\":\"https:\/\/narteks.net\/index.php\/author\/narbak\/\"}]}<\/script>\n<!-- \/ Yoast SEO Premium plugin. -->","yoast_head_json":{"title":"EYVAH! - narteks.net","robots":{"index":"index","follow":"follow","max-snippet":"max-snippet:-1","max-image-preview":"max-image-preview:large","max-video-preview":"max-video-preview:-1"},"canonical":"https:\/\/narteks.net\/index.php\/2009\/12\/27\/eyvah\/","og_locale":"tr_TR","og_type":"article","og_title":"EYVAH!","og_description":"\u00a0 Sonra d\u00fcnyaya d\u00f6nd\u00fcm;kredi kartlar\u0131ma,zaman a\u015f\u0131m\u0131 faizini,icra memurunun insaf\u0131na kalm\u0131\u015f itibar\u0131ma, elektrik faturas\u0131 kuyru\u011funa, d\u00fcnyada \u00f6denmesigereken bor\u00e7lar\u0131ma, d\u00f6nd\u00fcm, muh\u00e2neti muhannet edinmi\u015f dostlar\u0131ma, kalplerim\u00fch\u00fcrlenmi\u015flere Sonra d\u00fcnyaya d\u00f6nd\u00fcm; hat\u0131rlamadan olma g\u00f6zya\u015f\u0131na, geceden ba\u015fka \u00e7a\u011f yok,biliyorum,yerinden \u00e7\u0131kan tekrar d\u00f6nemez yerine,bulamam\u0131\u015f\u0131n yazg\u0131s\u0131d\u0131r keder,b\u00f6yle \u00e7izilirmi\u015f kavis insan\u0131n y\u00fcz\u00fcne,d\u00f6nd\u00fcm,ah! \u0130ddias\u0131n\u0131 yitirmi\u015fin bak\u0131\u015f\u0131na Odam g\u00f6zlerimdeki kederle rutubetli,uyku kokumu yitirmi\u015f yatak,perde olmu\u015ftoz e\u015fyadaki [&hellip;]","og_url":"https:\/\/narteks.net\/index.php\/2009\/12\/27\/eyvah\/","og_site_name":"narteks.net","article_published_time":"2009-12-27T20:56:29+00:00","og_image":[{"width":300,"height":90,"url":"https:\/\/narteks.net\/wp-content\/uploads\/narteks.png","type":"image\/png"}],"author":"Tar\u0131k","twitter_card":"summary_large_image","twitter_creator":"@narteks","twitter_site":"@narteks","twitter_misc":{"Yazan:":"Tar\u0131k","Tahmini okuma s\u00fcresi":"1 dakika"},"schema":{"@context":"https:\/\/schema.org","@graph":[{"@type":"Article","@id":"https:\/\/narteks.net\/index.php\/2009\/12\/27\/eyvah\/#article","isPartOf":{"@id":"https:\/\/narteks.net\/index.php\/2009\/12\/27\/eyvah\/"},"author":{"name":"Tar\u0131k","@id":"https:\/\/narteks.net\/#\/schema\/person\/61f37d9834294b72d31d274e7ed79bca"},"headline":"EYVAH!","datePublished":"2009-12-27T20:56:29+00:00","mainEntityOfPage":{"@id":"https:\/\/narteks.net\/index.php\/2009\/12\/27\/eyvah\/"},"wordCount":253,"commentCount":0,"publisher":{"@id":"https:\/\/narteks.net\/#organization"},"articleSection":["Y\u00fccel KAYIRAN"],"inLanguage":"tr","potentialAction":[{"@type":"CommentAction","name":"Comment","target":["https:\/\/narteks.net\/index.php\/2009\/12\/27\/eyvah\/#respond"]}]},{"@type":"WebPage","@id":"https:\/\/narteks.net\/index.php\/2009\/12\/27\/eyvah\/","url":"https:\/\/narteks.net\/index.php\/2009\/12\/27\/eyvah\/","name":"EYVAH! - narteks.net","isPartOf":{"@id":"https:\/\/narteks.net\/#website"},"datePublished":"2009-12-27T20:56:29+00:00","breadcrumb":{"@id":"https:\/\/narteks.net\/index.php\/2009\/12\/27\/eyvah\/#breadcrumb"},"inLanguage":"tr","potentialAction":[{"@type":"ReadAction","target":["https:\/\/narteks.net\/index.php\/2009\/12\/27\/eyvah\/"]}]},{"@type":"BreadcrumbList","@id":"https:\/\/narteks.net\/index.php\/2009\/12\/27\/eyvah\/#breadcrumb","itemListElement":[{"@type":"ListItem","position":1,"name":"Anasayfa","item":"https:\/\/narteks.net\/"},{"@type":"ListItem","position":2,"name":"EYVAH!"}]},{"@type":"WebSite","@id":"https:\/\/narteks.net\/#website","url":"https:\/\/narteks.net\/","name":"narteks.net","description":"K\u00fclt\u00fcr Sanat Edebiyat Felsefe","publisher":{"@id":"https:\/\/narteks.net\/#organization"},"alternateName":"K\u00fclt\u00fcr Sanat Edebiyat Felsefe","potentialAction":[{"@type":"SearchAction","target":{"@type":"EntryPoint","urlTemplate":"https:\/\/narteks.net\/?s={search_term_string}"},"query-input":{"@type":"PropertyValueSpecification","valueRequired":true,"valueName":"search_term_string"}}],"inLanguage":"tr"},{"@type":"Organization","@id":"https:\/\/narteks.net\/#organization","name":"narteks.net","url":"https:\/\/narteks.net\/","logo":{"@type":"ImageObject","inLanguage":"tr","@id":"https:\/\/narteks.net\/#\/schema\/logo\/image\/","url":"https:\/\/narteks.net\/wp-content\/uploads\/narteks.png","contentUrl":"https:\/\/narteks.net\/wp-content\/uploads\/narteks.png","width":300,"height":90,"caption":"narteks.net"},"image":{"@id":"https:\/\/narteks.net\/#\/schema\/logo\/image\/"},"sameAs":["https:\/\/x.com\/narteks","https:\/\/instagram.com\/narteksnet"]},{"@type":"Person","@id":"https:\/\/narteks.net\/#\/schema\/person\/61f37d9834294b72d31d274e7ed79bca","name":"Tar\u0131k","image":{"@type":"ImageObject","inLanguage":"tr","@id":"https:\/\/narteks.net\/#\/schema\/person\/image\/","url":"https:\/\/secure.gravatar.com\/avatar\/50865afb55632c4ae467e0af0930f6510aa2297d8014be502a55b14f3b7550cf?s=96&d=mm&r=g","contentUrl":"https:\/\/secure.gravatar.com\/avatar\/50865afb55632c4ae467e0af0930f6510aa2297d8014be502a55b14f3b7550cf?s=96&d=mm&r=g","caption":"Tar\u0131k"},"sameAs":["http:\/\/narteks.net"],"url":"https:\/\/narteks.net\/index.php\/author\/narbak\/"}]}},"_links":{"self":[{"href":"https:\/\/narteks.net\/index.php\/wp-json\/wp\/v2\/posts\/3393","targetHints":{"allow":["GET"]}}],"collection":[{"href":"https:\/\/narteks.net\/index.php\/wp-json\/wp\/v2\/posts"}],"about":[{"href":"https:\/\/narteks.net\/index.php\/wp-json\/wp\/v2\/types\/post"}],"author":[{"embeddable":true,"href":"https:\/\/narteks.net\/index.php\/wp-json\/wp\/v2\/users\/1"}],"replies":[{"embeddable":true,"href":"https:\/\/narteks.net\/index.php\/wp-json\/wp\/v2\/comments?post=3393"}],"version-history":[{"count":0,"href":"https:\/\/narteks.net\/index.php\/wp-json\/wp\/v2\/posts\/3393\/revisions"}],"wp:attachment":[{"href":"https:\/\/narteks.net\/index.php\/wp-json\/wp\/v2\/media?parent=3393"}],"wp:term":[{"taxonomy":"category","embeddable":true,"href":"https:\/\/narteks.net\/index.php\/wp-json\/wp\/v2\/categories?post=3393"},{"taxonomy":"post_tag","embeddable":true,"href":"https:\/\/narteks.net\/index.php\/wp-json\/wp\/v2\/tags?post=3393"}],"curies":[{"name":"wp","href":"https:\/\/api.w.org\/{rel}","templated":true}]}}