{"id":3395,"date":"2009-12-27T23:58:11","date_gmt":"2009-12-27T20:58:11","guid":{"rendered":"http:\/\/localhost\/wordpress\/2009\/12\/27\/fener-alayi\/"},"modified":"2009-12-27T23:58:11","modified_gmt":"2009-12-27T20:58:11","slug":"fener-alayi","status":"publish","type":"post","link":"https:\/\/narteks.net\/index.php\/2009\/12\/27\/fener-alayi\/","title":{"rendered":"FENER ALAYI"},"content":{"rendered":"<p>\u00a0<\/p>\n<p>g\u00f6ky\u00fcz\u00fcnde patlad\u0131 ampul!<br \/>sahile do\u011fru iniyordum<br \/>dalgalar\u0131n da\u011f\u0131l\u0131rken k\u00f6p\u00fcklendi\u011fini g\u00f6rd\u00fcm<\/p>\n<p>gizlenmeyi seven bir \u015fey\u00a0 vard\u0131 bende<br \/>kaybolan y\u0131ld\u0131z nereye gider g\u00f6ky\u00fcz\u00fcnde<br \/>eve d\u00f6nmek istemiyordum<br \/>ya\u011fmur ya\u011f\u0131yordu i\u00e7imde<\/p>\n<p>\u0131\u015f\u0131l \u0131\u015f\u0131ld\u0131 cumhuriyet balosu<br \/>garnizon komutanl\u0131\u011f\u0131n\u0131n orada<br \/>g\u00f6rd\u00fck&#8230; yasak b\u00f6lge,\u00a0 girilmez!<br \/>ince bir \u00e7izgi halinde!<\/p>\n<p>solard\u0131 ak\u015famlar\u0131 ampul<br \/>solard\u0131 annemin y\u00fcz\u00fcndeki seccade<br \/>dibi g\u00f6r\u00fclmeyen \u00e7ukur<br \/>sendeki bu sessizlik, bu\u00a0 keder<br \/>h\u00fcz\u00fcn\u00a0 de\u011fil\u00a0 gurur, demi\u015fti<br \/>birahanede g\u00f6rd\u00fc\u011f\u00fcm beyaz sakall\u0131\u00a0 ya\u015fl\u0131 adam<br \/>tutkularla sava\u015fmak zordur<br \/>hat\u0131ra girdap halinde iner kalbine<\/p>\n<p>fener alay\u0131 ge\u00e7iyordu \u00f6n\u00fcm\u00fczden<br \/>cumhuriyet balosuna giden erkan\u0131 g\u00f6rd\u00fck<br \/>bu vakitte ne gezdi\u011fimizi sordular bize<br \/>giysilerimize bak\u0131p sonra sordular bize<br \/>sessizlikti saplanan y\u00fcz\u00fcm\u00fcze<br \/>karde\u015fimin edas\u0131ndaki kibirsizlik<br \/>\u00e7ekingenlik de\u011fil rahimdi<br \/>-biz\u00a0 babama k\u00fc\u00e7\u00fck rak\u0131 almaya gelmi\u015ftik!<\/p>\n<p>ya\u011fmur ba\u015flam\u0131\u015ft\u0131, i\u00e7imde&#8230;<\/p>\n<p>belediye ba\u015fkan\u0131n\u0131n o\u011flu Ra\u011f\u0131p&#8217;\u0131 g\u00f6rd\u00fck<br \/>kaymakam\u0131n\u00a0 k\u0131z\u0131n\u0131, doktorun\u00a0 kar\u0131s\u0131n\u0131<br \/>siyah\u00a0 tayy\u00f6r\u00a0 i\u00e7inde\u00a0 bir\u00a0 buhurumeryem<br \/>g\u00f6zlerinin i\u00e7inde a\u015f\u0131l\u0131 g\u00fcl vard\u0131, onu g\u00f6rd\u00fck<br \/>\u0131\u015f\u0131k de\u011fildi\u00a0 yan\u0131p s\u00f6nen,\u00a0 rahman<br \/>rahvan y\u00fcr\u00fcyen atlar\u0131n \u00fcst\u00fcnde<br \/>fener ta\u015f\u0131yan askerleri g\u00f6rd\u00fck<br \/>-biz babama k\u00fc\u00e7\u00fck rak\u0131 almaya gelmi\u015ftik!<\/p>\n<p>eve d\u00f6nerken neden iniyordu yery\u00fcz\u00fcne<br \/>\u00e7ar\u015f\u0131ya giderken g\u00f6ky\u00fcz\u00fcne y\u00fckselen gece<br \/>sadece ta\u015ft\u0131, sadece ta\u015f! g\u00f6r\u00fcnen o karanl\u0131kta<br \/>fener alay\u0131 ge\u00e7erken ba\u015fkalar\u0131n\u0131n gecesinde<\/p>\n<p>-ben eve d\u00f6nemem \u0130brahim!<br \/>-ben eve d\u00f6nemem \u0130brahim!<\/p>\n<p>nemli so\u011fuktu inen\u00a0 kalbime<br \/>kimse yoktu: kimsesizlik: ten<br \/>birikmi\u015fti biriken arkada\u015flar\u0131m\u0131n\u00a0 g\u00f6zlerinden<br \/>par\u00e7a par\u00e7a\u00a0 k\u00f6p\u00fcklenmi\u015f\u00a0 bulut<br \/>g\u00f6\u011fs\u00fcm sis\u00a0 ve duman halinde<\/p>\n<p>hi\u00e7 bir gece d\u00f6nmek istemedim eve!<br \/>karanl\u0131\u011f\u0131n sonunda\u00a0 doluluk yoktu oysa<br \/>ama haf\u0131za neden zehir<br \/>ak\u0131l\u00a0 neden\u00a0 tutkal oldu bana!<\/p>\n<p> [Beni Hi\u00e7 G\u00f6remezsin]<\/p>\n","protected":false},"excerpt":{"rendered":"<p>\u00a0 g\u00f6ky\u00fcz\u00fcnde patlad\u0131 ampul!sahile do\u011fru iniyordumdalgalar\u0131n da\u011f\u0131l\u0131rken k\u00f6p\u00fcklendi\u011fini g\u00f6rd\u00fcm gizlenmeyi seven bir \u015fey\u00a0 vard\u0131 bendekaybolan y\u0131ld\u0131z nereye gider g\u00f6ky\u00fcz\u00fcndeeve d\u00f6nmek istemiyordumya\u011fmur ya\u011f\u0131yordu i\u00e7imde \u0131\u015f\u0131l \u0131\u015f\u0131ld\u0131 cumhuriyet balosugarnizon komutanl\u0131\u011f\u0131n\u0131n oradag\u00f6rd\u00fck&#8230; yasak b\u00f6lge,\u00a0 girilmez!ince bir \u00e7izgi halinde! solard\u0131 ak\u015famlar\u0131 ampulsolard\u0131 annemin y\u00fcz\u00fcndeki seccadedibi g\u00f6r\u00fclmeyen \u00e7ukursendeki bu sessizlik, bu\u00a0 kederh\u00fcz\u00fcn\u00a0 de\u011fil\u00a0 gurur, demi\u015ftibirahanede g\u00f6rd\u00fc\u011f\u00fcm beyaz sakall\u0131\u00a0 ya\u015fl\u0131 adamtutkularla [&hellip;]<\/p>\n","protected":false},"author":1,"featured_media":0,"comment_status":"open","ping_status":"open","sticky":false,"template":"","format":"standard","meta":{"footnotes":""},"categories":[118],"tags":[],"class_list":{"0":"post-3395","1":"post","2":"type-post","3":"status-publish","4":"format-standard","6":"category-yucel-kayiran"},"yoast_head":"<!-- This site is optimized with the Yoast SEO Premium plugin v24.9 (Yoast SEO v24.9) - https:\/\/yoast.com\/wordpress\/plugins\/seo\/ -->\n<title>FENER ALAYI - narteks.net<\/title>\n<meta name=\"robots\" content=\"index, follow, max-snippet:-1, max-image-preview:large, max-video-preview:-1\" \/>\n<link rel=\"canonical\" href=\"https:\/\/narteks.net\/index.php\/2009\/12\/27\/fener-alayi\/\" \/>\n<meta property=\"og:locale\" content=\"tr_TR\" \/>\n<meta property=\"og:type\" content=\"article\" \/>\n<meta property=\"og:title\" content=\"FENER ALAYI\" \/>\n<meta property=\"og:description\" content=\"\u00a0 g\u00f6ky\u00fcz\u00fcnde patlad\u0131 ampul!sahile do\u011fru iniyordumdalgalar\u0131n da\u011f\u0131l\u0131rken k\u00f6p\u00fcklendi\u011fini g\u00f6rd\u00fcm gizlenmeyi seven bir \u015fey\u00a0 vard\u0131 bendekaybolan y\u0131ld\u0131z nereye gider g\u00f6ky\u00fcz\u00fcndeeve d\u00f6nmek istemiyordumya\u011fmur ya\u011f\u0131yordu i\u00e7imde \u0131\u015f\u0131l \u0131\u015f\u0131ld\u0131 cumhuriyet balosugarnizon komutanl\u0131\u011f\u0131n\u0131n oradag\u00f6rd\u00fck&#8230; yasak b\u00f6lge,\u00a0 girilmez!ince bir \u00e7izgi halinde! solard\u0131 ak\u015famlar\u0131 ampulsolard\u0131 annemin y\u00fcz\u00fcndeki seccadedibi g\u00f6r\u00fclmeyen \u00e7ukursendeki bu sessizlik, bu\u00a0 kederh\u00fcz\u00fcn\u00a0 de\u011fil\u00a0 gurur, demi\u015ftibirahanede g\u00f6rd\u00fc\u011f\u00fcm beyaz sakall\u0131\u00a0 ya\u015fl\u0131 adamtutkularla [&hellip;]\" \/>\n<meta property=\"og:url\" content=\"https:\/\/narteks.net\/index.php\/2009\/12\/27\/fener-alayi\/\" \/>\n<meta property=\"og:site_name\" content=\"narteks.net\" \/>\n<meta property=\"article:published_time\" content=\"2009-12-27T20:58:11+00:00\" \/>\n<meta property=\"og:image\" content=\"https:\/\/narteks.net\/wp-content\/uploads\/narteks.png\" \/>\n\t<meta property=\"og:image:width\" content=\"300\" \/>\n\t<meta property=\"og:image:height\" content=\"90\" \/>\n\t<meta property=\"og:image:type\" content=\"image\/png\" \/>\n<meta name=\"author\" content=\"Tar\u0131k\" \/>\n<meta name=\"twitter:card\" content=\"summary_large_image\" \/>\n<meta name=\"twitter:creator\" content=\"@narteks\" \/>\n<meta name=\"twitter:site\" content=\"@narteks\" \/>\n<meta name=\"twitter:label1\" content=\"Yazan:\" \/>\n\t<meta name=\"twitter:data1\" content=\"Tar\u0131k\" \/>\n\t<meta name=\"twitter:label2\" content=\"Tahmini okuma s\u00fcresi\" \/>\n\t<meta name=\"twitter:data2\" content=\"2 dakika\" \/>\n<script type=\"application\/ld+json\" class=\"yoast-schema-graph\">{\"@context\":\"https:\/\/schema.org\",\"@graph\":[{\"@type\":\"Article\",\"@id\":\"https:\/\/narteks.net\/index.php\/2009\/12\/27\/fener-alayi\/#article\",\"isPartOf\":{\"@id\":\"https:\/\/narteks.net\/index.php\/2009\/12\/27\/fener-alayi\/\"},\"author\":{\"name\":\"Tar\u0131k\",\"@id\":\"https:\/\/narteks.net\/#\/schema\/person\/61f37d9834294b72d31d274e7ed79bca\"},\"headline\":\"FENER ALAYI\",\"datePublished\":\"2009-12-27T20:58:11+00:00\",\"mainEntityOfPage\":{\"@id\":\"https:\/\/narteks.net\/index.php\/2009\/12\/27\/fener-alayi\/\"},\"wordCount\":323,\"commentCount\":0,\"publisher\":{\"@id\":\"https:\/\/narteks.net\/#organization\"},\"articleSection\":[\"Y\u00fccel KAYIRAN\"],\"inLanguage\":\"tr\",\"potentialAction\":[{\"@type\":\"CommentAction\",\"name\":\"Comment\",\"target\":[\"https:\/\/narteks.net\/index.php\/2009\/12\/27\/fener-alayi\/#respond\"]}]},{\"@type\":\"WebPage\",\"@id\":\"https:\/\/narteks.net\/index.php\/2009\/12\/27\/fener-alayi\/\",\"url\":\"https:\/\/narteks.net\/index.php\/2009\/12\/27\/fener-alayi\/\",\"name\":\"FENER ALAYI - narteks.net\",\"isPartOf\":{\"@id\":\"https:\/\/narteks.net\/#website\"},\"datePublished\":\"2009-12-27T20:58:11+00:00\",\"breadcrumb\":{\"@id\":\"https:\/\/narteks.net\/index.php\/2009\/12\/27\/fener-alayi\/#breadcrumb\"},\"inLanguage\":\"tr\",\"potentialAction\":[{\"@type\":\"ReadAction\",\"target\":[\"https:\/\/narteks.net\/index.php\/2009\/12\/27\/fener-alayi\/\"]}]},{\"@type\":\"BreadcrumbList\",\"@id\":\"https:\/\/narteks.net\/index.php\/2009\/12\/27\/fener-alayi\/#breadcrumb\",\"itemListElement\":[{\"@type\":\"ListItem\",\"position\":1,\"name\":\"Anasayfa\",\"item\":\"https:\/\/narteks.net\/\"},{\"@type\":\"ListItem\",\"position\":2,\"name\":\"FENER ALAYI\"}]},{\"@type\":\"WebSite\",\"@id\":\"https:\/\/narteks.net\/#website\",\"url\":\"https:\/\/narteks.net\/\",\"name\":\"narteks.net\",\"description\":\"K\u00fclt\u00fcr Sanat Edebiyat Felsefe\",\"publisher\":{\"@id\":\"https:\/\/narteks.net\/#organization\"},\"alternateName\":\"K\u00fclt\u00fcr Sanat Edebiyat Felsefe\",\"potentialAction\":[{\"@type\":\"SearchAction\",\"target\":{\"@type\":\"EntryPoint\",\"urlTemplate\":\"https:\/\/narteks.net\/?s={search_term_string}\"},\"query-input\":{\"@type\":\"PropertyValueSpecification\",\"valueRequired\":true,\"valueName\":\"search_term_string\"}}],\"inLanguage\":\"tr\"},{\"@type\":\"Organization\",\"@id\":\"https:\/\/narteks.net\/#organization\",\"name\":\"narteks.net\",\"url\":\"https:\/\/narteks.net\/\",\"logo\":{\"@type\":\"ImageObject\",\"inLanguage\":\"tr\",\"@id\":\"https:\/\/narteks.net\/#\/schema\/logo\/image\/\",\"url\":\"https:\/\/narteks.net\/wp-content\/uploads\/narteks.png\",\"contentUrl\":\"https:\/\/narteks.net\/wp-content\/uploads\/narteks.png\",\"width\":300,\"height\":90,\"caption\":\"narteks.net\"},\"image\":{\"@id\":\"https:\/\/narteks.net\/#\/schema\/logo\/image\/\"},\"sameAs\":[\"https:\/\/x.com\/narteks\",\"https:\/\/instagram.com\/narteksnet\"]},{\"@type\":\"Person\",\"@id\":\"https:\/\/narteks.net\/#\/schema\/person\/61f37d9834294b72d31d274e7ed79bca\",\"name\":\"Tar\u0131k\",\"image\":{\"@type\":\"ImageObject\",\"inLanguage\":\"tr\",\"@id\":\"https:\/\/narteks.net\/#\/schema\/person\/image\/\",\"url\":\"https:\/\/secure.gravatar.com\/avatar\/50865afb55632c4ae467e0af0930f6510aa2297d8014be502a55b14f3b7550cf?s=96&d=mm&r=g\",\"contentUrl\":\"https:\/\/secure.gravatar.com\/avatar\/50865afb55632c4ae467e0af0930f6510aa2297d8014be502a55b14f3b7550cf?s=96&d=mm&r=g\",\"caption\":\"Tar\u0131k\"},\"sameAs\":[\"http:\/\/narteks.net\"],\"url\":\"https:\/\/narteks.net\/index.php\/author\/narbak\/\"}]}<\/script>\n<!-- \/ Yoast SEO Premium plugin. -->","yoast_head_json":{"title":"FENER ALAYI - narteks.net","robots":{"index":"index","follow":"follow","max-snippet":"max-snippet:-1","max-image-preview":"max-image-preview:large","max-video-preview":"max-video-preview:-1"},"canonical":"https:\/\/narteks.net\/index.php\/2009\/12\/27\/fener-alayi\/","og_locale":"tr_TR","og_type":"article","og_title":"FENER ALAYI","og_description":"\u00a0 g\u00f6ky\u00fcz\u00fcnde patlad\u0131 ampul!sahile do\u011fru iniyordumdalgalar\u0131n da\u011f\u0131l\u0131rken k\u00f6p\u00fcklendi\u011fini g\u00f6rd\u00fcm gizlenmeyi seven bir \u015fey\u00a0 vard\u0131 bendekaybolan y\u0131ld\u0131z nereye gider g\u00f6ky\u00fcz\u00fcndeeve d\u00f6nmek istemiyordumya\u011fmur ya\u011f\u0131yordu i\u00e7imde \u0131\u015f\u0131l \u0131\u015f\u0131ld\u0131 cumhuriyet balosugarnizon komutanl\u0131\u011f\u0131n\u0131n oradag\u00f6rd\u00fck&#8230; yasak b\u00f6lge,\u00a0 girilmez!ince bir \u00e7izgi halinde! solard\u0131 ak\u015famlar\u0131 ampulsolard\u0131 annemin y\u00fcz\u00fcndeki seccadedibi g\u00f6r\u00fclmeyen \u00e7ukursendeki bu sessizlik, bu\u00a0 kederh\u00fcz\u00fcn\u00a0 de\u011fil\u00a0 gurur, demi\u015ftibirahanede g\u00f6rd\u00fc\u011f\u00fcm beyaz sakall\u0131\u00a0 ya\u015fl\u0131 adamtutkularla [&hellip;]","og_url":"https:\/\/narteks.net\/index.php\/2009\/12\/27\/fener-alayi\/","og_site_name":"narteks.net","article_published_time":"2009-12-27T20:58:11+00:00","og_image":[{"width":300,"height":90,"url":"https:\/\/narteks.net\/wp-content\/uploads\/narteks.png","type":"image\/png"}],"author":"Tar\u0131k","twitter_card":"summary_large_image","twitter_creator":"@narteks","twitter_site":"@narteks","twitter_misc":{"Yazan:":"Tar\u0131k","Tahmini okuma s\u00fcresi":"2 dakika"},"schema":{"@context":"https:\/\/schema.org","@graph":[{"@type":"Article","@id":"https:\/\/narteks.net\/index.php\/2009\/12\/27\/fener-alayi\/#article","isPartOf":{"@id":"https:\/\/narteks.net\/index.php\/2009\/12\/27\/fener-alayi\/"},"author":{"name":"Tar\u0131k","@id":"https:\/\/narteks.net\/#\/schema\/person\/61f37d9834294b72d31d274e7ed79bca"},"headline":"FENER ALAYI","datePublished":"2009-12-27T20:58:11+00:00","mainEntityOfPage":{"@id":"https:\/\/narteks.net\/index.php\/2009\/12\/27\/fener-alayi\/"},"wordCount":323,"commentCount":0,"publisher":{"@id":"https:\/\/narteks.net\/#organization"},"articleSection":["Y\u00fccel KAYIRAN"],"inLanguage":"tr","potentialAction":[{"@type":"CommentAction","name":"Comment","target":["https:\/\/narteks.net\/index.php\/2009\/12\/27\/fener-alayi\/#respond"]}]},{"@type":"WebPage","@id":"https:\/\/narteks.net\/index.php\/2009\/12\/27\/fener-alayi\/","url":"https:\/\/narteks.net\/index.php\/2009\/12\/27\/fener-alayi\/","name":"FENER ALAYI - narteks.net","isPartOf":{"@id":"https:\/\/narteks.net\/#website"},"datePublished":"2009-12-27T20:58:11+00:00","breadcrumb":{"@id":"https:\/\/narteks.net\/index.php\/2009\/12\/27\/fener-alayi\/#breadcrumb"},"inLanguage":"tr","potentialAction":[{"@type":"ReadAction","target":["https:\/\/narteks.net\/index.php\/2009\/12\/27\/fener-alayi\/"]}]},{"@type":"BreadcrumbList","@id":"https:\/\/narteks.net\/index.php\/2009\/12\/27\/fener-alayi\/#breadcrumb","itemListElement":[{"@type":"ListItem","position":1,"name":"Anasayfa","item":"https:\/\/narteks.net\/"},{"@type":"ListItem","position":2,"name":"FENER ALAYI"}]},{"@type":"WebSite","@id":"https:\/\/narteks.net\/#website","url":"https:\/\/narteks.net\/","name":"narteks.net","description":"K\u00fclt\u00fcr Sanat Edebiyat Felsefe","publisher":{"@id":"https:\/\/narteks.net\/#organization"},"alternateName":"K\u00fclt\u00fcr Sanat Edebiyat Felsefe","potentialAction":[{"@type":"SearchAction","target":{"@type":"EntryPoint","urlTemplate":"https:\/\/narteks.net\/?s={search_term_string}"},"query-input":{"@type":"PropertyValueSpecification","valueRequired":true,"valueName":"search_term_string"}}],"inLanguage":"tr"},{"@type":"Organization","@id":"https:\/\/narteks.net\/#organization","name":"narteks.net","url":"https:\/\/narteks.net\/","logo":{"@type":"ImageObject","inLanguage":"tr","@id":"https:\/\/narteks.net\/#\/schema\/logo\/image\/","url":"https:\/\/narteks.net\/wp-content\/uploads\/narteks.png","contentUrl":"https:\/\/narteks.net\/wp-content\/uploads\/narteks.png","width":300,"height":90,"caption":"narteks.net"},"image":{"@id":"https:\/\/narteks.net\/#\/schema\/logo\/image\/"},"sameAs":["https:\/\/x.com\/narteks","https:\/\/instagram.com\/narteksnet"]},{"@type":"Person","@id":"https:\/\/narteks.net\/#\/schema\/person\/61f37d9834294b72d31d274e7ed79bca","name":"Tar\u0131k","image":{"@type":"ImageObject","inLanguage":"tr","@id":"https:\/\/narteks.net\/#\/schema\/person\/image\/","url":"https:\/\/secure.gravatar.com\/avatar\/50865afb55632c4ae467e0af0930f6510aa2297d8014be502a55b14f3b7550cf?s=96&d=mm&r=g","contentUrl":"https:\/\/secure.gravatar.com\/avatar\/50865afb55632c4ae467e0af0930f6510aa2297d8014be502a55b14f3b7550cf?s=96&d=mm&r=g","caption":"Tar\u0131k"},"sameAs":["http:\/\/narteks.net"],"url":"https:\/\/narteks.net\/index.php\/author\/narbak\/"}]}},"_links":{"self":[{"href":"https:\/\/narteks.net\/index.php\/wp-json\/wp\/v2\/posts\/3395","targetHints":{"allow":["GET"]}}],"collection":[{"href":"https:\/\/narteks.net\/index.php\/wp-json\/wp\/v2\/posts"}],"about":[{"href":"https:\/\/narteks.net\/index.php\/wp-json\/wp\/v2\/types\/post"}],"author":[{"embeddable":true,"href":"https:\/\/narteks.net\/index.php\/wp-json\/wp\/v2\/users\/1"}],"replies":[{"embeddable":true,"href":"https:\/\/narteks.net\/index.php\/wp-json\/wp\/v2\/comments?post=3395"}],"version-history":[{"count":0,"href":"https:\/\/narteks.net\/index.php\/wp-json\/wp\/v2\/posts\/3395\/revisions"}],"wp:attachment":[{"href":"https:\/\/narteks.net\/index.php\/wp-json\/wp\/v2\/media?parent=3395"}],"wp:term":[{"taxonomy":"category","embeddable":true,"href":"https:\/\/narteks.net\/index.php\/wp-json\/wp\/v2\/categories?post=3395"},{"taxonomy":"post_tag","embeddable":true,"href":"https:\/\/narteks.net\/index.php\/wp-json\/wp\/v2\/tags?post=3395"}],"curies":[{"name":"wp","href":"https:\/\/api.w.org\/{rel}","templated":true}]}}