{"id":3396,"date":"2009-12-27T23:58:58","date_gmt":"2009-12-27T20:58:58","guid":{"rendered":"http:\/\/localhost\/wordpress\/2009\/12\/27\/koridor\/"},"modified":"2009-12-27T23:58:58","modified_gmt":"2009-12-27T20:58:58","slug":"koridor","status":"publish","type":"post","link":"https:\/\/narteks.net\/index.php\/2009\/12\/27\/koridor\/","title":{"rendered":"KOR\u0130DOR"},"content":{"rendered":"<p>\u00a0<\/p>\n<p>Ya\u011fmur ya\u011f\u0131yordu, sonra eve d\u00f6nd\u00fcm<br \/>kendimi d\u0131\u015far\u0131ya b\u0131rakmakla peri\u015fan<br \/>zaman\u0131n harf harf d\u00fc\u015fmesine bakt\u0131m<br \/>g\u00f6\u011f\u00fcn morarm\u0131\u015f y\u00fcz\u00fcyle bel vermesine<\/p>\n<p>K\u0131z\u0131lordu Korosu, Mahzuni \u015eerif, Kitaro<br \/>d\u00f6nemiyorum y\u00fcksek vol\u00fcmden kendime<br \/>bir duvar \u00f6rd\u00fcm sesin i\u00e7indeki b\u00fcy\u00fcden<br \/>bir fanus, dokunmak i\u00e7in kendi elime<\/p>\n<p>yat\u0131p uyudum, uyumak b\u00f6yle bir \u015fey<br \/>a\u00e7\u0131lmak g\u00f6vdeden kay\u0131kla r\u00fcyadan sulara<br \/>ama uyanmak yok mu? ayd\u0131nl\u0131\u011fa bulanmak<br \/>\u00e7arpa \u00e7arpa o etten duvara<\/p>\n<p>gidip su i\u00e7tim bakarak barda\u011f\u0131n dibine<br \/>bir suret \u00e7izdim sonra yap\u0131\u015ft\u0131rd\u0131m tenime<br \/>bi\u00e7e bi\u00e7e haf\u0131zadaki kuma\u015ftan<br \/>bir yazg\u0131 kuruyor her insan kendine<\/p>\n<p>Galiba y\u00fcz\u00fcm\u00fc y\u0131k\u0131yordum, elim suda<br \/>eve d\u00f6nm\u00fc\u015f olmakla peri\u015fan<br \/>pencereden kendime bakt\u0131m: nefes!<br \/>g\u00f6\u011fs\u00fcmde cereyan yapan bir f\u0131rt\u0131na<\/p>\n<p> [\u00c7alg\u0131n]<\/p>\n","protected":false},"excerpt":{"rendered":"<p>\u00a0 Ya\u011fmur ya\u011f\u0131yordu, sonra eve d\u00f6nd\u00fcmkendimi d\u0131\u015far\u0131ya b\u0131rakmakla peri\u015fanzaman\u0131n harf harf d\u00fc\u015fmesine bakt\u0131mg\u00f6\u011f\u00fcn morarm\u0131\u015f y\u00fcz\u00fcyle bel vermesine K\u0131z\u0131lordu Korosu, Mahzuni \u015eerif, Kitarod\u00f6nemiyorum y\u00fcksek vol\u00fcmden kendimebir duvar \u00f6rd\u00fcm sesin i\u00e7indeki b\u00fcy\u00fcdenbir fanus, dokunmak i\u00e7in kendi elime yat\u0131p uyudum, uyumak b\u00f6yle bir \u015feya\u00e7\u0131lmak g\u00f6vdeden kay\u0131kla r\u00fcyadan sularaama uyanmak yok mu? ayd\u0131nl\u0131\u011fa bulanmak\u00e7arpa \u00e7arpa o etten duvara gidip [&hellip;]<\/p>\n","protected":false},"author":1,"featured_media":0,"comment_status":"open","ping_status":"open","sticky":false,"template":"","format":"standard","meta":{"footnotes":""},"categories":[118],"tags":[],"class_list":{"0":"post-3396","1":"post","2":"type-post","3":"status-publish","4":"format-standard","6":"category-yucel-kayiran"},"yoast_head":"<!-- This site is optimized with the Yoast SEO Premium plugin v24.9 (Yoast SEO v24.9) - https:\/\/yoast.com\/wordpress\/plugins\/seo\/ -->\n<title>KOR\u0130DOR - narteks.net<\/title>\n<meta name=\"robots\" content=\"index, follow, max-snippet:-1, max-image-preview:large, max-video-preview:-1\" \/>\n<link rel=\"canonical\" href=\"https:\/\/narteks.net\/index.php\/2009\/12\/27\/koridor\/\" \/>\n<meta property=\"og:locale\" content=\"tr_TR\" \/>\n<meta property=\"og:type\" content=\"article\" \/>\n<meta property=\"og:title\" content=\"KOR\u0130DOR\" \/>\n<meta property=\"og:description\" content=\"\u00a0 Ya\u011fmur ya\u011f\u0131yordu, sonra eve d\u00f6nd\u00fcmkendimi d\u0131\u015far\u0131ya b\u0131rakmakla peri\u015fanzaman\u0131n harf harf d\u00fc\u015fmesine bakt\u0131mg\u00f6\u011f\u00fcn morarm\u0131\u015f y\u00fcz\u00fcyle bel vermesine K\u0131z\u0131lordu Korosu, Mahzuni \u015eerif, Kitarod\u00f6nemiyorum y\u00fcksek vol\u00fcmden kendimebir duvar \u00f6rd\u00fcm sesin i\u00e7indeki b\u00fcy\u00fcdenbir fanus, dokunmak i\u00e7in kendi elime yat\u0131p uyudum, uyumak b\u00f6yle bir \u015feya\u00e7\u0131lmak g\u00f6vdeden kay\u0131kla r\u00fcyadan sularaama uyanmak yok mu? ayd\u0131nl\u0131\u011fa bulanmak\u00e7arpa \u00e7arpa o etten duvara gidip [&hellip;]\" \/>\n<meta property=\"og:url\" content=\"https:\/\/narteks.net\/index.php\/2009\/12\/27\/koridor\/\" \/>\n<meta property=\"og:site_name\" content=\"narteks.net\" \/>\n<meta property=\"article:published_time\" content=\"2009-12-27T20:58:58+00:00\" \/>\n<meta property=\"og:image\" content=\"https:\/\/narteks.net\/wp-content\/uploads\/narteks.png\" \/>\n\t<meta property=\"og:image:width\" content=\"300\" \/>\n\t<meta property=\"og:image:height\" content=\"90\" \/>\n\t<meta property=\"og:image:type\" content=\"image\/png\" \/>\n<meta name=\"author\" content=\"Tar\u0131k\" \/>\n<meta name=\"twitter:card\" content=\"summary_large_image\" \/>\n<meta name=\"twitter:creator\" content=\"@narteks\" \/>\n<meta name=\"twitter:site\" content=\"@narteks\" \/>\n<meta name=\"twitter:label1\" content=\"Yazan:\" \/>\n\t<meta name=\"twitter:data1\" content=\"Tar\u0131k\" \/>\n\t<meta name=\"twitter:label2\" content=\"Tahmini okuma s\u00fcresi\" \/>\n\t<meta name=\"twitter:data2\" content=\"1 dakika\" \/>\n<script type=\"application\/ld+json\" class=\"yoast-schema-graph\">{\"@context\":\"https:\/\/schema.org\",\"@graph\":[{\"@type\":\"Article\",\"@id\":\"https:\/\/narteks.net\/index.php\/2009\/12\/27\/koridor\/#article\",\"isPartOf\":{\"@id\":\"https:\/\/narteks.net\/index.php\/2009\/12\/27\/koridor\/\"},\"author\":{\"name\":\"Tar\u0131k\",\"@id\":\"https:\/\/narteks.net\/#\/schema\/person\/61f37d9834294b72d31d274e7ed79bca\"},\"headline\":\"KOR\u0130DOR\",\"datePublished\":\"2009-12-27T20:58:58+00:00\",\"mainEntityOfPage\":{\"@id\":\"https:\/\/narteks.net\/index.php\/2009\/12\/27\/koridor\/\"},\"wordCount\":145,\"commentCount\":0,\"publisher\":{\"@id\":\"https:\/\/narteks.net\/#organization\"},\"articleSection\":[\"Y\u00fccel KAYIRAN\"],\"inLanguage\":\"tr\",\"potentialAction\":[{\"@type\":\"CommentAction\",\"name\":\"Comment\",\"target\":[\"https:\/\/narteks.net\/index.php\/2009\/12\/27\/koridor\/#respond\"]}]},{\"@type\":\"WebPage\",\"@id\":\"https:\/\/narteks.net\/index.php\/2009\/12\/27\/koridor\/\",\"url\":\"https:\/\/narteks.net\/index.php\/2009\/12\/27\/koridor\/\",\"name\":\"KOR\u0130DOR - narteks.net\",\"isPartOf\":{\"@id\":\"https:\/\/narteks.net\/#website\"},\"datePublished\":\"2009-12-27T20:58:58+00:00\",\"breadcrumb\":{\"@id\":\"https:\/\/narteks.net\/index.php\/2009\/12\/27\/koridor\/#breadcrumb\"},\"inLanguage\":\"tr\",\"potentialAction\":[{\"@type\":\"ReadAction\",\"target\":[\"https:\/\/narteks.net\/index.php\/2009\/12\/27\/koridor\/\"]}]},{\"@type\":\"BreadcrumbList\",\"@id\":\"https:\/\/narteks.net\/index.php\/2009\/12\/27\/koridor\/#breadcrumb\",\"itemListElement\":[{\"@type\":\"ListItem\",\"position\":1,\"name\":\"Anasayfa\",\"item\":\"https:\/\/narteks.net\/\"},{\"@type\":\"ListItem\",\"position\":2,\"name\":\"KOR\u0130DOR\"}]},{\"@type\":\"WebSite\",\"@id\":\"https:\/\/narteks.net\/#website\",\"url\":\"https:\/\/narteks.net\/\",\"name\":\"narteks.net\",\"description\":\"K\u00fclt\u00fcr Sanat Edebiyat Felsefe\",\"publisher\":{\"@id\":\"https:\/\/narteks.net\/#organization\"},\"alternateName\":\"K\u00fclt\u00fcr Sanat Edebiyat Felsefe\",\"potentialAction\":[{\"@type\":\"SearchAction\",\"target\":{\"@type\":\"EntryPoint\",\"urlTemplate\":\"https:\/\/narteks.net\/?s={search_term_string}\"},\"query-input\":{\"@type\":\"PropertyValueSpecification\",\"valueRequired\":true,\"valueName\":\"search_term_string\"}}],\"inLanguage\":\"tr\"},{\"@type\":\"Organization\",\"@id\":\"https:\/\/narteks.net\/#organization\",\"name\":\"narteks.net\",\"url\":\"https:\/\/narteks.net\/\",\"logo\":{\"@type\":\"ImageObject\",\"inLanguage\":\"tr\",\"@id\":\"https:\/\/narteks.net\/#\/schema\/logo\/image\/\",\"url\":\"https:\/\/narteks.net\/wp-content\/uploads\/narteks.png\",\"contentUrl\":\"https:\/\/narteks.net\/wp-content\/uploads\/narteks.png\",\"width\":300,\"height\":90,\"caption\":\"narteks.net\"},\"image\":{\"@id\":\"https:\/\/narteks.net\/#\/schema\/logo\/image\/\"},\"sameAs\":[\"https:\/\/x.com\/narteks\",\"https:\/\/instagram.com\/narteksnet\"]},{\"@type\":\"Person\",\"@id\":\"https:\/\/narteks.net\/#\/schema\/person\/61f37d9834294b72d31d274e7ed79bca\",\"name\":\"Tar\u0131k\",\"image\":{\"@type\":\"ImageObject\",\"inLanguage\":\"tr\",\"@id\":\"https:\/\/narteks.net\/#\/schema\/person\/image\/\",\"url\":\"https:\/\/secure.gravatar.com\/avatar\/50865afb55632c4ae467e0af0930f6510aa2297d8014be502a55b14f3b7550cf?s=96&d=mm&r=g\",\"contentUrl\":\"https:\/\/secure.gravatar.com\/avatar\/50865afb55632c4ae467e0af0930f6510aa2297d8014be502a55b14f3b7550cf?s=96&d=mm&r=g\",\"caption\":\"Tar\u0131k\"},\"sameAs\":[\"http:\/\/narteks.net\"],\"url\":\"https:\/\/narteks.net\/index.php\/author\/narbak\/\"}]}<\/script>\n<!-- \/ Yoast SEO Premium plugin. -->","yoast_head_json":{"title":"KOR\u0130DOR - narteks.net","robots":{"index":"index","follow":"follow","max-snippet":"max-snippet:-1","max-image-preview":"max-image-preview:large","max-video-preview":"max-video-preview:-1"},"canonical":"https:\/\/narteks.net\/index.php\/2009\/12\/27\/koridor\/","og_locale":"tr_TR","og_type":"article","og_title":"KOR\u0130DOR","og_description":"\u00a0 Ya\u011fmur ya\u011f\u0131yordu, sonra eve d\u00f6nd\u00fcmkendimi d\u0131\u015far\u0131ya b\u0131rakmakla peri\u015fanzaman\u0131n harf harf d\u00fc\u015fmesine bakt\u0131mg\u00f6\u011f\u00fcn morarm\u0131\u015f y\u00fcz\u00fcyle bel vermesine K\u0131z\u0131lordu Korosu, Mahzuni \u015eerif, Kitarod\u00f6nemiyorum y\u00fcksek vol\u00fcmden kendimebir duvar \u00f6rd\u00fcm sesin i\u00e7indeki b\u00fcy\u00fcdenbir fanus, dokunmak i\u00e7in kendi elime yat\u0131p uyudum, uyumak b\u00f6yle bir \u015feya\u00e7\u0131lmak g\u00f6vdeden kay\u0131kla r\u00fcyadan sularaama uyanmak yok mu? ayd\u0131nl\u0131\u011fa bulanmak\u00e7arpa \u00e7arpa o etten duvara gidip [&hellip;]","og_url":"https:\/\/narteks.net\/index.php\/2009\/12\/27\/koridor\/","og_site_name":"narteks.net","article_published_time":"2009-12-27T20:58:58+00:00","og_image":[{"width":300,"height":90,"url":"https:\/\/narteks.net\/wp-content\/uploads\/narteks.png","type":"image\/png"}],"author":"Tar\u0131k","twitter_card":"summary_large_image","twitter_creator":"@narteks","twitter_site":"@narteks","twitter_misc":{"Yazan:":"Tar\u0131k","Tahmini okuma s\u00fcresi":"1 dakika"},"schema":{"@context":"https:\/\/schema.org","@graph":[{"@type":"Article","@id":"https:\/\/narteks.net\/index.php\/2009\/12\/27\/koridor\/#article","isPartOf":{"@id":"https:\/\/narteks.net\/index.php\/2009\/12\/27\/koridor\/"},"author":{"name":"Tar\u0131k","@id":"https:\/\/narteks.net\/#\/schema\/person\/61f37d9834294b72d31d274e7ed79bca"},"headline":"KOR\u0130DOR","datePublished":"2009-12-27T20:58:58+00:00","mainEntityOfPage":{"@id":"https:\/\/narteks.net\/index.php\/2009\/12\/27\/koridor\/"},"wordCount":145,"commentCount":0,"publisher":{"@id":"https:\/\/narteks.net\/#organization"},"articleSection":["Y\u00fccel KAYIRAN"],"inLanguage":"tr","potentialAction":[{"@type":"CommentAction","name":"Comment","target":["https:\/\/narteks.net\/index.php\/2009\/12\/27\/koridor\/#respond"]}]},{"@type":"WebPage","@id":"https:\/\/narteks.net\/index.php\/2009\/12\/27\/koridor\/","url":"https:\/\/narteks.net\/index.php\/2009\/12\/27\/koridor\/","name":"KOR\u0130DOR - narteks.net","isPartOf":{"@id":"https:\/\/narteks.net\/#website"},"datePublished":"2009-12-27T20:58:58+00:00","breadcrumb":{"@id":"https:\/\/narteks.net\/index.php\/2009\/12\/27\/koridor\/#breadcrumb"},"inLanguage":"tr","potentialAction":[{"@type":"ReadAction","target":["https:\/\/narteks.net\/index.php\/2009\/12\/27\/koridor\/"]}]},{"@type":"BreadcrumbList","@id":"https:\/\/narteks.net\/index.php\/2009\/12\/27\/koridor\/#breadcrumb","itemListElement":[{"@type":"ListItem","position":1,"name":"Anasayfa","item":"https:\/\/narteks.net\/"},{"@type":"ListItem","position":2,"name":"KOR\u0130DOR"}]},{"@type":"WebSite","@id":"https:\/\/narteks.net\/#website","url":"https:\/\/narteks.net\/","name":"narteks.net","description":"K\u00fclt\u00fcr Sanat Edebiyat Felsefe","publisher":{"@id":"https:\/\/narteks.net\/#organization"},"alternateName":"K\u00fclt\u00fcr Sanat Edebiyat Felsefe","potentialAction":[{"@type":"SearchAction","target":{"@type":"EntryPoint","urlTemplate":"https:\/\/narteks.net\/?s={search_term_string}"},"query-input":{"@type":"PropertyValueSpecification","valueRequired":true,"valueName":"search_term_string"}}],"inLanguage":"tr"},{"@type":"Organization","@id":"https:\/\/narteks.net\/#organization","name":"narteks.net","url":"https:\/\/narteks.net\/","logo":{"@type":"ImageObject","inLanguage":"tr","@id":"https:\/\/narteks.net\/#\/schema\/logo\/image\/","url":"https:\/\/narteks.net\/wp-content\/uploads\/narteks.png","contentUrl":"https:\/\/narteks.net\/wp-content\/uploads\/narteks.png","width":300,"height":90,"caption":"narteks.net"},"image":{"@id":"https:\/\/narteks.net\/#\/schema\/logo\/image\/"},"sameAs":["https:\/\/x.com\/narteks","https:\/\/instagram.com\/narteksnet"]},{"@type":"Person","@id":"https:\/\/narteks.net\/#\/schema\/person\/61f37d9834294b72d31d274e7ed79bca","name":"Tar\u0131k","image":{"@type":"ImageObject","inLanguage":"tr","@id":"https:\/\/narteks.net\/#\/schema\/person\/image\/","url":"https:\/\/secure.gravatar.com\/avatar\/50865afb55632c4ae467e0af0930f6510aa2297d8014be502a55b14f3b7550cf?s=96&d=mm&r=g","contentUrl":"https:\/\/secure.gravatar.com\/avatar\/50865afb55632c4ae467e0af0930f6510aa2297d8014be502a55b14f3b7550cf?s=96&d=mm&r=g","caption":"Tar\u0131k"},"sameAs":["http:\/\/narteks.net"],"url":"https:\/\/narteks.net\/index.php\/author\/narbak\/"}]}},"_links":{"self":[{"href":"https:\/\/narteks.net\/index.php\/wp-json\/wp\/v2\/posts\/3396","targetHints":{"allow":["GET"]}}],"collection":[{"href":"https:\/\/narteks.net\/index.php\/wp-json\/wp\/v2\/posts"}],"about":[{"href":"https:\/\/narteks.net\/index.php\/wp-json\/wp\/v2\/types\/post"}],"author":[{"embeddable":true,"href":"https:\/\/narteks.net\/index.php\/wp-json\/wp\/v2\/users\/1"}],"replies":[{"embeddable":true,"href":"https:\/\/narteks.net\/index.php\/wp-json\/wp\/v2\/comments?post=3396"}],"version-history":[{"count":0,"href":"https:\/\/narteks.net\/index.php\/wp-json\/wp\/v2\/posts\/3396\/revisions"}],"wp:attachment":[{"href":"https:\/\/narteks.net\/index.php\/wp-json\/wp\/v2\/media?parent=3396"}],"wp:term":[{"taxonomy":"category","embeddable":true,"href":"https:\/\/narteks.net\/index.php\/wp-json\/wp\/v2\/categories?post=3396"},{"taxonomy":"post_tag","embeddable":true,"href":"https:\/\/narteks.net\/index.php\/wp-json\/wp\/v2\/tags?post=3396"}],"curies":[{"name":"wp","href":"https:\/\/api.w.org\/{rel}","templated":true}]}}