{"id":3399,"date":"2009-12-28T00:01:17","date_gmt":"2009-12-27T21:01:17","guid":{"rendered":"http:\/\/localhost\/wordpress\/2009\/12\/28\/fu\/"},"modified":"2009-12-28T00:01:17","modified_gmt":"2009-12-27T21:01:17","slug":"fu","status":"publish","type":"post","link":"https:\/\/narteks.net\/index.php\/2009\/12\/28\/fu\/","title":{"rendered":"F\u00dc"},"content":{"rendered":"<p>\u00a0<\/p>\n<p>hu diyecektim, hu<br \/>duy ve eksilt sesimi,<br \/>f\u00fc demi\u015fim<br \/>me\u011fer kar ya\u011f\u0131yormu\u015f<br \/>bilmedi\u011fim bir bi\u00e7imde<\/p>\n<p>yetersizdim, titredim hep<br \/>hapsederken i\u00e7imde belireni belirdi\u011fi yerde<br \/>kabarm\u0131\u015f sular, \u0131rmak ne kadar derin<br \/>ve kibir<br \/>bilmedi\u011fim bir bi\u00e7imde<br \/>ge\u00e7mek istemi\u015ftim sadece kendimi<\/p>\n<p>hat\u0131r\u0131 yoktu bende ak\u015fam\u0131n<br \/>d\u00fc\u015ferken yer\u00e7ekimini yitiren karanfil<br \/>kendi i\u00e7inde yank\u0131lan\u0131r gaybolan\u0131n sesi<br \/>inmezmi\u015f \u00e7ar\u015f\u0131 esnaf\u0131n\u0131n kalbine<br \/>mente\u015feler \u00e7ok s\u0131k\u0131, ak\u0131l neden dudakta<br \/>serinlik bulam\u0131yor ten<\/p>\n<p>\u00e7ok mu dokunakl\u0131 konu\u015fuyorum Bill<br \/>oysa alay bula\u015fm\u0131\u015f edama, \u00f6yle diyorlar<br \/>kalp ve s\u00fckut<br \/>bozdurup harcamak kadar<br \/>benim de olmad\u0131 hi\u00e7 param<br \/>Bill!<br \/>a\u011flama<br \/>a\u011flama ama Bill!<br \/>senin de mi a\u015fk\u0131n gitti arkada\u015f\u0131nla<br \/>bo\u015fluktan yok yere vazge\u00e7ilmez hi\u00e7<br \/>hi\u00e7likle ya\u015famas\u0131n\u0131 bana da \u00f6\u011frettiler Bill<\/p>\n<p>b\u00f6yle zaman\u0131 geldi\u011finde<br \/>neden bir \u015fey yapam\u0131yorum<br \/>b\u00fcy\u00fcrken bendeki bu edimsizlik<br \/>s\u00fcrekli bir kaybetme duygusuna<br \/>neden s\u00f6z\u00fcm yok ve neden kefilim<br \/>kelimeler perde olurken ba\u015fkas\u0131n\u0131n gizine<br \/>her ben kendi nefsine t\u00fcrap<br \/>g\u00fclerek bakarken \u00f6yle harap olmu\u015fun ge\u00e7mi\u015fine<\/p>\n<p>i\u00e7indekini y\u0131kan kendini de y\u0131kmaz m\u0131<br \/>gerginlikle ya\u011fmalan\u0131rken yaln\u0131zl\u0131k<br \/>derimi y\u00fczmekle mi bitecek y\u00fcz\u00fcmdeki harf gizemi<br \/>ama kim haz\u0131r, kim<br \/>kim yan\u0131t verecek, \u00f6yle s\u0131cak<br \/>i\u00e7imden d\u00f6k\u00fclen buzdan c\u00fcmleye<\/p>\n<p>Bu c\u0131vay\u0131 kim koydu kalbimize Necati!<\/p>\n<p> 2004<br \/> [\u00c7alg\u0131n]<\/p>\n","protected":false},"excerpt":{"rendered":"<p>\u00a0 hu diyecektim, huduy ve eksilt sesimi,f\u00fc demi\u015fimme\u011fer kar ya\u011f\u0131yormu\u015fbilmedi\u011fim bir bi\u00e7imde yetersizdim, titredim hephapsederken i\u00e7imde belireni belirdi\u011fi yerdekabarm\u0131\u015f sular, \u0131rmak ne kadar derinve kibirbilmedi\u011fim bir bi\u00e7imdege\u00e7mek istemi\u015ftim sadece kendimi hat\u0131r\u0131 yoktu bende ak\u015fam\u0131nd\u00fc\u015ferken yer\u00e7ekimini yitiren karanfilkendi i\u00e7inde yank\u0131lan\u0131r gaybolan\u0131n sesiinmezmi\u015f \u00e7ar\u015f\u0131 esnaf\u0131n\u0131n kalbinemente\u015feler \u00e7ok s\u0131k\u0131, ak\u0131l neden dudaktaserinlik bulam\u0131yor ten \u00e7ok mu dokunakl\u0131 konu\u015fuyorum [&hellip;]<\/p>\n","protected":false},"author":1,"featured_media":0,"comment_status":"open","ping_status":"open","sticky":false,"template":"","format":"standard","meta":{"footnotes":""},"categories":[118],"tags":[],"class_list":{"0":"post-3399","1":"post","2":"type-post","3":"status-publish","4":"format-standard","6":"category-yucel-kayiran"},"yoast_head":"<!-- This site is optimized with the Yoast SEO Premium plugin v24.9 (Yoast SEO v24.9) - https:\/\/yoast.com\/wordpress\/plugins\/seo\/ -->\n<title>F\u00dc - narteks.net<\/title>\n<meta name=\"robots\" content=\"index, follow, max-snippet:-1, max-image-preview:large, max-video-preview:-1\" \/>\n<link rel=\"canonical\" href=\"https:\/\/narteks.net\/index.php\/2009\/12\/28\/fu\/\" \/>\n<meta property=\"og:locale\" content=\"tr_TR\" \/>\n<meta property=\"og:type\" content=\"article\" \/>\n<meta property=\"og:title\" content=\"F\u00dc\" \/>\n<meta property=\"og:description\" content=\"\u00a0 hu diyecektim, huduy ve eksilt sesimi,f\u00fc demi\u015fimme\u011fer kar ya\u011f\u0131yormu\u015fbilmedi\u011fim bir bi\u00e7imde yetersizdim, titredim hephapsederken i\u00e7imde belireni belirdi\u011fi yerdekabarm\u0131\u015f sular, \u0131rmak ne kadar derinve kibirbilmedi\u011fim bir bi\u00e7imdege\u00e7mek istemi\u015ftim sadece kendimi hat\u0131r\u0131 yoktu bende ak\u015fam\u0131nd\u00fc\u015ferken yer\u00e7ekimini yitiren karanfilkendi i\u00e7inde yank\u0131lan\u0131r gaybolan\u0131n sesiinmezmi\u015f \u00e7ar\u015f\u0131 esnaf\u0131n\u0131n kalbinemente\u015feler \u00e7ok s\u0131k\u0131, ak\u0131l neden dudaktaserinlik bulam\u0131yor ten \u00e7ok mu dokunakl\u0131 konu\u015fuyorum [&hellip;]\" \/>\n<meta property=\"og:url\" content=\"https:\/\/narteks.net\/index.php\/2009\/12\/28\/fu\/\" \/>\n<meta property=\"og:site_name\" content=\"narteks.net\" \/>\n<meta property=\"article:published_time\" content=\"2009-12-27T21:01:17+00:00\" \/>\n<meta property=\"og:image\" content=\"https:\/\/narteks.net\/wp-content\/uploads\/narteks.png\" \/>\n\t<meta property=\"og:image:width\" content=\"300\" \/>\n\t<meta property=\"og:image:height\" content=\"90\" \/>\n\t<meta property=\"og:image:type\" content=\"image\/png\" \/>\n<meta name=\"author\" content=\"Tar\u0131k\" \/>\n<meta name=\"twitter:card\" content=\"summary_large_image\" \/>\n<meta name=\"twitter:creator\" content=\"@narteks\" \/>\n<meta name=\"twitter:site\" content=\"@narteks\" \/>\n<meta name=\"twitter:label1\" content=\"Yazan:\" \/>\n\t<meta name=\"twitter:data1\" content=\"Tar\u0131k\" \/>\n\t<meta name=\"twitter:label2\" content=\"Tahmini okuma s\u00fcresi\" \/>\n\t<meta name=\"twitter:data2\" content=\"1 dakika\" \/>\n<script type=\"application\/ld+json\" class=\"yoast-schema-graph\">{\"@context\":\"https:\/\/schema.org\",\"@graph\":[{\"@type\":\"Article\",\"@id\":\"https:\/\/narteks.net\/index.php\/2009\/12\/28\/fu\/#article\",\"isPartOf\":{\"@id\":\"https:\/\/narteks.net\/index.php\/2009\/12\/28\/fu\/\"},\"author\":{\"name\":\"Tar\u0131k\",\"@id\":\"https:\/\/narteks.net\/#\/schema\/person\/61f37d9834294b72d31d274e7ed79bca\"},\"headline\":\"F\u00dc\",\"datePublished\":\"2009-12-27T21:01:17+00:00\",\"mainEntityOfPage\":{\"@id\":\"https:\/\/narteks.net\/index.php\/2009\/12\/28\/fu\/\"},\"wordCount\":226,\"commentCount\":0,\"publisher\":{\"@id\":\"https:\/\/narteks.net\/#organization\"},\"articleSection\":[\"Y\u00fccel KAYIRAN\"],\"inLanguage\":\"tr\",\"potentialAction\":[{\"@type\":\"CommentAction\",\"name\":\"Comment\",\"target\":[\"https:\/\/narteks.net\/index.php\/2009\/12\/28\/fu\/#respond\"]}]},{\"@type\":\"WebPage\",\"@id\":\"https:\/\/narteks.net\/index.php\/2009\/12\/28\/fu\/\",\"url\":\"https:\/\/narteks.net\/index.php\/2009\/12\/28\/fu\/\",\"name\":\"F\u00dc - narteks.net\",\"isPartOf\":{\"@id\":\"https:\/\/narteks.net\/#website\"},\"datePublished\":\"2009-12-27T21:01:17+00:00\",\"breadcrumb\":{\"@id\":\"https:\/\/narteks.net\/index.php\/2009\/12\/28\/fu\/#breadcrumb\"},\"inLanguage\":\"tr\",\"potentialAction\":[{\"@type\":\"ReadAction\",\"target\":[\"https:\/\/narteks.net\/index.php\/2009\/12\/28\/fu\/\"]}]},{\"@type\":\"BreadcrumbList\",\"@id\":\"https:\/\/narteks.net\/index.php\/2009\/12\/28\/fu\/#breadcrumb\",\"itemListElement\":[{\"@type\":\"ListItem\",\"position\":1,\"name\":\"Anasayfa\",\"item\":\"https:\/\/narteks.net\/\"},{\"@type\":\"ListItem\",\"position\":2,\"name\":\"F\u00dc\"}]},{\"@type\":\"WebSite\",\"@id\":\"https:\/\/narteks.net\/#website\",\"url\":\"https:\/\/narteks.net\/\",\"name\":\"narteks.net\",\"description\":\"K\u00fclt\u00fcr Sanat Edebiyat Felsefe\",\"publisher\":{\"@id\":\"https:\/\/narteks.net\/#organization\"},\"alternateName\":\"K\u00fclt\u00fcr Sanat Edebiyat Felsefe\",\"potentialAction\":[{\"@type\":\"SearchAction\",\"target\":{\"@type\":\"EntryPoint\",\"urlTemplate\":\"https:\/\/narteks.net\/?s={search_term_string}\"},\"query-input\":{\"@type\":\"PropertyValueSpecification\",\"valueRequired\":true,\"valueName\":\"search_term_string\"}}],\"inLanguage\":\"tr\"},{\"@type\":\"Organization\",\"@id\":\"https:\/\/narteks.net\/#organization\",\"name\":\"narteks.net\",\"url\":\"https:\/\/narteks.net\/\",\"logo\":{\"@type\":\"ImageObject\",\"inLanguage\":\"tr\",\"@id\":\"https:\/\/narteks.net\/#\/schema\/logo\/image\/\",\"url\":\"https:\/\/narteks.net\/wp-content\/uploads\/narteks.png\",\"contentUrl\":\"https:\/\/narteks.net\/wp-content\/uploads\/narteks.png\",\"width\":300,\"height\":90,\"caption\":\"narteks.net\"},\"image\":{\"@id\":\"https:\/\/narteks.net\/#\/schema\/logo\/image\/\"},\"sameAs\":[\"https:\/\/x.com\/narteks\",\"https:\/\/instagram.com\/narteksnet\"]},{\"@type\":\"Person\",\"@id\":\"https:\/\/narteks.net\/#\/schema\/person\/61f37d9834294b72d31d274e7ed79bca\",\"name\":\"Tar\u0131k\",\"image\":{\"@type\":\"ImageObject\",\"inLanguage\":\"tr\",\"@id\":\"https:\/\/narteks.net\/#\/schema\/person\/image\/\",\"url\":\"https:\/\/secure.gravatar.com\/avatar\/50865afb55632c4ae467e0af0930f6510aa2297d8014be502a55b14f3b7550cf?s=96&d=mm&r=g\",\"contentUrl\":\"https:\/\/secure.gravatar.com\/avatar\/50865afb55632c4ae467e0af0930f6510aa2297d8014be502a55b14f3b7550cf?s=96&d=mm&r=g\",\"caption\":\"Tar\u0131k\"},\"sameAs\":[\"http:\/\/narteks.net\"],\"url\":\"https:\/\/narteks.net\/index.php\/author\/narbak\/\"}]}<\/script>\n<!-- \/ Yoast SEO Premium plugin. -->","yoast_head_json":{"title":"F\u00dc - narteks.net","robots":{"index":"index","follow":"follow","max-snippet":"max-snippet:-1","max-image-preview":"max-image-preview:large","max-video-preview":"max-video-preview:-1"},"canonical":"https:\/\/narteks.net\/index.php\/2009\/12\/28\/fu\/","og_locale":"tr_TR","og_type":"article","og_title":"F\u00dc","og_description":"\u00a0 hu diyecektim, huduy ve eksilt sesimi,f\u00fc demi\u015fimme\u011fer kar ya\u011f\u0131yormu\u015fbilmedi\u011fim bir bi\u00e7imde yetersizdim, titredim hephapsederken i\u00e7imde belireni belirdi\u011fi yerdekabarm\u0131\u015f sular, \u0131rmak ne kadar derinve kibirbilmedi\u011fim bir bi\u00e7imdege\u00e7mek istemi\u015ftim sadece kendimi hat\u0131r\u0131 yoktu bende ak\u015fam\u0131nd\u00fc\u015ferken yer\u00e7ekimini yitiren karanfilkendi i\u00e7inde yank\u0131lan\u0131r gaybolan\u0131n sesiinmezmi\u015f \u00e7ar\u015f\u0131 esnaf\u0131n\u0131n kalbinemente\u015feler \u00e7ok s\u0131k\u0131, ak\u0131l neden dudaktaserinlik bulam\u0131yor ten \u00e7ok mu dokunakl\u0131 konu\u015fuyorum [&hellip;]","og_url":"https:\/\/narteks.net\/index.php\/2009\/12\/28\/fu\/","og_site_name":"narteks.net","article_published_time":"2009-12-27T21:01:17+00:00","og_image":[{"width":300,"height":90,"url":"https:\/\/narteks.net\/wp-content\/uploads\/narteks.png","type":"image\/png"}],"author":"Tar\u0131k","twitter_card":"summary_large_image","twitter_creator":"@narteks","twitter_site":"@narteks","twitter_misc":{"Yazan:":"Tar\u0131k","Tahmini okuma s\u00fcresi":"1 dakika"},"schema":{"@context":"https:\/\/schema.org","@graph":[{"@type":"Article","@id":"https:\/\/narteks.net\/index.php\/2009\/12\/28\/fu\/#article","isPartOf":{"@id":"https:\/\/narteks.net\/index.php\/2009\/12\/28\/fu\/"},"author":{"name":"Tar\u0131k","@id":"https:\/\/narteks.net\/#\/schema\/person\/61f37d9834294b72d31d274e7ed79bca"},"headline":"F\u00dc","datePublished":"2009-12-27T21:01:17+00:00","mainEntityOfPage":{"@id":"https:\/\/narteks.net\/index.php\/2009\/12\/28\/fu\/"},"wordCount":226,"commentCount":0,"publisher":{"@id":"https:\/\/narteks.net\/#organization"},"articleSection":["Y\u00fccel KAYIRAN"],"inLanguage":"tr","potentialAction":[{"@type":"CommentAction","name":"Comment","target":["https:\/\/narteks.net\/index.php\/2009\/12\/28\/fu\/#respond"]}]},{"@type":"WebPage","@id":"https:\/\/narteks.net\/index.php\/2009\/12\/28\/fu\/","url":"https:\/\/narteks.net\/index.php\/2009\/12\/28\/fu\/","name":"F\u00dc - narteks.net","isPartOf":{"@id":"https:\/\/narteks.net\/#website"},"datePublished":"2009-12-27T21:01:17+00:00","breadcrumb":{"@id":"https:\/\/narteks.net\/index.php\/2009\/12\/28\/fu\/#breadcrumb"},"inLanguage":"tr","potentialAction":[{"@type":"ReadAction","target":["https:\/\/narteks.net\/index.php\/2009\/12\/28\/fu\/"]}]},{"@type":"BreadcrumbList","@id":"https:\/\/narteks.net\/index.php\/2009\/12\/28\/fu\/#breadcrumb","itemListElement":[{"@type":"ListItem","position":1,"name":"Anasayfa","item":"https:\/\/narteks.net\/"},{"@type":"ListItem","position":2,"name":"F\u00dc"}]},{"@type":"WebSite","@id":"https:\/\/narteks.net\/#website","url":"https:\/\/narteks.net\/","name":"narteks.net","description":"K\u00fclt\u00fcr Sanat Edebiyat Felsefe","publisher":{"@id":"https:\/\/narteks.net\/#organization"},"alternateName":"K\u00fclt\u00fcr Sanat Edebiyat Felsefe","potentialAction":[{"@type":"SearchAction","target":{"@type":"EntryPoint","urlTemplate":"https:\/\/narteks.net\/?s={search_term_string}"},"query-input":{"@type":"PropertyValueSpecification","valueRequired":true,"valueName":"search_term_string"}}],"inLanguage":"tr"},{"@type":"Organization","@id":"https:\/\/narteks.net\/#organization","name":"narteks.net","url":"https:\/\/narteks.net\/","logo":{"@type":"ImageObject","inLanguage":"tr","@id":"https:\/\/narteks.net\/#\/schema\/logo\/image\/","url":"https:\/\/narteks.net\/wp-content\/uploads\/narteks.png","contentUrl":"https:\/\/narteks.net\/wp-content\/uploads\/narteks.png","width":300,"height":90,"caption":"narteks.net"},"image":{"@id":"https:\/\/narteks.net\/#\/schema\/logo\/image\/"},"sameAs":["https:\/\/x.com\/narteks","https:\/\/instagram.com\/narteksnet"]},{"@type":"Person","@id":"https:\/\/narteks.net\/#\/schema\/person\/61f37d9834294b72d31d274e7ed79bca","name":"Tar\u0131k","image":{"@type":"ImageObject","inLanguage":"tr","@id":"https:\/\/narteks.net\/#\/schema\/person\/image\/","url":"https:\/\/secure.gravatar.com\/avatar\/50865afb55632c4ae467e0af0930f6510aa2297d8014be502a55b14f3b7550cf?s=96&d=mm&r=g","contentUrl":"https:\/\/secure.gravatar.com\/avatar\/50865afb55632c4ae467e0af0930f6510aa2297d8014be502a55b14f3b7550cf?s=96&d=mm&r=g","caption":"Tar\u0131k"},"sameAs":["http:\/\/narteks.net"],"url":"https:\/\/narteks.net\/index.php\/author\/narbak\/"}]}},"_links":{"self":[{"href":"https:\/\/narteks.net\/index.php\/wp-json\/wp\/v2\/posts\/3399","targetHints":{"allow":["GET"]}}],"collection":[{"href":"https:\/\/narteks.net\/index.php\/wp-json\/wp\/v2\/posts"}],"about":[{"href":"https:\/\/narteks.net\/index.php\/wp-json\/wp\/v2\/types\/post"}],"author":[{"embeddable":true,"href":"https:\/\/narteks.net\/index.php\/wp-json\/wp\/v2\/users\/1"}],"replies":[{"embeddable":true,"href":"https:\/\/narteks.net\/index.php\/wp-json\/wp\/v2\/comments?post=3399"}],"version-history":[{"count":0,"href":"https:\/\/narteks.net\/index.php\/wp-json\/wp\/v2\/posts\/3399\/revisions"}],"wp:attachment":[{"href":"https:\/\/narteks.net\/index.php\/wp-json\/wp\/v2\/media?parent=3399"}],"wp:term":[{"taxonomy":"category","embeddable":true,"href":"https:\/\/narteks.net\/index.php\/wp-json\/wp\/v2\/categories?post=3399"},{"taxonomy":"post_tag","embeddable":true,"href":"https:\/\/narteks.net\/index.php\/wp-json\/wp\/v2\/tags?post=3399"}],"curies":[{"name":"wp","href":"https:\/\/api.w.org\/{rel}","templated":true}]}}