{"id":340,"date":"2009-03-02T14:14:15","date_gmt":"2009-03-02T11:14:15","guid":{"rendered":"http:\/\/localhost\/wordpress\/2009\/03\/02\/bebeklerin-ulusu-yok\/"},"modified":"2009-03-02T14:14:15","modified_gmt":"2009-03-02T11:14:15","slug":"bebeklerin-ulusu-yok","status":"publish","type":"post","link":"https:\/\/narteks.net\/index.php\/2009\/03\/02\/bebeklerin-ulusu-yok\/","title":{"rendered":"Bebeklerin Ulusu Yok"},"content":{"rendered":"<p>\u00a0<\/p>\n<p><span style=\"color: #000000;\">\u0130lk kez yurdumdan uzakta ya\u015fad\u0131m bu duyguyu<br \/>Bebeklerin ulusu yok<br \/>Ba\u015flar\u0131n\u0131 tutu\u015flar\u0131 ayn\u0131<br \/>Bakarken g\u00f6zlerinde ayn\u0131 merak<br \/>A\u011flarken ayn\u0131 seslerinin tonu<\/p>\n<p>Bebekler \u00e7i\u00e7e\u011fi insanl\u0131\u011f\u0131m\u0131z\u0131n<br \/>G\u00fcllerin en has\u0131,en goncas\u0131<br \/>Sar\u0131\u015f\u0131n bir \u0131\u015f\u0131k par\u00e7as\u0131 kimi<br \/>Kimi kapkara \u00fcz\u00fcm tanesi<br \/>Babalar,\u00e7\u0131karmay\u0131n onlar\u0131 ak\u0131ldan<br \/>Analar,koruyun bebeklerinizi<br \/>Susturun,susturun s\u00f6yletmeyin,<br \/>Sava\u015ftan,y\u0131k\u0131mdan s\u00f6z ederse biri.<\/p>\n<p>B\u0131rakal\u0131m sevdayla b\u00fcy\u00fcs\u00fcnler<br \/>Serpilip geli\u015fsinler fidan gibi<br \/>Senin,benim,hi\u00e7 kimsenin de\u011fil<br \/>B\u00fct\u00fcn bir yer y\u00fcz\u00fcn\u00fcnd\u00fcr onlar<br \/>B\u00fct\u00fcn insanl\u0131\u011f\u0131n g\u00f6zbebe\u011fi<\/p>\n<p>\u0130lk kez yurdumdan uzakta ya\u015fad\u0131m bu duyguyu<br \/>Bebeklerin ulusu yok<br \/>Bebekler \u00e7i\u00e7e\u011fi insanl\u0131\u011f\u0131m\u0131z\u0131n <br \/>Ve gelece\u011fimizin biricik umudu. <\/span><\/p>\n<p> <span>Ataol Behramo\u011flu<\/span><\/p>\n","protected":false},"excerpt":{"rendered":"<p>\u00a0 \u0130lk kez yurdumdan uzakta ya\u015fad\u0131m bu duyguyuBebeklerin ulusu yokBa\u015flar\u0131n\u0131 tutu\u015flar\u0131 ayn\u0131Bakarken g\u00f6zlerinde ayn\u0131 merakA\u011flarken ayn\u0131 seslerinin tonu Bebekler \u00e7i\u00e7e\u011fi insanl\u0131\u011f\u0131m\u0131z\u0131nG\u00fcllerin en has\u0131,en goncas\u0131Sar\u0131\u015f\u0131n bir \u0131\u015f\u0131k par\u00e7as\u0131 kimiKimi kapkara \u00fcz\u00fcm tanesiBabalar,\u00e7\u0131karmay\u0131n onlar\u0131 ak\u0131ldanAnalar,koruyun bebekleriniziSusturun,susturun s\u00f6yletmeyin,Sava\u015ftan,y\u0131k\u0131mdan s\u00f6z ederse biri. B\u0131rakal\u0131m sevdayla b\u00fcy\u00fcs\u00fcnlerSerpilip geli\u015fsinler fidan gibiSenin,benim,hi\u00e7 kimsenin de\u011filB\u00fct\u00fcn bir yer y\u00fcz\u00fcn\u00fcnd\u00fcr onlarB\u00fct\u00fcn insanl\u0131\u011f\u0131n g\u00f6zbebe\u011fi \u0130lk kez yurdumdan [&hellip;]<\/p>\n","protected":false},"author":1,"featured_media":0,"comment_status":"open","ping_status":"open","sticky":false,"template":"","format":"standard","meta":{"footnotes":""},"categories":[10],"tags":[],"class_list":{"0":"post-340","1":"post","2":"type-post","3":"status-publish","4":"format-standard","6":"category-ataol-behramoglu"},"yoast_head":"<!-- This site is optimized with the Yoast SEO Premium plugin v24.9 (Yoast SEO v24.9) - https:\/\/yoast.com\/wordpress\/plugins\/seo\/ -->\n<title>Bebeklerin Ulusu Yok - narteks.net<\/title>\n<meta name=\"robots\" content=\"index, follow, max-snippet:-1, max-image-preview:large, max-video-preview:-1\" \/>\n<link rel=\"canonical\" href=\"https:\/\/narteks.net\/index.php\/2009\/03\/02\/bebeklerin-ulusu-yok\/\" \/>\n<meta property=\"og:locale\" content=\"tr_TR\" \/>\n<meta property=\"og:type\" content=\"article\" \/>\n<meta property=\"og:title\" content=\"Bebeklerin Ulusu Yok\" \/>\n<meta property=\"og:description\" content=\"\u00a0 \u0130lk kez yurdumdan uzakta ya\u015fad\u0131m bu duyguyuBebeklerin ulusu yokBa\u015flar\u0131n\u0131 tutu\u015flar\u0131 ayn\u0131Bakarken g\u00f6zlerinde ayn\u0131 merakA\u011flarken ayn\u0131 seslerinin tonu Bebekler \u00e7i\u00e7e\u011fi insanl\u0131\u011f\u0131m\u0131z\u0131nG\u00fcllerin en has\u0131,en goncas\u0131Sar\u0131\u015f\u0131n bir \u0131\u015f\u0131k par\u00e7as\u0131 kimiKimi kapkara \u00fcz\u00fcm tanesiBabalar,\u00e7\u0131karmay\u0131n onlar\u0131 ak\u0131ldanAnalar,koruyun bebekleriniziSusturun,susturun s\u00f6yletmeyin,Sava\u015ftan,y\u0131k\u0131mdan s\u00f6z ederse biri. B\u0131rakal\u0131m sevdayla b\u00fcy\u00fcs\u00fcnlerSerpilip geli\u015fsinler fidan gibiSenin,benim,hi\u00e7 kimsenin de\u011filB\u00fct\u00fcn bir yer y\u00fcz\u00fcn\u00fcnd\u00fcr onlarB\u00fct\u00fcn insanl\u0131\u011f\u0131n g\u00f6zbebe\u011fi \u0130lk kez yurdumdan [&hellip;]\" \/>\n<meta property=\"og:url\" content=\"https:\/\/narteks.net\/index.php\/2009\/03\/02\/bebeklerin-ulusu-yok\/\" \/>\n<meta property=\"og:site_name\" content=\"narteks.net\" \/>\n<meta property=\"article:published_time\" content=\"2009-03-02T11:14:15+00:00\" \/>\n<meta property=\"og:image\" content=\"https:\/\/narteks.net\/wp-content\/uploads\/narteks.png\" \/>\n\t<meta property=\"og:image:width\" content=\"300\" \/>\n\t<meta property=\"og:image:height\" content=\"90\" \/>\n\t<meta property=\"og:image:type\" content=\"image\/png\" \/>\n<meta name=\"author\" content=\"Tar\u0131k\" \/>\n<meta name=\"twitter:card\" content=\"summary_large_image\" \/>\n<meta name=\"twitter:creator\" content=\"@narteks\" \/>\n<meta name=\"twitter:site\" content=\"@narteks\" \/>\n<meta name=\"twitter:label1\" content=\"Yazan:\" \/>\n\t<meta name=\"twitter:data1\" content=\"Tar\u0131k\" \/>\n\t<meta name=\"twitter:label2\" content=\"Tahmini okuma s\u00fcresi\" \/>\n\t<meta name=\"twitter:data2\" content=\"1 dakika\" \/>\n<script type=\"application\/ld+json\" class=\"yoast-schema-graph\">{\"@context\":\"https:\/\/schema.org\",\"@graph\":[{\"@type\":\"Article\",\"@id\":\"https:\/\/narteks.net\/index.php\/2009\/03\/02\/bebeklerin-ulusu-yok\/#article\",\"isPartOf\":{\"@id\":\"https:\/\/narteks.net\/index.php\/2009\/03\/02\/bebeklerin-ulusu-yok\/\"},\"author\":{\"name\":\"Tar\u0131k\",\"@id\":\"https:\/\/narteks.net\/#\/schema\/person\/61f37d9834294b72d31d274e7ed79bca\"},\"headline\":\"Bebeklerin Ulusu Yok\",\"datePublished\":\"2009-03-02T11:14:15+00:00\",\"mainEntityOfPage\":{\"@id\":\"https:\/\/narteks.net\/index.php\/2009\/03\/02\/bebeklerin-ulusu-yok\/\"},\"wordCount\":131,\"commentCount\":0,\"publisher\":{\"@id\":\"https:\/\/narteks.net\/#organization\"},\"articleSection\":[\"Ataol BEHRAMOGLU\"],\"inLanguage\":\"tr\",\"potentialAction\":[{\"@type\":\"CommentAction\",\"name\":\"Comment\",\"target\":[\"https:\/\/narteks.net\/index.php\/2009\/03\/02\/bebeklerin-ulusu-yok\/#respond\"]}]},{\"@type\":\"WebPage\",\"@id\":\"https:\/\/narteks.net\/index.php\/2009\/03\/02\/bebeklerin-ulusu-yok\/\",\"url\":\"https:\/\/narteks.net\/index.php\/2009\/03\/02\/bebeklerin-ulusu-yok\/\",\"name\":\"Bebeklerin Ulusu Yok - narteks.net\",\"isPartOf\":{\"@id\":\"https:\/\/narteks.net\/#website\"},\"datePublished\":\"2009-03-02T11:14:15+00:00\",\"breadcrumb\":{\"@id\":\"https:\/\/narteks.net\/index.php\/2009\/03\/02\/bebeklerin-ulusu-yok\/#breadcrumb\"},\"inLanguage\":\"tr\",\"potentialAction\":[{\"@type\":\"ReadAction\",\"target\":[\"https:\/\/narteks.net\/index.php\/2009\/03\/02\/bebeklerin-ulusu-yok\/\"]}]},{\"@type\":\"BreadcrumbList\",\"@id\":\"https:\/\/narteks.net\/index.php\/2009\/03\/02\/bebeklerin-ulusu-yok\/#breadcrumb\",\"itemListElement\":[{\"@type\":\"ListItem\",\"position\":1,\"name\":\"Anasayfa\",\"item\":\"https:\/\/narteks.net\/\"},{\"@type\":\"ListItem\",\"position\":2,\"name\":\"Bebeklerin Ulusu Yok\"}]},{\"@type\":\"WebSite\",\"@id\":\"https:\/\/narteks.net\/#website\",\"url\":\"https:\/\/narteks.net\/\",\"name\":\"narteks.net\",\"description\":\"K\u00fclt\u00fcr Sanat Edebiyat Felsefe\",\"publisher\":{\"@id\":\"https:\/\/narteks.net\/#organization\"},\"alternateName\":\"K\u00fclt\u00fcr Sanat Edebiyat Felsefe\",\"potentialAction\":[{\"@type\":\"SearchAction\",\"target\":{\"@type\":\"EntryPoint\",\"urlTemplate\":\"https:\/\/narteks.net\/?s={search_term_string}\"},\"query-input\":{\"@type\":\"PropertyValueSpecification\",\"valueRequired\":true,\"valueName\":\"search_term_string\"}}],\"inLanguage\":\"tr\"},{\"@type\":\"Organization\",\"@id\":\"https:\/\/narteks.net\/#organization\",\"name\":\"narteks.net\",\"url\":\"https:\/\/narteks.net\/\",\"logo\":{\"@type\":\"ImageObject\",\"inLanguage\":\"tr\",\"@id\":\"https:\/\/narteks.net\/#\/schema\/logo\/image\/\",\"url\":\"https:\/\/narteks.net\/wp-content\/uploads\/narteks.png\",\"contentUrl\":\"https:\/\/narteks.net\/wp-content\/uploads\/narteks.png\",\"width\":300,\"height\":90,\"caption\":\"narteks.net\"},\"image\":{\"@id\":\"https:\/\/narteks.net\/#\/schema\/logo\/image\/\"},\"sameAs\":[\"https:\/\/x.com\/narteks\",\"https:\/\/instagram.com\/narteksnet\"]},{\"@type\":\"Person\",\"@id\":\"https:\/\/narteks.net\/#\/schema\/person\/61f37d9834294b72d31d274e7ed79bca\",\"name\":\"Tar\u0131k\",\"image\":{\"@type\":\"ImageObject\",\"inLanguage\":\"tr\",\"@id\":\"https:\/\/narteks.net\/#\/schema\/person\/image\/\",\"url\":\"https:\/\/secure.gravatar.com\/avatar\/50865afb55632c4ae467e0af0930f6510aa2297d8014be502a55b14f3b7550cf?s=96&d=mm&r=g\",\"contentUrl\":\"https:\/\/secure.gravatar.com\/avatar\/50865afb55632c4ae467e0af0930f6510aa2297d8014be502a55b14f3b7550cf?s=96&d=mm&r=g\",\"caption\":\"Tar\u0131k\"},\"sameAs\":[\"http:\/\/narteks.net\"],\"url\":\"https:\/\/narteks.net\/index.php\/author\/narbak\/\"}]}<\/script>\n<!-- \/ Yoast SEO Premium plugin. -->","yoast_head_json":{"title":"Bebeklerin Ulusu Yok - narteks.net","robots":{"index":"index","follow":"follow","max-snippet":"max-snippet:-1","max-image-preview":"max-image-preview:large","max-video-preview":"max-video-preview:-1"},"canonical":"https:\/\/narteks.net\/index.php\/2009\/03\/02\/bebeklerin-ulusu-yok\/","og_locale":"tr_TR","og_type":"article","og_title":"Bebeklerin Ulusu Yok","og_description":"\u00a0 \u0130lk kez yurdumdan uzakta ya\u015fad\u0131m bu duyguyuBebeklerin ulusu yokBa\u015flar\u0131n\u0131 tutu\u015flar\u0131 ayn\u0131Bakarken g\u00f6zlerinde ayn\u0131 merakA\u011flarken ayn\u0131 seslerinin tonu Bebekler \u00e7i\u00e7e\u011fi insanl\u0131\u011f\u0131m\u0131z\u0131nG\u00fcllerin en has\u0131,en goncas\u0131Sar\u0131\u015f\u0131n bir \u0131\u015f\u0131k par\u00e7as\u0131 kimiKimi kapkara \u00fcz\u00fcm tanesiBabalar,\u00e7\u0131karmay\u0131n onlar\u0131 ak\u0131ldanAnalar,koruyun bebekleriniziSusturun,susturun s\u00f6yletmeyin,Sava\u015ftan,y\u0131k\u0131mdan s\u00f6z ederse biri. B\u0131rakal\u0131m sevdayla b\u00fcy\u00fcs\u00fcnlerSerpilip geli\u015fsinler fidan gibiSenin,benim,hi\u00e7 kimsenin de\u011filB\u00fct\u00fcn bir yer y\u00fcz\u00fcn\u00fcnd\u00fcr onlarB\u00fct\u00fcn insanl\u0131\u011f\u0131n g\u00f6zbebe\u011fi \u0130lk kez yurdumdan [&hellip;]","og_url":"https:\/\/narteks.net\/index.php\/2009\/03\/02\/bebeklerin-ulusu-yok\/","og_site_name":"narteks.net","article_published_time":"2009-03-02T11:14:15+00:00","og_image":[{"width":300,"height":90,"url":"https:\/\/narteks.net\/wp-content\/uploads\/narteks.png","type":"image\/png"}],"author":"Tar\u0131k","twitter_card":"summary_large_image","twitter_creator":"@narteks","twitter_site":"@narteks","twitter_misc":{"Yazan:":"Tar\u0131k","Tahmini okuma s\u00fcresi":"1 dakika"},"schema":{"@context":"https:\/\/schema.org","@graph":[{"@type":"Article","@id":"https:\/\/narteks.net\/index.php\/2009\/03\/02\/bebeklerin-ulusu-yok\/#article","isPartOf":{"@id":"https:\/\/narteks.net\/index.php\/2009\/03\/02\/bebeklerin-ulusu-yok\/"},"author":{"name":"Tar\u0131k","@id":"https:\/\/narteks.net\/#\/schema\/person\/61f37d9834294b72d31d274e7ed79bca"},"headline":"Bebeklerin Ulusu Yok","datePublished":"2009-03-02T11:14:15+00:00","mainEntityOfPage":{"@id":"https:\/\/narteks.net\/index.php\/2009\/03\/02\/bebeklerin-ulusu-yok\/"},"wordCount":131,"commentCount":0,"publisher":{"@id":"https:\/\/narteks.net\/#organization"},"articleSection":["Ataol BEHRAMOGLU"],"inLanguage":"tr","potentialAction":[{"@type":"CommentAction","name":"Comment","target":["https:\/\/narteks.net\/index.php\/2009\/03\/02\/bebeklerin-ulusu-yok\/#respond"]}]},{"@type":"WebPage","@id":"https:\/\/narteks.net\/index.php\/2009\/03\/02\/bebeklerin-ulusu-yok\/","url":"https:\/\/narteks.net\/index.php\/2009\/03\/02\/bebeklerin-ulusu-yok\/","name":"Bebeklerin Ulusu Yok - narteks.net","isPartOf":{"@id":"https:\/\/narteks.net\/#website"},"datePublished":"2009-03-02T11:14:15+00:00","breadcrumb":{"@id":"https:\/\/narteks.net\/index.php\/2009\/03\/02\/bebeklerin-ulusu-yok\/#breadcrumb"},"inLanguage":"tr","potentialAction":[{"@type":"ReadAction","target":["https:\/\/narteks.net\/index.php\/2009\/03\/02\/bebeklerin-ulusu-yok\/"]}]},{"@type":"BreadcrumbList","@id":"https:\/\/narteks.net\/index.php\/2009\/03\/02\/bebeklerin-ulusu-yok\/#breadcrumb","itemListElement":[{"@type":"ListItem","position":1,"name":"Anasayfa","item":"https:\/\/narteks.net\/"},{"@type":"ListItem","position":2,"name":"Bebeklerin Ulusu Yok"}]},{"@type":"WebSite","@id":"https:\/\/narteks.net\/#website","url":"https:\/\/narteks.net\/","name":"narteks.net","description":"K\u00fclt\u00fcr Sanat Edebiyat Felsefe","publisher":{"@id":"https:\/\/narteks.net\/#organization"},"alternateName":"K\u00fclt\u00fcr Sanat Edebiyat Felsefe","potentialAction":[{"@type":"SearchAction","target":{"@type":"EntryPoint","urlTemplate":"https:\/\/narteks.net\/?s={search_term_string}"},"query-input":{"@type":"PropertyValueSpecification","valueRequired":true,"valueName":"search_term_string"}}],"inLanguage":"tr"},{"@type":"Organization","@id":"https:\/\/narteks.net\/#organization","name":"narteks.net","url":"https:\/\/narteks.net\/","logo":{"@type":"ImageObject","inLanguage":"tr","@id":"https:\/\/narteks.net\/#\/schema\/logo\/image\/","url":"https:\/\/narteks.net\/wp-content\/uploads\/narteks.png","contentUrl":"https:\/\/narteks.net\/wp-content\/uploads\/narteks.png","width":300,"height":90,"caption":"narteks.net"},"image":{"@id":"https:\/\/narteks.net\/#\/schema\/logo\/image\/"},"sameAs":["https:\/\/x.com\/narteks","https:\/\/instagram.com\/narteksnet"]},{"@type":"Person","@id":"https:\/\/narteks.net\/#\/schema\/person\/61f37d9834294b72d31d274e7ed79bca","name":"Tar\u0131k","image":{"@type":"ImageObject","inLanguage":"tr","@id":"https:\/\/narteks.net\/#\/schema\/person\/image\/","url":"https:\/\/secure.gravatar.com\/avatar\/50865afb55632c4ae467e0af0930f6510aa2297d8014be502a55b14f3b7550cf?s=96&d=mm&r=g","contentUrl":"https:\/\/secure.gravatar.com\/avatar\/50865afb55632c4ae467e0af0930f6510aa2297d8014be502a55b14f3b7550cf?s=96&d=mm&r=g","caption":"Tar\u0131k"},"sameAs":["http:\/\/narteks.net"],"url":"https:\/\/narteks.net\/index.php\/author\/narbak\/"}]}},"_links":{"self":[{"href":"https:\/\/narteks.net\/index.php\/wp-json\/wp\/v2\/posts\/340","targetHints":{"allow":["GET"]}}],"collection":[{"href":"https:\/\/narteks.net\/index.php\/wp-json\/wp\/v2\/posts"}],"about":[{"href":"https:\/\/narteks.net\/index.php\/wp-json\/wp\/v2\/types\/post"}],"author":[{"embeddable":true,"href":"https:\/\/narteks.net\/index.php\/wp-json\/wp\/v2\/users\/1"}],"replies":[{"embeddable":true,"href":"https:\/\/narteks.net\/index.php\/wp-json\/wp\/v2\/comments?post=340"}],"version-history":[{"count":0,"href":"https:\/\/narteks.net\/index.php\/wp-json\/wp\/v2\/posts\/340\/revisions"}],"wp:attachment":[{"href":"https:\/\/narteks.net\/index.php\/wp-json\/wp\/v2\/media?parent=340"}],"wp:term":[{"taxonomy":"category","embeddable":true,"href":"https:\/\/narteks.net\/index.php\/wp-json\/wp\/v2\/categories?post=340"},{"taxonomy":"post_tag","embeddable":true,"href":"https:\/\/narteks.net\/index.php\/wp-json\/wp\/v2\/tags?post=340"}],"curies":[{"name":"wp","href":"https:\/\/api.w.org\/{rel}","templated":true}]}}